{"id":43223,"date":"2023-09-14T21:47:12","date_gmt":"2023-09-14T21:47:12","guid":{"rendered":"https:\/\/dmsjuridica.com\/buscador_20179478954\/salapenalcronologico20230723\/2023\/09\/14\/ap5238-201956674\/"},"modified":"2023-09-14T21:47:12","modified_gmt":"2023-09-14T21:47:12","slug":"ap5238-201956674","status":"publish","type":"post","link":"https:\/\/dmsjuridica.com\/buscador_20179478954\/salapenalcronologico20230723\/2023\/09\/14\/ap5238-201956674\/","title":{"rendered":"AP5238-2019(56674)"},"content":{"rendered":"\n<p>\u00a0 \u00a0 \u00a0 \u00a0\u00a0<\/p>\n<p>LUIS \u00a0ANTONIO HERN\u00c1NDEZ BARBOSA \u00a0<\/p>\n<p>Magistrado \u00a0ponente \u00a0<\/p>\n<p>AP5238-2019 \u00a0<\/p>\n<p>Radicaci\u00f3n \u00a0n.\u00b0 56674 \u00a0<\/p>\n<p>Acta \u00a0322 \u00a0<\/p>\n<p>Bogot\u00e1, \u00a0D. C., cuatro (4) de diciembre de dos mil diecinueve (2019). \u00a0<\/p>\n<p>VISTOS: \u00a0<\/p>\n<p>Define \u00a0la Corte cu\u00e1l es la autoridad judicial competente para conocer \u00a0del proceso que se adelanta en contra de JHOM JAIRO CRUZ CANDELO, \u00a0como presunto coautor de los delitos de il\u00edcito \u00a0aprovechamiento de los recursos naturales renovables y da\u00f1o en \u00a0los recursos naturales. \u00a0<\/p>\n<p>ANTECEDENTES: \u00a0<\/p>\n<p>1. \u00a0 \u00a0 \u00a0 \u00a0Seg\u00fan \u00a0se indic\u00f3 en el escrito de acusaci\u00f3n, a ra\u00edz de \u00a0informaci\u00f3n suministrada por fuente humana la Fiscal\u00eda \u00a0General de la Naci\u00f3n inici\u00f3 una investigaci\u00f3n en \u00a0la Plaza de Mercado San Miguel de Girardot (Cundinamarca), que llev\u00f3 \u00a0a establecer la existencia de una organizaci\u00f3n criminal \u00a0denominada Los \u00a0Depredadores dedicada \u00a0a la aprehensi\u00f3n, transporte, distribuci\u00f3n y \u00a0comercializaci\u00f3n de especies silvestres por encargo, en otras \u00a0plazas de mercado del pa\u00eds y en numerosas carreteras \u00a0intermunicipales. \u00a0<\/p>\n<p>En \u00a0concreto, la Fiscal\u00eda estableci\u00f3 la pertenencia de JHOM \u00a0JAIRO CRUZ CANDELO a dicha organizaci\u00f3n delictiva, a cuyo \u00a0cargo se encontraba la intermediaci\u00f3n con los traficantes \u00a0locales y nacionales desde Melgar (Tolima). As\u00ed mismo, \u00a0consegu\u00eda los espec\u00edmenes a trav\u00e9s de una red de \u00a0proveedores y utilizaba su lugar de residencia ubicada en Chaparral \u00a0como centro de acopio transitorio. \u00a0<\/p>\n<p>2. \u00a0 \u00a0 \u00a0 \u00a0Por \u00a0tales hechos, el 21 de febrero de 2019 \u00a0la Fiscal\u00eda General de la Naci\u00f3n le formul\u00f3 \u00a0imputaci\u00f3n a JHOM JAIRO CRUZ CANDELO como presunto coautor de \u00a0las conductas de il\u00edcito aprovechamiento de los recursos \u00a0naturales renovables y da\u00f1o en los recursos naturales ante el \u00a0Juzgado 3\u00ba Penal Municipal de Girardot con Funci\u00f3n de \u00a0Control de Garant\u00edas. El inculpado se allan\u00f3 a los \u00a0cargos. \u00a0<\/p>\n<p>3. \u00a0 \u00a0 \u00a0 \u00a0El \u00a013 de mayo de 2019 la Fiscal\u00eda General de la Naci\u00f3n \u00a0radic\u00f3 el respectivo escrito de acusaci\u00f3n con \u00a0allanamiento a cargos ante el Juez Penal del Circuito de Melgar con \u00a0Funci\u00f3n de Conocimiento que, en audiencia adelantada el 20 de \u00a0noviembre de 2019, se declar\u00f3 incompetente para conocer de la \u00a0actuaci\u00f3n. \u00a0<\/p>\n<p>Argument\u00f3 \u00a0que los hechos ocurrieron en jurisdicci\u00f3n de Girardot, dado \u00a0que el tr\u00e1fico de fauna silvestre ten\u00eda lugar en la \u00a0plaza de mercado de esa ciudad. Por ello, asegur\u00f3 que la \u00a0competencia para conocer del asunto recae en el Juzgado Penal del \u00a0Circuito con Funci\u00f3n de Conocimiento de ese municipio. \u00a0<\/p>\n<p>La \u00a0Fiscal\u00eda 204 de la Direcci\u00f3n Especializada contra \u00a0Violaciones a los Derechos Humanos \u2013 Protecci\u00f3n a los \u00a0Recursos Naturales y Medio Ambiente se opuso a tal manifestaci\u00f3n \u00a0de incompetencia. Explic\u00f3 que se trata de una organizaci\u00f3n \u00a0criminal con incidencia en el territorio nacional, principalmente \u00a0Magangu\u00e9, Barranquilla, Valledupar y Melgar. \u00a0<\/p>\n<p>Precis\u00f3, \u00a0adem\u00e1s, que radic\u00f3 el escrito de acusaci\u00f3n en \u00a0atenci\u00f3n a la informaci\u00f3n recolectada en curso de la \u00a0indagaci\u00f3n, acorde con la cual, JHOM JAIRO CRUZ AGUDELO \u00a0coordinaba la compra de animales silvestres principalmente desde esa \u00a0ciudad, Ibagu\u00e9 y Bosconia. \u00a0<\/p>\n<p>En \u00a0consecuencia, dispuso la remisi\u00f3n de la actuaci\u00f3n a \u00a0esta Sala para surtir el tr\u00e1mite de definici\u00f3n de \u00a0competencia, en raz\u00f3n a que los Juzgados involucrados \u00a0pertenecen a distritos judiciales diferentes. \u00a0<\/p>\n<p>CONSIDERACIONES \u00a0DE LA CORTE: \u00a0<\/p>\n<p>De \u00a0conformidad con lo dispuesto en el numeral 4\u00ba del art\u00edculo \u00a032 de la Ley 906 de 2004, la Sala est\u00e1 facultada para resolver \u00a0la definici\u00f3n de competencia entre juzgados de diferentes \u00a0distritos judiciales. \u00a0<\/p>\n<p>En \u00a0orden a resolver la controversia planteada, se advierte inicialmente \u00a0que, seg\u00fan la narraci\u00f3n de la Fiscal\u00eda, el da\u00f1o \u00a0en los recursos naturales atribuido a JHOM \u00a0JAIRO CRUZ CANDELO, \u00a0resulta consustancial \u00a0a la conducta de il\u00edcito aprovechamiento de los recursos \u00a0naturales. \u00a0Por ende, a la luz del art\u00edculo 51-3 de la Ley 906 de 2004, se \u00a0trata de conductas punibles conexas que deben ser juzgadas en un \u00a0mismo proceso. \u00a0<\/p>\n<p>Por \u00a0otra parte, el art\u00edculo \u00a052 del mismo estatuto dispone que el juzgamiento de delitos conexos \u00a0le corresponde al juez de mayor jerarqu\u00eda, pero si los \u00a0funcionarios enfrentados son del mismo nivel, el factor determinante \u00a0es el territorio de forma excluyente y preferente, en el siguiente \u00a0orden: i) donde se haya cometido el delito m\u00e1s grave, ii) \u00a0donde se haya realizado el mayor n\u00famero de delitos, iii) donde \u00a0se haya producido la primera captura o iv) donde se haya formulado la \u00a0primera imputaci\u00f3n. \u00a0<\/p>\n<p>En \u00a0el caso examinado, es manifiesto que el tr\u00e1mite corresponde a \u00a0funcionarios de la misma categor\u00eda, en raz\u00f3n a que, por \u00a0la naturaleza del asunto, su conocimiento concierne a los juzgados \u00a0del circuito, competentes para juzgar los delitos que no tienen \u00a0asignaci\u00f3n especial. (Art. 36 Ley 906 de 2004). \u00a0<\/p>\n<p>En \u00a0cuanto a la competencia territorial, las dos primeras reglas \u00a0rese\u00f1adas indican que el juicio debe adelantarse en el lugar \u00a0donde se cometi\u00f3 la conducta punible m\u00e1s grave o donde \u00a0se ejecut\u00f3 el mayor n\u00famero de delitos, respectivamente. \u00a0Ninguno de estos criterios resulta \u00fatil para dirimir la \u00a0presente controversia, dado que la totalidad de punibles por los que \u00a0se procede se cometieron parcialmente en los distritos judiciales de \u00a0Chaparral, Melgar, Girardot, Ibagu\u00e9, Valledupar, Barranquilla \u00a0y Magangu\u00e9. \u00a0<\/p>\n<p>Recu\u00e9rdese \u00a0que, seg\u00fan los se\u00f1alamientos efectuados por la Fiscal\u00eda \u00a0General de la Naci\u00f3n en el escrito de acusaci\u00f3n y en la \u00a0audiencia del pasado 20 de noviembre, el papel de JHOM JAIRO CRUZ \u00a0AGUDELO en la organizaci\u00f3n delincuencial Los \u00a0Depredadores era \u00a0determinante, por cuanto estaba encargado de conseguir los \u00a0espec\u00edmenes silvestres de la biodiversidad colombiana en \u00a0\u00abdiferentes \u00a0lugares\u00bb \u00a0y de coordinar su comercializaci\u00f3n desde Melgar, Ibagu\u00e9 \u00a0y Bosconia. \u00a0<\/p>\n<p>Igualmente, \u00a0precis\u00f3 la Fiscal\u00eda que \u00abeste \u00a0indiciado presenta mayor injerencia en el municipio de Melgar Tolima, \u00a0no obstante, se ha logrado establecer mediante las interceptaciones \u00a0que \u00e9l hace parte de una red de personas con las que coordinan \u00a0la adquisici\u00f3n de fauna silvestre \u2013y- \u00a0se logr\u00f3 establecer que utiliza su lugar de residencia \u00a0\u2013ubicada \u00a0en Chaparral- \u00a0como centro temporal de acopio transitorio\u00bb1. \u00a0<\/p>\n<p>Entonces, \u00a0es necesario acudir a la tercera regla, conforme a la cual el juez \u00a0competente es el del territorio donde se materializ\u00f3 la \u00a0primera captura. En el presente asunto se tiene informaci\u00f3n de \u00a014 \u00f3rdenes de captura libradas respecto de igual n\u00famero \u00a0de miembros de la organizaci\u00f3n criminal Los \u00a0Depredadores. \u00a0<\/p>\n<p>Sin \u00a0embargo, y dado el allanamiento a cargos efectuado por JHOM JAIRO \u00a0CRUZ CANDELO el 21 de febrero de 2019 ante el Juzgado 3\u00ba Penal \u00a0Municipal de Girardot con Funci\u00f3n de Control de Garant\u00edas, \u00a0el escrito de acusaci\u00f3n radicado ante los jueces del circuito \u00a0de Melgar, as\u00ed como los documentos que lo acompa\u00f1an, se \u00a0refieren exclusivamente a dicho ciudadano. \u00a0<\/p>\n<p>Por \u00a0ello, la carpeta que arrib\u00f3 a esta Sala no contiene \u00a0informaci\u00f3n relativa al procedimiento de captura adelantado \u00a0frente a los otros miembros de la organizaci\u00f3n, que permita \u00a0determinar d\u00f3nde se materializ\u00f3 la primera captura o, \u00a0en su defecto, la primera formulaci\u00f3n de imputaci\u00f3n. Se \u00a0insiste, solo se tiene certeza de que JHOM JAIRO CRUZ CANDELO fue \u00a0capturado en Girardot, localidad en la que, adem\u00e1s, se le \u00a0formul\u00f3 imputaci\u00f3n. \u00a0<\/p>\n<p>Ante \u00a0tal panorama, concluye la Sala que la competencia para conocer este \u00a0asunto radica en el Juzgado Penal del Circuito de Girardot con \u00a0Funci\u00f3n de Conocimiento -Reparto-, a donde ser\u00e1 \u00a0remitido el expediente de forma inmediata. \u00a0<\/p>\n<p>Comun\u00edquese \u00a0esta decisi\u00f3n al Juzgado Penal del Circuito de Melgar con \u00a0Funci\u00f3n de Conocimiento. \u00a0<\/p>\n<p>En \u00a0m\u00e9rito de lo expuesto, la Corte Suprema de Justicia, Sala de \u00a0Casaci\u00f3n Penal, \u00a0<\/p>\n<p>RESUELVE: \u00a0<\/p>\n<p>1. \u00a0 \u00a0 \u00a0 \u00a0DECLARAR \u00a0que \u00a0la competencia para conocer de la actuaci\u00f3n seguida en contra \u00a0de \u00a0JHOM JAIRO CRUZ CANDELO, corresponde al Juzgado Penal del Circuito de \u00a0Girardot con Funci\u00f3n de Conocimiento \u2013Reparto-, a donde \u00a0ser\u00e1 remitido el expediente de forma inmediata. \u00a0<\/p>\n<p>2. \u00a0 \u00a0 \u00a0 \u00a0COMUNICAR \u00a0la \u00a0presente decisi\u00f3n al Juzgado \u00a0Penal del Circuito de Melgar con Funci\u00f3n de Conocimiento. \u00a0<\/p>\n<p>Contra \u00a0esta decisi\u00f3n no proceden recursos. \u00a0<\/p>\n<p>COMUN\u00cdQUESE \u00a0Y C\u00daMPLASE. \u00a0<\/p>\n<p>EYDER \u00a0PATI\u00d1O CABRERA \u00a0<\/p>\n<p>JOS\u00c9 \u00a0FRANCISCO ACU\u00d1A VISCAYA \u00a0<\/p>\n<p>EUGENIO \u00a0FERN\u00c1NDEZ CARLIER \u00a0<\/p>\n<p>LUIS \u00a0ANTONIO HERN\u00c1NDEZ BARBOSA \u00a0<\/p>\n<p>JAIME \u00a0HUMBERTO MORENO ACERO \u00a0<\/p>\n<p>PATRICIA \u00a0SALAZAR CU\u00c9LLAR \u00a0<\/p>\n<p>NUBIA YOLANDA \u00a0NOVA GARC\u00cdA \u00a0<\/p>\n<p>Secretaria \u00a0<\/p>\n<p>1 \u00a0 \u00a0 \u00a0 \u00a0 \u00a0Folios \u00a0 \u00a0 \u00a0 \u00a0 \u00a04 a 6 del cuaderno 1. \u00a0<\/p>\n<p>4 \u00a0 \u00a0 \u00a0<\/p>\n<p><\/p>\n","protected":false},"excerpt":{"rendered":"<p>\u00a0 \u00a0 \u00a0 \u00a0\u00a0 LUIS \u00a0ANTONIO HERN\u00c1NDEZ BARBOSA \u00a0 Magistrado \u00a0ponente \u00a0 AP5238-2019 \u00a0 Radicaci\u00f3n \u00a0n.\u00b0 56674 \u00a0 Acta \u00a0322 \u00a0 Bogot\u00e1, \u00a0D. C., cuatro (4) de diciembre de dos mil diecinueve (2019). \u00a0 VISTOS: \u00a0 Define \u00a0la Corte cu\u00e1l es la autoridad judicial competente para conocer \u00a0del proceso que se adelanta en contra de [&hellip;]<\/p>\n","protected":false},"author":1,"featured_media":0,"comment_status":"open","ping_status":"open","sticky":false,"template":"","format":"standard","meta":{"footnotes":""},"categories":[28],"tags":[],"class_list":["post-43223","post","type-post","status-publish","format-standard","hentry","category-28"],"_links":{"self":[{"href":"https:\/\/dmsjuridica.com\/buscador_20179478954\/salapenalcronologico20230723\/wp-json\/wp\/v2\/posts\/43223","targetHints":{"allow":["GET"]}}],"collection":[{"href":"https:\/\/dmsjuridica.com\/buscador_20179478954\/salapenalcronologico20230723\/wp-json\/wp\/v2\/posts"}],"about":[{"href":"https:\/\/dmsjuridica.com\/buscador_20179478954\/salapenalcronologico20230723\/wp-json\/wp\/v2\/types\/post"}],"author":[{"embeddable":true,"href":"https:\/\/dmsjuridica.com\/buscador_20179478954\/salapenalcronologico20230723\/wp-json\/wp\/v2\/users\/1"}],"replies":[{"embeddable":true,"href":"https:\/\/dmsjuridica.com\/buscador_20179478954\/salapenalcronologico20230723\/wp-json\/wp\/v2\/comments?post=43223"}],"version-history":[{"count":0,"href":"https:\/\/dmsjuridica.com\/buscador_20179478954\/salapenalcronologico20230723\/wp-json\/wp\/v2\/posts\/43223\/revisions"}],"wp:attachment":[{"href":"https:\/\/dmsjuridica.com\/buscador_20179478954\/salapenalcronologico20230723\/wp-json\/wp\/v2\/media?parent=43223"}],"wp:term":[{"taxonomy":"category","embeddable":true,"href":"https:\/\/dmsjuridica.com\/buscador_20179478954\/salapenalcronologico20230723\/wp-json\/wp\/v2\/categories?post=43223"},{"taxonomy":"post_tag","embeddable":true,"href":"https:\/\/dmsjuridica.com\/buscador_20179478954\/salapenalcronologico20230723\/wp-json\/wp\/v2\/tags?post=43223"}],"curies":[{"name":"wp","href":"https:\/\/api.w.org\/{rel}","templated":true}]}}