{"id":43034,"date":"2023-09-14T21:47:04","date_gmt":"2023-09-14T21:47:04","guid":{"rendered":"https:\/\/dmsjuridica.com\/buscador_20179478954\/salapenalcronologico20230723\/2023\/09\/14\/ap4521-201955793\/"},"modified":"2023-09-14T21:47:04","modified_gmt":"2023-09-14T21:47:04","slug":"ap4521-201955793","status":"publish","type":"post","link":"https:\/\/dmsjuridica.com\/buscador_20179478954\/salapenalcronologico20230723\/2023\/09\/14\/ap4521-201955793\/","title":{"rendered":"AP4521-2019(55793)"},"content":{"rendered":"\n<p>\u00a0 \u00a0 \u00a0 \u00a0\u00a0<\/p>\n<p>JOS\u00c9 \u00a0FRANCISCO ACU\u00d1A VIZCAYA \u00a0<\/p>\n<p>Magistrado \u00a0Ponente \u00a0<\/p>\n<p>AP4521-2019 \u00a0<\/p>\n<p>Radicaci\u00f3n \u00a0N\u00b0 55793 \u00a0<\/p>\n<p>(Aprobado \u00a0Acta No. 274) \u00a0<\/p>\n<p>Bogot\u00e1 \u00a0D. C., diecis\u00e9is (16) de octubre de dos mil diecinueve (2019). \u00a0<\/p>\n<p>ASUNTO \u00a0<\/p>\n<p>La Corte resuelve \u00a0la solicitud probatoria efectuada por la representante \u00a0del Ministerio P\u00fablico, \u00a0en el tr\u00e1mite seguido contra el ciudadano colombiano Fabi\u00e1n \u00a0Esteven Duarte Ortiz, \u00a0requerido en extradici\u00f3n por el Gobierno de la Rep\u00fablica \u00a0de Argentina. \u00a0<\/p>\n<p>ANTECEDENTES \u00a0<\/p>\n<p>1.- \u00a0 Mediante Nota Verbal No. 119 del 30 de abril de 20191 \u00a0la representaci\u00f3n diplom\u00e1tica del Estado requirente \u00a0pidi\u00f3 la detenci\u00f3n preventiva con fines de extradici\u00f3n \u00a0del ciudadano colombiano Fabi\u00e1n \u00a0Esteven Duarte Ortiz, \u00a0identificado con la c\u00e9dula de ciudadan\u00eda \u00a0No.1.026.578.576, requerido \u00abpor \u00a0el Juzgado Nacional en lo Criminal y Correccional N\u00b0 32, \u00a0Secretar\u00eda N\u00b0 114, en la causa N\u00b0 17891\/2018 instruida \u00a0por el delito de asociaci\u00f3n il\u00edcita en concurso real \u00a0con robo en poblado y en banda\u00bb. \u00a0<\/p>\n<p>2.- \u00a0En \u00a0cumplimiento de lo dispuesto en el art\u00edculo 509 de la Ley 906 \u00a0de 2004, la Fiscal\u00eda General de la Naci\u00f3n, en la \u00a0Resoluci\u00f3n del 2 de mayo de 2019,2 \u00a0decret\u00f3 la captura con fines de extradici\u00f3n del \u00a0mencionado, quien fue detenido en la ciudad de Bogot\u00e1, el 25 \u00a0de abril de 2019, por miembros de la Polic\u00eda Nacional, \u00a0Direcci\u00f3n de Investigaci\u00f3n Criminal e Interpol, con \u00a0fundamento en la circular roja de INTERPOL No. A-4264, publicada el \u00a012 de abril de 2019. \u00a0<\/p>\n<p>3.- \u00a0La embajada de la Rep\u00fablica de Argentina formaliz\u00f3 la \u00a0petici\u00f3n de extradici\u00f3n con la Nota Verbal No. 172 del \u00a021 de junio del mismo a\u00f1o.3 \u00a0<\/p>\n<p>4.- \u00a0La Canciller\u00eda, mediante oficio DIAJI No. 1533 del 25 de junio \u00a0de 2019,4 \u00a0remiti\u00f3 copia de la documentaci\u00f3n pertinente y sus \u00a0anexos a la Directora de Asuntos Internacionales del Ministerio de \u00a0Justicia y del Derecho, entidad que a su vez hizo llegar el \u00a0expediente a esta Corporaci\u00f3n con oficio \u00a0OFI-19-0020844-DAI-1100 del 19 de julio de 2019.5 \u00a0<\/p>\n<p>5.- \u00a0Una vez la Sala reconoci\u00f3 personer\u00eda para actuar al \u00a0defensor de oficio de Fabi\u00e1n \u00a0Esteven Duarte Ortiz, \u00a0orden\u00f3 surtir el respectivo traslado para la solicitud de \u00a0pruebas, previsto en el art\u00edculo 500 de la Ley 906 de 2004.6 \u00a0<\/p>\n<p>6.- \u00a0Dentro \u00a0del t\u00e9rmino antes se\u00f1alado, la Procuradora \u00a0Tercera Delegada para la Casaci\u00f3n Penal solicit\u00f3 \u00a0oficiar a la Fiscal\u00eda General de la Naci\u00f3n para que \u00a0indique si contra \u00a0Fabi\u00e1n Duarte Ortiz \u00a0\u00abest\u00e1 \u00a0siendo requerido en Colombia por alg\u00fan delito precisando su \u00a0denominaci\u00f3n; si existe orden de captura vigente o sentencia \u00a0condenatoria debidamente ejecutoriada\u00bb.7 \u00a0<\/p>\n<p>7.- \u00a0Por su parte el defensor dijo \u00abaten[erse] \u00a0a los documentos allegados al presente incidente por parte del pa\u00eds \u00a0requirente\u2026 y a las pruebas que la Honorable Corte, seg\u00fan \u00a0su prudente juicio considere deban ser practicadas para fundamentar \u00a0su concepto\u2026\u00bb8 \u00a0<\/p>\n<p>CONSIDERACIONES \u00a0<\/p>\n<p>De \u00a0la solicitud probatoria. \u00a0<\/p>\n<p>El \u00a0decreto y pr\u00e1ctica de pruebas en el marco del presente tr\u00e1mite \u00a0est\u00e1n sometidos a la observancia de los criterios de \u00a0conducencia, \u00a0pertinencia \u00a0y utilidad, \u00a0cuya determinaci\u00f3n est\u00e1 limitada por los asuntos \u00a0necesarios para la emisi\u00f3n del concepto de extradici\u00f3n, \u00a0tales como, el cumplimiento de las previsiones \u00a0constitucionales sobre la materia y los requisitos se\u00f1alados, \u00a0bien en los tratados p\u00fablicos o en la ley, seg\u00fan sea el \u00a0caso. \u00a0<\/p>\n<p>El \u00a0Ministerio de Relaciones Exteriores precis\u00f3 que el instrumento \u00a0aplicable es la \u00a0\u00abConvenci\u00f3n \u00a0sobre Extradici\u00f3n\u00bb \u00a0y los preceptos del C\u00f3digo Procedimiento Penal que no se \u00a0opongan a dicho tratado, seg\u00fan se desprende de lo dispuesto en \u00a0el art\u00edculo VIII \u00abel \u00a0pedido de extradici\u00f3n ser\u00e1 resuelto de acuerdo con la \u00a0legislaci\u00f3n interior del Estado requerido\u00bb. \u00a0<\/p>\n<p>Por \u00a0ello, espec\u00edficamente, las solicitudes que en ese sentido se \u00a0hagan deben estar orientadas a constatar los siguientes aspectos: \u00a0i) \u00a0la validez formal de la documentaci\u00f3n presentada, ii) \u00a0la plena identidad del solicitado, iii) \u00a0la \u00a0doble incriminaci\u00f3n de la conducta y la previsi\u00f3n en la \u00a0legislaci\u00f3n nacional de una pena cuyo m\u00ednimo no sea \u00a0inferior a 4 a\u00f1os de prisi\u00f3n, iv) \u00a0la \u00a0similitud de la providencia proferida en el extranjero con una \u00a0sentencia o acusaci\u00f3n, v) \u00a0el \u00a0acatamiento de lo se\u00f1alado en los tratados p\u00fablicos, \u00a0cuando fuere el caso, vi) \u00a0la \u00a0presencia de aspectos ligados a la imposici\u00f3n de \u00a0condicionamientos \u00a0en caso de emitirse concepto favorable a la extradici\u00f3n,9 \u00a0vii) \u00a0la \u00a0existencia o no de las restricciones contenidas en el art\u00edculo \u00a035 de la Constituci\u00f3n Pol\u00edtica y en el art\u00edculo \u00a0transitorio 19 del Acto Legislativo No. 01 de 2017, \u00a0as\u00ed como viii) \u00a0la \u00a0concurrencia o no de circunstancias que inhiben la extradici\u00f3n.10 \u00a0<\/p>\n<p>Si \u00a0no guardan relaci\u00f3n con esos temas o versan sobre hechos \u00a0notoriamente impertinentes, superfluos o carentes de utilidad, deben \u00a0desestimarse. \u00a0<\/p>\n<p>An\u00e1lisis \u00a0del caso concreto \u00a0<\/p>\n<p>1.- \u00a0En el asunto examinado la Procuradora \u00a0Tercera Delegada para la Casaci\u00f3n Penal \u00a0solicit\u00f3 oficiar a la Fiscal\u00eda General de la Naci\u00f3n \u00a0para que indique si Fabi\u00e1n \u00a0Esteven Duarte Ortiz \u00a0\u00abest\u00e1 \u00a0siendo requerido en Colombia por alg\u00fan delito precisando su \u00a0denominaci\u00f3n; si existe orden de captura vigente o sentencia \u00a0condenatoria debidamente ejecutoriada\u2026\u00bb, \u00a0ello en aras de descartar una presunta afrenta al non \u00a0bis in \u00eddem. \u00a0<\/p>\n<p>2.- \u00a0Al respecto, debe decirse que aunado a la labor de corroborar el \u00a0cumplimiento de las exigencias contenidas en los art\u00edculos \u00a0490, 493, 495 y 502 de la Ley 906 de 2004, la Sala, en virtud del \u00a0art\u00edculo 29 de la Constituci\u00f3n Pol\u00edtica y los \u00a0convenios internacionales ratificados por Colombia, debe establecer \u00a0que en nuestro pa\u00eds no se haya aplicado ni se est\u00e9 \u00a0ejerciendo jurisdicci\u00f3n sobre el acontecer f\u00e1ctico y \u00a0jur\u00eddico en la tipificaci\u00f3n de los delitos que \u00a0sustentan el pedido de extradici\u00f3n, por cuanto de esa manera \u00a0se efectiviza no s\u00f3lo la autonom\u00eda y soberan\u00eda \u00a0nacionales, en caso de acreditarse que el Estado Colombiano ha \u00a0desplegado su poder punitivo, sino que adem\u00e1s se procura la \u00a0observancia de prerrogativas fundamentales del procesado, como la de \u00a0no ser juzgado dos veces por el mismo hecho. \u00a0<\/p>\n<p>Conforme \u00a0a este entendimiento, con la finalidad de descartar de manera fundada \u00a0la vinculaci\u00f3n del requerido a alg\u00fan tr\u00e1mite \u00a0judicial en Colombia, y por contera la posible afectaci\u00f3n del \u00a0principio de non \u00a0bis in \u00eddem, \u00a0resulta pertinente y conducente la solicitud del Ministerio P\u00fablico \u00a0sobre oficiar a la Fiscal\u00eda General de la Naci\u00f3n para \u00a0que \u00a0verifique en sus sistemas de informaci\u00f3n, incluyendo SPOA, \u00a0SIJUF, SIAN, \u00a0si hay registro de que Fabi\u00e1n \u00a0Esteven Duarte Ortiz \u00a0ha sido investigado, juzgado o condenado por alguna conducta punible. \u00a0<\/p>\n<p>En \u00a0caso positivo, dicha autoridad deber\u00e1 precisar el contexto \u00a0f\u00e1ctico en que se desarroll\u00f3 la respectiva actuaci\u00f3n, \u00a0la autoridad judicial y el estado actual del proceso. \u00a0<\/p>\n<p>3.- \u00a0Por \u00a0\u00faltimo, dest\u00e1quese que el apoderado del requerido no \u00a0efectu\u00f3 ninguna pretensi\u00f3n referida a la pr\u00e1ctica \u00a0de alg\u00fan medio de persuasi\u00f3n en concreto y la Corte \u00a0tampoco observa necesidad de evacuar pruebas de oficio. \u00a0<\/p>\n<p>En \u00a0m\u00e9rito de lo expuesto, la Corte Suprema de Justicia, Sala de \u00a0Casaci\u00f3n Penal, \u00a0<\/p>\n<p>RESUELVE \u00a0<\/p>\n<p>1\u00ba. \u00a0DECRETAR, \u00a0por solicitud de la Procuradora \u00a0Tercera Delegada para la Casaci\u00f3n Penal, la siguiente prueba: \u00a0<\/p>\n<p>Oficiar \u00a0a la \u00a0Fiscal\u00eda General de la Naci\u00f3n para que informe si \u00a0Fabi\u00e1n \u00a0Esteven Duarte Ortiz \u00a0ha sido investigado, juzgado o condenado por alguna conducta punible; \u00a0en caso positivo, se precise el contexto f\u00e1ctico en que se \u00a0desarroll\u00f3 la respectiva actuaci\u00f3n, la autoridad \u00a0judicial y el estado actual del proceso. \u00a0<\/p>\n<p>2\u00b0. \u00a0Contra \u00a0esta decisi\u00f3n procede el recurso de reposici\u00f3n. \u00a0<\/p>\n<p>Notif\u00edquese \u00a0y c\u00famplase \u00a0<\/p>\n<p>EYDER \u00a0PATI\u00d1O CABRERA \u00a0<\/p>\n<p>Magistrado \u00a0<\/p>\n<p>JOS\u00c9 \u00a0FRANCISCO ACU\u00d1A VIZCAYA \u00a0<\/p>\n<p>Magistrado \u00a0<\/p>\n<p>EUGENIO \u00a0FERN\u00c1NDEZ CARLIER \u00a0<\/p>\n<p>Magistrado \u00a0<\/p>\n<p>LUIS \u00a0ANTONIO HERN\u00c1NDEZ BARBOSA \u00a0<\/p>\n<p>Magistrado \u00a0<\/p>\n<p>JAIME \u00a0HUMBERTO MORENO ACERO \u00a0<\/p>\n<p>Magistrado \u00a0<\/p>\n<p>PATRICIA \u00a0SALAZAR CU\u00c9LLAR \u00a0<\/p>\n<p>Magistrada \u00a0<\/p>\n<p>NUBIA \u00a0YOLANDA NOVA GARC\u00cdA \u00a0<\/p>\n<p>Secretaria \u00a0<\/p>\n<p>1 \u00a0 \u00a0 \u00a0 \u00a0 \u00a0Folios. 17 y s.s. de la Carpeta \u00a0 \u00a0 \u00a0 \u00a0 \u00a0del Ministerio de Justicia y del Derecho. \u00a0<\/p>\n<p>2 \u00a0 \u00a0 \u00a0 \u00a0 \u00a0Folios. \u00a0 \u00a0 \u00a0 \u00a0 \u00a029-33 ib\u00eddem. \u00a0<\/p>\n<p>3 \u00a0 \u00a0 \u00a0 \u00a0 \u00a0Folios. 36 \u00a0 \u00a0 \u00a0 \u00a0 \u00a0ib\u00eddem. \u00a0<\/p>\n<p>4 \u00a0 \u00a0 \u00a0 \u00a0 \u00a0Folio. 34 \u00a0 \u00a0 \u00a0 \u00a0 \u00a0ib\u00eddem. \u00a0<\/p>\n<p>5 \u00a0 \u00a0 \u00a0 \u00a0 \u00a0Folio. 1 \u00a0 \u00a0 \u00a0 \u00a0 \u00a0Cuaderno de la Corte. \u00a0<\/p>\n<p>6 \u00a0 \u00a0 \u00a0 \u00a0 \u00a0Folios. 10 \u00a0 \u00a0 \u00a0 \u00a0 \u00a0y 11 Cuaderno de la Corte. \u00a0<\/p>\n<p>7 \u00a0 \u00a0 \u00a0 \u00a0 \u00a0Folio. \u00a0 \u00a0 \u00a0 \u00a0 \u00a019 ib\u00eddem. \u00a0<\/p>\n<p>8 \u00a0 \u00a0 \u00a0 \u00a0 \u00a0Folios. \u00a0 \u00a0 \u00a0 \u00a0 \u00a017 y 18 ib\u00eddem. \u00a0<\/p>\n<p>9 \u00a0 \u00a0 \u00a0 \u00a0 \u00a0En lo que concierne al \u00a0 \u00a0 \u00a0 \u00a0 \u00a0estado de salud de los requeridos en extradici\u00f3n, en la \u00a0 \u00a0 \u00a0 \u00a0 \u00a0providencia CSJ AP, 3 jul 2013, rad. 41270, se aclar\u00f3 que: \u00abA \u00a0 \u00a0 \u00a0 \u00a0 \u00a0pesar de que en principio habr\u00eda lugar a sostener que la \u00a0 \u00a0 \u00a0 \u00a0 \u00a0prueba reclamada por la defensa no es pertinente, por cuanto no se \u00a0 \u00a0 \u00a0 \u00a0 \u00a0vincula con los requisitos que debe constatar la Corte al momento de \u00a0 \u00a0 \u00a0 \u00a0 \u00a0emitir el concepto respectivo, a su vez no debe perderse de vista \u00a0 \u00a0 \u00a0 \u00a0 \u00a0que el medio de convicci\u00f3n deprecado tiene relaci\u00f3n \u00a0 \u00a0 \u00a0 \u00a0 \u00a0con los eventuales condicionamientos que pueden imponerse en caso de \u00a0 \u00a0 \u00a0 \u00a0 \u00a0que el concepto sea favorable a la extradici\u00f3n, en particular \u00a0 \u00a0 \u00a0 \u00a0 \u00a0en punto del tratamiento que se le debe prodigar al solicitado por \u00a0 \u00a0 \u00a0 \u00a0 \u00a0su calidad de persona humana y de nacional colombiano por \u00a0 \u00a0 \u00a0 \u00a0 \u00a0nacimiento\u00bb. \u00a0<\/p>\n<p>10 \u00a0 \u00a0 \u00a0 \u00a0 \u00a0Dentro \u00a0 \u00a0 \u00a0 \u00a0 \u00a0de estas se destacan, la \u00a0 \u00a0 \u00a0 \u00a0 \u00a0inobservancia de la prohibici\u00f3n de doble juzgamiento (CSJ \u00a0 \u00a0 \u00a0 \u00a0 \u00a0CP001-2015 y CSJ CP166-2014, entre otros), y la prescripci\u00f3n \u00a0 \u00a0 \u00a0 \u00a0 \u00a0de la acci\u00f3n penal o la sanci\u00f3n que dio lugar al \u00a0 \u00a0 \u00a0 \u00a0 \u00a0pedido de extradici\u00f3n. \u00a0<\/p>\n<p>4 \u00a0 \u00a0 \u00a0<\/p>\n<p><\/p>\n","protected":false},"excerpt":{"rendered":"<p>\u00a0 \u00a0 \u00a0 \u00a0\u00a0 JOS\u00c9 \u00a0FRANCISCO ACU\u00d1A VIZCAYA \u00a0 Magistrado \u00a0Ponente \u00a0 AP4521-2019 \u00a0 Radicaci\u00f3n \u00a0N\u00b0 55793 \u00a0 (Aprobado \u00a0Acta No. 274) \u00a0 Bogot\u00e1 \u00a0D. C., diecis\u00e9is (16) de octubre de dos mil diecinueve (2019). \u00a0 ASUNTO \u00a0 La Corte resuelve \u00a0la solicitud probatoria efectuada por la representante \u00a0del Ministerio P\u00fablico, \u00a0en el tr\u00e1mite seguido [&hellip;]<\/p>\n","protected":false},"author":1,"featured_media":0,"comment_status":"open","ping_status":"open","sticky":false,"template":"","format":"standard","meta":{"footnotes":""},"categories":[28],"tags":[],"class_list":["post-43034","post","type-post","status-publish","format-standard","hentry","category-28"],"_links":{"self":[{"href":"https:\/\/dmsjuridica.com\/buscador_20179478954\/salapenalcronologico20230723\/wp-json\/wp\/v2\/posts\/43034","targetHints":{"allow":["GET"]}}],"collection":[{"href":"https:\/\/dmsjuridica.com\/buscador_20179478954\/salapenalcronologico20230723\/wp-json\/wp\/v2\/posts"}],"about":[{"href":"https:\/\/dmsjuridica.com\/buscador_20179478954\/salapenalcronologico20230723\/wp-json\/wp\/v2\/types\/post"}],"author":[{"embeddable":true,"href":"https:\/\/dmsjuridica.com\/buscador_20179478954\/salapenalcronologico20230723\/wp-json\/wp\/v2\/users\/1"}],"replies":[{"embeddable":true,"href":"https:\/\/dmsjuridica.com\/buscador_20179478954\/salapenalcronologico20230723\/wp-json\/wp\/v2\/comments?post=43034"}],"version-history":[{"count":0,"href":"https:\/\/dmsjuridica.com\/buscador_20179478954\/salapenalcronologico20230723\/wp-json\/wp\/v2\/posts\/43034\/revisions"}],"wp:attachment":[{"href":"https:\/\/dmsjuridica.com\/buscador_20179478954\/salapenalcronologico20230723\/wp-json\/wp\/v2\/media?parent=43034"}],"wp:term":[{"taxonomy":"category","embeddable":true,"href":"https:\/\/dmsjuridica.com\/buscador_20179478954\/salapenalcronologico20230723\/wp-json\/wp\/v2\/categories?post=43034"},{"taxonomy":"post_tag","embeddable":true,"href":"https:\/\/dmsjuridica.com\/buscador_20179478954\/salapenalcronologico20230723\/wp-json\/wp\/v2\/tags?post=43034"}],"curies":[{"name":"wp","href":"https:\/\/api.w.org\/{rel}","templated":true}]}}