{"id":43027,"date":"2023-09-14T21:47:03","date_gmt":"2023-09-14T21:47:03","guid":{"rendered":"https:\/\/dmsjuridica.com\/buscador_20179478954\/salapenalcronologico20230723\/2023\/09\/14\/ap4513-201955306\/"},"modified":"2023-09-14T21:47:03","modified_gmt":"2023-09-14T21:47:03","slug":"ap4513-201955306","status":"publish","type":"post","link":"https:\/\/dmsjuridica.com\/buscador_20179478954\/salapenalcronologico20230723\/2023\/09\/14\/ap4513-201955306\/","title":{"rendered":"AP4513-2019(55306)"},"content":{"rendered":"\n<p>\u00a0 \u00a0 \u00a0 \u00a0\u00a0<\/p>\n<p>LUIS \u00a0ANTONIO HERN\u00c1NDEZ BARBOSA \u00a0<\/p>\n<p>Magistrado \u00a0ponente \u00a0<\/p>\n<p>AP4513-2019 \u00a0<\/p>\n<p>Radicaci\u00f3n \u00a0n.\u00b0 55306 \u00a0<\/p>\n<p>Acta \u00a0274 \u00a0<\/p>\n<p>Bogot\u00e1, D. \u00a0C., diecis\u00e9is (16) de octubre de dos mil diecinueve (2019). \u00a0<\/p>\n<p>VISTOS: \u00a0<\/p>\n<p>Se \u00a0pronuncia la Corte sobre el desistimiento del recurso extraordinario \u00a0de casaci\u00f3n que interpuso el defensor de Juan \u00a0Carlos Argot Calder\u00f3n, \u00a0contra la sentencia de segunda instancia dictada por la Sala Penal \u00a0del Tribunal Superior de Neiva. \u00a0<\/p>\n<p>ANTECEDENTES \u00a0Y CONSIDERACIONES: \u00a0<\/p>\n<p>1. \u00a0Juan \u00a0Carlos Argot Calder\u00f3n \u00a0fue condenado como autor del delito de tr\u00e1fico, \u00a0fabricaci\u00f3n o porte de estupefacientes por \u00a0el Juzgado Segundo Penal del Circuito de Garz\u00f3n, en decisi\u00f3n \u00a0que fue confirmada el 18 de febrero de 2019 por la Sala Penal del \u00a0Tribunal Superior de Neiva. \u00a0<\/p>\n<p>2. Contra la \u00a0sentencia de segundo grado, el defensor del procesado interpuso el \u00a0recurso extraordinario de casaci\u00f3n y sustent\u00f3 la \u00a0demanda correspondiente, en la cual consign\u00f3 un cargo por \u00a0violaci\u00f3n indirecta de la ley, tendiente a que la Corte case \u00a0la sentencia impugnada y, luego de valorar correctamente las pruebas \u00a0que demuestran la condici\u00f3n de padre cabeza de familia del \u00a0procesado, le conceda la prisi\u00f3n domiciliaria de conformidad \u00a0con lo establecido en la Ley 750 de 2002. \u00a0<\/p>\n<p>3. En escrito \u00a0recibido v\u00eda correo electr\u00f3nico el 26 de septiembre de \u00a02019, el recurrente manifest\u00f3 que desiste \u00a0del recurso interpuesto, por cuanto el procesado tiene otras dos \u00a0condenas por el delito de tr\u00e1fico, \u00a0fabricaci\u00f3n o porte de estupefacientes, \u00a0por lo que es su deseo que esta actuaci\u00f3n sea remitida de \u00a0inmediato al juez de ejecuci\u00f3n de penas competente para que se \u00a0pronuncie sobre una eventual acumulaci\u00f3n jur\u00eddica de \u00a0penas. \u00a0<\/p>\n<p>4. La Corte no ha \u00a0admitido la demanda a tr\u00e1mite ni se ha pronunciado de fondo \u00a0sobre el recurso. \u00a0<\/p>\n<p>5. Como de \u00a0conformidad con el art\u00edculo 199 de la Ley 906 de 2004, se \u00a0puede desistir \u00a0del \u00a0recurso de casaci\u00f3n antes de que la Sala lo decida, se \u00a0aceptar\u00e1 el desistimiento presentado por el defensor del \u00a0procesado Juan \u00a0Carlos Argot Calder\u00f3n \u00a0contra la sentencia de fecha y origen indicados. \u00a0<\/p>\n<p>En m\u00e9rito \u00a0de lo expuesto, La Sala de Casaci\u00f3n Penal de la Corte Suprema \u00a0de Justicia, \u00a0<\/p>\n<p>RESUELVE: \u00a0<\/p>\n<p>Aceptar \u00a0el desistimiento del recurso de casaci\u00f3n presentado por el \u00a0defensor de Juan \u00a0Carlos Argot Calder\u00f3n \u00a0contra la sentencia de segunda instancia proferida el 18 de febrero \u00a0de 2019 que confirm\u00f3 la decisi\u00f3n de condenarlo como \u00a0autor del delito de tr\u00e1fico, \u00a0fabricaci\u00f3n o porte de estupefacientes. \u00a0<\/p>\n<p>Contra \u00a0este auto no proceden recursos. \u00a0<\/p>\n<p>Comun\u00edquese, \u00a0c\u00famplase y devu\u00e9lvase la actuaci\u00f3n. \u00a0<\/p>\n<p>EYDER \u00a0PATI\u00d1O CABRERA \u00a0<\/p>\n<p>JOS\u00c9 \u00a0FRANCISCO ACU\u00d1A VIZCAYA \u00a0<\/p>\n<p>EUGENIO \u00a0FERN\u00c1NDEZ CARLIER \u00a0<\/p>\n<p>LUIS \u00a0ANTONIO HERN\u00c1NDEZ BARBOSA \u00a0<\/p>\n<p>JAIME \u00a0HUMBERTO MORENO ACERO \u00a0<\/p>\n<p>PATRICIA \u00a0SALAZAR CU\u00c9LLAR \u00a0<\/p>\n<p>NUBIA \u00a0YOLANDA NOVA GARC\u00cdA \u00a0<\/p>\n<p>Secretaria \u00a0<\/p>\n<p>\u00a0 \u00a0 \u00a0\u00a0<\/p>\n<p><\/p>\n","protected":false},"excerpt":{"rendered":"<p>\u00a0 \u00a0 \u00a0 \u00a0\u00a0 LUIS \u00a0ANTONIO HERN\u00c1NDEZ BARBOSA \u00a0 Magistrado \u00a0ponente \u00a0 AP4513-2019 \u00a0 Radicaci\u00f3n \u00a0n.\u00b0 55306 \u00a0 Acta \u00a0274 \u00a0 Bogot\u00e1, D. \u00a0C., diecis\u00e9is (16) de octubre de dos mil diecinueve (2019). \u00a0 VISTOS: \u00a0 Se \u00a0pronuncia la Corte sobre el desistimiento del recurso extraordinario \u00a0de casaci\u00f3n que interpuso el defensor de Juan \u00a0Carlos [&hellip;]<\/p>\n","protected":false},"author":1,"featured_media":0,"comment_status":"open","ping_status":"open","sticky":false,"template":"","format":"standard","meta":{"footnotes":""},"categories":[28],"tags":[],"class_list":["post-43027","post","type-post","status-publish","format-standard","hentry","category-28"],"_links":{"self":[{"href":"https:\/\/dmsjuridica.com\/buscador_20179478954\/salapenalcronologico20230723\/wp-json\/wp\/v2\/posts\/43027","targetHints":{"allow":["GET"]}}],"collection":[{"href":"https:\/\/dmsjuridica.com\/buscador_20179478954\/salapenalcronologico20230723\/wp-json\/wp\/v2\/posts"}],"about":[{"href":"https:\/\/dmsjuridica.com\/buscador_20179478954\/salapenalcronologico20230723\/wp-json\/wp\/v2\/types\/post"}],"author":[{"embeddable":true,"href":"https:\/\/dmsjuridica.com\/buscador_20179478954\/salapenalcronologico20230723\/wp-json\/wp\/v2\/users\/1"}],"replies":[{"embeddable":true,"href":"https:\/\/dmsjuridica.com\/buscador_20179478954\/salapenalcronologico20230723\/wp-json\/wp\/v2\/comments?post=43027"}],"version-history":[{"count":0,"href":"https:\/\/dmsjuridica.com\/buscador_20179478954\/salapenalcronologico20230723\/wp-json\/wp\/v2\/posts\/43027\/revisions"}],"wp:attachment":[{"href":"https:\/\/dmsjuridica.com\/buscador_20179478954\/salapenalcronologico20230723\/wp-json\/wp\/v2\/media?parent=43027"}],"wp:term":[{"taxonomy":"category","embeddable":true,"href":"https:\/\/dmsjuridica.com\/buscador_20179478954\/salapenalcronologico20230723\/wp-json\/wp\/v2\/categories?post=43027"},{"taxonomy":"post_tag","embeddable":true,"href":"https:\/\/dmsjuridica.com\/buscador_20179478954\/salapenalcronologico20230723\/wp-json\/wp\/v2\/tags?post=43027"}],"curies":[{"name":"wp","href":"https:\/\/api.w.org\/{rel}","templated":true}]}}