{"id":42999,"date":"2023-09-14T21:46:12","date_gmt":"2023-09-14T21:46:12","guid":{"rendered":"https:\/\/dmsjuridica.com\/buscador_20179478954\/salapenalcronologico20230723\/2023\/09\/14\/ap4440-201955073\/"},"modified":"2023-09-14T21:46:12","modified_gmt":"2023-09-14T21:46:12","slug":"ap4440-201955073","status":"publish","type":"post","link":"https:\/\/dmsjuridica.com\/buscador_20179478954\/salapenalcronologico20230723\/2023\/09\/14\/ap4440-201955073\/","title":{"rendered":"AP4440-2019(55073)"},"content":{"rendered":"\n<p>\u00a0 \u00a0 \u00a0 \u00a0\u00a0<\/p>\n<p>JAIME \u00a0HUMBERTO MORENO ACERO \u00a0<\/p>\n<p>Magistrado \u00a0ponente \u00a0<\/p>\n<p>AP4440-2019 \u00a0<\/p>\n<p>Radicaci\u00f3n \u00a0N\u00b0 55073. \u00a0<\/p>\n<p>Acta \u00a0266. \u00a0<\/p>\n<p>Bogot\u00e1, \u00a0D.C., nueve (9) de octubre de dos mil diecinueve (2019). \u00a0<\/p>\n<p>VISTOS \u00a0<\/p>\n<p>Se \u00a0decide sobre \u00a0el impedimento presentado, de manera conjunta, por los H. Magistrados \u00a0Jos\u00e9 \u00a0Francisco Acu\u00f1a Vizcaya, \u00a0Eugenio Fern\u00e1ndez Carlier, Luis Antonio Hern\u00e1ndez \u00a0Barbosa, Eyder Pati\u00f1o Cabrera, Patricia Salazar Cu\u00e9llar \u00a0y Luis \u00a0Guillermo Salazar Otero, para conocer de la acci\u00f3n de revisi\u00f3n \u00a0presentada por el apoderado especial de NORBERTO QUIROGA POVEDA. \u00a0<\/p>\n<p>ANTECEDENTES \u00a0<\/p>\n<p>El \u00a0Juzgado Penal del Circuito Especializado de Santa Marta, el 22 de \u00a0noviembre de 2013, adicionada el 4 de diciembre siguiente, entre \u00a0otras determinaciones, conden\u00f3 a NORBERTO QUIROGA POVEDA a la \u00a0pena principal de 6 a\u00f1os de prisi\u00f3n y multa de 2.000 \u00a0s.m.m.l.v., como autor del delito de concierto para delinquir \u00a0agravado. \u00a0<\/p>\n<p>Impugnada \u00a0la decisi\u00f3n, la Sala Penal del Tribunal Superior del Distrito \u00a0Judicial de Santa Marta, el 13 de octubre de 2015, confirm\u00f3 el \u00a0fallo confutado, decisi\u00f3n en contra de la cual el defensor de \u00a0QUIROGA POVEDA interpuso recurso extraordinario de casaci\u00f3n, \u00a0cuya demanda fue inadmitida por esta \u00a0Corporaci\u00f3n, mediante auto del 29 de junio de 2016 \u00a0(AP4228-2016, Rad. 48244). \u00a0<\/p>\n<p>El \u00a029 de marzo \u00faltimo, un \u00a0apoderado especial de NORBERTO \u00a0QUIROGA POVEDA \u00a0present\u00f3 demanda de revisi\u00f3n, contra la anterior \u00a0sentencia. \u00a0<\/p>\n<p>Una \u00a0vez efectuado el reparto del asunto, los H. \u00a0Magistrados Jos\u00e9 \u00a0Francisco Acu\u00f1a Vizcaya, \u00a0Eugenio Fern\u00e1ndez Carlier, Luis Antonio Hern\u00e1ndez \u00a0Barbosa, Eyder Pati\u00f1o Cabrera, Patricia Salazar Cu\u00e9llar \u00a0y Luis \u00a0Guillermo Salazar Otero declararon conjuntamente su impedimento, con \u00a0fundamento en el numeral 6 del art\u00edculo 56 de la Ley 906 de \u00a02004, por haber suscrito el auto, previamente rese\u00f1ado, a \u00a0trav\u00e9s del cual se inadmiti\u00f3 la demanda de casaci\u00f3n. \u00a0<\/p>\n<p>CONSIDERACIONES \u00a0<\/p>\n<p>El \u00a0numeral 6\u00b0 del art\u00edculo 56 de la Ley 906 de 2004, \u00a0establece que el funcionario debe declararse impedido cuando haya \u00a0\u00ab\u2026dictado \u00a0la providencia cuya revisi\u00f3n se trata o hubiere participado \u00a0dentro del proceso\u2026\u00bb. \u00a0<\/p>\n<p>De \u00a0conformidad con la anterior rese\u00f1a procesal, resulta evidente \u00a0que en este asunto procede la causal de impedimento aludida, por \u00a0cuanto los H. Magistrados Jos\u00e9 \u00a0Francisco Acu\u00f1a Vizcaya, \u00a0Eugenio Fern\u00e1ndez Carlier, Luis Antonio Hern\u00e1ndez \u00a0Barbosa, Eyder Pati\u00f1o Cabrera, Patricia Salazar Cu\u00e9llar \u00a0y Luis \u00a0Guillermo Salazar Otero, integraron \u00a0la Sala Penal que dict\u00f3 el auto por medio del cual se rechaz\u00f3 \u00a0la demanda de casaci\u00f3n interpuesta contra la sentencia de \u00a0segunda instancia que ahora es objeto de la acci\u00f3n de \u00a0revisi\u00f3n, argumento que es suficiente para rehusar su \u00a0conocimiento, toda vez que se echar\u00eda de menos el compromiso \u00a0de imparcialidad. \u00a0<\/p>\n<p>La \u00a0declaraci\u00f3n de impedimento, al amparo de la causal mencionada, \u00a0corresponde a aquellos juicios de valor y de ponderaci\u00f3n \u00a0jur\u00eddica y probatoria que tienen lugar en el mismo escenario \u00a0de la actuaci\u00f3n y, de soslayarse, permitir\u00eda que el \u00a0funcionario judicial se ocupara de aspectos sustanciales acerca del \u00a0tema medular objeto de controversia, raz\u00f3n para que el \u00a0ordenamiento procesal disponga la obligaci\u00f3n de separar del \u00a0conocimiento posterior al funcionario que dict\u00f3 la providencia \u00a0cuya revisi\u00f3n se pretende o hubiere participado dentro del \u00a0proceso. \u00a0<\/p>\n<p>En \u00a0consecuencia, resulta incuestionable que se estructura la causal de \u00a0impedimento del numeral 6\u00b0 del art\u00edculo 56 de la Ley 906 \u00a0de 2004, porque los H. Magistrados que se declaran impedidos deben \u00a0revisar la sentencia de segunda instancia en relaci\u00f3n con la \u00a0que se inadmiti\u00f3 \u00a0la demanda de casaci\u00f3n que present\u00f3 el defensor del \u00a0implicado. \u00a0<\/p>\n<p>Entonces, \u00a0con el fin de salvaguardar el principio de imparcialidad, se \u00a0proceder\u00e1 a aceptar el impedimento manifestado por los H. \u00a0Magistrados Jos\u00e9 \u00a0Francisco Acu\u00f1a Vizcaya, \u00a0Eugenio Fern\u00e1ndez Carlier, Luis Antonio Hern\u00e1ndez \u00a0Barbosa, Eyder Pati\u00f1o Cabrera, Patricia Salazar Cu\u00e9llar \u00a0y Luis \u00a0Guillermo Salazar Otero. \u00a0<\/p>\n<p>En \u00a0m\u00e9rito de lo expuesto, la CORTE \u00a0SUPREMA DE JUSTICIA, SALA DE CASACI\u00d3N PENAL, \u00a0<\/p>\n<p>RESUELVE \u00a0<\/p>\n<p>ACEPTAR \u00a0el impedimento declarado por los H. Magistrados Jos\u00e9 \u00a0Francisco Acu\u00f1a Vizcaya, \u00a0Eugenio Fern\u00e1ndez Carlier, Luis Antonio Hern\u00e1ndez \u00a0Barbosa, Eyder Pati\u00f1o Cabrera, Patricia Salazar Cu\u00e9llar \u00a0y Luis \u00a0Guillermo Salazar Otero. \u00a0<\/p>\n<p>C\u00f3piese, \u00a0notif\u00edquese y c\u00famplase. \u00a0<\/p>\n<p>JAIME \u00a0HUMBERTO MORENO ACERO \u00a0<\/p>\n<p>Magistrado \u00a0<\/p>\n<p>PEDRO \u00a0ENRIQUE AGUILAR LE\u00d3N \u00a0<\/p>\n<p>Conjuez \u00a0<\/p>\n<p>GUILLERMO \u00a0ANGULO GONZ\u00c1LEZ \u00a0<\/p>\n<p>Conjuez \u00a0<\/p>\n<p>PAULA \u00a0CADAVID LONDO\u00d1O \u00a0<\/p>\n<p>Conjuez \u00a0<\/p>\n<p>MANUEL \u00a0CORREDOR PARDO \u00a0<\/p>\n<p>Conjuez \u00a0<\/p>\n<p>MAURICIO \u00a0PAVA LUGO \u00a0<\/p>\n<p>Conjuez \u00a0<\/p>\n<p>JUAN \u00a0DAVID RIVEROS BARRAG\u00c1N \u00a0<\/p>\n<p>Conjuez \u00a0<\/p>\n<p>Nubia Yolanda Nova \u00a0Garc\u00eda \u00a0<\/p>\n<p>Secretaria \u00a0<\/p>\n<p>4 \u00a0 \u00a0 \u00a0<\/p>\n<p><\/p>\n","protected":false},"excerpt":{"rendered":"<p>\u00a0 \u00a0 \u00a0 \u00a0\u00a0 JAIME \u00a0HUMBERTO MORENO ACERO \u00a0 Magistrado \u00a0ponente \u00a0 AP4440-2019 \u00a0 Radicaci\u00f3n \u00a0N\u00b0 55073. \u00a0 Acta \u00a0266. \u00a0 Bogot\u00e1, \u00a0D.C., nueve (9) de octubre de dos mil diecinueve (2019). \u00a0 VISTOS \u00a0 Se \u00a0decide sobre \u00a0el impedimento presentado, de manera conjunta, por los H. Magistrados \u00a0Jos\u00e9 \u00a0Francisco Acu\u00f1a Vizcaya, \u00a0Eugenio Fern\u00e1ndez Carlier, [&hellip;]<\/p>\n","protected":false},"author":1,"featured_media":0,"comment_status":"open","ping_status":"open","sticky":false,"template":"","format":"standard","meta":{"footnotes":""},"categories":[28],"tags":[],"class_list":["post-42999","post","type-post","status-publish","format-standard","hentry","category-28"],"_links":{"self":[{"href":"https:\/\/dmsjuridica.com\/buscador_20179478954\/salapenalcronologico20230723\/wp-json\/wp\/v2\/posts\/42999","targetHints":{"allow":["GET"]}}],"collection":[{"href":"https:\/\/dmsjuridica.com\/buscador_20179478954\/salapenalcronologico20230723\/wp-json\/wp\/v2\/posts"}],"about":[{"href":"https:\/\/dmsjuridica.com\/buscador_20179478954\/salapenalcronologico20230723\/wp-json\/wp\/v2\/types\/post"}],"author":[{"embeddable":true,"href":"https:\/\/dmsjuridica.com\/buscador_20179478954\/salapenalcronologico20230723\/wp-json\/wp\/v2\/users\/1"}],"replies":[{"embeddable":true,"href":"https:\/\/dmsjuridica.com\/buscador_20179478954\/salapenalcronologico20230723\/wp-json\/wp\/v2\/comments?post=42999"}],"version-history":[{"count":0,"href":"https:\/\/dmsjuridica.com\/buscador_20179478954\/salapenalcronologico20230723\/wp-json\/wp\/v2\/posts\/42999\/revisions"}],"wp:attachment":[{"href":"https:\/\/dmsjuridica.com\/buscador_20179478954\/salapenalcronologico20230723\/wp-json\/wp\/v2\/media?parent=42999"}],"wp:term":[{"taxonomy":"category","embeddable":true,"href":"https:\/\/dmsjuridica.com\/buscador_20179478954\/salapenalcronologico20230723\/wp-json\/wp\/v2\/categories?post=42999"},{"taxonomy":"post_tag","embeddable":true,"href":"https:\/\/dmsjuridica.com\/buscador_20179478954\/salapenalcronologico20230723\/wp-json\/wp\/v2\/tags?post=42999"}],"curies":[{"name":"wp","href":"https:\/\/api.w.org\/{rel}","templated":true}]}}