{"id":42811,"date":"2023-09-14T21:46:03","date_gmt":"2023-09-14T21:46:03","guid":{"rendered":"https:\/\/dmsjuridica.com\/buscador_20179478954\/salapenalcronologico20230723\/2023\/09\/14\/ap3851-201956095\/"},"modified":"2023-09-14T21:46:03","modified_gmt":"2023-09-14T21:46:03","slug":"ap3851-201956095","status":"publish","type":"post","link":"https:\/\/dmsjuridica.com\/buscador_20179478954\/salapenalcronologico20230723\/2023\/09\/14\/ap3851-201956095\/","title":{"rendered":"AP3851-2019(56095)"},"content":{"rendered":"\n<p>\u00a0 \u00a0 \u00a0 Cambio de \u00a0 \u00a0 \u00a0 \u00a0 \u00a0Radicaci\u00f3n: 56095 \u00a0 \u00a0 \u00a0 \u00a0 \u00a0<\/p>\n<p>marcos \u00a0 \u00a0 \u00a0 \u00a0 \u00a0de jes\u00fas figueroa garc\u00eda \u00a0 \u00a0<\/p>\n<p>Luis \u00a0 \u00a0 \u00a0 \u00a0 \u00a0Antonio Hern\u00e1ndez Barbosa \u00a0 \u00a0 \u00a0 \u00a0 \u00a0<\/p>\n<p>Magistrado \u00a0 \u00a0 \u00a0 \u00a0 \u00a0Ponente \u00a0 \u00a0 \u00a0 \u00a0 \u00a0 \u00a0 \u00a0 \u00a0 \u00a0 \u00a0<\/p>\n<p>\u00a0\u00a0 \u00a0 \u00a0 \u00a0 \u00a0<\/p>\n<p>AP3851-2019 \u00a0 \u00a0 \u00a0 \u00a0 \u00a0<\/p>\n<p>Radicaci\u00f3n \u00a0 \u00a0 \u00a0 \u00a0 \u00a0N\u00b0 56095 \u00a0 \u00a0 \u00a0 \u00a0 \u00a0<\/p>\n<p>Aprobado \u00a0 \u00a0 \u00a0 \u00a0 \u00a0acta N\u00ba233 \u00a0 \u00a0 \u00a0 \u00a0 \u00a0<\/p>\n<p>\u00a0\u00a0 \u00a0 \u00a0 \u00a0 \u00a0<\/p>\n<p>\u00a0\u00a0 \u00a0 \u00a0 \u00a0 \u00a0<\/p>\n<p>Bogot\u00e1, D. \u00a0 \u00a0 \u00a0 \u00a0 \u00a0C., once (11) de septiembre de dos mil diecinueve (2019). \u00a0 \u00a0 \u00a0 \u00a0 \u00a0<\/p>\n<p>\u00a0\u00a0 \u00a0 \u00a0 \u00a0 \u00a0<\/p>\n<p>\u00a0\u00a0 \u00a0 \u00a0 \u00a0 \u00a0<\/p>\n<p>VISTOS \u00a0 \u00a0 \u00a0 \u00a0 \u00a0<\/p>\n<p>\u00a0\u00a0 \u00a0 \u00a0 \u00a0 \u00a0<\/p>\n<p>La Sala se \u00a0 \u00a0 \u00a0 \u00a0 \u00a0pronuncia sobre la solicitud de cambio de radicaci\u00f3n \u00a0 \u00a0 \u00a0 \u00a0 \u00a0presentada por la Fiscal\u00eda 18 de la Direcci\u00f3n \u00a0 \u00a0 \u00a0 \u00a0 \u00a0Especializada Contra las Organizaciones Criminales, del proceso \u00a0 \u00a0 \u00a0 \u00a0 \u00a070.280 o 004 adelantado contra MARCOS DE JES\u00daS FIGUEROA \u00a0 \u00a0 \u00a0 \u00a0 \u00a0GARC\u00cdA. \u00a0 \u00a0 \u00a0 \u00a0 \u00a0 \u00a0 \u00a0 \u00a0 \u00a0 \u00a0 \u00a0 \u00a0 \u00a0 \u00a0 \u00a0<\/p>\n<p>HECHOS \u00a0 \u00a0 \u00a0 \u00a0 \u00a0<\/p>\n<p>\u00a0\u00a0 \u00a0 \u00a0 \u00a0 \u00a0<\/p>\n<p>Los hechos \u00a0 \u00a0 \u00a0 \u00a0 \u00a0jur\u00eddicamente relevantes fueron descritos en la resoluci\u00f3n \u00a0 \u00a0 \u00a0 \u00a0 \u00a0de acusaci\u00f3n as\u00ed: \u00a0 \u00a0 \u00a0 \u00a0 \u00a0<\/p>\n<p>\u00a0\u00a0 \u00a0 \u00a0 \u00a0 \u00a0<\/p>\n<p>\u201cSeg\u00fan \u00a0 \u00a0 \u00a0 \u00a0 \u00a0informe de polic\u00eda judicial datado 21 de septiembre de 2009, \u00a0 \u00a0 \u00a0 \u00a0 \u00a0parten de un an\u00f3nimo que recibieron sobre las andanzas \u00a0 \u00a0 \u00a0 \u00a0 \u00a0criminales del se\u00f1or JUAN FRANCISCO G\u00d3MEZ CERCHAR, a \u00a0 \u00a0 \u00a0 \u00a0 \u00a0quien le atribu\u00edan muchos cr\u00edmenes, perpetrados junto \u00a0 \u00a0 \u00a0 \u00a0 \u00a0con MARCOS FIGUEROA GARC\u00cdA Jefe de Sicarios de la Guajira\u201d1. \u00a0 \u00a0 \u00a0 \u00a0 \u00a0<\/p>\n<p>\u00a0\u00a0 \u00a0 \u00a0 \u00a0 \u00a0<\/p>\n<p>\u00a0\u00a0 \u00a0 \u00a0 \u00a0 \u00a0<\/p>\n<p>ANTECEDENTES \u00a0 \u00a0 \u00a0 \u00a0 \u00a0<\/p>\n<p>\u00a0\u00a0 \u00a0 \u00a0 \u00a0 \u00a0<\/p>\n<p>1. El 15 de Mayo \u00a0 \u00a0 \u00a0 \u00a0 \u00a0de 2019, la Fiscal\u00eda 18 de la Direcci\u00f3n Especializada \u00a0 \u00a0 \u00a0 \u00a0 \u00a0de la Unidad Nacional contra el Terrorismo profiri\u00f3 \u00a0 \u00a0 \u00a0 \u00a0 \u00a0resoluci\u00f3n de acusaci\u00f3n en contra de MARCOS DE JES\u00daS \u00a0 \u00a0 \u00a0 \u00a0 \u00a0FIGUEROA GARC\u00cdA, como autor del delito de concierto para \u00a0 \u00a0 \u00a0 \u00a0 \u00a0delinquir agravado. \u00a0 \u00a0 \u00a0 \u00a0 \u00a0<\/p>\n<p>\u00a0\u00a0 \u00a0 \u00a0 \u00a0 \u00a0<\/p>\n<p>2. Mediante \u00a0 \u00a0 \u00a0 \u00a0 \u00a0escrito del 28 de agosto del a\u00f1o en curso, la Fiscal\u00eda \u00a0 \u00a0 \u00a0 \u00a0 \u00a0se\u00f1alada en precedencia present\u00f3 ante la Secretar\u00eda \u00a0 \u00a0 \u00a0 \u00a0 \u00a0de esta Corporaci\u00f3n la solicitud de cambio de radicaci\u00f3n \u00a0 \u00a0 \u00a0 \u00a0 \u00a0del proceso \u201c70.280 \u00a0 \u00a0 \u00a0 \u00a0 \u00a0o 004\u201d, que \u00a0 \u00a0 \u00a0 \u00a0 \u00a0cursa en la Fiscal\u00eda General de la Naci\u00f3n en contra \u00a0 \u00a0 \u00a0 \u00a0 \u00a0del investigado FIGUEROA GARC\u00cdA. \u00a0 \u00a0 \u00a0 \u00a0 \u00a0<\/p>\n<p>\u00a0\u00a0 \u00a0 \u00a0 \u00a0 \u00a0<\/p>\n<p>3. Al respecto, \u00a0 \u00a0 \u00a0 \u00a0 \u00a0la delegada de la Fiscal\u00eda inform\u00f3 que el proceder \u00a0 \u00a0 \u00a0 \u00a0 \u00a0delictual del procesado, conformado en una estructura de injerencia \u00a0 \u00a0 \u00a0 \u00a0 \u00a0pol\u00edtica y judicial en los departamentos de la Guajira y \u00a0 \u00a0 \u00a0 \u00a0 \u00a0Magdalena, ha generado una innumerable oferta de d\u00e1divas a \u00a0 \u00a0 \u00a0 \u00a0 \u00a0miembros de la Fuerza P\u00fablica y la administraci\u00f3n de \u00a0 \u00a0 \u00a0 \u00a0 \u00a0justicia, para impedir que alguno de los procesos penales \u00a0 \u00a0 \u00a0 \u00a0 \u00a0adelantados en su contra culmine con una sentencia que implique la \u00a0 \u00a0 \u00a0 \u00a0 \u00a0privaci\u00f3n de su libertad. \u00a0 \u00a0 \u00a0 \u00a0 \u00a0<\/p>\n<p>\u00a0\u00a0 \u00a0 \u00a0 \u00a0 \u00a0<\/p>\n<p>Por consiguiente, \u00a0 \u00a0 \u00a0 \u00a0 \u00a0antes de remitir la actuaci\u00f3n para iniciar la etapa de \u00a0 \u00a0 \u00a0 \u00a0 \u00a0juzgamiento, consider\u00f3 necesario el cambio de radicaci\u00f3n \u00a0 \u00a0 \u00a0 \u00a0 \u00a0a un distrito judicial que no tuviese la \u00a0potencialidad de ser \u00a0 \u00a0 \u00a0 \u00a0 \u00a0afectado por las intromisiones de tal grupo delincuencial, raz\u00f3n \u00a0 \u00a0 \u00a0 \u00a0 \u00a0por la cual invoc\u00f3 la procedencia de su solicitud con \u00a0 \u00a0 \u00a0 \u00a0 \u00a0fundamento en lo previsto en el art\u00edculo 85 de la Ley 600 de \u00a0 \u00a0 \u00a0 \u00a0 \u00a02000. \u00a0 \u00a0 \u00a0 \u00a0 \u00a0<\/p>\n<p>\u00a0\u00a0 \u00a0 \u00a0 \u00a0 \u00a0<\/p>\n<p>4. En sustento \u00a0 \u00a0 \u00a0 \u00a0 \u00a0de tal petici\u00f3n, adujo que otras investigaciones iniciadas \u00a0 \u00a0 \u00a0 \u00a0 \u00a0contra el procesado MARCOS DE JES\u00daS FIGUEROA GARC\u00cdA \u00a0 \u00a0 \u00a0 \u00a0 \u00a0fueron curiosamente eliminadas de los archivos de la Fiscal\u00eda \u00a0 \u00a0 \u00a0 \u00a0 \u00a0y algunas de ellas ingresadas en el historial de procesos que tiene \u00a0 \u00a0 \u00a0 \u00a0 \u00a0la instituci\u00f3n, pero acorde con informaci\u00f3n err\u00f3nea \u00a0 \u00a0 \u00a0 \u00a0 \u00a0y atinente a otras investigaciones preliminares. \u00a0 \u00a0 \u00a0 \u00a0 \u00a0<\/p>\n<p>\u00a0\u00a0 \u00a0 \u00a0 \u00a0 \u00a0<\/p>\n<p>Argument\u00f3 \u00a0 \u00a0 \u00a0 \u00a0 \u00a0que a la fecha no se ha proferido la primera sentencia contra el \u00a0 \u00a0 \u00a0 \u00a0 \u00a0precitado y que el \u00fanico proceso que actualmente cursa en \u00a0 \u00a0 \u00a0 \u00a0 \u00a0normal desarrollo, fue entorpecido por la organizaci\u00f3n \u00a0 \u00a0 \u00a0 \u00a0 \u00a0conocida como el \u201cEl \u00a0 \u00a0 \u00a0 \u00a0 \u00a0Clan de Marquitos\u201d. \u00a0 \u00a0 \u00a0 \u00a0 \u00a0<\/p>\n<p>\u00a0\u00a0 \u00a0 \u00a0 \u00a0 \u00a0<\/p>\n<p>En consecuencia, \u00a0 \u00a0 \u00a0 \u00a0 \u00a0considera que no existen garant\u00edas para proseguir con el \u00a0 \u00a0 \u00a0 \u00a0 \u00a0proceso en t\u00e9rminos de imparcialidad, pues su continuidad en \u00a0 \u00a0 \u00a0 \u00a0 \u00a0los departamentos de la Guajira y Magdalena, generar\u00eda un \u00a0 \u00a0 \u00a0 \u00a0 \u00a0enorme riesgo para la Fiscal\u00eda, los testigos y dem\u00e1s \u00a0 \u00a0 \u00a0 \u00a0 \u00a0intervinientes de la actuaci\u00f3n. \u00a0 \u00a0 \u00a0 \u00a0 \u00a0<\/p>\n<p>\u00a0\u00a0 \u00a0 \u00a0 \u00a0 \u00a0 \u00a0 \u00a0 \u00a0 \u00a0 \u00a0<\/p>\n<p>CONSIDERACIONES \u00a0 \u00a0 \u00a0 \u00a0 \u00a0DE LA CORTE \u00a0 \u00a0 \u00a0 \u00a0 \u00a0<\/p>\n<p>\u00a0\u00a0 \u00a0 \u00a0 \u00a0 \u00a0<\/p>\n<p>\u00a0\u00a0 \u00a0 \u00a0 \u00a0 \u00a0<\/p>\n<p>1. \u00a0 \u00a0 \u00a0 \u00a0 \u00a0La \u00a0 \u00a0 \u00a0 \u00a0 \u00a0competencia que el legislador asign\u00f3 a la Corte Suprema de \u00a0 \u00a0 \u00a0 \u00a0 \u00a0Justicia para conocer de las solicitudes de cambio de radicaci\u00f3n \u00a0 \u00a0 \u00a0 \u00a0 \u00a0de un distrito judicial a otro se contrae a las que se suscitan en \u00a0 \u00a0 \u00a0 \u00a0 \u00a0el curso de la fase de juicio tal como se extrae del numeral 8\u00b0 \u00a0 \u00a0 \u00a0 \u00a0 \u00a0del art\u00edculo 75 de la Ley 600 de 2000, que establece que esta \u00a0 \u00a0 \u00a0 \u00a0 \u00a0Corporaci\u00f3n conocer\u00e1 de \u00ab\u2026las \u00a0 \u00a0 \u00a0 \u00a0 \u00a0solicitudes de cambio de radicaci\u00f3n de procesos penales de un \u00a0 \u00a0 \u00a0 \u00a0 \u00a0distrito judicial a otro durante \u00a0 \u00a0 \u00a0 \u00a0 \u00a0la etapa de juzgamiento\u00bb. \u00a0 \u00a0 \u00a0 \u00a0 \u00a0[Negrillas \u00a0 \u00a0 \u00a0 \u00a0 \u00a0fuera del texto original]. \u00a0 \u00a0 \u00a0 \u00a0 \u00a0<\/p>\n<p>\u00a0\u00a0 \u00a0 \u00a0 \u00a0 \u00a0<\/p>\n<p>2. \u00a0 \u00a0 \u00a0 \u00a0 \u00a0En el asunto analizado se advierte que la delegada de la Fiscal\u00eda \u00a0 \u00a0 \u00a0 \u00a0 \u00a0no cumpli\u00f3 los \u00a0 \u00a0 \u00a0 \u00a0 \u00a0presupuestos del art\u00edculo 86 de la Ley 600 de 2000, por \u00a0 \u00a0 \u00a0 \u00a0 \u00a0cuanto formul\u00f3 su requerimiento directamente \u00a0 \u00a0 \u00a0 \u00a0 \u00a0ante esta Corporaci\u00f3n, de modo que ni el despacho que \u00a0 \u00a0 \u00a0 \u00a0 \u00a0eventualmente debe conocer del caso como tampoco el respectivo \u00a0 \u00a0 \u00a0 \u00a0 \u00a0Tribunal han tenido oportunidad de resolver el pedimento y \u00a0 \u00a0 \u00a0 \u00a0 \u00a0establecer si las amenazas a la administraci\u00f3n de justicia \u00a0 \u00a0 \u00a0 \u00a0 \u00a0que indica, de declararse comprobadas, pueden o no superarse dentro \u00a0 \u00a0 \u00a0 \u00a0 \u00a0del mismo Distrito Judicial. \u00a0 \u00a0 \u00a0 \u00a0 \u00a0<\/p>\n<p>Sumado a lo \u00a0 \u00a0 \u00a0 \u00a0 \u00a0anterior, no acompa\u00f1\u00f3 a la solicitud las pruebas \u00a0 \u00a0 \u00a0 \u00a0 \u00a0correspondientes en observancia a lo dispuesto en el art\u00edculo \u00a0 \u00a0 \u00a0 \u00a0 \u00a087 ib\u00eddem, \u00a0 \u00a0 \u00a0 \u00a0 \u00a0sino que se limit\u00f3 a hacer menci\u00f3n de las actuaciones \u00a0 \u00a0 \u00a0 \u00a0 \u00a0adelantadas en contra del procesado y a \u00a0ciertas circunstancias que \u00a0 \u00a0 \u00a0 \u00a0 \u00a0han rodeado otras investigaciones seguidas contra funcionarios \u00a0 \u00a0 \u00a0 \u00a0 \u00a0judiciales, en las que al parecer, tambi\u00e9n se encuentra \u00a0 \u00a0 \u00a0 \u00a0 \u00a0involucrado el aqu\u00ed acusado. \u00a0 \u00a0 \u00a0 \u00a0 \u00a0<\/p>\n<p>\u00a0\u00a0 \u00a0 \u00a0 \u00a0 \u00a0<\/p>\n<p>3. \u00a0 \u00a0 \u00a0 \u00a0 \u00a0En \u00a0 \u00a0 \u00a0 \u00a0 \u00a0ese estado las cosas, no queda alternativa distinta a la Sala que \u00a0 \u00a0 \u00a0 \u00a0 \u00a0abstenerse de resolver \u00a0 \u00a0 \u00a0 \u00a0 \u00a0la petici\u00f3n de cambio de radicaci\u00f3n a que se ha hecho \u00a0 \u00a0 \u00a0 \u00a0 \u00a0alusi\u00f3n por las razones precisadas. \u00a0 \u00a0 \u00a0 \u00a0 \u00a0<\/p>\n<p>\u00a0\u00a0 \u00a0 \u00a0 \u00a0 \u00a0<\/p>\n<p>En m\u00e9rito \u00a0 \u00a0 \u00a0 \u00a0 \u00a0de lo expuesto, la CORTE \u00a0 \u00a0 \u00a0 \u00a0 \u00a0SUPREMA DE JUSTICIA, \u00a0 \u00a0 \u00a0 \u00a0 \u00a0SALA \u00a0 \u00a0 \u00a0 \u00a0 \u00a0DE CASACI\u00d3N PENAL, \u00a0 \u00a0 \u00a0 \u00a0 \u00a0<\/p>\n<p>\u00a0\u00a0 \u00a0 \u00a0 \u00a0 \u00a0<\/p>\n<p>RESUELVE \u00a0 \u00a0 \u00a0 \u00a0 \u00a0<\/p>\n<p>\u00a0\u00a0 \u00a0 \u00a0 \u00a0 \u00a0<\/p>\n<p>ABSTENERSE de \u00a0 \u00a0 \u00a0 \u00a0 \u00a0resolver la petici\u00f3n de cambio de radicaci\u00f3n \u00a0 \u00a0 \u00a0 \u00a0 \u00a0presentada por la Fiscal\u00eda 18 de la Direcci\u00f3n \u00a0 \u00a0 \u00a0 \u00a0 \u00a0Especializada contra las Organizaciones Criminales, en relaci\u00f3n \u00a0 \u00a0 \u00a0 \u00a0 \u00a0con el proceso 70.280 o 004 adelantado a MARCOS DE JES\u00daS \u00a0 \u00a0 \u00a0 \u00a0 \u00a0FIGUEROA GARC\u00cdA. \u00a0 \u00a0 \u00a0 \u00a0 \u00a0<\/p>\n<p>\u00a0\u00a0 \u00a0 \u00a0 \u00a0 \u00a0<\/p>\n<p>Contra esta \u00a0 \u00a0 \u00a0 \u00a0 \u00a0providencia no procede recurso alguno. \u00a0 \u00a0 \u00a0 \u00a0 \u00a0<\/p>\n<p>\u00a0\u00a0 \u00a0 \u00a0 \u00a0 \u00a0<\/p>\n<p>Comun\u00edquese \u00a0 \u00a0 \u00a0 \u00a0 \u00a0y C\u00famplase. \u00a0 \u00a0 \u00a0 \u00a0 \u00a0<\/p>\n<p>\u00a0\u00a0 \u00a0 \u00a0 \u00a0 \u00a0<\/p>\n<p>\u00a0\u00a0 \u00a0 \u00a0 \u00a0 \u00a0<\/p>\n<p>\u00a0\u00a0 \u00a0 \u00a0 \u00a0 \u00a0<\/p>\n<p>EYDER PATI\u00d1O \u00a0 \u00a0 \u00a0 \u00a0 \u00a0CABRERA \u00a0 \u00a0 \u00a0 \u00a0 \u00a0<\/p>\n<p>\u00a0\u00a0 \u00a0 \u00a0 \u00a0 \u00a0<\/p>\n<p>\u00a0\u00a0 \u00a0 \u00a0 \u00a0 \u00a0<\/p>\n<p>\u00a0\u00a0 \u00a0 \u00a0 \u00a0 \u00a0<\/p>\n<p>\u00a0\u00a0 \u00a0 \u00a0 \u00a0 \u00a0<\/p>\n<p>\u00a0\u00a0 \u00a0 \u00a0 \u00a0 \u00a0<\/p>\n<p>JOS\u00c9 \u00a0 \u00a0 \u00a0 \u00a0 \u00a0FRANCISCO ACU\u00d1A VIZCAYA \u00a0 \u00a0 \u00a0 \u00a0 \u00a0<\/p>\n<p>\u00a0\u00a0 \u00a0 \u00a0 \u00a0 \u00a0<\/p>\n<p>\u00a0\u00a0 \u00a0 \u00a0 \u00a0 \u00a0<\/p>\n<p>\u00a0\u00a0 \u00a0 \u00a0 \u00a0 \u00a0<\/p>\n<p>\u00a0\u00a0 \u00a0 \u00a0 \u00a0 \u00a0<\/p>\n<p>\u00a0\u00a0 \u00a0 \u00a0 \u00a0 \u00a0<\/p>\n<p>EUGENIO \u00a0 \u00a0 \u00a0 \u00a0 \u00a0FERN\u00c1NDEZ CARLIER \u00a0 \u00a0 \u00a0 \u00a0 \u00a0<\/p>\n<p>\u00a0\u00a0 \u00a0 \u00a0 \u00a0 \u00a0<\/p>\n<p>\u00a0\u00a0 \u00a0 \u00a0 \u00a0 \u00a0<\/p>\n<p>\u00a0\u00a0 \u00a0 \u00a0 \u00a0 \u00a0<\/p>\n<p>\u00a0\u00a0 \u00a0 \u00a0 \u00a0 \u00a0<\/p>\n<p>\u00a0\u00a0 \u00a0 \u00a0 \u00a0 \u00a0<\/p>\n<p>LUIS ANTONIO \u00a0 \u00a0 \u00a0 \u00a0 \u00a0HERN\u00c1NDEZ BARBOSA \u00a0 \u00a0 \u00a0 \u00a0 \u00a0<\/p>\n<p>\u00a0\u00a0 \u00a0 \u00a0 \u00a0 \u00a0<\/p>\n<p>\u00a0\u00a0 \u00a0 \u00a0 \u00a0 \u00a0<\/p>\n<p>\u00a0\u00a0 \u00a0 \u00a0 \u00a0 \u00a0<\/p>\n<p>\u00a0\u00a0 \u00a0 \u00a0 \u00a0 \u00a0<\/p>\n<p>\u00a0\u00a0 \u00a0 \u00a0 \u00a0 \u00a0<\/p>\n<p>JAIME HUMBERTO \u00a0 \u00a0 \u00a0 \u00a0 \u00a0MORENO ACERO \u00a0 \u00a0 \u00a0 \u00a0 \u00a0<\/p>\n<p>\u00a0\u00a0 \u00a0 \u00a0 \u00a0 \u00a0<\/p>\n<p>\u00a0\u00a0 \u00a0 \u00a0 \u00a0 \u00a0<\/p>\n<p>\u00a0\u00a0 \u00a0 \u00a0 \u00a0 \u00a0<\/p>\n<p>\u00a0\u00a0 \u00a0 \u00a0 \u00a0 \u00a0<\/p>\n<p>\u00a0\u00a0 \u00a0 \u00a0 \u00a0 \u00a0<\/p>\n<p>PATRICIA \u00a0 \u00a0 \u00a0 \u00a0 \u00a0SALAZAR CU\u00c9LLAR \u00a0 \u00a0 \u00a0 \u00a0 \u00a0<\/p>\n<p>\u00a0\u00a0 \u00a0 \u00a0 \u00a0 \u00a0<\/p>\n<p>\u00a0\u00a0 \u00a0 \u00a0 \u00a0 \u00a0<\/p>\n<p>\u00a0\u00a0 \u00a0 \u00a0 \u00a0 \u00a0<\/p>\n<p>\u00a0\u00a0 \u00a0 \u00a0 \u00a0 \u00a0<\/p>\n<p>\u00a0\u00a0 \u00a0 \u00a0 \u00a0 \u00a0<\/p>\n<p>\u00a0\u00a0 \u00a0 \u00a0 \u00a0 \u00a0<\/p>\n<p>LUIS GUILLERMO \u00a0 \u00a0 \u00a0 \u00a0 \u00a0SALAZAR OTERO \u00a0 \u00a0 \u00a0 \u00a0 \u00a0<\/p>\n<p>\u00a0\u00a0 \u00a0 \u00a0 \u00a0 \u00a0<\/p>\n<p>\u00a0\u00a0 \u00a0 \u00a0 \u00a0 \u00a0<\/p>\n<p>\u00a0\u00a0 \u00a0 \u00a0 \u00a0 \u00a0<\/p>\n<p>\u00a0\u00a0 \u00a0 \u00a0 \u00a0 \u00a0<\/p>\n<p>\u00a0\u00a0 \u00a0 \u00a0 \u00a0 \u00a0<\/p>\n<p>NUBIA \u00a0 \u00a0 \u00a0 \u00a0 \u00a0YOLANDA NOVA GARC\u00cdA \u00a0 \u00a0 \u00a0 \u00a0 \u00a0<\/p>\n<p>Secretaria \u00a0<\/p>\n<p>1 \u00a0 \u00a0 \u00a0 \u00a0 \u00a0Folio \u00a0 \u00a0 \u00a0 \u00a0 \u00a039 solicitud presentada por la Fiscal\u00eda \u00a0<\/p>\n<p>5 \u00a0 \u00a0 \u00a0<\/p>\n<p><\/p>\n","protected":false},"excerpt":{"rendered":"<p>\u00a0 \u00a0 \u00a0 Cambio de \u00a0 \u00a0 \u00a0 \u00a0 \u00a0Radicaci\u00f3n: 56095 \u00a0 \u00a0 \u00a0 \u00a0 \u00a0 marcos \u00a0 \u00a0 \u00a0 \u00a0 \u00a0de jes\u00fas figueroa garc\u00eda \u00a0 \u00a0 Luis \u00a0 \u00a0 \u00a0 \u00a0 \u00a0Antonio Hern\u00e1ndez Barbosa \u00a0 \u00a0 \u00a0 \u00a0 \u00a0 Magistrado \u00a0 \u00a0 \u00a0 \u00a0 \u00a0Ponente \u00a0 \u00a0 \u00a0 \u00a0 \u00a0 \u00a0 \u00a0 \u00a0 \u00a0 [&hellip;]<\/p>\n","protected":false},"author":1,"featured_media":0,"comment_status":"open","ping_status":"open","sticky":false,"template":"","format":"standard","meta":{"footnotes":""},"categories":[28],"tags":[],"class_list":["post-42811","post","type-post","status-publish","format-standard","hentry","category-28"],"_links":{"self":[{"href":"https:\/\/dmsjuridica.com\/buscador_20179478954\/salapenalcronologico20230723\/wp-json\/wp\/v2\/posts\/42811","targetHints":{"allow":["GET"]}}],"collection":[{"href":"https:\/\/dmsjuridica.com\/buscador_20179478954\/salapenalcronologico20230723\/wp-json\/wp\/v2\/posts"}],"about":[{"href":"https:\/\/dmsjuridica.com\/buscador_20179478954\/salapenalcronologico20230723\/wp-json\/wp\/v2\/types\/post"}],"author":[{"embeddable":true,"href":"https:\/\/dmsjuridica.com\/buscador_20179478954\/salapenalcronologico20230723\/wp-json\/wp\/v2\/users\/1"}],"replies":[{"embeddable":true,"href":"https:\/\/dmsjuridica.com\/buscador_20179478954\/salapenalcronologico20230723\/wp-json\/wp\/v2\/comments?post=42811"}],"version-history":[{"count":0,"href":"https:\/\/dmsjuridica.com\/buscador_20179478954\/salapenalcronologico20230723\/wp-json\/wp\/v2\/posts\/42811\/revisions"}],"wp:attachment":[{"href":"https:\/\/dmsjuridica.com\/buscador_20179478954\/salapenalcronologico20230723\/wp-json\/wp\/v2\/media?parent=42811"}],"wp:term":[{"taxonomy":"category","embeddable":true,"href":"https:\/\/dmsjuridica.com\/buscador_20179478954\/salapenalcronologico20230723\/wp-json\/wp\/v2\/categories?post=42811"},{"taxonomy":"post_tag","embeddable":true,"href":"https:\/\/dmsjuridica.com\/buscador_20179478954\/salapenalcronologico20230723\/wp-json\/wp\/v2\/tags?post=42811"}],"curies":[{"name":"wp","href":"https:\/\/api.w.org\/{rel}","templated":true}]}}