{"id":42738,"date":"2023-09-14T21:46:00","date_gmt":"2023-09-14T21:46:00","guid":{"rendered":"https:\/\/dmsjuridica.com\/buscador_20179478954\/salapenalcronologico20230723\/2023\/09\/14\/ap3627-201955004\/"},"modified":"2023-09-14T21:46:00","modified_gmt":"2023-09-14T21:46:00","slug":"ap3627-201955004","status":"publish","type":"post","link":"https:\/\/dmsjuridica.com\/buscador_20179478954\/salapenalcronologico20230723\/2023\/09\/14\/ap3627-201955004\/","title":{"rendered":"AP3627-2019(55004)"},"content":{"rendered":"\n<p>\u00a0 \u00a0 \u00a0 \u00a0\u00a0<\/p>\n<p>LUIS \u00a0GUILLERMO SALAZAR OTERO \u00a0<\/p>\n<p>Magistrado \u00a0ponente \u00a0<\/p>\n<p>AP3627-2019 \u00a0<\/p>\n<p>Radicaci\u00f3n \u00a0n\u00b0 55004 \u00a0<\/p>\n<p>Acta \u00a0217 \u00a0<\/p>\n<p>Bogot\u00e1 \u00a0D.C., veintisiete (27) de agosto de dos mil diecinueve (2019). \u00a0<\/p>\n<p>ASUNTO: \u00a0<\/p>\n<p>Se \u00a0pronuncia la Sala sobre el desistimiento que del recurso de casaci\u00f3n \u00a0presenta el Procurador 7 Judicial II de Familia de Bogot\u00e1. \u00a0<\/p>\n<p>ANTECEDENTES \u00a0Y CONSIDERACIONES: \u00a0<\/p>\n<p>1. \u00a0Mediante sentencia del 4 de septiembre de 2018, el Juzgado Primero \u00a0Penal para Adolescentes del Circuito con Funci\u00f3n de \u00a0Conocimiento de Bogot\u00e1, declar\u00f3 penalmente responsable \u00a0a J.S.T.L. del delito de hurto calificado atenuado y le impuso \u00a0sanci\u00f3n de libertad asistida por el lapso de 6 meses. \u00a0<\/p>\n<p>2. \u00a0Interpuesto recurso de apelaci\u00f3n por el Procurador 7 Judicial \u00a0II de Familia, la Sala de decisi\u00f3n Penal para Adolescentes del \u00a0Tribunal Superior de Bogot\u00e1, en prove\u00eddo del 12 de \u00a0diciembre de 2018, confirm\u00f3 el fallo. Contra esta decisi\u00f3n, \u00a0el recurrente, interpuso y sustent\u00f3 recurso de casaci\u00f3n. \u00a0<\/p>\n<p>3. \u00a0Una vez el asunto en la Corte, el demandante manifest\u00f31 \u00a0desistir de la impugnaci\u00f3n extraordinaria. \u00a0<\/p>\n<p>4. \u00a0Por ser jur\u00eddicamente viable la Sala aceptar\u00e1 el \u00a0desistimiento del recurso de casaci\u00f3n presentado por Guillermo \u00a0Pardo Pi\u00f1eros, en su calidad de Procurador 7 Judicial II \u00a0Familia de Bogot\u00e1, toda vez que de conformidad con el art\u00edculo \u00a0199 del C\u00f3digo de Procedimiento Penal, \u201cPodr\u00e1 \u00a0desistirse del recurso de casaci\u00f3n y de la acci\u00f3n de \u00a0revisi\u00f3n antes de que la Sala las decida.\u201d \u00a0<\/p>\n<p>Por \u00a0lo expuesto, la Corte Suprema de Justicia, Sala de Casaci\u00f3n \u00a0Penal, \u00a0<\/p>\n<p>RESUELVE: \u00a0<\/p>\n<p>Aceptar \u00a0el desistimiento que del recurso de casaci\u00f3n present\u00f3 \u00a0el Procurador 7 Judicial II de Familia de Bogot\u00e1. \u00a0<\/p>\n<p>Contra \u00a0esta providencia no proceden recursos. \u00a0<\/p>\n<p>C\u00f3piese, \u00a0notif\u00edquese, c\u00famplase y devu\u00e9lvase al Tribunal \u00a0de origen, \u00a0<\/p>\n<p>EYDER \u00a0PATI\u00d1O CABRERA \u00a0<\/p>\n<p>JOS\u00c9 \u00a0FRANCISCO ACU\u00d1A VIZCAYA \u00a0<\/p>\n<p>EUGENIO \u00a0FERN\u00c1NDEZ CARLIER \u00a0<\/p>\n<p>LUIS \u00a0ANTONIO HERN\u00c1NDEZ BARBOSA \u00a0<\/p>\n<p>JAIME \u00a0HUMBERTO MORENO ACERO \u00a0<\/p>\n<p>PATRICIA \u00a0SALAZAR CU\u00c9LLAR \u00a0<\/p>\n<p>LUIS \u00a0GUILLERMO SALAZAR OTERO \u00a0<\/p>\n<p>Nubia \u00a0Yolanda Nova Garc\u00eda \u00a0<\/p>\n<p>Secretaria \u00a0<\/p>\n<p>1 \u00a0 \u00a0 \u00a0 \u00a0 \u00a0Memorial radicado el 9 de mayo de 2019 \u00a0<\/p>\n<p>3 \u00a0 \u00a0 \u00a0<\/p>\n<p><\/p>\n","protected":false},"excerpt":{"rendered":"<p>\u00a0 \u00a0 \u00a0 \u00a0\u00a0 LUIS \u00a0GUILLERMO SALAZAR OTERO \u00a0 Magistrado \u00a0ponente \u00a0 AP3627-2019 \u00a0 Radicaci\u00f3n \u00a0n\u00b0 55004 \u00a0 Acta \u00a0217 \u00a0 Bogot\u00e1 \u00a0D.C., veintisiete (27) de agosto de dos mil diecinueve (2019). \u00a0 ASUNTO: \u00a0 Se \u00a0pronuncia la Sala sobre el desistimiento que del recurso de casaci\u00f3n \u00a0presenta el Procurador 7 Judicial II de Familia [&hellip;]<\/p>\n","protected":false},"author":1,"featured_media":0,"comment_status":"open","ping_status":"open","sticky":false,"template":"","format":"standard","meta":{"footnotes":""},"categories":[28],"tags":[],"class_list":["post-42738","post","type-post","status-publish","format-standard","hentry","category-28"],"_links":{"self":[{"href":"https:\/\/dmsjuridica.com\/buscador_20179478954\/salapenalcronologico20230723\/wp-json\/wp\/v2\/posts\/42738","targetHints":{"allow":["GET"]}}],"collection":[{"href":"https:\/\/dmsjuridica.com\/buscador_20179478954\/salapenalcronologico20230723\/wp-json\/wp\/v2\/posts"}],"about":[{"href":"https:\/\/dmsjuridica.com\/buscador_20179478954\/salapenalcronologico20230723\/wp-json\/wp\/v2\/types\/post"}],"author":[{"embeddable":true,"href":"https:\/\/dmsjuridica.com\/buscador_20179478954\/salapenalcronologico20230723\/wp-json\/wp\/v2\/users\/1"}],"replies":[{"embeddable":true,"href":"https:\/\/dmsjuridica.com\/buscador_20179478954\/salapenalcronologico20230723\/wp-json\/wp\/v2\/comments?post=42738"}],"version-history":[{"count":0,"href":"https:\/\/dmsjuridica.com\/buscador_20179478954\/salapenalcronologico20230723\/wp-json\/wp\/v2\/posts\/42738\/revisions"}],"wp:attachment":[{"href":"https:\/\/dmsjuridica.com\/buscador_20179478954\/salapenalcronologico20230723\/wp-json\/wp\/v2\/media?parent=42738"}],"wp:term":[{"taxonomy":"category","embeddable":true,"href":"https:\/\/dmsjuridica.com\/buscador_20179478954\/salapenalcronologico20230723\/wp-json\/wp\/v2\/categories?post=42738"},{"taxonomy":"post_tag","embeddable":true,"href":"https:\/\/dmsjuridica.com\/buscador_20179478954\/salapenalcronologico20230723\/wp-json\/wp\/v2\/tags?post=42738"}],"curies":[{"name":"wp","href":"https:\/\/api.w.org\/{rel}","templated":true}]}}