{"id":42607,"date":"2023-09-14T21:45:54","date_gmt":"2023-09-14T21:45:54","guid":{"rendered":"https:\/\/dmsjuridica.com\/buscador_20179478954\/salapenalcronologico20230723\/2023\/09\/14\/ap3105-201954717\/"},"modified":"2023-09-14T21:45:54","modified_gmt":"2023-09-14T21:45:54","slug":"ap3105-201954717","status":"publish","type":"post","link":"https:\/\/dmsjuridica.com\/buscador_20179478954\/salapenalcronologico20230723\/2023\/09\/14\/ap3105-201954717\/","title":{"rendered":"AP3105-2019(54717)"},"content":{"rendered":"\n<p>\u00a0 \u00a0 \u00a0 \u00a0\u00a0<\/p>\n<p>LUIS ANTONIO \u00a0HERN\u00c1NDEZ BARBOSA \u00a0<\/p>\n<p>Magistrado \u00a0ponente \u00a0<\/p>\n<p>AP3105-2019 \u00a0<\/p>\n<p>Radicaci\u00f3n \u00a0n.\u00b0 54717 \u00a0<\/p>\n<p>Acta \u00a0191 \u00a0<\/p>\n<p>Bogot\u00e1, \u00a0D. C., dos (2) de agosto de dos mil diecinueve. \u00a0<\/p>\n<p>VISTOS: \u00a0<\/p>\n<p>Corresponde a esta Sala \u00a0integrada por Magistrados y Conjueces, pronunciarse sobre el \u00a0impedimento presentado por los Magistrados doctores Eugenio Fern\u00e1ndez \u00a0Carlier, Eyder Pati\u00f1o Cabrera, Patricia Salazar Cuellar y Luis \u00a0Guillermo Salazar Otero, para conocer de la acci\u00f3n de revisi\u00f3n \u00a0instaurada por el defensor de JUAN DE DIOS SOLANO SOLANO, contra la \u00a0sentencia de segundo grado proferida por la Corte el 18 de febrero de \u00a02015, confirmatoria en lo sustancial de la dictada el 18 de \u00a0septiembre de 2012 \u00a0por el Tribunal de Bucaramanga, por cuyo medio \u00a0conden\u00f3 al mencionado ciudadano como autor del delito de \u00a0prevaricato por acci\u00f3n. \u00a0<\/p>\n<p>EL \u00a0IMPEDIMENTO: \u00a0<\/p>\n<p>Los Magistrados mencionados en \u00a0precedencia aducen que en la fecha indicada suscribieron el fallo de \u00a0segunda instancia (Rad. 41034) por medio del cual se decidi\u00f3 \u00a0confirmar la sentencia de condena proferida contra SOLANO SOLANOPARDO \u00a0HERN\u00c1NDEZ, y en raz\u00f3n de ello, advierten la \u00a0actualizaci\u00f3n del supuesto establecido en la causal impeditiva \u00a0especial establecida en el art\u00edculo 197 de la Ley 906 de 2004. \u00a0<\/p>\n<p>CONSIDERACIONES DE LA CORTE: \u00a0<\/p>\n<p>Seg\u00fan el art\u00edculo \u00a0197 del estatuto \u00a0procesal de 2004, \u201cNo \u00a0podr\u00e1 intervenir en el tr\u00e1mite y decisi\u00f3n de \u00a0esta acci\u00f3n ning\u00fan magistrado que haya suscrito la \u00a0decisi\u00f3n objeto de la misma\u201d, \u00a0de manera que si los mencionados Magistrados suscribieron el fallo de \u00a0segundo grado contra el cual se dirige la acci\u00f3n, tal \u00a0circunstancia permite concluir que se encuentran dentro de la citada \u00a0causal impeditiva especial y, por tanto, es necesario aceptar la \u00a0declaraci\u00f3n conjunta presentada sobre el particular. \u00a0<\/p>\n<p>Por \u00a0lo anterior, la Sala integrada por Magistrados y Conjueces de la \u00a0Corte Suprema de Justicia, \u00a0<\/p>\n<p>RESUELVE: \u00a0<\/p>\n<p>ACEPTAR \u00a0los impedimentos \u00a0declarados conjuntamente por los Magistrados Eugenio \u00a0Fern\u00e1ndez Carlier, Eyder Pati\u00f1o Cabrera, Patricia \u00a0Salazar Cuellar y Luis Guillermo Salazar Otero. En consecuencia, \u00a0separarlos del conocimiento de este asunto. \u00a0<\/p>\n<p>COMUN\u00cdQUESE Y \u00a0C\u00daMPLASE. \u00a0<\/p>\n<p>LUIS ANTONIO \u00a0HERN\u00c1NDEZ BARBOSA \u00a0<\/p>\n<p>JOS\u00c9 \u00a0FRANCISCO ACU\u00d1A VIZCAYA \u00a0<\/p>\n<p>JAIME HUMBERTO \u00a0MORENO ACERO \u00a0<\/p>\n<p>JORGE ENRIQUE \u00a0C\u00d3RDOBA POVEDA \u00a0<\/p>\n<p>Conjuez \u00a0<\/p>\n<p>ALFONSO DAZA \u00a0GONZ\u00c1LEZ \u00a0<\/p>\n<p>Conjuez \u00a0<\/p>\n<p>GUILLERMO \u00a0ANGULO GONZ\u00c1LEZ \u00a0<\/p>\n<p>Conjuez \u00a0<\/p>\n<p>WILLIAM \u00a0FERNANDO TORRES TOPAGA \u00a0<\/p>\n<p>Conjuez \u00a0<\/p>\n<p>NUBIA YOLANDA NOVA GARC\u00cdA \u00a0<\/p>\n<p>Secretaria \u00a0<\/p>\n<p>\u00a0 \u00a0 \u00a0\u00a0<\/p>\n<p><\/p>\n","protected":false},"excerpt":{"rendered":"<p>\u00a0 \u00a0 \u00a0 \u00a0\u00a0 LUIS ANTONIO \u00a0HERN\u00c1NDEZ BARBOSA \u00a0 Magistrado \u00a0ponente \u00a0 AP3105-2019 \u00a0 Radicaci\u00f3n \u00a0n.\u00b0 54717 \u00a0 Acta \u00a0191 \u00a0 Bogot\u00e1, \u00a0D. C., dos (2) de agosto de dos mil diecinueve. \u00a0 VISTOS: \u00a0 Corresponde a esta Sala \u00a0integrada por Magistrados y Conjueces, pronunciarse sobre el \u00a0impedimento presentado por los Magistrados doctores Eugenio Fern\u00e1ndez [&hellip;]<\/p>\n","protected":false},"author":1,"featured_media":0,"comment_status":"open","ping_status":"open","sticky":false,"template":"","format":"standard","meta":{"footnotes":""},"categories":[28],"tags":[],"class_list":["post-42607","post","type-post","status-publish","format-standard","hentry","category-28"],"_links":{"self":[{"href":"https:\/\/dmsjuridica.com\/buscador_20179478954\/salapenalcronologico20230723\/wp-json\/wp\/v2\/posts\/42607","targetHints":{"allow":["GET"]}}],"collection":[{"href":"https:\/\/dmsjuridica.com\/buscador_20179478954\/salapenalcronologico20230723\/wp-json\/wp\/v2\/posts"}],"about":[{"href":"https:\/\/dmsjuridica.com\/buscador_20179478954\/salapenalcronologico20230723\/wp-json\/wp\/v2\/types\/post"}],"author":[{"embeddable":true,"href":"https:\/\/dmsjuridica.com\/buscador_20179478954\/salapenalcronologico20230723\/wp-json\/wp\/v2\/users\/1"}],"replies":[{"embeddable":true,"href":"https:\/\/dmsjuridica.com\/buscador_20179478954\/salapenalcronologico20230723\/wp-json\/wp\/v2\/comments?post=42607"}],"version-history":[{"count":0,"href":"https:\/\/dmsjuridica.com\/buscador_20179478954\/salapenalcronologico20230723\/wp-json\/wp\/v2\/posts\/42607\/revisions"}],"wp:attachment":[{"href":"https:\/\/dmsjuridica.com\/buscador_20179478954\/salapenalcronologico20230723\/wp-json\/wp\/v2\/media?parent=42607"}],"wp:term":[{"taxonomy":"category","embeddable":true,"href":"https:\/\/dmsjuridica.com\/buscador_20179478954\/salapenalcronologico20230723\/wp-json\/wp\/v2\/categories?post=42607"},{"taxonomy":"post_tag","embeddable":true,"href":"https:\/\/dmsjuridica.com\/buscador_20179478954\/salapenalcronologico20230723\/wp-json\/wp\/v2\/tags?post=42607"}],"curies":[{"name":"wp","href":"https:\/\/api.w.org\/{rel}","templated":true}]}}