{"id":42491,"date":"2023-09-14T21:44:02","date_gmt":"2023-09-14T21:44:02","guid":{"rendered":"https:\/\/dmsjuridica.com\/buscador_20179478954\/salapenalcronologico20230723\/2023\/09\/14\/ap2769-201954471\/"},"modified":"2023-09-14T21:44:02","modified_gmt":"2023-09-14T21:44:02","slug":"ap2769-201954471","status":"publish","type":"post","link":"https:\/\/dmsjuridica.com\/buscador_20179478954\/salapenalcronologico20230723\/2023\/09\/14\/ap2769-201954471\/","title":{"rendered":"AP2769-2019(54471)"},"content":{"rendered":"\n<p>\u00a0 \u00a0 \u00a0 \u00a0\u00a0<\/p>\n<p>LUIS \u00a0GUILLERMO SALAZAR OTERO \u00a0<\/p>\n<p>Magistrado \u00a0Ponente \u00a0<\/p>\n<p>AP2769-2019 \u00a0<\/p>\n<p>Radicado \u00a054471 \u00a0<\/p>\n<p>Acta \u00a0164 \u00a0<\/p>\n<p>Bogot\u00e1 \u00a0D. C., diez (10) de julio de dos mil diecinueve (2019). \u00a0<\/p>\n<p>ASUNTO \u00a0<\/p>\n<p>Resolver \u00a0acerca de la continuaci\u00f3n del tr\u00e1mite de extradici\u00f3n \u00a0del ciudadano Orlando Chimonja S\u00e1nchez. \u00a0<\/p>\n<p>ANTECEDENTES \u00a0<\/p>\n<p>1. \u00a0Mediante Nota Verbal No. 308 del 4 de octubre de 2018, dirigida al \u00a0Ministerio de Relaciones Exteriores, la Embajada de la Rep\u00fablica \u00a0Federativa del Brasil solicit\u00f3 la prisi\u00f3n preventiva \u00a0con fines de extradici\u00f3n del ciudadano colombiano Orlando \u00a0Chimonja S\u00e1nchez, requerido por la Justicia Federal de 1\u00b0, \u00a0Secci\u00f3n Judicial de Amazonas, Jurisdicci\u00f3n \u00danica \u00a0de la Subsecci\u00f3n Judicial de Tabatinga\/AM, por el delito de \u00a0tr\u00e1fico de drogas. \u00a0<\/p>\n<p>2. \u00a0En atenci\u00f3n a dicha solicitud, mediante resoluci\u00f3n del \u00a05 de octubre de 2018, el Fiscal General de la Naci\u00f3n decret\u00f3 \u00a0la captura con fines de extradici\u00f3n de Chimonja S\u00e1nchez, \u00a0con documento de identificaci\u00f3n CC 6.803.201, quien hab\u00eda \u00a0sido detenido con fundamento en Circular Roja de Interpol el 28 de \u00a0septiembre del mismo a\u00f1o. \u00a0<\/p>\n<p>3. \u00a0A trav\u00e9s de la Nota Verbal No. 327 del 22 de octubre de 2018, \u00a0la Embajada del Brasil formaliz\u00f3 el requerimiento de \u00a0extradici\u00f3n de Chimonja S\u00e1nchez, allegando la \u00a0documentaci\u00f3n, traducida y legalizada. \u00a0<\/p>\n<p>4. \u00a0Dicha documentaci\u00f3n fue trasladada por la Canciller\u00eda \u00a0al Ministerio de Justicia y del Derecho mediante oficio DIAJI No. \u00a02949 del 24 de octubre de 2018, con indicaci\u00f3n de que la \u00a0convenci\u00f3n vigente en la cual son partes la Rep\u00fablica \u00a0de Colombia y la Rep\u00fablica Federativa del Brasil es el Tratado \u00a0de Extradici\u00f3n suscrito entre la Rep\u00fablica Federativa \u00a0de Brasil y la Rep\u00fablica de Colombia el 28 de diciembre de \u00a01938. \u00a0<\/p>\n<p>5. \u00a0El Ministerio de Justicia y del Derecho remiti\u00f3 el expediente \u00a0a la Corte, en donde, una vez sometido a reparto, se formul\u00f3 \u00a0requerimiento al ciudadano para que designara defensor que lo \u00a0representara en el presente tr\u00e1mite, hecho lo cual se solicit\u00f3 \u00a0a su nombre de inmediato se proceda al tr\u00e1mite simplificado de \u00a0extradici\u00f3n, prop\u00f3sito para el cual se cumpli\u00f3 \u00a0diligencia de verificaci\u00f3n de garant\u00edas \u00a0constitucionales y legales ante el Ministerio P\u00fablico, quien \u00a0dio su pleno aval al mismo. \u00a0<\/p>\n<p>CONSIDERACIONES \u00a0<\/p>\n<p>1. \u00a0Estando en curso la actuaci\u00f3n simplificada dentro de este \u00a0tr\u00e1mite de extradici\u00f3n, a trav\u00e9s de oficio \u00a0MJD-OFI19-0018169-DAI-1100, la Direcci\u00f3n de Asuntos \u00a0Internacionales del Ministerio de Justicia y del Derecho, alleg\u00f3 \u00a0el Oficio S-DIAJI-19-031284 de la Direcci\u00f3n de Asuntos \u00a0Internacionales de la Canciller\u00eda Colombiana, remitiendo la \u00a0Nota Verbal No.184 del 21 de junio de 2019, mediante la cual el \u00a0Estado requirente, a trav\u00e9s de su Embajada, precisa: \u00a0<\/p>\n<p>\u201cLa \u00a0Embajada del Brasil saluda al Ministerio de\u00a0 \u00a0 \u00a0 \u00a0 \u00a0Relaciones Exteriores \u00a0\u2013Direcci\u00f3n de Asuntos\u00a0 \u00a0 \u00a0 \u00a0 \u00a0Internacionales- y, en respuesta \u00a0a la Nota recibida\u00a0 \u00a0 \u00a0 \u00a0 \u00a0DIAJI No.1356 del 31 de mayo de 2019, tiene a \u00a0bien\u00a0 \u00a0 \u00a0 \u00a0 \u00a0informar que no persiste el inter\u00e9s del Estado brasile\u00f1o \u00a0 \u00a0 \u00a0 \u00a0 \u00a0en la extradici\u00f3n del nacional colombiano OELANDO\u00a0 \u00a0 \u00a0 \u00a0 \u00a0CHIMONJA \u00a0S\u00c1NCHEZ, identificado con c\u00e9dula de\u00a0 \u00a0 \u00a0 \u00a0 \u00a0ciudadan\u00eda \u00a0No. 6.803.201\u201d \u00a0<\/p>\n<p>2. \u00a0As\u00ed mismo se alleg\u00f3 copia de la resoluci\u00f3n del \u00a021 de junio del a\u00f1o en curso, por la cual con base en la \u00a0referida Nota Diplom\u00e1tica, el Fiscal General de la Naci\u00f3n \u00a0(e.), atendiendo a que el Estado requirente \u201cdesiste \u00a0del pedido de extradici\u00f3n, pone t\u00e9rmino, en \u00a0consecuencia, al tr\u00e1mite que nos ocupa\u201d, \u00a0decidiendo en consecuencia y dado que no existen \u00f3rdenes de \u00a0captura en su contra, ordenar su libertad inmediata. \u00a0<\/p>\n<p>3. \u00a0Pues bien, como queda visto, no existiendo duda de \u00a0que el Gobierno del pa\u00eds reclamante ha desistido de la \u00a0solicitud promovida en contra de Chimonja S\u00e1nchez, a ello \u00a0deber\u00e1, correspondientemente, atenerse la Sala, toda vez que \u00a0la dejaci\u00f3n o dimisi\u00f3n del requerimiento por parte del \u00a0Estado solicitante, enerva dentro del procedimiento mixto adoptado \u00a0para la extradici\u00f3n en nuestro pa\u00eds, que la Corte agote \u00a0el tr\u00e1mite que le es propio y que en otras condiciones \u00a0culminar\u00eda con la rendici\u00f3n de concepto, pues la \u00a0voluntad del Estado requirente expresada en el acto de sustraer la \u00a0solicitud presentada, conduce ipso facto a que la Corte Suprema se \u00a0abstenga de proseguir cualquier actuaci\u00f3n tendiente a la \u00a0extradici\u00f3n del ciudadano colombiano Chimonja S\u00e1nchez. \u00a0<\/p>\n<p>Por \u00a0ende, al carecer de objeto este tr\u00e1mite, esta Corporaci\u00f3n \u00a0proceder\u00e1 al archivo de la actuaci\u00f3n, poniendo \u00a0consecuentemente fin a la misma. \u00a0<\/p>\n<p>4. \u00a0As\u00ed las cosas, por la Secretar\u00eda de la Sala comun\u00edquese \u00a0esta determinaci\u00f3n al ciudadano Orlando Chimonja S\u00e1nchez \u00a0y a su apoderado, al representante del Ministerio P\u00fablico, a \u00a0los Directores de Asuntos Internacionales de los Ministerios de \u00a0Justicia y del Derecho y de Relaciones Exteriores y al Fiscal General \u00a0de la Naci\u00f3n para lo de su cargo. \u00a0<\/p>\n<p>En \u00a0m\u00e9rito de lo expuesto, la Corte Suprema de Justicia, Sala de \u00a0Casaci\u00f3n Penal, \u00a0<\/p>\n<p>RESUELVE \u00a0<\/p>\n<p>1. \u00a0DECLARAR \u00a0la terminaci\u00f3n del tr\u00e1mite de extradici\u00f3n que se \u00a0adelanta en contra del ciudadano Orlando Chimonja S\u00e1nchez, \u00a0promovido y desistido por el Gobierno de la Rep\u00fablica \u00a0Federativa de Brasil. \u00a0<\/p>\n<p>2. \u00a0Remitir copia de esta decisi\u00f3n al ciudadano Chimonja S\u00e1nchez, \u00a0a su apoderado, al \u00a0representante del Ministerio P\u00fablico, a los Directores de \u00a0Asuntos Internacionales de los Ministerios de Justicia y del Derecho \u00a0y de Relaciones Exteriores y al Fiscal General de la Naci\u00f3n \u00a0para lo de su cargo. \u00a0<\/p>\n<p>3. \u00a0Archivar la presente actuaci\u00f3n. \u00a0<\/p>\n<p>Comun\u00edquese \u00a0y c\u00famplase. \u00a0<\/p>\n<p>EYDER \u00a0PATI\u00d1O CABRERA \u00a0<\/p>\n<p>JOS\u00c9 \u00a0FRANCISCO ACU\u00d1A VIZCAYA \u00a0<\/p>\n<p>EUGENIO \u00a0FERN\u00c1NDEZ CARLIER \u00a0<\/p>\n<p>LUIS \u00a0ANTONIO HERN\u00c1NDEZ BARBOSA \u00a0<\/p>\n<p>JAIME \u00a0HUMBERTO MORENO ACERO \u00a0<\/p>\n<p>PATRICIA \u00a0SALAZAR CUELLAR \u00a0<\/p>\n<p>LUIS \u00a0GUILLERMO SALAZAR OTERO \u00a0<\/p>\n<p>Nubia \u00a0Yolanda Nova Garc\u00eda \u00a0<\/p>\n<p>Secretaria \u00a0<\/p>\n<p>\u00a0 \u00a0 \u00a0\u00a0<\/p>\n<p><\/p>\n","protected":false},"excerpt":{"rendered":"<p>\u00a0 \u00a0 \u00a0 \u00a0\u00a0 LUIS \u00a0GUILLERMO SALAZAR OTERO \u00a0 Magistrado \u00a0Ponente \u00a0 AP2769-2019 \u00a0 Radicado \u00a054471 \u00a0 Acta \u00a0164 \u00a0 Bogot\u00e1 \u00a0D. C., diez (10) de julio de dos mil diecinueve (2019). \u00a0 ASUNTO \u00a0 Resolver \u00a0acerca de la continuaci\u00f3n del tr\u00e1mite de extradici\u00f3n \u00a0del ciudadano Orlando Chimonja S\u00e1nchez. \u00a0 ANTECEDENTES \u00a0 1. \u00a0Mediante Nota [&hellip;]<\/p>\n","protected":false},"author":1,"featured_media":0,"comment_status":"open","ping_status":"open","sticky":false,"template":"","format":"standard","meta":{"footnotes":""},"categories":[28],"tags":[],"class_list":["post-42491","post","type-post","status-publish","format-standard","hentry","category-28"],"_links":{"self":[{"href":"https:\/\/dmsjuridica.com\/buscador_20179478954\/salapenalcronologico20230723\/wp-json\/wp\/v2\/posts\/42491","targetHints":{"allow":["GET"]}}],"collection":[{"href":"https:\/\/dmsjuridica.com\/buscador_20179478954\/salapenalcronologico20230723\/wp-json\/wp\/v2\/posts"}],"about":[{"href":"https:\/\/dmsjuridica.com\/buscador_20179478954\/salapenalcronologico20230723\/wp-json\/wp\/v2\/types\/post"}],"author":[{"embeddable":true,"href":"https:\/\/dmsjuridica.com\/buscador_20179478954\/salapenalcronologico20230723\/wp-json\/wp\/v2\/users\/1"}],"replies":[{"embeddable":true,"href":"https:\/\/dmsjuridica.com\/buscador_20179478954\/salapenalcronologico20230723\/wp-json\/wp\/v2\/comments?post=42491"}],"version-history":[{"count":0,"href":"https:\/\/dmsjuridica.com\/buscador_20179478954\/salapenalcronologico20230723\/wp-json\/wp\/v2\/posts\/42491\/revisions"}],"wp:attachment":[{"href":"https:\/\/dmsjuridica.com\/buscador_20179478954\/salapenalcronologico20230723\/wp-json\/wp\/v2\/media?parent=42491"}],"wp:term":[{"taxonomy":"category","embeddable":true,"href":"https:\/\/dmsjuridica.com\/buscador_20179478954\/salapenalcronologico20230723\/wp-json\/wp\/v2\/categories?post=42491"},{"taxonomy":"post_tag","embeddable":true,"href":"https:\/\/dmsjuridica.com\/buscador_20179478954\/salapenalcronologico20230723\/wp-json\/wp\/v2\/tags?post=42491"}],"curies":[{"name":"wp","href":"https:\/\/api.w.org\/{rel}","templated":true}]}}