{"id":42464,"date":"2023-09-14T21:44:01","date_gmt":"2023-09-14T21:44:01","guid":{"rendered":"https:\/\/dmsjuridica.com\/buscador_20179478954\/salapenalcronologico20230723\/2023\/09\/14\/ap2641-201955612\/"},"modified":"2023-09-14T21:44:01","modified_gmt":"2023-09-14T21:44:01","slug":"ap2641-201955612","status":"publish","type":"post","link":"https:\/\/dmsjuridica.com\/buscador_20179478954\/salapenalcronologico20230723\/2023\/09\/14\/ap2641-201955612\/","title":{"rendered":"AP2641-2019(55612)"},"content":{"rendered":"\n<p>\u00a0 \u00a0 \u00a0 \u00a0\u00a0<\/p>\n<p>PATRICIA \u00a0SALAZAR CU\u00c9LLAR \u00a0<\/p>\n<p>MAGISTRADA \u00a0PONENTE \u00a0<\/p>\n<p>AP2641-2019 \u00a0<\/p>\n<p>Radicaci\u00f3n \u00a0n\u00b0. 55612 \u00a0<\/p>\n<p>Acta \u00a0160 \u00a0<\/p>\n<p>Bogot\u00e1, \u00a0D.C., tres (3) de julio de dos mil diecinueve (2019). \u00a0<\/p>\n<p>VISTOS \u00a0<\/p>\n<p>Define \u00a0la Sala de Casaci\u00f3n Penal de la Corte Suprema de Justicia, la \u00a0competencia para conocer del proceso penal que se adelanta contra \u00a0JUAN \u00a0DAVID CASTRILL\u00d3N CARDONA, JUAN CAMILO PALACIO HURTADO, LUIS \u00a0ARMANDO MURILLO MENA, JHON FABER HURTADO, DISNEY JOHANA C\u00d3RDOBA \u00a0QUINTO, C\u00c9SAR AUGUSTO C\u00d3RDOBA G\u00d3MEZ, MAR\u00cdA \u00a0HERMINIA LOB\u00d3N PALACIOS, YESENIA VALENCIA MOSQUERA, JEFFERSON \u00a0DAVID MONTENEGRO HERN\u00c1NDEZ, GILDARDO CAMPO VALENCIA, ENITH \u00a0JOHANA MENA ARGUMEDO, ANA LINDELIA GALLEGO CARO, ROBERT MURILLO \u00a0ROMA\u00d1A, V\u00cdCTOR MANUEL MESA CASTA\u00d1O, ADALBERTO \u00a0PEREIRA CHAVERRA, JUAN FERNANDO CASTRILL\u00d2N CADAVID, V\u00cdOCTOR \u00a0HUGO C\u00c1RDENAS GONZ\u00c1LEZ y JOS\u00c9 ANDR\u00c9S \u00a0\u00c1LVAREZ GALLEGO, \u00a0por \u00a0la presunta comisi\u00f3n de las conductas punibles de concierto \u00a0para delinquir agravado y tr\u00e1fico de migrantes. \u00a0<\/p>\n<p>HECHOS \u00a0<\/p>\n<p>De \u00a0acuerdo con el escrito de acusaci\u00f3n1, \u00a0luego de labores investigativas que iniciaron en el a\u00f1o 2017, \u00a0se pudo identificar la existencia de \u00abuna \u00a0organizaci\u00f3n criminal dedicada al tr\u00e1fico de migrantes \u00a0que hacen tr\u00e1nsito en Colombia y proceden de (\u2026) \u00a0\u00c1frica, Asia y Cuba, entre otros, organizaci\u00f3n que (\u2026) \u00a0estar\u00eda empleando la ruta por Acand\u00ed, Choc\u00f3 y de \u00a0all\u00ed hac\u00eda Panam\u00e1 y centro am\u00e9rica hasta \u00a0llegar a los Estados Unidos, (\u2026) previa traves\u00eda por el \u00a0territorio nacional desde las fronteras en Ipiales hac\u00eda Cali, \u00a0Medell\u00edn y Turbo, para posteriormente llegar a Panam\u00e1 \u00a0por el tap\u00f3n del Dari\u00e9n hasta llegar a Centro y Norte \u00a0Am\u00e9rica\u00bb. \u00a0<\/p>\n<p>Se \u00a0indic\u00f3 que dicha organizaci\u00f3n estaba conformada por \u00a0JUAN DAVID CASTRILL\u00d3N CARDONA, GILDARDO CAMPO VALENCIA, JUAN \u00a0FERNANDO CASTRILL\u00d3N CADAVID, V\u00cdCTOR HUGO C\u00c1RDENAS \u00a0GONZ\u00c1LEZ, GERM\u00c1N DAR\u00cdO VELASCO MU\u00d1OZ, \u00a0C\u00c9SAR AUGUSTO C\u00d3RDOBA G\u00d3MEZ, DISNEY JHOANA \u00a0C\u00d3RDOBA QUINTO, MAR\u00cdA HERENIA LOB\u00d3N PALACIOS, \u00a0ANA LINDELIA GALLEGO CARO, YESENIA VALENCIA MOSQUERA, ENITH JOHANA \u00a0MENA ARGUMEDO, JHON FABER HURTADO, ADALBERTO PEREIRA CHAVERRA, LUIS \u00a0ARMANDO MURILLO MENA, JUAN CAMILO PALACIO HURTADO JEFFERSON DAVID \u00a0MONTENEGRO HERN\u00c1NDEZ, JOS\u00c9 ANDR\u00c9S \u00c1LVAREZ \u00a0GALLEGO, V\u00cdCTOR MANUEL MEZA CASTA\u00d1O. ROBER MURILLO \u00a0ROMA\u00d1A. \u00a0<\/p>\n<p>Tambi\u00e9n \u00a0se indicaron los eventos relacionados con el tr\u00e1fico de \u00a0migrantes, as\u00ed: \u00a0<\/p>\n<p>\u00a0 \u00a0\u00a0 \u00a0 \u00a0 \u00a0 \u00a0 \u00a0 \u00a0 \u00a0 \u00a0 \u00a0 \u00a0 \u00a0 \u00a0 \u00a0 \u00a0 \u00a0 \u00a0 \u00a0 \u00a0 \u00a0 \u00a0 \u00a0 \u00a0 \u00a0 \u00a0<\/p>\n<p>Fecha \u00a0 \u00a0 \u00a0 \u00a0 \u00a0 \u00a0 \u00a0 \u00a0 \u00a0 \u00a0 \u00a0 \u00a0 \u00a0 \u00a0 \u00a0 \u00a0 \u00a0 \u00a0 \u00a0 \u00a0 \u00a0 \u00a0 \u00a0 \u00a0 \u00a0 \u00a0 \u00a0 \u00a0 \u00a0 \u00a0 \u00a0 \u00a0 \u00a0 \u00a0 \u00a0<\/p>\n<p>Lugar \u00a0 \u00a0 \u00a0 \u00a0 \u00a0 \u00a0 \u00a0 \u00a0 \u00a0 \u00a0 \u00a0 \u00a0 \u00a0de los hechos \u00a0 \u00a0 \u00a0 \u00a0 \u00a0 \u00a0 \u00a0 \u00a0 \u00a0 \u00a0 \u00a0 \u00a0 \u00a0 \u00a0 \u00a0 \u00a0 \u00a0 \u00a0 \u00a0 \u00a0 \u00a0 \u00a0 \u00a0 \u00a0 \u00a0 \u00a0 \u00a0 \u00a0 \u00a0 \u00a0 \u00a0 \u00a0 \u00a0 \u00a0 \u00a0<\/p>\n<p>V\u00edctimas \u00a0 \u00a0 \u00a0 \u00a0 \u00a0 \u00a0 \u00a0 \u00a0 \u00a0 \u00a0 \u00a0 \u00a0 \u00a0 \u00a0 \u00a0 \u00a0 \u00a0 \u00a0 \u00a0 \u00a0 \u00a0 \u00a0 \u00a0 \u00a0 \u00a0 \u00a0 \u00a0 \u00a0 \u00a0 \u00a0 \u00a0 \u00a0 \u00a0 \u00a0 \u00a0<\/p>\n<p>Atribuido \u00a0 \u00a0 \u00a0 \u00a0 \u00a0 \u00a0 \u00a0 \u00a0 \u00a0 \u00a0 \u00a0 \u00a0 \u00a0a: \u00a0 \u00a0 \u00a0 \u00a0 \u00a0<\/p>\n<p>6 \u00a0 \u00a0 \u00a0 \u00a0 \u00a0 \u00a0 \u00a0 \u00a0 \u00a0 \u00a0 \u00a0 \u00a0 \u00a0de marzo de 2018 \u00a0 \u00a0 \u00a0 \u00a0 \u00a0 \u00a0 \u00a0 \u00a0 \u00a0 \u00a0 \u00a0 \u00a0 \u00a0 \u00a0 \u00a0 \u00a0 \u00a0 \u00a0 \u00a0 \u00a0 \u00a0 \u00a0 \u00a0 \u00a0 \u00a0 \u00a0 \u00a0 \u00a0 \u00a0 \u00a0 \u00a0 \u00a0 \u00a0 \u00a0 \u00a0<\/p>\n<p>Corregimiento \u00a0 \u00a0 \u00a0 \u00a0 \u00a0 \u00a0 \u00a0 \u00a0 \u00a0 \u00a0 \u00a0 \u00a0 \u00a0de Capurgan\u00e1, municipio de Acand\u00ed- Choc\u00f3 \u00a0 \u00a0 \u00a0 \u00a0 \u00a0 \u00a0 \u00a0 \u00a0 \u00a0 \u00a0 \u00a0 \u00a0 \u00a0 \u00a0 \u00a0 \u00a0 \u00a0 \u00a0 \u00a0 \u00a0 \u00a0 \u00a0 \u00a0 \u00a0 \u00a0 \u00a0 \u00a0 \u00a0 \u00a0 \u00a0 \u00a0 \u00a0 \u00a0 \u00a0 \u00a0<\/p>\n<p>35 \u00a0 \u00a0 \u00a0 \u00a0 \u00a0 \u00a0 \u00a0 \u00a0 \u00a0 \u00a0 \u00a0 \u00a0 \u00a0migrantes de diferente nacionalidad que fueron deportados \u00a0 \u00a0 \u00a0 \u00a0 \u00a0 \u00a0 \u00a0 \u00a0 \u00a0 \u00a0 \u00a0 \u00a0 \u00a0 \u00a0 \u00a0 \u00a0 \u00a0 \u00a0 \u00a0 \u00a0 \u00a0 \u00a0 \u00a0 \u00a0 \u00a0 \u00a0 \u00a0 \u00a0 \u00a0 \u00a0 \u00a0 \u00a0 \u00a0 \u00a0 \u00a0<\/p>\n<p>Valencia \u00a0 \u00a0 \u00a0 \u00a0 \u00a0 \u00a0 \u00a0 \u00a0 \u00a0 \u00a0 \u00a0 \u00a0 \u00a0Mosquera, Murillo Mena, Lob\u00f3n Palacios, Hurtado, Montenegro \u00a0 \u00a0 \u00a0 \u00a0 \u00a0 \u00a0 \u00a0 \u00a0 \u00a0 \u00a0 \u00a0 \u00a0 \u00a0Hern\u00e1ndez, Meza Casta\u00f1o y Mena Argumedo. \u00a0 \u00a0 \u00a0 \u00a0 \u00a0<\/p>\n<p>9 \u00a0 \u00a0 \u00a0 \u00a0 \u00a0 \u00a0 \u00a0 \u00a0 \u00a0 \u00a0 \u00a0 \u00a0 \u00a0de abril de 2018 \u00a0 \u00a0 \u00a0 \u00a0 \u00a0 \u00a0 \u00a0 \u00a0 \u00a0 \u00a0 \u00a0 \u00a0 \u00a0 \u00a0 \u00a0 \u00a0 \u00a0 \u00a0 \u00a0 \u00a0 \u00a0 \u00a0 \u00a0 \u00a0 \u00a0 \u00a0 \u00a0 \u00a0 \u00a0 \u00a0 \u00a0 \u00a0 \u00a0 \u00a0 \u00a0<\/p>\n<p>Golfo \u00a0 \u00a0 \u00a0 \u00a0 \u00a0 \u00a0 \u00a0 \u00a0 \u00a0 \u00a0 \u00a0 \u00a0 \u00a0de Urab\u00e1- Sector Punta Yerbasal \u00a0 \u00a0 \u00a0 \u00a0 \u00a0 \u00a0 \u00a0 \u00a0 \u00a0 \u00a0 \u00a0 \u00a0 \u00a0 \u00a0 \u00a0 \u00a0 \u00a0 \u00a0 \u00a0 \u00a0 \u00a0 \u00a0 \u00a0 \u00a0 \u00a0 \u00a0 \u00a0 \u00a0 \u00a0 \u00a0 \u00a0 \u00a0 \u00a0 \u00a0 \u00a0<\/p>\n<p>19 \u00a0 \u00a0 \u00a0 \u00a0 \u00a0 \u00a0 \u00a0 \u00a0 \u00a0 \u00a0 \u00a0 \u00a0 \u00a0migrantes de diferentes nacionalidades que fueron deportados \u00a0 \u00a0 \u00a0 \u00a0 \u00a0 \u00a0 \u00a0 \u00a0 \u00a0 \u00a0 \u00a0 \u00a0 \u00a0 \u00a0 \u00a0 \u00a0 \u00a0 \u00a0 \u00a0 \u00a0 \u00a0 \u00a0 \u00a0 \u00a0 \u00a0 \u00a0 \u00a0 \u00a0 \u00a0 \u00a0 \u00a0 \u00a0 \u00a0 \u00a0 \u00a0<\/p>\n<p>Yesenia \u00a0 \u00a0 \u00a0 \u00a0 \u00a0 \u00a0 \u00a0 \u00a0 \u00a0 \u00a0 \u00a0 \u00a0 \u00a0Valencia Mosquera y Rober Murillo Roma\u00f1a. \u00a0 \u00a0 \u00a0 \u00a0 \u00a0<\/p>\n<p>26 \u00a0 \u00a0 \u00a0 \u00a0 \u00a0 \u00a0 \u00a0 \u00a0 \u00a0 \u00a0 \u00a0 \u00a0 \u00a0de febrero de 2016 \u00a0 \u00a0 \u00a0 \u00a0 \u00a0 \u00a0 \u00a0 \u00a0 \u00a0 \u00a0 \u00a0 \u00a0 \u00a0 \u00a0 \u00a0 \u00a0 \u00a0 \u00a0 \u00a0 \u00a0 \u00a0 \u00a0 \u00a0 \u00a0 \u00a0 \u00a0 \u00a0 \u00a0 \u00a0 \u00a0 \u00a0 \u00a0 \u00a0 \u00a0 \u00a0<\/p>\n<p>Golfo \u00a0 \u00a0 \u00a0 \u00a0 \u00a0 \u00a0 \u00a0 \u00a0 \u00a0 \u00a0 \u00a0 \u00a0 \u00a0de Urab\u00e1 \u2013 Turbo (Antioquia) \u00a0 \u00a0 \u00a0 \u00a0 \u00a0 \u00a0 \u00a0 \u00a0 \u00a0 \u00a0 \u00a0 \u00a0 \u00a0 \u00a0 \u00a0 \u00a0 \u00a0 \u00a0 \u00a0 \u00a0 \u00a0 \u00a0 \u00a0 \u00a0 \u00a0 \u00a0 \u00a0 \u00a0 \u00a0 \u00a0 \u00a0 \u00a0 \u00a0 \u00a0 \u00a0<\/p>\n<p>35 \u00a0 \u00a0 \u00a0 \u00a0 \u00a0 \u00a0 \u00a0 \u00a0 \u00a0 \u00a0 \u00a0 \u00a0 \u00a0migrantes de diferente nacionalidad que fueron deportados \u00a0 \u00a0 \u00a0 \u00a0 \u00a0 \u00a0 \u00a0 \u00a0 \u00a0 \u00a0 \u00a0 \u00a0 \u00a0 \u00a0 \u00a0 \u00a0 \u00a0 \u00a0 \u00a0 \u00a0 \u00a0 \u00a0 \u00a0 \u00a0 \u00a0 \u00a0 \u00a0 \u00a0 \u00a0 \u00a0 \u00a0 \u00a0 \u00a0 \u00a0 \u00a0<\/p>\n<p>Juan \u00a0 \u00a0 \u00a0 \u00a0 \u00a0 \u00a0 \u00a0 \u00a0 \u00a0 \u00a0 \u00a0 \u00a0 \u00a0Camilo Palacio Hurtado y Jhon Faber Hurtado. \u00a0 \u00a0 \u00a0 \u00a0 \u00a0<\/p>\n<p>30 \u00a0 \u00a0 \u00a0 \u00a0 \u00a0 \u00a0 \u00a0 \u00a0 \u00a0 \u00a0 \u00a0 \u00a0 \u00a0de abril y 1\u00b0 de mayo de 2018 \u00a0 \u00a0 \u00a0 \u00a0 \u00a0 \u00a0 \u00a0 \u00a0 \u00a0 \u00a0 \u00a0 \u00a0 \u00a0 \u00a0 \u00a0 \u00a0 \u00a0 \u00a0 \u00a0 \u00a0 \u00a0 \u00a0 \u00a0 \u00a0 \u00a0 \u00a0 \u00a0 \u00a0 \u00a0 \u00a0 \u00a0 \u00a0 \u00a0 \u00a0 \u00a0<\/p>\n<p>Barrio \u00a0 \u00a0 \u00a0 \u00a0 \u00a0 \u00a0 \u00a0 \u00a0 \u00a0 \u00a0 \u00a0 \u00a0 \u00a0Bolo Alto \u2013 Itag\u00fc\u00ed \u00a0 \u00a0 \u00a0 \u00a0 \u00a0 \u00a0 \u00a0 \u00a0 \u00a0 \u00a0 \u00a0 \u00a0 \u00a0 \u00a0 \u00a0 \u00a0 \u00a0 \u00a0 \u00a0 \u00a0 \u00a0 \u00a0 \u00a0 \u00a0 \u00a0 \u00a0 \u00a0 \u00a0 \u00a0 \u00a0 \u00a0 \u00a0 \u00a0 \u00a0 \u00a0<\/p>\n<p>6 \u00a0 \u00a0 \u00a0 \u00a0 \u00a0 \u00a0 \u00a0 \u00a0 \u00a0 \u00a0 \u00a0 \u00a0 \u00a0ciudadanos Cubanos \u00a0 \u00a0 \u00a0 \u00a0 \u00a0 \u00a0 \u00a0 \u00a0 \u00a0 \u00a0 \u00a0 \u00a0 \u00a0 \u00a0 \u00a0 \u00a0 \u00a0 \u00a0 \u00a0 \u00a0 \u00a0 \u00a0 \u00a0 \u00a0 \u00a0 \u00a0 \u00a0 \u00a0 \u00a0 \u00a0 \u00a0 \u00a0 \u00a0 \u00a0 \u00a0<\/p>\n<p>Jos\u00e9 \u00a0 \u00a0 \u00a0 \u00a0 \u00a0 \u00a0 \u00a0 \u00a0 \u00a0 \u00a0 \u00a0 \u00a0 \u00a0Andr\u00e9s \u00c1lvarez Gallego, Ana Lindelia Gallego Caro y \u00a0 \u00a0 \u00a0 \u00a0 \u00a0 \u00a0 \u00a0 \u00a0 \u00a0 \u00a0 \u00a0 \u00a0 \u00a0V\u00edctor Manuel Marulanda Segura. \u00a0 \u00a0 \u00a0 \u00a0 \u00a0<\/p>\n<p>16 \u00a0 \u00a0 \u00a0 \u00a0 \u00a0 \u00a0 \u00a0 \u00a0 \u00a0 \u00a0 \u00a0 \u00a0 \u00a0de diciembre de 2017 \u00a0 \u00a0 \u00a0 \u00a0 \u00a0 \u00a0 \u00a0 \u00a0 \u00a0 \u00a0 \u00a0 \u00a0 \u00a0 \u00a0 \u00a0 \u00a0 \u00a0 \u00a0 \u00a0 \u00a0 \u00a0 \u00a0 \u00a0 \u00a0 \u00a0 \u00a0 \u00a0 \u00a0 \u00a0 \u00a0 \u00a0 \u00a0 \u00a0 \u00a0 \u00a0<\/p>\n<p>Capurgan\u00e1. \u00a0 \u00a0 \u00a0 \u00a0 \u00a0 \u00a0 \u00a0 \u00a0 \u00a0 \u00a0 \u00a0 \u00a0 \u00a0Salida de migrantes \u00a0 \u00a0 \u00a0 \u00a0 \u00a0 \u00a0 \u00a0 \u00a0 \u00a0 \u00a0 \u00a0 \u00a0 \u00a0 \u00a0 \u00a0 \u00a0 \u00a0 \u00a0 \u00a0 \u00a0 \u00a0 \u00a0 \u00a0 \u00a0 \u00a0 \u00a0 \u00a0 \u00a0 \u00a0 \u00a0 \u00a0 \u00a0 \u00a0 \u00a0 \u00a0<\/p>\n<p>Migrantes \u00a0 \u00a0 \u00a0 \u00a0 \u00a0 \u00a0 \u00a0 \u00a0 \u00a0 \u00a0 \u00a0 \u00a0 \u00a0extranjeros \u00a0 \u00a0 \u00a0 \u00a0 \u00a0 \u00a0 \u00a0 \u00a0 \u00a0 \u00a0 \u00a0 \u00a0 \u00a0 \u00a0 \u00a0 \u00a0 \u00a0 \u00a0 \u00a0 \u00a0 \u00a0 \u00a0 \u00a0 \u00a0 \u00a0 \u00a0 \u00a0 \u00a0 \u00a0 \u00a0 \u00a0 \u00a0 \u00a0 \u00a0 \u00a0<\/p>\n<p>Luis \u00a0 \u00a0 \u00a0 \u00a0 \u00a0 \u00a0 \u00a0 \u00a0 \u00a0 \u00a0 \u00a0 \u00a0 \u00a0Armando Murillo Mena, Disney Jhoana C\u00f3rdoba Quinto \u00a0 \u00a0 \u00a0 \u00a0 \u00a0 \u00a0 \u00a0 \u00a0 \u00a0 \u00a0 \u00a0 \u00a0 \u00a0y Rubi Mar\u00eda C\u00e9spedes \u00a0 \u00a0 \u00a0 \u00a0 \u00a0<\/p>\n<p>18 \u00a0 \u00a0 \u00a0 \u00a0 \u00a0 \u00a0 \u00a0 \u00a0 \u00a0 \u00a0 \u00a0 \u00a0 \u00a0de diciembre de 2018 \u00a0 \u00a0 \u00a0 \u00a0 \u00a0 \u00a0 \u00a0 \u00a0 \u00a0 \u00a0 \u00a0 \u00a0 \u00a0 \u00a0 \u00a0 \u00a0 \u00a0 \u00a0 \u00a0 \u00a0 \u00a0 \u00a0 \u00a0 \u00a0 \u00a0 \u00a0 \u00a0 \u00a0 \u00a0 \u00a0 \u00a0 \u00a0 \u00a0 \u00a0 \u00a0<\/p>\n<p>Hotel \u00a0 \u00a0 \u00a0 \u00a0 \u00a0 \u00a0 \u00a0 \u00a0 \u00a0 \u00a0 \u00a0 \u00a0 \u00a0Costa Az\u00fal \u00a0 \u00a0 \u00a0 \u00a0 \u00a0 \u00a0 \u00a0 \u00a0 \u00a0 \u00a0 \u00a0 \u00a0 \u00a0 \u00a0 \u00a0 \u00a0 \u00a0 \u00a0 \u00a0 \u00a0 \u00a0 \u00a0 \u00a0 \u00a0 \u00a0 \u00a0 \u00a0 \u00a0 \u00a0 \u00a0 \u00a0 \u00a0 \u00a0 \u00a0 \u00a0<\/p>\n<p>6 \u00a0 \u00a0 \u00a0 \u00a0 \u00a0 \u00a0 \u00a0 \u00a0 \u00a0 \u00a0 \u00a0 \u00a0 \u00a0migrantes extranjeros \u00a0 \u00a0 \u00a0 \u00a0 \u00a0 \u00a0 \u00a0 \u00a0 \u00a0 \u00a0 \u00a0 \u00a0 \u00a0 \u00a0 \u00a0 \u00a0 \u00a0 \u00a0 \u00a0 \u00a0 \u00a0 \u00a0 \u00a0 \u00a0 \u00a0 \u00a0 \u00a0 \u00a0 \u00a0 \u00a0 \u00a0 \u00a0 \u00a0 \u00a0 \u00a0<\/p>\n<p>Luis \u00a0 \u00a0 \u00a0 \u00a0 \u00a0 \u00a0 \u00a0 \u00a0 \u00a0 \u00a0 \u00a0 \u00a0 \u00a0Armando Murillo Mena, Disney JHoana C\u00f3rdoba Quinto y Ruby \u00a0 \u00a0 \u00a0 \u00a0 \u00a0 \u00a0 \u00a0 \u00a0 \u00a0 \u00a0 \u00a0 \u00a0 \u00a0Mar\u00eda C\u00e9spedes. \u00a0 \u00a0 \u00a0 \u00a0 \u00a0<\/p>\n<p>17 \u00a0 \u00a0 \u00a0 \u00a0 \u00a0 \u00a0 \u00a0 \u00a0 \u00a0 \u00a0 \u00a0 \u00a0 \u00a0de febrero de 2018 \u00a0 \u00a0 \u00a0 \u00a0 \u00a0 \u00a0 \u00a0 \u00a0 \u00a0 \u00a0 \u00a0 \u00a0 \u00a0 \u00a0 \u00a0 \u00a0 \u00a0 \u00a0 \u00a0 \u00a0 \u00a0 \u00a0 \u00a0 \u00a0 \u00a0 \u00a0 \u00a0 \u00a0 \u00a0 \u00a0 \u00a0 \u00a0 \u00a0 \u00a0 \u00a0<\/p>\n<p>Capurgan\u00e1 \u00a0 \u00a0 \u00a0 \u00a0 \u00a0 \u00a0 \u00a0 \u00a0 \u00a0 \u00a0 \u00a0 \u00a0 \u00a0 \u00a0 \u00a0 \u00a0 \u00a0 \u00a0 \u00a0 \u00a0 \u00a0 \u00a0 \u00a0 \u00a0 \u00a0 \u00a0 \u00a0 \u00a0 \u00a0 \u00a0 \u00a0 \u00a0 \u00a0 \u00a0 \u00a0<\/p>\n<p>90 \u00a0 \u00a0 \u00a0 \u00a0 \u00a0 \u00a0 \u00a0 \u00a0 \u00a0 \u00a0 \u00a0 \u00a0 \u00a0migrantes extranjeros \u00a0 \u00a0 \u00a0 \u00a0 \u00a0 \u00a0 \u00a0 \u00a0 \u00a0 \u00a0 \u00a0 \u00a0 \u00a0 \u00a0 \u00a0 \u00a0 \u00a0 \u00a0 \u00a0 \u00a0 \u00a0 \u00a0 \u00a0 \u00a0 \u00a0 \u00a0 \u00a0 \u00a0 \u00a0 \u00a0 \u00a0 \u00a0 \u00a0 \u00a0 \u00a0<\/p>\n<p>Adalberto \u00a0 \u00a0 \u00a0 \u00a0 \u00a0 \u00a0 \u00a0 \u00a0 \u00a0 \u00a0 \u00a0 \u00a0 \u00a0Pereira Chaverra y Juan Camilo Palacio Hurtado. \u00a0 \u00a0 \u00a0 \u00a0 \u00a0<\/p>\n<p>11 \u00a0 \u00a0 \u00a0 \u00a0 \u00a0 \u00a0 \u00a0 \u00a0 \u00a0 \u00a0 \u00a0 \u00a0 \u00a0de abril de 2018 \u00a0 \u00a0 \u00a0 \u00a0 \u00a0 \u00a0 \u00a0 \u00a0 \u00a0 \u00a0 \u00a0 \u00a0 \u00a0 \u00a0 \u00a0 \u00a0 \u00a0 \u00a0 \u00a0 \u00a0 \u00a0 \u00a0 \u00a0 \u00a0 \u00a0 \u00a0 \u00a0 \u00a0 \u00a0 \u00a0 \u00a0 \u00a0 \u00a0 \u00a0 \u00a0<\/p>\n<p>Cali, \u00a0 \u00a0 \u00a0 \u00a0 \u00a0 \u00a0 \u00a0 \u00a0 \u00a0 \u00a0 \u00a0 \u00a0 \u00a0Medell\u00edn y Turbo \u00a0 \u00a0 \u00a0 \u00a0 \u00a0 \u00a0 \u00a0 \u00a0 \u00a0 \u00a0 \u00a0 \u00a0 \u00a0 \u00a0 \u00a0 \u00a0 \u00a0 \u00a0 \u00a0 \u00a0 \u00a0 \u00a0 \u00a0 \u00a0 \u00a0 \u00a0 \u00a0 \u00a0 \u00a0 \u00a0 \u00a0 \u00a0 \u00a0 \u00a0 \u00a0<\/p>\n<p>3 \u00a0 \u00a0 \u00a0 \u00a0 \u00a0 \u00a0 \u00a0 \u00a0 \u00a0 \u00a0 \u00a0 \u00a0 \u00a0migrantes \u00a0 \u00a0 \u00a0 \u00a0 \u00a0 \u00a0 \u00a0 \u00a0 \u00a0 \u00a0 \u00a0 \u00a0 \u00a0 \u00a0 \u00a0 \u00a0 \u00a0 \u00a0 \u00a0 \u00a0 \u00a0 \u00a0 \u00a0 \u00a0 \u00a0 \u00a0 \u00a0 \u00a0 \u00a0 \u00a0 \u00a0 \u00a0 \u00a0 \u00a0 \u00a0<\/p>\n<p>V\u00edctor \u00a0 \u00a0 \u00a0 \u00a0 \u00a0 \u00a0 \u00a0 \u00a0 \u00a0 \u00a0 \u00a0 \u00a0 \u00a0Hugo C\u00e1rdenas Gonz\u00e1lez, Luis Armando Murillo Mena, \u00a0 \u00a0 \u00a0 \u00a0 \u00a0 \u00a0 \u00a0 \u00a0 \u00a0 \u00a0 \u00a0 \u00a0 \u00a0Germ\u00e1n Dar\u00edo Velasco Mu\u00f1oz, Juan Fernando \u00a0 \u00a0 \u00a0 \u00a0 \u00a0 \u00a0 \u00a0 \u00a0 \u00a0 \u00a0 \u00a0 \u00a0 \u00a0Castrill\u00f3n Cadavid y Juan David Castrill\u00f3n Cardona. \u00a0 \u00a0 \u00a0 \u00a0 \u00a0<\/p>\n<p>26 \u00a0 \u00a0 \u00a0 \u00a0 \u00a0 \u00a0 \u00a0 \u00a0 \u00a0 \u00a0 \u00a0 \u00a0 \u00a0de junio de 2018 \u00a0 \u00a0 \u00a0 \u00a0 \u00a0 \u00a0 \u00a0 \u00a0 \u00a0 \u00a0 \u00a0 \u00a0 \u00a0 \u00a0 \u00a0 \u00a0 \u00a0 \u00a0 \u00a0 \u00a0 \u00a0 \u00a0 \u00a0 \u00a0 \u00a0 \u00a0 \u00a0 \u00a0 \u00a0 \u00a0 \u00a0 \u00a0 \u00a0 \u00a0 \u00a0<\/p>\n<p>Medell\u00edn \u00a0 \u00a0 \u00a0 \u00a0 \u00a0 \u00a0 \u00a0 \u00a0 \u00a0 \u00a0 \u00a0 \u00a0 \u00a0 \u00a0 \u00a0 \u00a0 \u00a0 \u00a0 \u00a0 \u00a0 \u00a0 \u00a0 \u00a0 \u00a0 \u00a0 \u00a0 \u00a0 \u00a0 \u00a0 \u00a0 \u00a0 \u00a0 \u00a0 \u00a0 \u00a0<\/p>\n<p>4 \u00a0 \u00a0 \u00a0 \u00a0 \u00a0 \u00a0 \u00a0 \u00a0 \u00a0 \u00a0 \u00a0 \u00a0 \u00a0migrantes \u00a0 \u00a0 \u00a0 \u00a0 \u00a0 \u00a0 \u00a0 \u00a0 \u00a0 \u00a0 \u00a0 \u00a0 \u00a0 \u00a0 \u00a0 \u00a0 \u00a0 \u00a0 \u00a0 \u00a0 \u00a0 \u00a0 \u00a0 \u00a0 \u00a0 \u00a0 \u00a0 \u00a0 \u00a0 \u00a0 \u00a0 \u00a0 \u00a0 \u00a0 \u00a0<\/p>\n<p>Juan \u00a0 \u00a0 \u00a0 \u00a0 \u00a0 \u00a0 \u00a0 \u00a0 \u00a0 \u00a0 \u00a0 \u00a0 \u00a0Fernando Castrill\u00f3n Cadavid, Gildardo Campo Valencia, Juan \u00a0 \u00a0 \u00a0 \u00a0 \u00a0 \u00a0 \u00a0 \u00a0 \u00a0 \u00a0 \u00a0 \u00a0 \u00a0David Castrill\u00f3n Cardona y V\u00edctor Hugo C\u00e1rdenas \u00a0 \u00a0 \u00a0 \u00a0 \u00a0 \u00a0 \u00a0 \u00a0 \u00a0 \u00a0 \u00a0 \u00a0 \u00a0Gonz\u00e1lez. \u00a0 \u00a0 \u00a0 \u00a0 \u00a0<\/p>\n<p>7 \u00a0 \u00a0 \u00a0 \u00a0 \u00a0 \u00a0 \u00a0 \u00a0 \u00a0 \u00a0 \u00a0 \u00a0 \u00a0de marzo de 2018 \u00a0 \u00a0 \u00a0 \u00a0 \u00a0 \u00a0 \u00a0 \u00a0 \u00a0 \u00a0 \u00a0 \u00a0 \u00a0 \u00a0 \u00a0 \u00a0 \u00a0 \u00a0 \u00a0 \u00a0 \u00a0 \u00a0 \u00a0 \u00a0 \u00a0 \u00a0 \u00a0 \u00a0 \u00a0 \u00a0 \u00a0 \u00a0 \u00a0 \u00a0 \u00a0<\/p>\n<p>Turbo \u00a0 \u00a0 \u00a0 \u00a0 \u00a0 \u00a0 \u00a0 \u00a0 \u00a0 \u00a0 \u00a0 \u00a0 \u00a0-Antioquia \u00a0 \u00a0 \u00a0 \u00a0 \u00a0 \u00a0 \u00a0 \u00a0 \u00a0 \u00a0 \u00a0 \u00a0 \u00a0 \u00a0 \u00a0 \u00a0 \u00a0 \u00a0 \u00a0 \u00a0 \u00a0 \u00a0 \u00a0 \u00a0 \u00a0 \u00a0 \u00a0 \u00a0 \u00a0 \u00a0 \u00a0 \u00a0 \u00a0 \u00a0 \u00a0<\/p>\n<p>4 \u00a0 \u00a0 \u00a0 \u00a0 \u00a0 \u00a0 \u00a0 \u00a0 \u00a0 \u00a0 \u00a0 \u00a0 \u00a0migrantes \u00a0 \u00a0 \u00a0 \u00a0 \u00a0 \u00a0 \u00a0 \u00a0 \u00a0 \u00a0 \u00a0 \u00a0 \u00a0 \u00a0 \u00a0 \u00a0 \u00a0 \u00a0 \u00a0 \u00a0 \u00a0 \u00a0 \u00a0 \u00a0 \u00a0 \u00a0 \u00a0 \u00a0 \u00a0 \u00a0 \u00a0 \u00a0 \u00a0 \u00a0 \u00a0<\/p>\n<p>Jefferson \u00a0 \u00a0 \u00a0 \u00a0 \u00a0 \u00a0 \u00a0 \u00a0 \u00a0 \u00a0 \u00a0 \u00a0 \u00a0David Montenegro Hern\u00e1ndez y Juan Camilo Palacio Hurtado. \u00a0 \u00a0 \u00a0 \u00a0 \u00a0<\/p>\n<p>9 \u00a0 \u00a0 \u00a0 \u00a0 \u00a0 \u00a0 \u00a0 \u00a0 \u00a0 \u00a0 \u00a0 \u00a0 \u00a0de marzo de 2018 \u00a0 \u00a0 \u00a0 \u00a0 \u00a0 \u00a0 \u00a0 \u00a0 \u00a0 \u00a0 \u00a0 \u00a0 \u00a0 \u00a0 \u00a0 \u00a0 \u00a0 \u00a0 \u00a0 \u00a0 \u00a0 \u00a0 \u00a0 \u00a0 \u00a0 \u00a0 \u00a0 \u00a0 \u00a0 \u00a0 \u00a0 \u00a0 \u00a0 \u00a0 \u00a0<\/p>\n<p>Turbo \u00a0 \u00a0 \u00a0 \u00a0 \u00a0 \u00a0 \u00a0 \u00a0 \u00a0 \u00a0 \u00a0 \u00a0 \u00a0&#8211; Antioquia \u00a0 \u00a0 \u00a0 \u00a0 \u00a0 \u00a0 \u00a0 \u00a0 \u00a0 \u00a0 \u00a0 \u00a0 \u00a0 \u00a0 \u00a0 \u00a0 \u00a0 \u00a0 \u00a0 \u00a0 \u00a0 \u00a0 \u00a0 \u00a0 \u00a0 \u00a0 \u00a0 \u00a0 \u00a0 \u00a0 \u00a0 \u00a0 \u00a0 \u00a0 \u00a0<\/p>\n<p>3 \u00a0 \u00a0 \u00a0 \u00a0 \u00a0 \u00a0 \u00a0 \u00a0 \u00a0 \u00a0 \u00a0 \u00a0 \u00a0migrantes \u00a0 \u00a0 \u00a0 \u00a0 \u00a0 \u00a0 \u00a0 \u00a0 \u00a0 \u00a0 \u00a0 \u00a0 \u00a0 \u00a0 \u00a0 \u00a0 \u00a0 \u00a0 \u00a0 \u00a0 \u00a0 \u00a0 \u00a0 \u00a0 \u00a0 \u00a0 \u00a0 \u00a0 \u00a0 \u00a0 \u00a0 \u00a0 \u00a0 \u00a0 \u00a0<\/p>\n<p>Jefferson \u00a0 \u00a0 \u00a0 \u00a0 \u00a0 \u00a0 \u00a0 \u00a0 \u00a0 \u00a0 \u00a0 \u00a0 \u00a0David Montenegro Hern\u00e1ndez y Juan Camilo Palacio Hurtado. \u00a0 \u00a0 \u00a0 \u00a0 \u00a0<\/p>\n<p>27 \u00a0 \u00a0 \u00a0 \u00a0 \u00a0 \u00a0 \u00a0 \u00a0 \u00a0 \u00a0 \u00a0 \u00a0 \u00a0de febrero de 2018 \u00a0 \u00a0 \u00a0 \u00a0 \u00a0 \u00a0 \u00a0 \u00a0 \u00a0 \u00a0 \u00a0 \u00a0 \u00a0 \u00a0 \u00a0 \u00a0 \u00a0 \u00a0 \u00a0 \u00a0 \u00a0 \u00a0 \u00a0 \u00a0 \u00a0 \u00a0 \u00a0 \u00a0 \u00a0 \u00a0 \u00a0 \u00a0 \u00a0 \u00a0 \u00a0<\/p>\n<p>Capurgan\u00e1 \u00a0 \u00a0 \u00a0 \u00a0 \u00a0 \u00a0 \u00a0 \u00a0 \u00a0 \u00a0 \u00a0 \u00a0 \u00a0 \u00a0 \u00a0 \u00a0 \u00a0 \u00a0 \u00a0 \u00a0 \u00a0 \u00a0 \u00a0 \u00a0 \u00a0 \u00a0 \u00a0 \u00a0 \u00a0 \u00a0 \u00a0 \u00a0 \u00a0 \u00a0 \u00a0<\/p>\n<p>5 \u00a0 \u00a0 \u00a0 \u00a0 \u00a0 \u00a0 \u00a0 \u00a0 \u00a0 \u00a0 \u00a0 \u00a0 \u00a0migrantes \u00a0 \u00a0 \u00a0 \u00a0 \u00a0 \u00a0 \u00a0 \u00a0 \u00a0 \u00a0 \u00a0 \u00a0 \u00a0 \u00a0 \u00a0 \u00a0 \u00a0 \u00a0 \u00a0 \u00a0 \u00a0 \u00a0 \u00a0 \u00a0 \u00a0 \u00a0 \u00a0 \u00a0 \u00a0 \u00a0 \u00a0 \u00a0 \u00a0 \u00a0 \u00a0<\/p>\n<p>Jefferson \u00a0 \u00a0 \u00a0 \u00a0 \u00a0 \u00a0 \u00a0 \u00a0 \u00a0 \u00a0 \u00a0 \u00a0 \u00a0David Montenegro Hern\u00e1ndez. \u00a0 \u00a0 \u00a0 \u00a0 \u00a0<\/p>\n<p>14 \u00a0 \u00a0 \u00a0 \u00a0 \u00a0 \u00a0 \u00a0 \u00a0 \u00a0 \u00a0 \u00a0 \u00a0 \u00a0de marzo de 2018 \u00a0 \u00a0 \u00a0 \u00a0 \u00a0 \u00a0 \u00a0 \u00a0 \u00a0 \u00a0 \u00a0 \u00a0 \u00a0 \u00a0 \u00a0 \u00a0 \u00a0 \u00a0 \u00a0 \u00a0 \u00a0 \u00a0 \u00a0 \u00a0 \u00a0 \u00a0 \u00a0 \u00a0 \u00a0 \u00a0 \u00a0 \u00a0 \u00a0 \u00a0 \u00a0<\/p>\n<p>Turbo \u00a0 \u00a0 \u00a0 \u00a0 \u00a0 \u00a0 \u00a0 \u00a0 \u00a0 \u00a0 \u00a0 \u00a0 \u00a0&#8211; Antioquia \u00a0 \u00a0 \u00a0 \u00a0 \u00a0 \u00a0 \u00a0 \u00a0 \u00a0 \u00a0 \u00a0 \u00a0 \u00a0 \u00a0 \u00a0 \u00a0 \u00a0 \u00a0 \u00a0 \u00a0 \u00a0 \u00a0 \u00a0 \u00a0 \u00a0 \u00a0 \u00a0 \u00a0 \u00a0 \u00a0 \u00a0 \u00a0 \u00a0 \u00a0 \u00a0<\/p>\n<p>24 \u00a0 \u00a0 \u00a0 \u00a0 \u00a0 \u00a0 \u00a0 \u00a0 \u00a0 \u00a0 \u00a0 \u00a0 \u00a0migrantes \u00a0 \u00a0 \u00a0 \u00a0 \u00a0 \u00a0 \u00a0 \u00a0 \u00a0 \u00a0 \u00a0 \u00a0 \u00a0 \u00a0 \u00a0 \u00a0 \u00a0 \u00a0 \u00a0 \u00a0 \u00a0 \u00a0 \u00a0 \u00a0 \u00a0 \u00a0 \u00a0 \u00a0 \u00a0 \u00a0 \u00a0 \u00a0 \u00a0 \u00a0 \u00a0<\/p>\n<p>Rober \u00a0 \u00a0 \u00a0 \u00a0 \u00a0 \u00a0 \u00a0 \u00a0 \u00a0 \u00a0 \u00a0 \u00a0 \u00a0Murillo Roma\u00f1a, Luis Armando Murillo Mena y C\u00e9sar \u00a0 \u00a0 \u00a0 \u00a0 \u00a0 \u00a0 \u00a0 \u00a0 \u00a0 \u00a0 \u00a0 \u00a0 \u00a0Augusto C\u00f3rdoba G\u00f3mez. \u00a0 \u00a0 \u00a0 \u00a0 \u00a0<\/p>\n<p>6 \u00a0 \u00a0 \u00a0 \u00a0 \u00a0 \u00a0 \u00a0 \u00a0 \u00a0 \u00a0 \u00a0 \u00a0 \u00a0de abril de 2018 \u00a0 \u00a0 \u00a0 \u00a0 \u00a0 \u00a0 \u00a0 \u00a0 \u00a0 \u00a0 \u00a0 \u00a0 \u00a0 \u00a0 \u00a0 \u00a0 \u00a0 \u00a0 \u00a0 \u00a0 \u00a0 \u00a0 \u00a0 \u00a0 \u00a0 \u00a0 \u00a0 \u00a0 \u00a0 \u00a0 \u00a0 \u00a0 \u00a0 \u00a0 \u00a0<\/p>\n<p>Turbo \u00a0 \u00a0 \u00a0 \u00a0 \u00a0 \u00a0 \u00a0 \u00a0 \u00a0 \u00a0 \u00a0 \u00a0 \u00a0&#8211; Antioquia \u00a0 \u00a0 \u00a0 \u00a0 \u00a0 \u00a0 \u00a0 \u00a0 \u00a0 \u00a0 \u00a0 \u00a0 \u00a0 \u00a0 \u00a0 \u00a0 \u00a0 \u00a0 \u00a0 \u00a0 \u00a0 \u00a0 \u00a0 \u00a0 \u00a0 \u00a0 \u00a0 \u00a0 \u00a0 \u00a0 \u00a0 \u00a0 \u00a0 \u00a0 \u00a0<\/p>\n<p>24 \u00a0 \u00a0 \u00a0 \u00a0 \u00a0 \u00a0 \u00a0 \u00a0 \u00a0 \u00a0 \u00a0 \u00a0 \u00a0migrantes \u00a0 \u00a0 \u00a0 \u00a0 \u00a0 \u00a0 \u00a0 \u00a0 \u00a0 \u00a0 \u00a0 \u00a0 \u00a0 \u00a0 \u00a0 \u00a0 \u00a0 \u00a0 \u00a0 \u00a0 \u00a0 \u00a0 \u00a0 \u00a0 \u00a0 \u00a0 \u00a0 \u00a0 \u00a0 \u00a0 \u00a0 \u00a0 \u00a0 \u00a0 \u00a0<\/p>\n<p>V\u00edctor \u00a0 \u00a0 \u00a0 \u00a0 \u00a0 \u00a0 \u00a0 \u00a0 \u00a0 \u00a0 \u00a0 \u00a0 \u00a0Manuel Mesa Casta\u00f1o y Enith Johana Mena Argumedo. \u00a0 \u00a0 \u00a0 \u00a0 \u00a0<\/p>\n<p>20 \u00a0 \u00a0 \u00a0 \u00a0 \u00a0 \u00a0 \u00a0 \u00a0 \u00a0 \u00a0 \u00a0 \u00a0 \u00a0de abril de 2018 \u00a0 \u00a0 \u00a0 \u00a0 \u00a0 \u00a0 \u00a0 \u00a0 \u00a0 \u00a0 \u00a0 \u00a0 \u00a0 \u00a0 \u00a0 \u00a0 \u00a0 \u00a0 \u00a0 \u00a0 \u00a0 \u00a0 \u00a0 \u00a0 \u00a0 \u00a0 \u00a0 \u00a0 \u00a0 \u00a0 \u00a0 \u00a0 \u00a0 \u00a0 \u00a0<\/p>\n<p>Medell\u00edn \u00a0 \u00a0 \u00a0 \u00a0 \u00a0 \u00a0 \u00a0 \u00a0 \u00a0 \u00a0 \u00a0 \u00a0 \u00a0 \u00a0 \u00a0 \u00a0 \u00a0 \u00a0 \u00a0 \u00a0 \u00a0 \u00a0 \u00a0 \u00a0 \u00a0 \u00a0 \u00a0 \u00a0 \u00a0 \u00a0 \u00a0 \u00a0 \u00a0 \u00a0 \u00a0<\/p>\n<p>3 \u00a0 \u00a0 \u00a0 \u00a0 \u00a0 \u00a0 \u00a0 \u00a0 \u00a0 \u00a0 \u00a0 \u00a0 \u00a0migrantes \u00a0 \u00a0 \u00a0 \u00a0 \u00a0 \u00a0 \u00a0 \u00a0 \u00a0 \u00a0 \u00a0 \u00a0 \u00a0 \u00a0 \u00a0 \u00a0 \u00a0 \u00a0 \u00a0 \u00a0 \u00a0 \u00a0 \u00a0 \u00a0 \u00a0 \u00a0 \u00a0 \u00a0 \u00a0 \u00a0 \u00a0 \u00a0 \u00a0 \u00a0 \u00a0<\/p>\n<p>Gildardo \u00a0 \u00a0 \u00a0 \u00a0 \u00a0 \u00a0 \u00a0 \u00a0 \u00a0 \u00a0 \u00a0 \u00a0 \u00a0Campo Valencia, V\u00edctor Hugo C\u00e1rdenas Gonz\u00e1lez, \u00a0 \u00a0 \u00a0 \u00a0 \u00a0 \u00a0 \u00a0 \u00a0 \u00a0 \u00a0 \u00a0 \u00a0 \u00a0Juan Fernando Castrill\u00f3n Cadavid y Germ\u00e1n Dar\u00edo \u00a0 \u00a0 \u00a0 \u00a0 \u00a0 \u00a0 \u00a0 \u00a0 \u00a0 \u00a0 \u00a0 \u00a0 \u00a0Velasco Mu\u00f1oz. \u00a0 \u00a0<\/p>\n<p>ANTECEDENTES \u00a0PROCESALES \u00a0<\/p>\n<p>1. \u00a0Por \u00a0los anteriores hechos, durante los d\u00edas 26, 27, 28 y 29 de \u00a0septiembre de 2018, el Juzgado 40 Penal Municipal con funci\u00f3n \u00a0de Control de Garant\u00edas de Medell\u00edn, adelant\u00f3 \u00a0audiencias de control posterior de registro y allanamiento, \u00a0legalizaci\u00f3n de captura. Tambi\u00e9n de formulaci\u00f3n \u00a0de imputaci\u00f3n en la que la Fiscal\u00eda atribuy\u00f3 a \u00a0los antes mencionados, la comisi\u00f3n de las conductas punibles \u00a0de concierto para delinquir agravado y tr\u00e1fico de migrantes, \u00a0cargos que no fueron aceptados por los procesados y les fue impuesta \u00a0medida de aseguramiento de detenci\u00f3n preventiva en \u00a0establecimiento carcelario y en el lugar de residencia2. \u00a0<\/p>\n<p>2. \u00a0El 24 de enero de 20193, \u00a0el representante de la Fiscal\u00eda present\u00f3 escrito de \u00a0acusaci\u00f3n, el cual correspondi\u00f3 por reparto al Juzgado \u00a0Segundo Penal del Circuito Especializado de Medell\u00edn, \u00a0autoridad que fij\u00f3 fecha para llevar a cabo la audiencia de \u00a0formulaci\u00f3n de acusaci\u00f3n el 25 de febrero y 29 de marzo \u00a0del a\u00f1o en curso, la cual no se realiz\u00f3 por \u00a0inasistencia de algunos de los defensores4. \u00a0<\/p>\n<p>3. \u00a0No obstante, el 12 de junio siguiente, se dio inici\u00f3 a la \u00a0audiencia en menci\u00f3n, en la que el defensor de JUAN CAMILO \u00a0PALACIO HURTADO, LUIS ARMANDO MURILLO MENA, JHON FABER HURTADO, \u00a0DISNEY JOHANA C\u00d3RDOBA QUINTO, MAR\u00cdA HERENIA LOB\u00d3N \u00a0PALACIOS, YESENIA VALENCIA MOSQUERA, ENITH JOHANA MENA ARGUMEDO, \u00a0ROBER MURILLO ROMA\u00d1A, V\u00cdCTOR MANUEL MESA CASTA\u00d1O \u00a0y ADALBERTO PEREIRA CHAVERRA impugn\u00f3 la competencia, al \u00a0considerar que de acuerdo con el art\u00edculo 52 de la Ley 906 de \u00a02004 y la jurisprudencia de esta Corporaci\u00f3n, correspond\u00eda \u00a0conocer la actuaci\u00f3n a los Juzgados de Turbo, toda vez que el \u00a0delito de tr\u00e1fico de migrantes, el cual es el de mayor \u00a0gravedad, se realiz\u00f3 en Turbo, lugar en el que adem\u00e1s, \u00a0residen la mayor\u00eda de imputados, varios eventos ocurrieron \u00a0all\u00ed y las primeras capturas se produjeron en dicha \u00a0localidad5. \u00a0<\/p>\n<p>Dicha \u00a0petici\u00f3n fue coadyuvada por la defensora de GERM\u00c1N \u00a0DAR\u00cdO VELASCO MU\u00d1OZ y GILDARDO CAMPO VALENCIA, quien \u00a0refiri\u00f3 que la competencia radicaba en los Juzgados \u00a0Especializados de Antioquia6. \u00a0<\/p>\n<p>Por \u00a0su parte, el delegado del ente acusador manifest\u00f3 su oposici\u00f3n \u00a0a los argumentos expuestos por la defensa, en raz\u00f3n a que la \u00a0competencia deb\u00eda mantenerse en los Juzgados Penales del \u00a0Circuito Especializados de Medell\u00edn, toda vez que el delito de \u00a0mayor riqueza descriptiva es el de concierto para delinquir, el cual \u00a0es de mayor gravedad, tiene car\u00e1cter permanente, el cual \u00a0concluye con la captura de los procesados, a lo que se suma que el \u00a0centro de operaciones era dicha ciudad, de donde se encargaban de \u00a0direccionar los migrantes a Turbo y Capurgan\u00e1 para salir al \u00a0extranjero7. \u00a0<\/p>\n<p>Adem\u00e1s, \u00a0en Medell\u00edn se encontraban el mayor n\u00famero de elementos \u00a0materiales, a lo que se suma que la Fiscal\u00eda General de la \u00a0Naci\u00f3n tiene competencia en todo el territorio nacional y el \u00a0centro de operaciones era dicha ciudad. \u00a0<\/p>\n<p>Finalmente, \u00a0el juez segundo penal del circuito especializado de Medell\u00edn, \u00a0se\u00f1al\u00f3 que el delito de concierto para delinquir \u00a0agravado es de competencia de los Juzgados de dicha categor\u00eda, \u00a0el cual es el de mayor gravedad y aunque ocurri\u00f3 en varios \u00a0lugares del pa\u00eds, el mayor n\u00famero de eventos se \u00a0present\u00f3 en Turbo (Antioquia), lugar en el que residen la \u00a0mayor\u00eda de procesados, incluido el l\u00edder de la \u00a0organizaci\u00f3n, por lo que consider\u00f3 que le hab\u00eda \u00a0asistido raz\u00f3n a la defensa8. \u00a0<\/p>\n<p>En \u00a0ese orden, atendiendo que se trata de distritos diferentes, remiti\u00f3 \u00a0las diligencias a esta Corporaci\u00f3n, en aplicaci\u00f3n del \u00a0art\u00edculo 54 de la Ley 906 de 2004. \u00a0<\/p>\n<p>CONSIDERACIONES \u00a0DE LA CORTE \u00a0<\/p>\n<p>1. \u00a0La \u00a0Sala es competente para definir la controversia planteada en el \u00a0presente caso, de acuerdo con el numeral 4\u00b0 del art\u00edculo \u00a032 de la Ley 906 de 2004, toda vez que est\u00e1n involucrados \u00a0juzgados de diferentes \u00a0distritos judiciales. \u00a0<\/p>\n<p>2. \u00a0El \u00a0art\u00edculo 54 de la misma codificaci\u00f3n, frente al tr\u00e1mite \u00a0relacionado con la definici\u00f3n de competencia dispone: \u00a0<\/p>\n<p>Cuando \u00a0el juez ante el cual se haya presentado la acusaci\u00f3n \u00a0manifieste su incompetencia, as\u00ed lo har\u00e1 saber a las \u00a0partes en la misma audiencia y remitir\u00e1 el asunto \u00a0inmediatamente al funcionario que deba definirla, quien en el t\u00e9rmino \u00a0improrrogable de tres (3) d\u00edas decidir\u00e1 de plano. Igual \u00a0procedimiento se aplicar\u00e1 cuando se trate de lo previsto en el \u00a0art\u00edculo 286 de este C\u00f3digo y cuando la incompetencia \u00a0la proponga la defensa. (Subraya \u00a0fuera de texto). \u00a0<\/p>\n<p>Ahora \u00a0bien, de manera pac\u00edfica ha indicado la jurisprudencia de la \u00a0Corte Suprema de Justicia9, \u00a0que es de su resorte definir la impugnaci\u00f3n de competencia \u00a0cuando \u00e9sta involucra a juzgados de diferentes \u00a0distritos judiciales, \u00a0como sucede en el presente caso, en el que el defensor de JUAN \u00a0CAMILO PALACIO HURTADO, LUIS ARMANDO MURILLO MENA, JHON FABER \u00a0HURTADO, DISNEY JOHANA C\u00d3RDOBA QUINTO, MAR\u00cdA HERENIA \u00a0LOB\u00d3N PALACIOS, YESENIA VALENCIA MOSQUERA, ENITH JOHANA MENA \u00a0ARGUMEDO, ROBER MURILLO ROMA\u00d1A, V\u00cdCTOR MANUEL MESA \u00a0CASTA\u00d1O y ADALBERTO PEREIRA CHAVERRA, \u00a0plantea que el competente para conocer del tr\u00e1mite penal que \u00a0se adelanta contra sus prohijados y los dem\u00e1s procesados, \u00a0es \u00a0el juez penal de Turbo y no el Juzgado Segundo Penal del Circuito \u00a0Especializado de Medell\u00edn. \u00a0<\/p>\n<p>3. \u00a0En \u00a0orden a establecer la competencia para conocer de esta actuaci\u00f3n, \u00a0debe considerarse que la formulaci\u00f3n de imputaci\u00f3n y el \u00a0escrito de acusaci\u00f3n se hizo por un concurso de conductas \u00a0punibles, de donde impera aplicar la \u00a0figura \u00a0jur\u00eddica de la conexidad, \u00a0que permite el adelantamiento de investigaciones penales bajo una \u00a0misma cuerda10, \u00a0en los t\u00e9rminos se\u00f1alados en el art\u00edculo 52 de \u00a0la Ley 906 de 2004 seg\u00fan el cual: \u00a0<\/p>\n<p>Cuando \u00a0deban juzgarse delitos conexos conocer\u00e1 de ellos el juez de \u00a0mayor jerarqu\u00eda de acuerdo con la competencia por raz\u00f3n \u00a0del fuero legal o la naturaleza del asunto; si corresponden a la \u00a0misma jerarqu\u00eda ser\u00e1 factor de competencia el \u00a0territorio, en forma excluyente y preferente, en el siguiente orden: \u00a0donde se haya cometido el delito m\u00e1s grave; donde se haya \u00a0realizado el mayor n\u00famero de delitos; donde se haya realizado \u00a0la primera aprehensi\u00f3n o donde se haya formulado primero la \u00a0imputaci\u00f3n. \u00a0<\/p>\n<p>Cuando se trate \u00a0de conexidad entre delitos de competencia del juez penal del circuito \u00a0especializado y cualquier otro funcionario judicial corresponder\u00e1 \u00a0el juzgamiento a aqu\u00e9l. \u00a0<\/p>\n<p>Lo \u00a0anterior, debido a que en este caso, los hechos materia de \u00a0investigaci\u00f3n se remiten a una pluralidad \u00a0de ilicitudes \u00a0que, cuando menos, de acuerdo con el escrito de acusaci\u00f3n, \u00a0advierten posible su realizaci\u00f3n en diferentes lugares del \u00a0pa\u00eds, vale decir, Golfo de Urab\u00e1, Turbo (Antioquia), \u00a0Medell\u00edn, Capurgan\u00e1 (Choc\u00f3), Itag\u00fc\u00ed \u00a0y Cali. \u00a0<\/p>\n<p>De \u00a0ah\u00ed que, lo primero a dilucidar sea la competencia funcional, \u00a0la cual, no se censura en el presente asunto, pues el delito de \u00a0concierto \u00a0para delinquir agravado, en \u00a0los t\u00e9rminos \u00a0en \u00a0los que fue formulado en la imputaci\u00f3n y en el escrito de \u00a0acusaci\u00f3n, tiene \u00a0asignaci\u00f3n especial de competencia, por lo que corresponde su \u00a0conocimiento a los jueces penales del circuito especializados, de \u00a0conformidad con lo \u00a0normado en el numeral 17 del art\u00edculo 35 del C\u00f3digo de \u00a0Procedimiento Penal11. \u00a0<\/p>\n<p>Ahora, \u00a0por raz\u00f3n del territorio, atendiendo al lugar donde tuvo \u00a0ocurrencia el delito \u00a0m\u00e1s grave, \u00a0advierte la Sala que de \u00a0conformidad con lo establecido en el art\u00edculo 340 incisos \u00a0segundos y terceros del C\u00f3digo Penal12, \u00a0el injusto de mayor gravedad corresponde al de concierto \u00a0para delinquir agravado, cuya \u00a0pena de prisi\u00f3n oscila entre 96 y 324 meses de prisi\u00f3n, \u00a0cuyo extremo \u00a0m\u00e1ximo es superior al contemplado para el delito de tr\u00e1fico \u00a0de migrantes (art\u00edculo \u00a0188 del C.P.), que va de 96 a 144 meses de prisi\u00f3n. \u00a0<\/p>\n<p>Ahora, \u00a0sobre la consumaci\u00f3n del delito de concierto para delinquir ha \u00a0se\u00f1alado esta Corporaci\u00f3n lo siguiente: \u00a0<\/p>\n<p>\u2026 es uno \u00a0de los llamados delitos permanentes y \u00e9stos se caracterizan, \u00a0entre otras cosas, porque se van consumando durante todo el tiempo en \u00a0que perdura el pacto, y porque, como es obvio, culminan una vez \u00a0desaparece la ofensa al bien jur\u00eddico tutelado. As\u00ed, \u00a0mientras \u00e9sta no termine, el delito se est\u00e1 cometiendo. \u00a0Consecuencia de lo anterior, la conducta se prolonga tanto en el \u00a0tiempo como en el espacio y, en esta \u00faltima hip\u00f3tesis, \u00a0perfectamente puede suceder que unos de los integrantes del concierto \u00a0se hallen en una parte y otro y otros, en otra, o que algunos de los \u00a0concertados en un pa\u00eds se trasladen a otro y regresen, caso en \u00a0el cual se est\u00e1 cometiendo el hecho en dos o m\u00e1s \u00a0Estados. \u00a0<\/p>\n<p>Por \u00a0tanto, siendo de la esencia del delito en menci\u00f3n la \u00a0existencia de una asociaci\u00f3n criminal que act\u00faa como \u00a0entidad delictiva, la \u00a0conducta se entiende realizada en el lugar donde \u00e9sta \u00a0desarrolla o proyecta su actividad criminal, \u00a0pues lo que debe mirarse en estos eventos es la organizaci\u00f3n \u00a0como empresa delictiva, no la de sus miembros aisladamente \u00a0considerados13. \u00a0(Subrayas \u00a0y negrillas fuera de texto). \u00a0<\/p>\n<p>En \u00a0ese orden, atendiendo lo se\u00f1alado en el escrito de acusaci\u00f3n, \u00a0el delito contra la seguridad p\u00fablica, atr\u00e1s se\u00f1alado \u00a0como el de mayor punibilidad, se cometi\u00f3 en varios lugares, \u00a0esto es, Turbo \u00a0(Antioquia), Medell\u00edn, Capurgan\u00e1 (Choc\u00f3), Itag\u00fc\u00ed \u00a0y Cali, por lo que \u00a0no es posible, por dicho factor, determinar la competencia. \u00a0<\/p>\n<p>De \u00a0manera que, se debe analizar la condici\u00f3n subsiguiente del \u00a0canon 52 del C\u00f3digo de Procedimiento Penal, relativa al lugar \u00a0\u00abdonde \u00a0se haya realizado el mayor n\u00famero de delitos\u00bb. \u00a0<\/p>\n<p>Pues \u00a0bien, de acuerdo con el escrito de acusaci\u00f3n, se presentaron \u00a0varios eventos, a saber: 6 en Turbo, distrito judicial de Antioquia; \u00a04 en Capurgan\u00e1; 3 en Medell\u00edn; 1 en Itag\u00fc\u00ed, \u00a0Cali y Golfo de Urab\u00e114. \u00a0<\/p>\n<p>Por \u00a0lo tanto, dicho aspecto permite dilucidar qu\u00e9 autoridad debe \u00a0conocer del presente asunto, vale decir, los Juzgados Penales del \u00a0Circuito Especializados de Antioquia, por lo que raz\u00f3n le \u00a0asisti\u00f3 al juez segundo penal del circuito especializado de \u00a0Medell\u00edn y al defensor de varios de los procesados al se\u00f1alar \u00a0que el despacho asignado inicialmente no era competente para conocer \u00a0las presentes diligencias. \u00a0<\/p>\n<p>As\u00ed \u00a0las cosas, se ordenar\u00e1 la remisi\u00f3n de las diligencias \u00a0al reparto de dichos despachos judiciales, para lo pertinente y se \u00a0comunicar\u00e1 la presente decisi\u00f3n al Juzgado Segundo \u00a0Penal del Circuito Especializado de Medell\u00edn y a las partes e \u00a0intervinientes. \u00a0<\/p>\n<p>En \u00a0m\u00e9rito de lo expuesto, LA \u00a0CORTE SUPREMA DE JUSTICIA, SALA DE CASACI\u00d3N PENAL, \u00a0<\/p>\n<p>RESUELVE \u00a0<\/p>\n<p>1\u00b0. \u00a0DEFINIR \u00a0que la competencia para conocer de la actuaci\u00f3n adelantada \u00a0contra JUAN \u00a0DAVID CASTRILL\u00d3N CARDONA, JUAN CAMILO PALACIO HURTADO, LUIS \u00a0ARMANDO MURILLO MENA, JHON FABER HURTADO, DISNEY JOHANA C\u00d3RDOBA \u00a0QUINTO, C\u00c8SAR AUGUSTO C\u00d2RDOBA G\u00d3MEZ, MAR\u00cdA \u00a0HERMINIA LOB\u00d3N PALACIOS, YESENIA VALENCIA MOSQUERA, JEFFERSON \u00a0DAVID MONTENEGRO HERN\u00c1NDEZ, GILDARDO CAMPO VALENCIA, ENITH \u00a0JOHANA MENA ARGUMEDO, ANA LINDELIA GALLEGO CARO, ROBERT MURILLO \u00a0ROMA\u00d1A, V\u00cdCTOR MANUEL MESA CASTA\u00d1O, ADALBERTO \u00a0PEREIRA CHAVERRA, JUAN FERNANDO CASTRILL\u00d2N CADAVID, V\u00cdOCTOR \u00a0HUGO C\u00c1RDENAS GONZ\u00c1LEZ y JOS\u00c9 ANDR\u00c9S \u00a0\u00c1LVAREZ GALLEGO, \u00a0corresponde a los Juzgados Penales del Circuito Especializados de \u00a0Antioquia (reparto), por lo que se dispone la remisi\u00f3n de las \u00a0diligencias a dichos despachos judiciales, para lo pertinente. \u00a0<\/p>\n<p>2\u00b0. \u00a0COMUNICAR \u00a0la \u00a0presente decisi\u00f3n al Juzgado Segundo Penal del Circuito \u00a0Especializado de Medell\u00edn y a las partes e intervinientes en \u00a0el presente asunto. \u00a0<\/p>\n<p>3\u00b0. \u00a0Contra \u00a0esta decisi\u00f3n no procede recurso alguno. \u00a0<\/p>\n<p>Comun\u00edquese \u00a0y C\u00famplase. \u00a0<\/p>\n<p>EYDER PATI\u00d1O \u00a0CABRERA \u00a0<\/p>\n<p>JOS\u00c9 \u00a0FRANCISCO ACU\u00d1A VIZCAYA \u00a0<\/p>\n<p>EUGENIO \u00a0FERN\u00c1NDEZ CARLIER \u00a0<\/p>\n<p>LUIS ANTONIO \u00a0HERN\u00c1NDEZ BARBOSA \u00a0<\/p>\n<p>JAIME HUMBERTO \u00a0MORENO ACERO \u00a0<\/p>\n<p>PATRICIA \u00a0SALAZAR CU\u00c9LLAR \u00a0<\/p>\n<p>LUIS GUILLERMO \u00a0SALAZAR OTERO \u00a0<\/p>\n<p>NUBIA \u00a0YOLANDA NOVA GARC\u00cdA \u00a0<\/p>\n<p>Secretaria \u00a0<\/p>\n<p>1 \u00a0 \u00a0 \u00a0 \u00a0 \u00a0Obrante \u00a0 \u00a0 \u00a0 \u00a0 \u00a0a folio 207 y ss del cuaderno 1. \u00a0<\/p>\n<p>2 \u00a0 \u00a0 \u00a0 \u00a0 \u00a0Folio \u00a0 \u00a0 \u00a0 \u00a0 \u00a017 y ss del cuaderno 1. \u00a0<\/p>\n<p>3 \u00a0 \u00a0 \u00a0 \u00a0 \u00a0Folio \u00a0 \u00a0 \u00a0 \u00a0 \u00a0207 y ss ib\u00eddem. \u00a0<\/p>\n<p>4 \u00a0 \u00a0 \u00a0 \u00a0 \u00a0Folios \u00a0 \u00a0 \u00a0 \u00a0 \u00a080 y 127 del cuaderno 1. \u00a0<\/p>\n<p>5 \u00a0 \u00a0 \u00a0 \u00a0 \u00a0Minuto \u00a0 \u00a0 \u00a0 \u00a0 \u00a004:35 y ss del video 1. Cd audiencia del 12 de junio de 2019. \u00a0<\/p>\n<p>6 \u00a0 \u00a0 \u00a0 \u00a0 \u00a0Minuto \u00a0 \u00a0 \u00a0 \u00a0 \u00a037:05 y ss ib\u00eddem. \u00a0<\/p>\n<p>7 \u00a0 \u00a0 \u00a0 \u00a0 \u00a0Minuto \u00a0 \u00a0 \u00a0 \u00a0 \u00a038:43 y ss del video 1, Cd audiencia del 12 de junio de 2019. \u00a0<\/p>\n<p>8 \u00a0 \u00a0 \u00a0 \u00a0 \u00a0Minuto \u00a0 \u00a0 \u00a0 \u00a0 \u00a000:22 y ss del video 2, ib\u00eddem. \u00a0<\/p>\n<p>9 \u00a0 \u00a0 \u00a0 \u00a0 \u00a0Auto de 3 de octubre de 2007, radicado 28343, entre otros. \u00a0<\/p>\n<p>10 \u00a0 \u00a0 \u00a0 \u00a0 \u00a0El art\u00edculo 51 de la Ley 906 de 2004, regula las distintas \u00a0 \u00a0 \u00a0 \u00a0 \u00a0modalidades en que puede presentarse la conexidad, de manera \u00a0 \u00a0 \u00a0 \u00a0 \u00a0concreta los numerales 2\u00ba, 3\u00ba y 4\u00ba, que indican la \u00a0 \u00a0 \u00a0 \u00a0 \u00a0existencia de este fen\u00f3meno cuando acaece un concurso de \u00a0 \u00a0 \u00a0 \u00a0 \u00a0conductas punibles, en los siguientes t\u00e9rminos: \u00ab1. \u00a0 \u00a0 \u00a0 \u00a0 \u00a0El delito haya sido cometido en copartici\u00f3n criminal. 2. Se \u00a0 \u00a0 \u00a0 \u00a0 \u00a0impute a una persona la comisi\u00f3n de m\u00e1s de un delito \u00a0 \u00a0 \u00a0 \u00a0 \u00a0con una acci\u00f3n u omisi\u00f3n o varias acciones u \u00a0 \u00a0 \u00a0 \u00a0 \u00a0omisiones, realizadas con unidad de tiempo y lugar. 3. Se impute a \u00a0 \u00a0 \u00a0 \u00a0 \u00a0una persona la comisi\u00f3n de varios delitos, cuando unos se han \u00a0 \u00a0 \u00a0 \u00a0 \u00a0realizado con el fin de facilitar la ejecuci\u00f3n o procurar la \u00a0 \u00a0 \u00a0 \u00a0 \u00a0impunidad de otros; o con ocasi\u00f3n o como consecuencia de \u00a0 \u00a0 \u00a0 \u00a0 \u00a0otro. 4. Se impute a una o m\u00e1s personas la comisi\u00f3n de \u00a0 \u00a0 \u00a0 \u00a0 \u00a0uno o varios delitos en las que exista homogeneidad en el modo de \u00a0 \u00a0 \u00a0 \u00a0 \u00a0actuar de los autores o part\u00edcipes, relaci\u00f3n razonable \u00a0 \u00a0 \u00a0 \u00a0 \u00a0de lugar y tiempo, y, la evidencia aportada a una de las \u00a0 \u00a0 \u00a0 \u00a0 \u00a0investigaciones pueda influir en la otra\u00bb. \u00a0<\/p>\n<p>11 \u00a0 \u00a0 \u00a0 \u00a0 \u00a0Art\u00edculo \u00a0 \u00a0 \u00a0 \u00a0 \u00a035. De los jueces penales del circuito especializados. \u00a0 \u00a0 \u00a0 \u00a0 \u00a0Los jueces penales de circuito especializado conocen de: 1(\u2026) \u00a0 \u00a0 \u00a0 \u00a0 \u00a017. Concierto para delinquir agravado, seg\u00fan el inciso 2\u00ba \u00a0 \u00a0 \u00a0 \u00a0 \u00a0del art\u00edculo 340 del C\u00f3digo Penal. \u00a0<\/p>\n<p>12 \u00a0 \u00a0 \u00a0 \u00a0 \u00a0Atribuido \u00a0 \u00a0 \u00a0 \u00a0 \u00a0a los procesados Jefferson David Montrenegro Hern\u00e1ndez, \u00a0 \u00a0 \u00a0 \u00a0 \u00a0Germ\u00e1n Dar\u00edo Velasco Mu\u00f1oz, Luis Armando \u00a0 \u00a0 \u00a0 \u00a0 \u00a0Murillo Mena, Juan Fernando Castrill\u00f3n Cadavid, Gildardo \u00a0 \u00a0 \u00a0 \u00a0 \u00a0Campo Valencia y Juan Camilo Palacio Hurtado. (Fl. 226 del cuaderno \u00a0 \u00a0 \u00a0 \u00a0 \u00a01). \u00a0<\/p>\n<p>13 \u00a0 \u00a0 \u00a0 \u00a0 \u00a0CSJAP3618-2016, Rad. \u00a0 \u00a0 \u00a0 \u00a0 \u00a048225, en la que se reiter\u00f3 lo dicho en la decisi\u00f3n \u00a0 \u00a0 \u00a0 \u00a0 \u00a0CSJAP del 2 de octubre de 2013, radicado 42.285. \u00a0<\/p>\n<p>14 \u00a0 \u00a0 \u00a0 \u00a0 \u00a0Folio \u00a0 \u00a0 \u00a0 \u00a0 \u00a022 y ss del cuaderno 1. \u00a0<\/p>\n<p>\u00a0 \u00a0 \u00a0\u00a0<\/p>\n<p><\/p>\n","protected":false},"excerpt":{"rendered":"<p>\u00a0 \u00a0 \u00a0 \u00a0\u00a0 PATRICIA \u00a0SALAZAR CU\u00c9LLAR \u00a0 MAGISTRADA \u00a0PONENTE \u00a0 AP2641-2019 \u00a0 Radicaci\u00f3n \u00a0n\u00b0. 55612 \u00a0 Acta \u00a0160 \u00a0 Bogot\u00e1, \u00a0D.C., tres (3) de julio de dos mil diecinueve (2019). \u00a0 VISTOS \u00a0 Define \u00a0la Sala de Casaci\u00f3n Penal de la Corte Suprema de Justicia, la \u00a0competencia para conocer del proceso penal que se [&hellip;]<\/p>\n","protected":false},"author":1,"featured_media":0,"comment_status":"open","ping_status":"open","sticky":false,"template":"","format":"standard","meta":{"footnotes":""},"categories":[28],"tags":[],"class_list":["post-42464","post","type-post","status-publish","format-standard","hentry","category-28"],"_links":{"self":[{"href":"https:\/\/dmsjuridica.com\/buscador_20179478954\/salapenalcronologico20230723\/wp-json\/wp\/v2\/posts\/42464","targetHints":{"allow":["GET"]}}],"collection":[{"href":"https:\/\/dmsjuridica.com\/buscador_20179478954\/salapenalcronologico20230723\/wp-json\/wp\/v2\/posts"}],"about":[{"href":"https:\/\/dmsjuridica.com\/buscador_20179478954\/salapenalcronologico20230723\/wp-json\/wp\/v2\/types\/post"}],"author":[{"embeddable":true,"href":"https:\/\/dmsjuridica.com\/buscador_20179478954\/salapenalcronologico20230723\/wp-json\/wp\/v2\/users\/1"}],"replies":[{"embeddable":true,"href":"https:\/\/dmsjuridica.com\/buscador_20179478954\/salapenalcronologico20230723\/wp-json\/wp\/v2\/comments?post=42464"}],"version-history":[{"count":0,"href":"https:\/\/dmsjuridica.com\/buscador_20179478954\/salapenalcronologico20230723\/wp-json\/wp\/v2\/posts\/42464\/revisions"}],"wp:attachment":[{"href":"https:\/\/dmsjuridica.com\/buscador_20179478954\/salapenalcronologico20230723\/wp-json\/wp\/v2\/media?parent=42464"}],"wp:term":[{"taxonomy":"category","embeddable":true,"href":"https:\/\/dmsjuridica.com\/buscador_20179478954\/salapenalcronologico20230723\/wp-json\/wp\/v2\/categories?post=42464"},{"taxonomy":"post_tag","embeddable":true,"href":"https:\/\/dmsjuridica.com\/buscador_20179478954\/salapenalcronologico20230723\/wp-json\/wp\/v2\/tags?post=42464"}],"curies":[{"name":"wp","href":"https:\/\/api.w.org\/{rel}","templated":true}]}}