{"id":42402,"date":"2023-09-14T21:43:58","date_gmt":"2023-09-14T21:43:58","guid":{"rendered":"https:\/\/dmsjuridica.com\/buscador_20179478954\/salapenalcronologico20230723\/2023\/09\/14\/ap2487-201955545\/"},"modified":"2023-09-14T21:43:58","modified_gmt":"2023-09-14T21:43:58","slug":"ap2487-201955545","status":"publish","type":"post","link":"https:\/\/dmsjuridica.com\/buscador_20179478954\/salapenalcronologico20230723\/2023\/09\/14\/ap2487-201955545\/","title":{"rendered":"AP2487-2019(55545)"},"content":{"rendered":"\n<p>\u00a0 \u00a0 \u00a0 \u00a0\u00a0<\/p>\n<p>LUIS \u00a0ANTONIO HERN\u00c1NDEZ BARBOSA \u00a0<\/p>\n<p>Magistrado \u00a0ponente \u00a0<\/p>\n<p>AP2487-2019 \u00a0<\/p>\n<p>Radicaci\u00f3n \u00a0n.\u00b0 55545 \u00a0<\/p>\n<p>Acta \u00a0155 \u00a0<\/p>\n<p>Bogot\u00e1, \u00a0D. C., veintis\u00e9is (26) de junio de dos mil diecinueve (2019). \u00a0<\/p>\n<p>VISTOS \u00a0<\/p>\n<p>La \u00a0Corte define cu\u00e1l es la autoridad judicial competente para \u00a0conocer la actuaci\u00f3n seguida contra EDWIN ALEXANDER PE\u00d1A \u00a0\u00c1LVAREZ. \u00a0<\/p>\n<p>ANTECEDENTES \u00a0<\/p>\n<p>1. \u00a0El \u00a017 de enero de 2019, aproximadamente a las 14:30 horas, en la Calle \u00a030 Norte # 2BN \u2013 29 del Barrio San Vicente, Terminal de \u00a0Transportes de Cali, fue capturado EDWIN \u00a0ALEXANDER PE\u00d1A \u00c1LVAREZ, \u00a0cuando se encontraba fuera de su residencia ubicada en el municipio \u00a0de Palmira (Valle del Cauca), sin autorizaci\u00f3n de autoridad \u00a0competente, no obstante hallarse \u00a0en \u00a0detenci\u00f3n domiciliaria decretada por el Juzgado 4\u00b0 Penal \u00a0Municipal con Funci\u00f3n de Control de Garant\u00edas de la \u00a0misma ciudad, en el marco del proceso penal con radicado 2017-00335 \u00a0que cursa en su contra por la probable comisi\u00f3n del delito de \u00a0acceso \u00a0carnal violento. \u00a0<\/p>\n<p>2. \u00a0El \u00a0d\u00eda siguiente, ante el Juzgado 26 Penal Municipal con funci\u00f3n \u00a0de Control de Garant\u00edas de Cali, previa legalizaci\u00f3n de \u00a0la captura, la Fiscal\u00eda imput\u00f3 a DELGADO \u00a0MONTERO el \u00a0delito de fuga \u00a0de presos de \u00a0conformidad con lo previsto en el art\u00edculo 448 del C\u00f3digo \u00a0Penal. El procesado no se allan\u00f3 a cargos. Se le impuso medida \u00a0de aseguramiento consistente en detenci\u00f3n preventiva en \u00a0establecimiento carcelario. \u00a0<\/p>\n<p>3. \u00a0El 11 de marzo de 2019 se radic\u00f3 escrito de acusaci\u00f3n. \u00a0La actuaci\u00f3n correspondi\u00f3 \u00a0por reparto al Juzgado 17 \u00a0Penal del Circuito con Funciones de Conocimiento de Cali. \u00a0<\/p>\n<p>4. \u00a0Convocadas \u00a0las partes para la celebraci\u00f3n de la audiencia de formulaci\u00f3n \u00a0de acusaci\u00f3n, la fiscal\u00eda, impugn\u00f3 la \u00a0competencia del juzgado para conocer las diligencias por el factor \u00a0territorial. \u00a0Explic\u00f3 que la conducta punible atribuida al \u00a0procesado se cometi\u00f3 en Palmira, en \u00a0tanto, all\u00ed se ubica el domicilio del cual se sustrajo \u00a0indebidamente el encartado, quien se encontraba cobijado con medida \u00a0de aseguramiento de detenci\u00f3n domiciliaria. \u00a0<\/p>\n<p>5. \u00a0La \u00a0defensa coadyuv\u00f3 la anterior petici\u00f3n. En consecuencia, \u00a0el juzgado de conocimiento dispuso el env\u00edo de las diligencias \u00a0a esta Corporaci\u00f3n, para \u00a0la definici\u00f3n de competencia. \u00a0<\/p>\n<p>CONSIDERACIONES \u00a0<\/p>\n<p>1. \u00a0Corresponde \u00a0a la Sala de Casaci\u00f3n Penal de la Corte Suprema de Justicia, \u00a0conforme a los lineamientos contenidos en el numeral 4\u00b0 del \u00a0art\u00edculo 32 del C\u00f3digo de Procedimiento Penal (Ley \u00a0906 de 2004), \u00a0pronunciarse sobre la competencia cuando se trate de juzgados de \u00a0diferentes distritos. \u00a0<\/p>\n<p>2. \u00a0El \u00a0art\u00edculo 43 de la Ley 906 de 2004 establece la \u00a0competencia territorial en \u00a0el juez del lugar donde ocurri\u00f3 el delito y si no es posible \u00a0determinarlo o si se realiz\u00f3 en varios sitios, en uno incierto \u00a0o en el extranjero, se fija en el lugar donde se encuentren los \u00a0elementos fundamentales de la acusaci\u00f3n. \u00a0<\/p>\n<p>3. \u00a0Por \u00a0su parte, la jurisprudencia reiterada de la Sala ha determinado que \u00a0el delito de fuga \u00a0de presos \u00a0se \u00a0consuma: \u201cen \u00a0forma instant\u00e1nea y produce efectos permanentes a partir del \u00a0momento en que la persona legalmente privada de la libertad desconoce \u00a0la \u00f3rbita de custodia impuesta por el Estado y resuelve \u00a0trasladarse hacia cualquier otro lugar sin permiso o autorizaci\u00f3n \u00a0expedida por la autoridad competente\u201d1. \u00a0<\/p>\n<p>4. \u00a0En \u00a0el presente asunto, de acuerdo con los hechos jur\u00eddicamente \u00a0relevantes relatados por la fiscal\u00eda, EDWIN \u00a0ALEXANDER PE\u00d1A \u00c1LVAREZ \u00a0evadi\u00f3 la medida de detenci\u00f3n domiciliaria que cumpl\u00eda \u00a0en la ciudad de Palmira. \u00a0Por lo tanto es all\u00ed en donde se entiende cometido el presunto \u00a0delito de fuga \u00a0de presos. \u00a0<\/p>\n<p>5. Por \u00a0consiguiente, acorde con lo anotado, las \u00a0diligencias ser\u00e1n remitidas inmediatamente al Centro de \u00a0Servicios Judiciales de los Juzgados Penales del Circuito de Palmira \u00a0para que se efect\u00fae el correspondiente reparto. As\u00ed \u00a0mismo, se \u00a0ordenar\u00e1 comunicar la presente decisi\u00f3n al Juzgado 17 \u00a0Penal del Circuito de Cali. \u00a0<\/p>\n<p>En m\u00e9rito \u00a0de lo expuesto, la Sala de Casaci\u00f3n Penal de la Corte Suprema \u00a0de Justicia, \u00a0<\/p>\n<p>RESUELVE \u00a0<\/p>\n<p>1. DECLARAR que \u00a0la competencia para conocer el proceso adelantado contra EDWIN \u00a0ALEXANDER PE\u00d1A \u00c1LVAREZ \u00a0por el delito de fuga \u00a0de presos \u00a0corresponde a los Juzgados \u00a0Penales del Circuito con Funciones de Conocimiento de Palmira \u00a0-Reparto-. \u00a0<\/p>\n<p>2. COMUNICAR \u00a0la presente determinaci\u00f3n al Juzgado \u00a017 Penal del Circuito con Funci\u00f3n de Conocimiento de Cali. \u00a0<\/p>\n<p>3. Contra \u00a0esta decisi\u00f3n no proceden recursos. \u00a0<\/p>\n<p>Comun\u00edquese \u00a0y c\u00famplase. \u00a0<\/p>\n<p>EYDER \u00a0PATI\u00d1O CABRERA \u00a0<\/p>\n<p>JOS\u00c9 \u00a0FRANCISCO ACU\u00d1A VIZCAYA \u00a0<\/p>\n<p>EUGENIO \u00a0FERN\u00c1NDEZ CARLIER \u00a0<\/p>\n<p>LUIS ANTONIO \u00a0HERN\u00c1NDEZ BARBOSA \u00a0<\/p>\n<p>JAIME \u00a0HUMBERTO MORENO ACERO \u00a0<\/p>\n<p>PATRICIA \u00a0SALAZAR CU\u00c9LLAR \u00a0<\/p>\n<p>LUIS \u00a0GUILLERMO SALAZAR OTERO \u00a0<\/p>\n<p>NUBIA \u00a0YOLANDA NOVA GARC\u00cdA \u00a0<\/p>\n<p>Secretaria \u00a0<\/p>\n<p>1 \u00a0 \u00a0 \u00a0 \u00a0 \u00a0CSJ autos del 5 de mayo de 2010, 14 de marzo de 2011, 9 de abril de \u00a0 \u00a0 \u00a0 \u00a0 \u00a02014, 10 de junio de 2015, radicados 33915, 36030, 43552 y 46093, \u00a0 \u00a0 \u00a0 \u00a0 \u00a0reiterado el 7 de junio de 2017, radicado 50414. \u00a0 \u00a0 \u00a0<\/p>\n<p><\/p>\n","protected":false},"excerpt":{"rendered":"<p>\u00a0 \u00a0 \u00a0 \u00a0\u00a0 LUIS \u00a0ANTONIO HERN\u00c1NDEZ BARBOSA \u00a0 Magistrado \u00a0ponente \u00a0 AP2487-2019 \u00a0 Radicaci\u00f3n \u00a0n.\u00b0 55545 \u00a0 Acta \u00a0155 \u00a0 Bogot\u00e1, \u00a0D. C., veintis\u00e9is (26) de junio de dos mil diecinueve (2019). \u00a0 VISTOS \u00a0 La \u00a0Corte define cu\u00e1l es la autoridad judicial competente para \u00a0conocer la actuaci\u00f3n seguida contra EDWIN ALEXANDER PE\u00d1A \u00a0\u00c1LVAREZ. [&hellip;]<\/p>\n","protected":false},"author":1,"featured_media":0,"comment_status":"open","ping_status":"open","sticky":false,"template":"","format":"standard","meta":{"footnotes":""},"categories":[28],"tags":[],"class_list":["post-42402","post","type-post","status-publish","format-standard","hentry","category-28"],"_links":{"self":[{"href":"https:\/\/dmsjuridica.com\/buscador_20179478954\/salapenalcronologico20230723\/wp-json\/wp\/v2\/posts\/42402","targetHints":{"allow":["GET"]}}],"collection":[{"href":"https:\/\/dmsjuridica.com\/buscador_20179478954\/salapenalcronologico20230723\/wp-json\/wp\/v2\/posts"}],"about":[{"href":"https:\/\/dmsjuridica.com\/buscador_20179478954\/salapenalcronologico20230723\/wp-json\/wp\/v2\/types\/post"}],"author":[{"embeddable":true,"href":"https:\/\/dmsjuridica.com\/buscador_20179478954\/salapenalcronologico20230723\/wp-json\/wp\/v2\/users\/1"}],"replies":[{"embeddable":true,"href":"https:\/\/dmsjuridica.com\/buscador_20179478954\/salapenalcronologico20230723\/wp-json\/wp\/v2\/comments?post=42402"}],"version-history":[{"count":0,"href":"https:\/\/dmsjuridica.com\/buscador_20179478954\/salapenalcronologico20230723\/wp-json\/wp\/v2\/posts\/42402\/revisions"}],"wp:attachment":[{"href":"https:\/\/dmsjuridica.com\/buscador_20179478954\/salapenalcronologico20230723\/wp-json\/wp\/v2\/media?parent=42402"}],"wp:term":[{"taxonomy":"category","embeddable":true,"href":"https:\/\/dmsjuridica.com\/buscador_20179478954\/salapenalcronologico20230723\/wp-json\/wp\/v2\/categories?post=42402"},{"taxonomy":"post_tag","embeddable":true,"href":"https:\/\/dmsjuridica.com\/buscador_20179478954\/salapenalcronologico20230723\/wp-json\/wp\/v2\/tags?post=42402"}],"curies":[{"name":"wp","href":"https:\/\/api.w.org\/{rel}","templated":true}]}}