{"id":42395,"date":"2023-09-14T21:43:57","date_gmt":"2023-09-14T21:43:57","guid":{"rendered":"https:\/\/dmsjuridica.com\/buscador_20179478954\/salapenalcronologico20230723\/2023\/09\/14\/ap2475-201953303\/"},"modified":"2023-09-14T21:43:57","modified_gmt":"2023-09-14T21:43:57","slug":"ap2475-201953303","status":"publish","type":"post","link":"https:\/\/dmsjuridica.com\/buscador_20179478954\/salapenalcronologico20230723\/2023\/09\/14\/ap2475-201953303\/","title":{"rendered":"AP2475-2019(53303)"},"content":{"rendered":"\n<p>\u00a0 \u00a0 \u00a0 Rep\u00fablica \u00a0 \u00a0 \u00a0 \u00a0 \u00a0 de Colombia \u00a0 \u00a0 \u00a0 \u00a0 \u00a0<\/p>\n<p>\u00a0\u00a0 \u00a0 \u00a0 \u00a0 \u00a0<\/p>\n<p>\u00a0\u00a0 \u00a0 \u00a0 \u00a0 \u00a0<\/p>\n<p>\u00a0\u00a0 \u00a0 \u00a0 \u00a0 \u00a0<\/p>\n<p>Corte \u00a0 \u00a0 \u00a0 \u00a0 \u00a0Suprema de Justicia \u00a0 \u00a0 \u00a0 \u00a0 \u00a0<\/p>\n<p>\u00a0\u00a0 \u00a0 \u00a0 \u00a0 \u00a0<\/p>\n<p>\u00a0 \u00a0\u00a0<\/p>\n<p>CORTE \u00a0SUPREMA DE JUSTICIA \u00a0<\/p>\n<p>SALA \u00a0DE CASACI\u00d3N PENAL \u00a0<\/p>\n<p>JOS\u00c9 \u00a0FRANCISCO ACU\u00d1A VIZCAYA \u00a0<\/p>\n<p>Magistrado \u00a0Ponente \u00a0<\/p>\n<p>AP2475-2019 \u00a0<\/p>\n<p>Radicaci\u00f3n \u00a0N\u00b053303 \u00a0<\/p>\n<p>(Aprobado \u00a0Acta No.155) \u00a0<\/p>\n<p>Bogot\u00e1 \u00a0D. C., veintis\u00e9is (26) de junio de dos mil diecinueve (2019). \u00a0<\/p>\n<p>Se \u00a0pronuncia la Sala sobre el \u00a0desistimiento del recurso de casaci\u00f3n presentado por la \u00a0defensora del procesado LUGARDO \u00a0ALBAR\u00c1N. \u00a0<\/p>\n<p>Hechos \u00a0<\/p>\n<p>El \u00a08 de febrero de 2007, en un puesto de control ubicado en la ruta que \u00a0comunica a Mojarras con la \u00a0ciudad de Popay\u00e1n, agentes adscritos a la Seccional de \u00a0Tr\u00e1nsito y Transporte del Cauca hallaron en poder de LUGARDO \u00a0ALBAR\u00c1N y LEIDY CAROLINA MU\u00d1OZ CRIOLLO, ocupantes de \u00a0una buseta de servicio p\u00fablico, sendos bolsos que conten\u00edan \u00a0marihuana, en cantidad de 8.041 gramos. \u00a0<\/p>\n<p>Actuaci\u00f3n \u00a0procesal relevante \u00a0<\/p>\n<p>1. \u00a0En virtud de un acuerdo realizado por el procesado LUGARDO ALBAR\u00c1N \u00a0con la fiscal\u00eda, el Juzgado Penal del Circuito de Pat\u00eda \u00a0con Funciones de Conocimiento, mediante sentencia fechada el 29 de \u00a0septiembre de 2017, lo conden\u00f3 anticipadamente a la pena \u00a0principal de 48 meses de prisi\u00f3n y multa de 62 s.m.l.m.v., en \u00a0calidad de c\u00f3mplice del delito de tr\u00e1fico, fabricaci\u00f3n \u00a0y porte de estupefacientes, y le neg\u00f3 el subrogado penal de la \u00a0suspensi\u00f3n condicional de la ejecuci\u00f3n de la pena y el \u00a0sustituto de la prisi\u00f3n domiciliaria. \u00a0<\/p>\n<p>2. \u00a0La defensa recurri\u00f3 esta decisi\u00f3n en apelaci\u00f3n \u00a0para solicitar el otorgamiento de la prisi\u00f3n domiciliaria, por \u00a0considerar que se cumpl\u00edan los presupuestos legales requeridos \u00a0para su otorgamiento, pero el Tribunal Superior del Distrito Judicial \u00a0de Popay\u00e1n, mediante sentencia de 15 de mayo de 2018, neg\u00f3 \u00a0su pretensi\u00f3n. Inconforme con esta decisi\u00f3n, la defensa \u00a0recurri\u00f3 en casaci\u00f3n y fundament\u00f3 en tiempo el \u00a0recurso. \u00a0<\/p>\n<p>SE \u00a0CONSIDERA \u00a0<\/p>\n<p>En \u00a0escrito fechado el 5 de junio del a\u00f1o en curso, la defensora \u00a0de confianza del procesado manifiesta que desiste del recurso de \u00a0casaci\u00f3n interpuesto por ella contra la sentencia dictada por \u00a0el Tribunal Superior de Popay\u00e1n el 15 de mayo de 2018. \u00a0<\/p>\n<p>El \u00a0art\u00edculo 199 de la Ley 906 de 2004 permite al recurrente hacer \u00a0uso de esta facultad hasta antes del pronunciamiento del fallo, \u00a0presupuesto que en este caso no se ha materializado. \u00a0<\/p>\n<p>Por tanto, la Sala \u00a0acceder\u00e1 a la pretensi\u00f3n de la memorialista y ordenar\u00e1 \u00a0la devoluci\u00f3n del proceso a la oficina de origen. \u00a0<\/p>\n<p>En m\u00e9rito \u00a0de lo expuesto, LA CORTE SUPREMA DE JUSTICIA, SALA DE CASACI\u00d3N \u00a0PENAL, \u00a0<\/p>\n<p>RESUELVE \u00a0<\/p>\n<p>ACEPTAR \u00a0el desistimiento del recurso de casaci\u00f3n presentado por la \u00a0defensora del procesado LUGARDO \u00a0ALBAR\u00c1N. \u00a0En consecuencia, se ordena la devoluci\u00f3n del proceso a la \u00a0oficina de origen. \u00a0<\/p>\n<p>NOTIF\u00cdQUESE \u00a0y C\u00daMPLASE. \u00a0<\/p>\n<p>EYDER PATI\u00d1O \u00a0CABRERA \u00a0<\/p>\n<p>JOS\u00c9 \u00a0FRANCISCO ACU\u00d1A VIZCAYA \u00a0<\/p>\n<p>EUGENIO \u00a0FERN\u00c1NDEZ CARLIER \u00a0<\/p>\n<p>LUIS ANTONIO \u00a0HERN\u00c1NDEZ BARBOSA \u00a0<\/p>\n<p>JAIME HUMBERTO \u00a0MORENO ACERO \u00a0<\/p>\n<p>PATRICIA \u00a0SALAZAR CU\u00c9LLAR \u00a0<\/p>\n<p>LUIS GUILLERMO \u00a0SALAZAR OTERO \u00a0<\/p>\n<p>NUBIA \u00a0YOLANDA NOVA GARC\u00cdA \u00a0<\/p>\n<p>Secretaria \u00a0<\/p>\n<p>6 \u00a0 \u00a0 \u00a0<\/p>\n<p><\/p>\n","protected":false},"excerpt":{"rendered":"<p>\u00a0 \u00a0 \u00a0 Rep\u00fablica \u00a0 \u00a0 \u00a0 \u00a0 \u00a0 de Colombia \u00a0 \u00a0 \u00a0 \u00a0 \u00a0 \u00a0\u00a0 \u00a0 \u00a0 \u00a0 \u00a0 \u00a0\u00a0 \u00a0 \u00a0 \u00a0 \u00a0 \u00a0\u00a0 \u00a0 \u00a0 \u00a0 \u00a0 Corte \u00a0 \u00a0 \u00a0 \u00a0 \u00a0Suprema de Justicia \u00a0 \u00a0 \u00a0 \u00a0 \u00a0 \u00a0\u00a0 \u00a0 \u00a0 \u00a0 \u00a0 \u00a0 \u00a0\u00a0 CORTE \u00a0SUPREMA DE JUSTICIA [&hellip;]<\/p>\n","protected":false},"author":1,"featured_media":0,"comment_status":"open","ping_status":"open","sticky":false,"template":"","format":"standard","meta":{"footnotes":""},"categories":[28],"tags":[],"class_list":["post-42395","post","type-post","status-publish","format-standard","hentry","category-28"],"_links":{"self":[{"href":"https:\/\/dmsjuridica.com\/buscador_20179478954\/salapenalcronologico20230723\/wp-json\/wp\/v2\/posts\/42395","targetHints":{"allow":["GET"]}}],"collection":[{"href":"https:\/\/dmsjuridica.com\/buscador_20179478954\/salapenalcronologico20230723\/wp-json\/wp\/v2\/posts"}],"about":[{"href":"https:\/\/dmsjuridica.com\/buscador_20179478954\/salapenalcronologico20230723\/wp-json\/wp\/v2\/types\/post"}],"author":[{"embeddable":true,"href":"https:\/\/dmsjuridica.com\/buscador_20179478954\/salapenalcronologico20230723\/wp-json\/wp\/v2\/users\/1"}],"replies":[{"embeddable":true,"href":"https:\/\/dmsjuridica.com\/buscador_20179478954\/salapenalcronologico20230723\/wp-json\/wp\/v2\/comments?post=42395"}],"version-history":[{"count":0,"href":"https:\/\/dmsjuridica.com\/buscador_20179478954\/salapenalcronologico20230723\/wp-json\/wp\/v2\/posts\/42395\/revisions"}],"wp:attachment":[{"href":"https:\/\/dmsjuridica.com\/buscador_20179478954\/salapenalcronologico20230723\/wp-json\/wp\/v2\/media?parent=42395"}],"wp:term":[{"taxonomy":"category","embeddable":true,"href":"https:\/\/dmsjuridica.com\/buscador_20179478954\/salapenalcronologico20230723\/wp-json\/wp\/v2\/categories?post=42395"},{"taxonomy":"post_tag","embeddable":true,"href":"https:\/\/dmsjuridica.com\/buscador_20179478954\/salapenalcronologico20230723\/wp-json\/wp\/v2\/tags?post=42395"}],"curies":[{"name":"wp","href":"https:\/\/api.w.org\/{rel}","templated":true}]}}