{"id":42355,"date":"2023-09-14T21:43:55","date_gmt":"2023-09-14T21:43:55","guid":{"rendered":"https:\/\/dmsjuridica.com\/buscador_20179478954\/salapenalcronologico20230723\/2023\/09\/14\/ap2306-201955445\/"},"modified":"2023-09-14T21:43:55","modified_gmt":"2023-09-14T21:43:55","slug":"ap2306-201955445","status":"publish","type":"post","link":"https:\/\/dmsjuridica.com\/buscador_20179478954\/salapenalcronologico20230723\/2023\/09\/14\/ap2306-201955445\/","title":{"rendered":"AP2306-2019(55445)"},"content":{"rendered":"\n<p>\u00a0 \u00a0 \u00a0 \u00a0\u00a0<\/p>\n<p>LUIS \u00a0ANTONIO HERN\u00c1NDEZ BARBOSA \u00a0<\/p>\n<p>Magistrado \u00a0ponente \u00a0<\/p>\n<p>AP2306-2019 \u00a0<\/p>\n<p>Radicaci\u00f3n \u00a0n.\u00b0 55445 \u00a0<\/p>\n<p>Acta \u00a0144 \u00a0<\/p>\n<p>Bogot\u00e1, \u00a0D. C., doce (12) de junio de dos mil diecinueve (2019). \u00a0<\/p>\n<p>VISTOS \u00a0<\/p>\n<p>La \u00a0Corte define cu\u00e1l es la autoridad judicial competente para \u00a0resolver \u00a0la petici\u00f3n de libertad \u00a0por vencimiento de t\u00e9rminos \u00a0presentada por el defensor de CRISTIAN ANDR\u00c9S ANGULO CAICEDO. \u00a0<\/p>\n<p>ANTECEDENTES \u00a0<\/p>\n<p>1. \u00a0El 27 de mayo de 2019, el abogado del mencionado procesado radic\u00f3 \u00a0ante el Centro de Servicios Judiciales de Tumaco (Nari\u00f1o), \u00a0petici\u00f3n de libertad \u00a0por vencimiento de t\u00e9rminos \u00a0al amparo de la causal 5\u00b0 del art\u00edculo 317 de la Ley 906 \u00a0de 2004. \u00a0<\/p>\n<p>2. \u00a0La actuaci\u00f3n fue asignada al Juzgado 1\u00b0 Penal Municipal de \u00a0Tumaco, el cual, sin convocar a la audiencia requerida, mediante \u00a0decisi\u00f3n del 27 de mayo del a\u00f1o en curso, rehus\u00f3 \u00a0la competencia para conocer dicha solicitud. \u00a0<\/p>\n<p>Argument\u00f3 \u00a0que en este caso la funci\u00f3n de \u00a0control de garant\u00edas debe ser ejercida por el juez del lugar \u00a0donde se encuentra recluido el procesado -C\u00e1rcel \u00a0La Picota de Bogot\u00e1-, \u00a0en tanto se desconoce el lugar de ocurrencia de hechos. Lo anterior, \u00a0teniendo en cuenta la decisi\u00f3n adoptada por esta Corporaci\u00f3n \u00a0en providencia del 30 de enero de 2019, rad. 54.493. \u00a0<\/p>\n<p>Por \u00a0consiguiente, orden\u00f3 el env\u00edo del caso a la Corte para \u00a0la definici\u00f3n de competencia. \u00a0<\/p>\n<p>CONSIDERACIONES \u00a0<\/p>\n<p>1. Conforme \u00a0al numeral 4\u00ba del art\u00edculo 32 de la Ley 906 de 2004, la \u00a0Sala est\u00e1 facultada para dirimir la controversia suscitada, \u00a0dado que los juzgados en los cuales podr\u00eda recaer la \u00a0competencia para decidir la solicitud de libertad tienen su sede en \u00a0distritos judiciales diferentes. \u00a0<\/p>\n<p>2. El \u00a0art\u00edculo 54 del C\u00f3digo de Procedimiento Penal vigente, \u00a0al remitir al tr\u00e1mite contemplado en el art\u00edculo 286 de \u00a0la misma codificaci\u00f3n, autoriza expresamente a los jueces de \u00a0garant\u00edas a declararse incompetentes para celebrar la \u00a0formulaci\u00f3n de imputaci\u00f3n. Facultad que, por v\u00eda \u00a0jurisprudencial, se ha hecho extensiva a las dem\u00e1s audiencias \u00a0preliminares. (Cfr. \u00a0CSJ AP, 14 Mayo 2013, Rad. 41228 y CSJ AP, 22 Sep 2015, Rad. 46772, \u00a0entre otros). \u00a0<\/p>\n<p>3. Por \u00a0su parte, el art\u00edculo 39 original del mismo cuerpo normativo \u00a0establec\u00eda que el control de garant\u00edas ser\u00eda \u00a0ejercido por \u00abun \u00a0juez penal municipal del lugar en que se cometi\u00f3 el delito\u00bb. \u00a0No obstante, a partir de la modificaci\u00f3n introducida por la \u00a0Ley 1453 de 2011, esta funci\u00f3n corresponde a \u00abcualquier \u00a0juez penal municipal\u00bb. \u00a0<\/p>\n<p>Seg\u00fan \u00a0criterio de la Sala, este cambio normativo no implica una \u00a0autorizaci\u00f3n a las partes para escoger, arbitrariamente y sin \u00a0limitaci\u00f3n alguna, el juzgado de garant\u00edas al que \u00a0quieren acudir. De ah\u00ed que, a\u00fan en materia de \u00a0audiencias preliminares, en principio deben respetarse las reglas \u00a0atributivas de competencia en raz\u00f3n del territorio. (CSJ \u00a0AP, 4 May. 2016, Rad. 47981). \u00a0<\/p>\n<p>Lo anterior, sin \u00a0perjuicio de que tal criterio preferente pueda exceptuarse \u00a0si las circunstancias del caso concreto as\u00ed lo aconsejan, con \u00a0fundamento en el principio de razonabilidad y la mayor protecci\u00f3n \u00a0posible de las garant\u00edas procesales de quienes puedan verse \u00a0afectados con las decisiones a adoptar. (Cfr., entre otros, CSJ \u00a0AP, 26 Oct 2011, Rad. 37674). \u00a0<\/p>\n<p>Al fijar dichas \u00a0pautas, la jurisprudencia ha ofrecido algunos ejemplos en los que se \u00a0considera necesario desconocer la regla general y aplicar la \u00a0excepci\u00f3n. Entre otras hip\u00f3tesis, as\u00ed debe \u00a0procederse cuando el procesado \u00abse \u00a0encuentre privado de la libertad en establecimiento carcelario de \u00a0lugar diferente al de la comisi\u00f3n del acontecer f\u00e1ctico\u00bb. \u00a0<\/p>\n<p>4. Exactamente \u00a0esa situaci\u00f3n se presenta en el asunto bajo examen. CRISTIAN \u00a0ANDR\u00c9S ANGULO CAICEDO \u00a0se \u00a0encuentra detenido en la C\u00e1rcel La Picota de Bogot\u00e1, y \u00a0se desconoce el lugar de ocurrencia de los hechos que motivan la \u00a0actuaci\u00f3n de la referencia. \u00a0<\/p>\n<p>Por ende, en \u00a0seguimiento de la doctrina jurisprudencial sobre la materia que aqu\u00ed \u00a0se ratifica, la Corte considera cumplidas las condiciones para \u00a0exceptuar \u00a0la regla preferente de competencia territorial y, en su lugar, \u00a0declarar que el competente para resolver la solicitud de libertad \u00a0por vencimiento de t\u00e9rminos \u00a0es un Juez Penal Municipal con Funci\u00f3n de Control de Garant\u00edas \u00a0de Bogot\u00e1 -Reparto-. \u00a0<\/p>\n<p>As\u00ed las \u00a0cosas, las diligencias ser\u00e1n remitidas inmediatamente al \u00a0Centro de Servicios Judiciales de los Juzgados Penales de Bogot\u00e1, \u00a0para que se efect\u00fae el correspondiente reparto. Igualmente, se \u00a0ordenar\u00e1 comunicar la presente decisi\u00f3n al Juzgado 1\u00b0 \u00a0Penal \u00a0Municipal de Tumaco. \u00a0<\/p>\n<p>En m\u00e9rito \u00a0de lo expuesto, la Corte Suprema de Justicia, Sala de Casaci\u00f3n \u00a0Penal, \u00a0<\/p>\n<p>RESUELVE: \u00a0<\/p>\n<p>1. \u00a0 \u00a0 \u00a0 \u00a0DECLARAR que \u00a0la competencia para conocer la solicitud de libertad \u00a0por vencimiento de t\u00e9rminos \u00a0presentada por el defensor de CRISTIAN \u00a0ANDR\u00c9S ANGULO CAICEDO, \u00a0corresponde a los Juzgados \u00a0Penales Municipales con Funci\u00f3n de Control de Garant\u00edas \u00a0de Bogot\u00e1 -Reparto-. \u00a0<\/p>\n<p>2. \u00a0REMITIR \u00a0inmediatamente la actuaci\u00f3n al Centro \u00a0de Servicios Judiciales de los Juzgados Penales de Bogot\u00e1, \u00a0para su asignaci\u00f3n por reparto, al juez de garant\u00edas. \u00a0<\/p>\n<p>3. \u00a0 \u00a0 \u00a0 \u00a0COMUNICAR \u00a0la presente determinaci\u00f3n al Juzgado 1\u00b0 \u00a0Penal \u00a0Municipal de Tumaco. \u00a0<\/p>\n<p>4. Contra \u00a0esta decisi\u00f3n no proceden recursos. \u00a0<\/p>\n<p>Comun\u00edquese \u00a0y c\u00famplase. \u00a0<\/p>\n<p>EYDER \u00a0PATI\u00d1O CABRERA \u00a0<\/p>\n<p>JOS\u00c9 \u00a0FRANCISCO ACU\u00d1A VIZCAYA \u00a0<\/p>\n<p>EUGENIO \u00a0FERN\u00c1NDEZ CARLIER \u00a0<\/p>\n<p>LUIS ANTONIO \u00a0HERN\u00c1NDEZ BARBOSA \u00a0<\/p>\n<p>PATRICIA \u00a0SALAZAR CU\u00c9LLAR \u00a0<\/p>\n<p>LUIS \u00a0GUILLERMO SALAZAR OTERO \u00a0<\/p>\n<p>NUBIA \u00a0YOLANDA NOVA GARC\u00cdA \u00a0<\/p>\n<p>Secretaria \u00a0<\/p>\n<p>\u00a0 \u00a0 \u00a0\u00a0<\/p>\n<p><\/p>\n","protected":false},"excerpt":{"rendered":"<p>\u00a0 \u00a0 \u00a0 \u00a0\u00a0 LUIS \u00a0ANTONIO HERN\u00c1NDEZ BARBOSA \u00a0 Magistrado \u00a0ponente \u00a0 AP2306-2019 \u00a0 Radicaci\u00f3n \u00a0n.\u00b0 55445 \u00a0 Acta \u00a0144 \u00a0 Bogot\u00e1, \u00a0D. C., doce (12) de junio de dos mil diecinueve (2019). \u00a0 VISTOS \u00a0 La \u00a0Corte define cu\u00e1l es la autoridad judicial competente para \u00a0resolver \u00a0la petici\u00f3n de libertad \u00a0por vencimiento de t\u00e9rminos [&hellip;]<\/p>\n","protected":false},"author":1,"featured_media":0,"comment_status":"open","ping_status":"open","sticky":false,"template":"","format":"standard","meta":{"footnotes":""},"categories":[28],"tags":[],"class_list":["post-42355","post","type-post","status-publish","format-standard","hentry","category-28"],"_links":{"self":[{"href":"https:\/\/dmsjuridica.com\/buscador_20179478954\/salapenalcronologico20230723\/wp-json\/wp\/v2\/posts\/42355","targetHints":{"allow":["GET"]}}],"collection":[{"href":"https:\/\/dmsjuridica.com\/buscador_20179478954\/salapenalcronologico20230723\/wp-json\/wp\/v2\/posts"}],"about":[{"href":"https:\/\/dmsjuridica.com\/buscador_20179478954\/salapenalcronologico20230723\/wp-json\/wp\/v2\/types\/post"}],"author":[{"embeddable":true,"href":"https:\/\/dmsjuridica.com\/buscador_20179478954\/salapenalcronologico20230723\/wp-json\/wp\/v2\/users\/1"}],"replies":[{"embeddable":true,"href":"https:\/\/dmsjuridica.com\/buscador_20179478954\/salapenalcronologico20230723\/wp-json\/wp\/v2\/comments?post=42355"}],"version-history":[{"count":0,"href":"https:\/\/dmsjuridica.com\/buscador_20179478954\/salapenalcronologico20230723\/wp-json\/wp\/v2\/posts\/42355\/revisions"}],"wp:attachment":[{"href":"https:\/\/dmsjuridica.com\/buscador_20179478954\/salapenalcronologico20230723\/wp-json\/wp\/v2\/media?parent=42355"}],"wp:term":[{"taxonomy":"category","embeddable":true,"href":"https:\/\/dmsjuridica.com\/buscador_20179478954\/salapenalcronologico20230723\/wp-json\/wp\/v2\/categories?post=42355"},{"taxonomy":"post_tag","embeddable":true,"href":"https:\/\/dmsjuridica.com\/buscador_20179478954\/salapenalcronologico20230723\/wp-json\/wp\/v2\/tags?post=42355"}],"curies":[{"name":"wp","href":"https:\/\/api.w.org\/{rel}","templated":true}]}}