{"id":42354,"date":"2023-09-14T21:43:55","date_gmt":"2023-09-14T21:43:55","guid":{"rendered":"https:\/\/dmsjuridica.com\/buscador_20179478954\/salapenalcronologico20230723\/2023\/09\/14\/ap2305-201955482\/"},"modified":"2023-09-14T21:43:55","modified_gmt":"2023-09-14T21:43:55","slug":"ap2305-201955482","status":"publish","type":"post","link":"https:\/\/dmsjuridica.com\/buscador_20179478954\/salapenalcronologico20230723\/2023\/09\/14\/ap2305-201955482\/","title":{"rendered":"AP2305-2019(55482)"},"content":{"rendered":"\n<p>\u00a0 \u00a0 \u00a0 \u00a0\u00a0<\/p>\n<p>LUIS \u00a0ANTONIO HERN\u00c1NDEZ BARBOSA \u00a0<\/p>\n<p>Magistrado \u00a0ponente \u00a0<\/p>\n<p>AP2305-2019 \u00a0<\/p>\n<p>Radicaci\u00f3n \u00a0n.\u00b0 55482 \u00a0<\/p>\n<p>Acta \u00a0144 \u00a0<\/p>\n<p>Bogot\u00e1, \u00a0D. C., doce (12) de junio de dos mil diecinueve (2019). \u00a0<\/p>\n<p>VISTOS \u00a0<\/p>\n<p>La \u00a0Corte define cu\u00e1l es la autoridad judicial competente para \u00a0conocer la actuaci\u00f3n seguida contra JOS\u00c9 DANIEL DELGADO \u00a0MONTERO. \u00a0<\/p>\n<p>ANTECEDENTES \u00a0<\/p>\n<p>1. \u00a0El \u00a02 de junio de 2018, aproximadamente a las 15:35 horas, en la carrera \u00a03 occidente con calle 32 de la ciudad de Bucaramanga, fue capturado \u00a0JOS\u00c9 \u00a0DANIEL DELGADO MONTERO \u00a0cuando se encontraba fuera de su residencia ubicada en la carrera 22 \u00a0A No. 29-99 de Cartagena, sin autorizaci\u00f3n de autoridad \u00a0competente, no obstante hallarse \u00a0en \u00a0detenci\u00f3n domiciliaria, a \u00f3rdenes del Juzgado 8\u00b0 \u00a0Penal Municipal de la misma ciudad. \u00a0<\/p>\n<p>2. \u00a0El \u00a0d\u00eda siguiente, ante el Juzgado 11 Penal Municipal con funci\u00f3n \u00a0de Control de Garant\u00edas de Bucaramanga, previa legalizaci\u00f3n \u00a0de la captura, la Fiscal\u00eda imput\u00f3 a DELGADO \u00a0MONTERO el \u00a0delito de fuga \u00a0de presos de \u00a0conformidad con lo previsto en el art\u00edculo 448 del C\u00f3digo \u00a0Penal. El procesado no se allan\u00f3 a cargos. \u00a0<\/p>\n<p>3. \u00a0El 7 de septiembre de 2018 se radic\u00f3 escrito de acusaci\u00f3n. \u00a0La actuaci\u00f3n correspondi\u00f3 \u00a0por reparto al Juzgado 6\u00b0 \u00a0Penal del Circuito con Funciones de Conocimiento de Bucaramanga. \u00a0<\/p>\n<p>4. \u00a0Convocadas \u00a0las partes para la celebraci\u00f3n de la audiencia de formulaci\u00f3n \u00a0de acusaci\u00f3n, la fiscal\u00eda, impugn\u00f3 la \u00a0competencia del juzgado para conocer las diligencias por el factor \u00a0territorial. \u00a0Explic\u00f3 que la conducta punible atribuida al \u00a0procesado se cometi\u00f3 en Cartagena, en \u00a0tanto, all\u00ed se ubica el domicilio del cual se sustrajo \u00a0indebidamente el encartado, quien se encontraba cobijado con medida \u00a0de aseguramiento de detenci\u00f3n domiciliaria. \u00a0<\/p>\n<p>5. \u00a0El \u00a0juez de conocimiento consider\u00f3 que le asist\u00eda raz\u00f3n \u00a0a la fiscal\u00eda. En consecuencia, dispuso el env\u00edo de las \u00a0diligencias a esta Corporaci\u00f3n, para \u00a0la definici\u00f3n de competencia. \u00a0<\/p>\n<p>CONSIDERACIONES \u00a0<\/p>\n<p>1. \u00a0Corresponde \u00a0a la Sala de Casaci\u00f3n Penal de la Corte Suprema de Justicia, \u00a0conforme a los lineamientos contenidos en el numeral 4\u00b0 del \u00a0art\u00edculo 32 del C\u00f3digo de Procedimiento Penal (Ley \u00a0906 de 2004), \u00a0pronunciarse sobre la competencia cuando se trate de juzgados de \u00a0diferentes distritos. \u00a0<\/p>\n<p>2. \u00a0El \u00a0art\u00edculo 43 de la Ley 906 de 2004 establece la \u00a0competencia territorial en \u00a0el juez del lugar donde ocurri\u00f3 el delito y si no es posible \u00a0determinarlo o si se realiz\u00f3 en varios sitios, en uno incierto \u00a0o en el extranjero, se fija en el lugar donde se encuentren los \u00a0elementos fundamentales de la acusaci\u00f3n. \u00a0<\/p>\n<p>3. \u00a0Por \u00a0su parte, la jurisprudencia reiterada de la Sala ha determinado que \u00a0el delito de fuga \u00a0de presos \u00a0se \u00a0consuma: \u201cen \u00a0forma instant\u00e1nea y produce efectos permanentes a partir del \u00a0momento en que la persona legalmente privada de la libertad desconoce \u00a0la \u00f3rbita de custodia impuesta por el Estado y resuelve \u00a0trasladarse hacia cualquier otro lugar sin permiso o autorizaci\u00f3n \u00a0expedida por la autoridad competente\u201d1. \u00a0<\/p>\n<p>4. \u00a0En \u00a0el presente asunto, de acuerdo con los hechos jur\u00eddicamente \u00a0relevantes relatados por la fiscal\u00eda, JOS\u00c9 \u00a0DANIEL DELGADO MONTERO \u00a0evadi\u00f3 la medida de detenci\u00f3n domiciliaria que cumpl\u00eda \u00a0en la ciudad de Cartagena. \u00a0Por lo tanto es all\u00ed en donde se entiende cometido el presunto \u00a0delito de fuga \u00a0de presos. \u00a0<\/p>\n<p>5. Por \u00a0consiguiente, acorde con lo anotado, las \u00a0diligencias ser\u00e1n remitidas inmediatamente al Centro de \u00a0Servicios Judiciales de los Juzgados Penales del Circuito de \u00a0Cartagena para que se efect\u00fae el correspondiente reparto. As\u00ed \u00a0mismo, se \u00a0ordenar\u00e1 comunicar la presente decisi\u00f3n al Juzgado 6\u00b0 \u00a0Penal del Circuito de Bucaramanga. \u00a0<\/p>\n<p>En m\u00e9rito \u00a0de lo expuesto, la Sala de Casaci\u00f3n Penal de la Corte Suprema \u00a0de Justicia, \u00a0<\/p>\n<p>RESUELVE \u00a0<\/p>\n<p>1. DECLARAR que \u00a0la competencia para conocer el proceso adelantado contra JOS\u00c9 \u00a0DANIEL DELGADO MONTERO \u00a0por el delito de fuga \u00a0de presos \u00a0corresponde a los Juzgados \u00a0Penales del Circuito con Funciones de Conocimiento de Cartagena \u00a0-Reparto-. \u00a0<\/p>\n<p>2. COMUNICAR \u00a0la presente determinaci\u00f3n al Juzgado \u00a06\u00b0 Penal del Circuito con Funci\u00f3n de Conocimiento de \u00a0Bucaramanga. \u00a0<\/p>\n<p>3. Contra \u00a0esta decisi\u00f3n no proceden recursos. \u00a0<\/p>\n<p>Comun\u00edquese \u00a0y c\u00famplase. \u00a0<\/p>\n<p>EYDER \u00a0PATI\u00d1O CABRERA \u00a0<\/p>\n<p>JOS\u00c9 \u00a0FRANCISCO ACU\u00d1A VIZCAYA \u00a0<\/p>\n<p>EUGENIO \u00a0FERN\u00c1NDEZ CARLIER \u00a0<\/p>\n<p>LUIS ANTONIO \u00a0HERN\u00c1NDEZ BARBOSA \u00a0<\/p>\n<p>PATRICIA \u00a0SALAZAR CU\u00c9LLAR \u00a0<\/p>\n<p>LUIS \u00a0GUILLERMO SALAZAR OTERO \u00a0<\/p>\n<p>NUBIA \u00a0YOLANDA NOVA GARC\u00cdA \u00a0<\/p>\n<p>Secretaria \u00a0<\/p>\n<p>1 \u00a0 \u00a0 \u00a0 \u00a0 \u00a0CSJ autos del 5 de mayo de 2010, 14 de marzo de 2011, 9 de abril de \u00a0 \u00a0 \u00a0 \u00a0 \u00a02014, 10 de junio de 2015, radicados 33915, 36030, 43552 y 46093, \u00a0 \u00a0 \u00a0 \u00a0 \u00a0reiterado el 7 de junio de 2017, radicado 50414. \u00a0 \u00a0 \u00a0<\/p>\n<p><\/p>\n","protected":false},"excerpt":{"rendered":"<p>\u00a0 \u00a0 \u00a0 \u00a0\u00a0 LUIS \u00a0ANTONIO HERN\u00c1NDEZ BARBOSA \u00a0 Magistrado \u00a0ponente \u00a0 AP2305-2019 \u00a0 Radicaci\u00f3n \u00a0n.\u00b0 55482 \u00a0 Acta \u00a0144 \u00a0 Bogot\u00e1, \u00a0D. C., doce (12) de junio de dos mil diecinueve (2019). \u00a0 VISTOS \u00a0 La \u00a0Corte define cu\u00e1l es la autoridad judicial competente para \u00a0conocer la actuaci\u00f3n seguida contra JOS\u00c9 DANIEL DELGADO \u00a0MONTERO. [&hellip;]<\/p>\n","protected":false},"author":1,"featured_media":0,"comment_status":"open","ping_status":"open","sticky":false,"template":"","format":"standard","meta":{"footnotes":""},"categories":[28],"tags":[],"class_list":["post-42354","post","type-post","status-publish","format-standard","hentry","category-28"],"_links":{"self":[{"href":"https:\/\/dmsjuridica.com\/buscador_20179478954\/salapenalcronologico20230723\/wp-json\/wp\/v2\/posts\/42354","targetHints":{"allow":["GET"]}}],"collection":[{"href":"https:\/\/dmsjuridica.com\/buscador_20179478954\/salapenalcronologico20230723\/wp-json\/wp\/v2\/posts"}],"about":[{"href":"https:\/\/dmsjuridica.com\/buscador_20179478954\/salapenalcronologico20230723\/wp-json\/wp\/v2\/types\/post"}],"author":[{"embeddable":true,"href":"https:\/\/dmsjuridica.com\/buscador_20179478954\/salapenalcronologico20230723\/wp-json\/wp\/v2\/users\/1"}],"replies":[{"embeddable":true,"href":"https:\/\/dmsjuridica.com\/buscador_20179478954\/salapenalcronologico20230723\/wp-json\/wp\/v2\/comments?post=42354"}],"version-history":[{"count":0,"href":"https:\/\/dmsjuridica.com\/buscador_20179478954\/salapenalcronologico20230723\/wp-json\/wp\/v2\/posts\/42354\/revisions"}],"wp:attachment":[{"href":"https:\/\/dmsjuridica.com\/buscador_20179478954\/salapenalcronologico20230723\/wp-json\/wp\/v2\/media?parent=42354"}],"wp:term":[{"taxonomy":"category","embeddable":true,"href":"https:\/\/dmsjuridica.com\/buscador_20179478954\/salapenalcronologico20230723\/wp-json\/wp\/v2\/categories?post=42354"},{"taxonomy":"post_tag","embeddable":true,"href":"https:\/\/dmsjuridica.com\/buscador_20179478954\/salapenalcronologico20230723\/wp-json\/wp\/v2\/tags?post=42354"}],"curies":[{"name":"wp","href":"https:\/\/api.w.org\/{rel}","templated":true}]}}