{"id":42332,"date":"2023-09-14T21:43:54","date_gmt":"2023-09-14T21:43:54","guid":{"rendered":"https:\/\/dmsjuridica.com\/buscador_20179478954\/salapenalcronologico20230723\/2023\/09\/14\/ap2274-201955462\/"},"modified":"2023-09-14T21:43:54","modified_gmt":"2023-09-14T21:43:54","slug":"ap2274-201955462","status":"publish","type":"post","link":"https:\/\/dmsjuridica.com\/buscador_20179478954\/salapenalcronologico20230723\/2023\/09\/14\/ap2274-201955462\/","title":{"rendered":"AP2274-2019(55462)"},"content":{"rendered":"\n<p>\u00a0 \u00a0 \u00a0 \u00a0\u00a0<\/p>\n<p>LUIS ANTONIO HERN\u00c1NDEZ \u00a0BARBOSA \u00a0<\/p>\n<p>Magistrado Ponente \u00a0<\/p>\n<p>AP2274 &#8211; 2019 \u00a0<\/p>\n<p>Radicaci\u00f3n 55462 \u00a0<\/p>\n<p>Aprobado en Acta No. 144 \u00a0<\/p>\n<p>Bogot\u00e1, D.C, doce (12) \u00a0de junio de dos mil diecinueve (2019). \u00a0<\/p>\n<p>ASUNTO \u00a0<\/p>\n<p>La \u00a0Sala define la competencia para conocer del juzgamiento promovido por \u00a0la Fiscal\u00eda contra LEONEL MAURICIO RIA\u00d1O ROBAYO, a \u00a0quien le fueron imputados cargos como autor del delito de fuga de \u00a0presos. \u00a0<\/p>\n<p>HECHOS \u00a0<\/p>\n<p>De \u00a0acuerdo con la informaci\u00f3n que obra en la actuaci\u00f3n, en \u00a0la tarde del 11 de marzo de 2019, cuando la Polic\u00eda de \u00a0Tr\u00e1nsito realizaba labores de registro a personas y veh\u00edculos \u00a0que transitaban por la v\u00eda Bogot\u00e1 \u2013 Girardot km \u00a033, vereda \u00abEl \u00a0Salero\u00bb, \u00a0LEONEL MAURICIO RIA\u00d1O ROBAYO -quien \u00a0conduc\u00eda un veh\u00edculo marca Chevrolet, color negro- \u00a0fue requerido sobre su identificaci\u00f3n, a lo que respondi\u00f3 \u00a0que hab\u00eda extraviado el documento de identidad, siendo \u00a0conducido al comando de polic\u00eda para su verificaci\u00f3n, \u00a0encontrando que registraba una sentencia cuya sanci\u00f3n estaba \u00a0cumpliendo en prisi\u00f3n domiciliaria en la ciudad de Bogot\u00e1, \u00a0motivo por el cual se llev\u00f3 a cabo su captura y fue puesto a \u00a0disposici\u00f3n de la \u00a0autoridad competente, al avizorar la posible comisi\u00f3n del \u00a0delito de fuga de presos. \u00a0<\/p>\n<p>ANTECEDENTES PROCESALES \u00a0RELEVANTES \u00a0<\/p>\n<p>1. En \u00a0audiencia preliminar celebrada el 12 de marzo de 2019 ante el Juzgado \u00a0Segundo Promiscuo Municipal con Funciones de Control de Garant\u00edas \u00a0y de Conocimiento de Melgar, Tolima, se legaliz\u00f3 la captura de \u00a0LEONEL MAURICIO RIA\u00d1O ROBAYO, a quien la Fiscal\u00eda \u00a0imput\u00f3 cargos como autor del delito de fuga de presos, \u00a0previsto en el art\u00edculo 448 del C\u00f3digo Penal, los que \u00a0no acept\u00f3. \u00a0<\/p>\n<p>En la misma diligencia, la \u00a0Fiscal\u00eda solicit\u00f3 imposici\u00f3n de medida de \u00a0aseguramiento privativa de la libertad en establecimiento \u00a0 carcelario, \u00a0pedimento \u00a0aceptado \u00a0por \u00a0el \u00a0juez constitucional. \u00a0<\/p>\n<p>2. El \u00a026 de abril siguiente, la Fiscal\u00eda 43 Seccional de Melgar, \u00a0radic\u00f3 ante los Juzgados Penales del Circuito de Melgar, el \u00a0respectivo escrito de acusaci\u00f3n reiterando la imputaci\u00f3n1. \u00a0<\/p>\n<p>3. Al \u00a0Juzgado Penal del Circuito con Funciones de Conocimiento de Melgar \u00a0correspondi\u00f3 por reparto la actuaci\u00f3n, despacho que \u00a0mediante auto de mayo 21 del a\u00f1o en curso rehus\u00f3 la \u00a0competencia para adelantar el juzgamiento2, \u00a0aduciendo para el efecto, \u00a0que de acuerdo con el supuesto f\u00e1ctico relatado en el escrito \u00a0de acusaci\u00f3n se indica que LEONEL MAURICIO RIA\u00d1O ROBAYO \u00a0se encontraba cumpliendo prisi\u00f3n domiciliaria en la ciudad de \u00a0Bogot\u00e1, desde el 23 de febrero de 2017, tras ser condenado \u00a0como autor de los delitos de hurto calificado agravado, concierto \u00a0para delinquir y fabricaci\u00f3n, tr\u00e1fico y porte de armas \u00a0y municiones, lugar del que, al parecer, se evadi\u00f3 siendo \u00a0capturado en la vereda \u00abEl \u00a0Salero\u00bb \u00a0v\u00eda Bogot\u00e1 \u2013 Girardot, sin permiso de la \u00a0autoridad judicial o penitenciaria. \u00a0<\/p>\n<p>De ah\u00ed que, en \u00a0acatamiento de lo contemplado en los art\u00edculos 43, 54 y 32-4, \u00a0adem\u00e1s de los lineamientos que sobre el particular ha fijado \u00a0la Sala de Casaci\u00f3n Penal de la Corte Suprema de Justicia, \u00a0precis\u00f3, la autoridad judicial competente para adelantar el \u00a0juzgamiento es un juez penal del circuito de la ciudad capital, por \u00a0lo que dispuso remitir \u00a0las diligencias a esta \u00a0Corporaci\u00f3n para que defina la competencia del juez que \u00a0seguir\u00e1 conociendo de este asunto. \u00a0<\/p>\n<p>CONSIDERACIONES \u00a0<\/p>\n<p>1. Al \u00a0tenor del numeral 4\u00b0 del art\u00edculo 32 de la Ley 906 de \u00a02004, la Sala es competente para proferir la presente decisi\u00f3n, \u00a0por cuanto el incidente suscitado involucra a dos Juzgados de \u00a0diferentes Distritos Judiciales. \u00a0<\/p>\n<p>2. La \u00a0regla general en materia de asignaci\u00f3n de competencia por \u00a0virtud del factor territorial es la prevista en el art\u00edculo 43 \u00a0del C\u00f3digo de Procedimiento Penal, de acuerdo con el cual \u00abes \u00a0competente para conocer del juzgamiento el juez del lugar donde \u00a0ocurri\u00f3 el delito\u00bb. \u00a0<\/p>\n<p>Es as\u00ed que, a efectos de \u00a0discernir cu\u00e1l es el Juez competente para conocer de un \u00a0determinado il\u00edcito, sea necesario establecer el lugar en que \u00a0el mismo se cometi\u00f3, de conformidad con las reglas de \u00a0territorialidad previstas en el art\u00edculo 14 de la Ley 599 de \u00a02000. \u00a0<\/p>\n<p>3. En \u00a0relaci\u00f3n con el delito por el cual LEONEL MAURICIO RIA\u00d1O \u00a0ROBAYO fue acusado, esto es, el de fuga de presos, la Sala tiene \u00a0dicho que \u00abse \u00a0consuma en forma instant\u00e1nea y produce efectos permanentes a \u00a0partir del momento en que la persona legalmente privada de la \u00a0libertad, desconoce la \u00f3rbita de custodia impuesta por el \u00a0Estado y resuelve trasladarse hacia cualquier otro lugar sin permiso \u00a0o autorizaci\u00f3n expedida por la autoridad competente\u00bb3. \u00a0<\/p>\n<p>En ese contexto, esta \u00a0Corporaci\u00f3n ha sostenido tambi\u00e9n que trat\u00e1ndose \u00a0de personas privadas de la libertad en su lugar de domicilio, la \u00a0conducta punible se consuma en el sitio en que dicha medida deb\u00eda \u00a0cumplirse, que es donde las autoridades judiciales y penitenciarias \u00a0ejercen la vigilancia de la medida restrictiva de la libertad \u00a0personal4. \u00a0<\/p>\n<p>4. En \u00a0el caso en examen, la informaci\u00f3n allegada a la carpeta, \u00a0indica que RIA\u00d1O ROBAYO al momento de su aprehensi\u00f3n \u00a0gozaba del beneficio de prisi\u00f3n domiciliaria, concedido en el \u00a0marco de una condena de 114 meses de prisi\u00f3n impuesta el 23 de \u00a0febrero de 2017 por el Juzgado Primero Penal del Circuito con \u00a0Funciones de Conocimiento de Soacha, por los delitos de concierto \u00a0para delinquir, fabricaci\u00f3n, tr\u00e1fico y porte de armas \u00a0de fuego y municiones y hurto calificado y agravado5. \u00a0<\/p>\n<p>Sanci\u00f3n que para su \u00a0cumplimiento se fij\u00f3 el domicilio del sentenciado, ubicado en \u00a0la calle 77 Sur No. 78J-11, barrio Bosa de la ciudad de Bogot\u00e1. \u00a0<\/p>\n<p>As\u00ed \u00a0las \u00a0cosas, \u00a0surge \u00a0evidente \u00a0que la competencia para \u00a0<\/p>\n<p>adelantar el juzgamiento \u00a0promovido contra LEONEL MAURICIO RIA\u00d1O ROBAYO por el delito de \u00a0fuga de presos corresponde a los Jueces Penales del Circuito de \u00a0Bogot\u00e1, pues fue all\u00ed donde se configur\u00f3 el \u00a0il\u00edcito objeto de juzgamiento. \u00a0<\/p>\n<p>Por consiguiente, acorde con lo \u00a0anotado, las diligencias \u00a0ser\u00e1n remitidas inmediatamente al Centro \u00a0de Servicios Judiciales de los Juzgados Penales del Circuito de \u00a0Bogot\u00e1, para que se efect\u00fae el correspondiente reparto. \u00a0<\/p>\n<p>Se informar\u00e1 de esta \u00a0determinaci\u00f3n al Juzgado Penal del Circuito con Funciones de \u00a0Conocimiento de Melgar. \u00a0<\/p>\n<p>En m\u00e9rito de lo \u00a0expuesto, la Sala de Casaci\u00f3n Penal de la Corte Suprema de \u00a0Justicia, \u00a0<\/p>\n<p>RESUELVE \u00a0<\/p>\n<p>1. DECLARAR que \u00a0la competencia para conocer del juzgamiento adelantado contra LEONEL \u00a0MAURICIO RIA\u00d1O ROBAYO por el delito de fuga de presos, \u00a0corresponde a un Juzgado Penal del Circuito de Bogot\u00e1, a donde \u00a0SE ORDENA \u00a0la remisi\u00f3n inmediata de las diligencias para lo de su cargo. \u00a0<\/p>\n<p>2. Informar \u00a0de esta determinaci\u00f3n al Juzgado Penal \u00a0del Circuito con Funciones de Conocimiento de Melgar. \u00a0<\/p>\n<p>3. Contra \u00a0la presente decisi\u00f3n no procede recurso alguno. \u00a0<\/p>\n<p>Comun\u00edquese y \u00a0c\u00famplase, \u00a0<\/p>\n<p>EYDER \u00a0PATI\u00d1O CABRERA \u00a0<\/p>\n<p>Presidente \u00a0<\/p>\n<p>JOS\u00c9 \u00a0FRANCISCO ACU\u00d1A VIZCAYA \u00a0<\/p>\n<p>EUGENIO \u00a0FERN\u00c1NDEZ CARLIER \u00a0<\/p>\n<p>LUIS \u00a0ANTONIO HERN\u00c1NDEZ BARBOSA \u00a0<\/p>\n<p>PATRICIA \u00a0SALAZAR CU\u00c9LLAR \u00a0<\/p>\n<p>LUIS \u00a0GUILLERMO SALAZAR OTERO \u00a0<\/p>\n<p>NUBIA \u00a0YOLANDA NOVA GARC\u00cdA \u00a0<\/p>\n<p>Secretaria \u00a0<\/p>\n<p>1 \u00a0 \u00a0 \u00a0 \u00a0 \u00a0Fs. \u00a0 \u00a0 \u00a0 \u00a0 \u00a01-4 c.1. \u00a0<\/p>\n<p>2 \u00a0 \u00a0 \u00a0 \u00a0 \u00a0Fs. \u00a0 \u00a0 \u00a0 \u00a0 \u00a031 ib\u00eddem. \u00a0<\/p>\n<p>3 \u00a0 \u00a0 \u00a0 \u00a0 \u00a0CSJ AP, 18 sep. 2018, rad. 53741. En id\u00e9ntico sentido, y \u00a0 \u00a0 \u00a0 \u00a0 \u00a0entre otros, CSJ AP, 5 may. 2010, rad. 33915; CSJ AP, 14 mar. 2011, \u00a0 \u00a0 \u00a0 \u00a0 \u00a0rad. 36030, CSJ AP, 9 ab. 2014, rad. 43552; CSJ AP, 10 jun. 2015, \u00a0 \u00a0 \u00a0 \u00a0 \u00a0rad. 46093. \u00a0<\/p>\n<p>4 \u00a0 \u00a0 \u00a0 \u00a0 \u00a0CSJ AP, 13 sep. 2017, rad. 51123. \u00a0<\/p>\n<p>5 \u00a0 \u00a0 \u00a0 \u00a0 \u00a0Fs. \u00a0 \u00a0 \u00a0 \u00a0 \u00a023-24. \u00a0 \u00a0 \u00a0<\/p>\n<p><\/p>\n","protected":false},"excerpt":{"rendered":"<p>\u00a0 \u00a0 \u00a0 \u00a0\u00a0 LUIS ANTONIO HERN\u00c1NDEZ \u00a0BARBOSA \u00a0 Magistrado Ponente \u00a0 AP2274 &#8211; 2019 \u00a0 Radicaci\u00f3n 55462 \u00a0 Aprobado en Acta No. 144 \u00a0 Bogot\u00e1, D.C, doce (12) \u00a0de junio de dos mil diecinueve (2019). \u00a0 ASUNTO \u00a0 La \u00a0Sala define la competencia para conocer del juzgamiento promovido por \u00a0la Fiscal\u00eda contra LEONEL MAURICIO [&hellip;]<\/p>\n","protected":false},"author":1,"featured_media":0,"comment_status":"open","ping_status":"open","sticky":false,"template":"","format":"standard","meta":{"footnotes":""},"categories":[28],"tags":[],"class_list":["post-42332","post","type-post","status-publish","format-standard","hentry","category-28"],"_links":{"self":[{"href":"https:\/\/dmsjuridica.com\/buscador_20179478954\/salapenalcronologico20230723\/wp-json\/wp\/v2\/posts\/42332","targetHints":{"allow":["GET"]}}],"collection":[{"href":"https:\/\/dmsjuridica.com\/buscador_20179478954\/salapenalcronologico20230723\/wp-json\/wp\/v2\/posts"}],"about":[{"href":"https:\/\/dmsjuridica.com\/buscador_20179478954\/salapenalcronologico20230723\/wp-json\/wp\/v2\/types\/post"}],"author":[{"embeddable":true,"href":"https:\/\/dmsjuridica.com\/buscador_20179478954\/salapenalcronologico20230723\/wp-json\/wp\/v2\/users\/1"}],"replies":[{"embeddable":true,"href":"https:\/\/dmsjuridica.com\/buscador_20179478954\/salapenalcronologico20230723\/wp-json\/wp\/v2\/comments?post=42332"}],"version-history":[{"count":0,"href":"https:\/\/dmsjuridica.com\/buscador_20179478954\/salapenalcronologico20230723\/wp-json\/wp\/v2\/posts\/42332\/revisions"}],"wp:attachment":[{"href":"https:\/\/dmsjuridica.com\/buscador_20179478954\/salapenalcronologico20230723\/wp-json\/wp\/v2\/media?parent=42332"}],"wp:term":[{"taxonomy":"category","embeddable":true,"href":"https:\/\/dmsjuridica.com\/buscador_20179478954\/salapenalcronologico20230723\/wp-json\/wp\/v2\/categories?post=42332"},{"taxonomy":"post_tag","embeddable":true,"href":"https:\/\/dmsjuridica.com\/buscador_20179478954\/salapenalcronologico20230723\/wp-json\/wp\/v2\/tags?post=42332"}],"curies":[{"name":"wp","href":"https:\/\/api.w.org\/{rel}","templated":true}]}}