{"id":42329,"date":"2023-09-14T21:43:54","date_gmt":"2023-09-14T21:43:54","guid":{"rendered":"https:\/\/dmsjuridica.com\/buscador_20179478954\/salapenalcronologico20230723\/2023\/09\/14\/ap2271-201955428\/"},"modified":"2023-09-14T21:43:54","modified_gmt":"2023-09-14T21:43:54","slug":"ap2271-201955428","status":"publish","type":"post","link":"https:\/\/dmsjuridica.com\/buscador_20179478954\/salapenalcronologico20230723\/2023\/09\/14\/ap2271-201955428\/","title":{"rendered":"AP2271-2019(55428)"},"content":{"rendered":"\n<p>\u00a0 \u00a0 \u00a0 \u00a0 \u00a0\u00a0<\/p>\n<p>EYDER \u00a0PAT\u00cd\u00d1O CABRERA \u00a0<\/p>\n<p>Magistrado \u00a0Ponente \u00a0<\/p>\n<p>\u00a0 \u00a0\u00a0<\/p>\n<p>AP2271-2019 \u00a0<\/p>\n<p>Radicaci\u00f3n \u00a0n\u00b0. 55428 \u00a0<\/p>\n<p>Acta \u00a0144. \u00a0<\/p>\n<p>Bogot\u00e1 \u00a0D. C., doce (12) de junio de dos mil diecinueve (2019). \u00a0<\/p>\n<p>ASUNTO \u00a0<\/p>\n<p>Define \u00a0la Sala de Casaci\u00f3n Penal de la Corte Suprema de Justicia, la \u00a0competencia para adelantar la audiencia preliminar de libertad \u00a0por vencimiento de terminos dentro \u00a0del tr\u00e1mite que se adelanta contra Yeison \u00a0Fabi\u00e1n Ibarra S\u00e1nchez, \u00a0por la posible comisi\u00f3n del delito de hurto. \u00a0<\/p>\n<p>ANTECEDENTES \u00a0RELEVANTES \u00a0<\/p>\n<p>1. El \u00a0defensor del procesado radic\u00f3 solicitud de libertad \u00a0por vencimiento de t\u00e9rminos \u00a0ante el Centro de Servicios Judiciales de Pitalito, \u00a0la \u00a0cual correspondi\u00f3 por reparto al Juzgado Primero Penal \u00a0Municipal con Funci\u00f3n de Control de Garant\u00edas de ese \u00a0municipio. \u00a0<\/p>\n<p>2. El \u00a0mencionado Despacho Judicial, convoc\u00f3 audiencia para el 23 de \u00a0mayo del presente a\u00f1o a las 4:45 pm, y orden\u00f3 que por \u00a0Secretar\u00eda se efectuaran las respectivas citaciones. \u00a0<\/p>\n<p>3. En \u00a0cumplimiento de lo anterior, se profiri\u00f3 la orden de remisi\u00f3n \u00a0N\u00ba.0185 del 21 de mayo de 2019, con destino al Director del \u00a0Establecimiento Penitenciario Pitalito, sin embargo, la misma no fue \u00a0recibida por el personal del \u00e1rea jur\u00eddica, por cuanto \u00a0el interno Yeison \u00a0Fabi\u00e1n Ibarra S\u00e1nchez, \u00a0fue \u00a0trasladado a la C\u00e1rcel de Tulu\u00e1. \u00a0<\/p>\n<p>4. \u00a0Conforme a ello, el juzgado de garant\u00edas en auto del 23 de \u00a0mayo hoga\u00f1o, precis\u00f3 que la audiencia debe adelantarse \u00a0en la ciudad donde se halla recluido el procesado, a fin de que logre \u00a0ejercer su defensa material. \u00a0<\/p>\n<p>5. \u00a0Dispuso, en consecuencia, remitir el expediente a esta Corporaci\u00f3n. \u00a0<\/p>\n<p>CONSIDERACIONES \u00a0 \u00a0<\/p>\n<p>1. \u00a0La Sala es competente para definir la controversia planteada en el \u00a0presente asunto, de acuerdo con el numeral 4\u00b0 del art\u00edculo \u00a032 de la Ley 906 de 2004, toda vez que est\u00e1n involucrados \u00a0juzgados de diferentes distritos judiciales. \u00a0<\/p>\n<p>2. \u00a0El canon 39 de la Ley 906 de 2004, establece que cualquier juez penal \u00a0municipal puede ejercitar la funci\u00f3n de control de garant\u00edas. \u00a0<\/p>\n<p>3. A \u00a0pesar de la amplitud del tenor de la citada disposici\u00f3n, esta \u00a0Corporaci\u00f3n ha expuesto pac\u00edficamente que la fijaci\u00f3n \u00a0de la competencia, en materia de control de garant\u00edas no puede \u00a0obedecer: \u00a0<\/p>\n<p>\u2026 al \u00a0capricho o arbitrio del solicitante, sin parar mientes en el \u00a0elemento \u00a0territorial, \u00a0que sigue \u00a0siendo factor fundamental \u00a0para el efecto, como f\u00e1cil se extracta de la sola lectura \u00a0contextualizada de la totalidad del art\u00edculo modificado, en \u00a0cuanto, remite siempre al lugar de ocurrencia del hecho. \u00a0<\/p>\n<p>Solo \u00a0en casos excepcionales, por motivos fundados, es factible que la \u00a0audiencia preliminar sea solicitada y realizada por un juez distinto \u00a0al que tiene competencia en el lugar del hecho (CSJ \u00a0AP6115 \u00a0\u2013 2016 reiterada en CSJ AP8550 \u2013 2017). \u00a0<\/p>\n<p>4. \u00a0Esa posici\u00f3n ha sido justificada por la Corte con base en lo \u00a0siguiente: \u00a0<\/p>\n<p>En \u00a0su redacci\u00f3n original, el art\u00edculo 39 del estatuto \u00a0adjetivo establec\u00eda que el control de garant\u00edas ser\u00eda \u00a0ejercido por \u00abun juez penal municipal del lugar en que se \u00a0cometi\u00f3 el delito\u00bb, pero a partir de la modificaci\u00f3n \u00a0introducida por el canon 48 de la Ley 1453 de 2011, esta funci\u00f3n \u00a0corresponde a \u00abcualquier juez penal municipal\u00bb. \u00a0<\/p>\n<p>Seg\u00fan \u00a0lo ha explicado la Sala, este cambio normativo no puede entenderse \u00a0como una autorizaci\u00f3n a las partes para escoger, sin \u00a0limitaci\u00f3n alguna, el juzgado de garant\u00edas al que \u00a0quieren acudir. Por ello, en \u00a0materia de audiencias preliminares, de manera preferente deben \u00a0respetarse las reglas atributivas de competencia en raz\u00f3n del \u00a0territorio, \u00a0pero \u00a0\u00e9stas pueden exceptuarse si las circunstancias del caso \u00a0concreto as\u00ed lo aconsejan. \u00a0La resoluci\u00f3n de este tipo de controversias debe tomar como \u00a0puntos de partida el principio de razonabilidad y la mayor protecci\u00f3n \u00a0posible de las garant\u00edas procesales de quienes puedan verse \u00a0afectados con las decisiones a adoptar. (Cfr., entre otros, CSJ \u00a0AP, 26 Oct 2011, Rad. 37674). \u00a0<\/p>\n<p>Al \u00a0fijar dichas pautas, la jurisprudencia en cita ha ofrecido algunos \u00a0ejemplos en los que se considera necesario desconocer la regla \u00a0general y aplicar la excepci\u00f3n. Entre otras hip\u00f3tesis, \u00a0as\u00ed \u00a0debe procederse cuando el procesado \u00abse encuentre privado de la \u00a0libertad en establecimiento carcelario de lugar diferente al de la \u00a0comisi\u00f3n del acontecer f\u00e1ctico\u00bb \u00a0(CSJ \u00a0AP2676 \u00a0\u2013 2016). \u00a0<\/p>\n<p>5. De \u00a0las piezas procesales aportadas al expediente, se establece que el \u00a0procesado est\u00e1 privado de la libertad en el Establecimiento \u00a0Penitenciario y Carcelario de Tulu\u00e11. \u00a0<\/p>\n<p>6. \u00a0Pues \u00a0bien, aunque no se tiene certeza del lugar de ocurrencia de los \u00a0hechos por \u00a0los cuales se procesa a Yeison \u00a0Fabi\u00e1n Ibarra S\u00e1nchez, \u00a0y adem\u00e1s, el Juzgado Primero Penal Municipal con Funci\u00f3n \u00a0de Control de Garant\u00edas de Pitalito, no celebr\u00f3 la \u00a0diligencia2 \u00a0a fin de escuchar la intervenci\u00f3n de los sujetos procesales, \u00a0advierte la Corte que le asiste raz\u00f3n a la precitada autoridad \u00a0judicial al pregonar que el asunto debe ser tramitado en Tulu\u00e1. \u00a0<\/p>\n<p>7. \u00a0Ello, comoquiera que existen motivos justificantes para fijar la \u00a0competencia en dicho municipio3, \u00a0dado que el implicado se encuentra privado de la libertad en ese \u00a0lugar, y esa circunstancia habilita la competencia en los juzgados de \u00a0control de garant\u00edas que en esta ciudad ejercen tal funci\u00f3n. \u00a0<\/p>\n<p>8. En \u00a0esas condiciones y de forma consonante con los precedentes \u00a0jurisprudenciales atr\u00e1s citados, se dispondr\u00e1 fijar la \u00a0competencia para adelantar la aludida audiencia preliminar en los \u00a0Juzgados Penales Municipales con Funci\u00f3n de Control de \u00a0Garant\u00edas de Tulu\u00e1 \u2013reparto-. \u00a0<\/p>\n<p>En \u00a0m\u00e9rito de lo expuesto, la Corte Suprema de Justicia, Sala de \u00a0Casaci\u00f3n Penal, \u00a0<\/p>\n<p>RESUELVE \u00a0<\/p>\n<p>PRIMERO.- \u00a0ASIGNAR \u00a0la \u00a0competencia para conocer la presente actuaci\u00f3n a los Juzgados \u00a0Penales Municipales con Funci\u00f3n de Control de Garant\u00edas \u00a0de Tulu\u00e1 \u2013reparto-. \u00a0<\/p>\n<p>SEGUNDO.- \u00a0ENVIAR \u00a0copia \u00a0de esta providencia a los involucrados en el presente asunto. \u00a0<\/p>\n<p>TERCERO.- \u00a0ADVERTIR \u00a0que contra esta decisi\u00f3n no procede recurso alguno. \u00a0<\/p>\n<p>Comun\u00edquese \u00a0y c\u00famplase. \u00a0<\/p>\n<p>Eyder \u00a0Pati\u00f1o Cabrera \u00a0<\/p>\n<p>Jos\u00e9 \u00a0Francisco Acu\u00f1a Vizcaya \u00a0<\/p>\n<p>Eugenio \u00a0Fern\u00e1ndez Carlier \u00a0<\/p>\n<p>Luis \u00a0Antonio Hern\u00e1ndez Barbosa \u00a0<\/p>\n<p>Patricia \u00a0Salazar Cu\u00e9llar \u00a0<\/p>\n<p>Luis \u00a0Guillermo Salazar Otero \u00a0<\/p>\n<p>Nubia \u00a0Yolanda Nova Garc\u00eda \u00a0<\/p>\n<p>Secretaria \u00a0<\/p>\n<p>1 \u00a0 \u00a0 \u00a0 \u00a0 \u00a0Folio 6 cuaderno \u00fanico. \u00a0<\/p>\n<p>2 \u00a0 \u00a0 \u00a0 \u00a0 \u00a0Ello, porque no obra audio ni acta que constate la celebraci\u00f3n \u00a0 \u00a0 \u00a0 \u00a0 \u00a0de la diligencia. \u00a0<\/p>\n<p>3 \u00a0 \u00a0 \u00a0 \u00a0 \u00a0Entre otros, \u00ab\u2026 \u00a0 \u00a0 \u00a0 \u00a0 \u00a0motivos de razonabilidad -lugar de los hechos, lugar de la captura, \u00a0 \u00a0 \u00a0 \u00a0 \u00a0existencia de medios probatorios y razones de urgencia- en los que \u00a0 \u00a0 \u00a0 \u00a0 \u00a0se sustenta la escogencia del municipio donde se solicit\u00f3 la \u00a0 \u00a0 \u00a0 \u00a0 \u00a0intervenci\u00f3n del juez de control de garant\u00edas\u00bb \u00a0 \u00a0 \u00a0 \u00a0 \u00a0(Ver CSJ AP 7477 \u2013 2017 y CSJ AP4740 \u2013 2016). \u00a0 \u00a0 \u00a0<\/p>\n<p><\/p>\n","protected":false},"excerpt":{"rendered":"<p>\u00a0 \u00a0 \u00a0 \u00a0 \u00a0\u00a0 EYDER \u00a0PAT\u00cd\u00d1O CABRERA \u00a0 Magistrado \u00a0Ponente \u00a0 \u00a0 \u00a0\u00a0 AP2271-2019 \u00a0 Radicaci\u00f3n \u00a0n\u00b0. 55428 \u00a0 Acta \u00a0144. \u00a0 Bogot\u00e1 \u00a0D. C., doce (12) de junio de dos mil diecinueve (2019). \u00a0 ASUNTO \u00a0 Define \u00a0la Sala de Casaci\u00f3n Penal de la Corte Suprema de Justicia, la \u00a0competencia para adelantar la [&hellip;]<\/p>\n","protected":false},"author":1,"featured_media":0,"comment_status":"open","ping_status":"open","sticky":false,"template":"","format":"standard","meta":{"footnotes":""},"categories":[28],"tags":[],"class_list":["post-42329","post","type-post","status-publish","format-standard","hentry","category-28"],"_links":{"self":[{"href":"https:\/\/dmsjuridica.com\/buscador_20179478954\/salapenalcronologico20230723\/wp-json\/wp\/v2\/posts\/42329","targetHints":{"allow":["GET"]}}],"collection":[{"href":"https:\/\/dmsjuridica.com\/buscador_20179478954\/salapenalcronologico20230723\/wp-json\/wp\/v2\/posts"}],"about":[{"href":"https:\/\/dmsjuridica.com\/buscador_20179478954\/salapenalcronologico20230723\/wp-json\/wp\/v2\/types\/post"}],"author":[{"embeddable":true,"href":"https:\/\/dmsjuridica.com\/buscador_20179478954\/salapenalcronologico20230723\/wp-json\/wp\/v2\/users\/1"}],"replies":[{"embeddable":true,"href":"https:\/\/dmsjuridica.com\/buscador_20179478954\/salapenalcronologico20230723\/wp-json\/wp\/v2\/comments?post=42329"}],"version-history":[{"count":0,"href":"https:\/\/dmsjuridica.com\/buscador_20179478954\/salapenalcronologico20230723\/wp-json\/wp\/v2\/posts\/42329\/revisions"}],"wp:attachment":[{"href":"https:\/\/dmsjuridica.com\/buscador_20179478954\/salapenalcronologico20230723\/wp-json\/wp\/v2\/media?parent=42329"}],"wp:term":[{"taxonomy":"category","embeddable":true,"href":"https:\/\/dmsjuridica.com\/buscador_20179478954\/salapenalcronologico20230723\/wp-json\/wp\/v2\/categories?post=42329"},{"taxonomy":"post_tag","embeddable":true,"href":"https:\/\/dmsjuridica.com\/buscador_20179478954\/salapenalcronologico20230723\/wp-json\/wp\/v2\/tags?post=42329"}],"curies":[{"name":"wp","href":"https:\/\/api.w.org\/{rel}","templated":true}]}}