{"id":42262,"date":"2023-09-14T21:43:51","date_gmt":"2023-09-14T21:43:51","guid":{"rendered":"https:\/\/dmsjuridica.com\/buscador_20179478954\/salapenalcronologico20230723\/2023\/09\/14\/ap2049-201955401\/"},"modified":"2023-09-14T21:43:51","modified_gmt":"2023-09-14T21:43:51","slug":"ap2049-201955401","status":"publish","type":"post","link":"https:\/\/dmsjuridica.com\/buscador_20179478954\/salapenalcronologico20230723\/2023\/09\/14\/ap2049-201955401\/","title":{"rendered":"AP2049-2019(55401)"},"content":{"rendered":"\n<p>\u00a0 \u00a0 \u00a0 Proceso \u00a0 \u00a0 \u00a0 \u00a0 \u00a0Ley 975\/2005. Rad. 55401 \u00a0 \u00a0 \u00a0 \u00a0 \u00a0<\/p>\n<p>Gabriel \u00a0 \u00a0 \u00a0 \u00a0 \u00a0Villamizar Castillo \u00a0 \u00a0<\/p>\n<p>PATRICIA \u00a0SALAZAR CU\u00c9LLAR \u00a0<\/p>\n<p>Magistrada \u00a0Ponente \u00a0<\/p>\n<p>AP2049-2019 \u00a0<\/p>\n<p>Radicaci\u00f3n \u00a0N\u00b0 55401 \u00a0<\/p>\n<p>Aprobado \u00a0acta No. 131 \u00a0<\/p>\n<p>Bogot\u00e1, \u00a0D.C., veintinueve (29) de mayo de dos mil diecinueve (2019). \u00a0<\/p>\n<p>1. \u00a0V \u00a0I S T O S \u00a0<\/p>\n<p>Se \u00a0pronuncia la Corte sobre el desistimiento del recurso de apelaci\u00f3n \u00a0que interpuso el defensor de GABRIEL VILLAMIZAR CASTILLO, en contra \u00a0del auto que neg\u00f3 la sustituci\u00f3n de la medida de \u00a0aseguramiento impuesta a dicho postulado, proferido por una \u00a0Magistrada de la Sala de Justicia y Paz del Tribunal Superior de \u00a0Bogot\u00e1, con funci\u00f3n de control de garant\u00edas. \u00a0<\/p>\n<p>2. \u00a0 A \u00a0N T E C E D E N T E S \u00a0<\/p>\n<p>2.1 El 21 de marzo \u00a0de 2019, ante la Sala de Justicia y Paz del Tribunal Superior de \u00a0Bogot\u00e1, el defensor del postulado GABRIEL VILLAMIZAR CASTILLO \u00a0solicit\u00f3 la celebraci\u00f3n de una audiencia preliminar de \u00a0sustituci\u00f3n de medida de aseguramiento y suspensi\u00f3n de \u00a0sentencias condenatorias ordinarias. \u00a0<\/p>\n<p>2.2 El 21 de mayo \u00a0siguiente se celebr\u00f3 la respectiva audiencia, durante la cual \u00a0una Magistrada con funci\u00f3n de control de garant\u00edas \u00a0decidi\u00f3 negar la petici\u00f3n. \u00a0<\/p>\n<p>2.3 De inmediato, \u00a0el defensor interpuso y sustent\u00f3 recurso de apelaci\u00f3n, \u00a0el cual fue concedido para ante el superior. \u00a0<\/p>\n<p>2.4 El 22 del \u00a0presente mes, se recibi\u00f3 la actuaci\u00f3n en esta Corte y, \u00a0al d\u00eda siguiente, tambi\u00e9n un memorial suscrito por el \u00a0defensor informando que desiste del recurso interpuesto. \u00a0<\/p>\n<p>3. \u00a0C O N S I D E R A C I O N E S \u00a0<\/p>\n<p>3.1 \u00a0Seg\u00fan lo establecido en el par\u00e1grafo 1\u00ba del \u00a0art\u00edculo 26 de la Ley 975\/2005 modificado por el 27 de la Ley \u00a01592\/2012, en concordancia con lo previsto en el art\u00edculo 32-3 \u00a0de la Ley 906\/2004; la Sala de Casaci\u00f3n Penal de la Corte \u00a0Suprema de Justicia es competente para conocer de los recursos de \u00a0apelaci\u00f3n que se interpongan contra los autos que profieran \u00a0los Magistrados de las Salas de Justicia y Paz, en ejercicio de la \u00a0funci\u00f3n de control de garant\u00edas. \u00a0<\/p>\n<p>3.2 \u00a0El art\u00edculo 179F del C.P.P.\/2004 \u2013adicionado por la L. \u00a01395\/2010-, que resulta aplicable por la remisi\u00f3n ordenada en \u00a0el precitado art\u00edculo 26 de la Ley 975, prev\u00e9 que \u00a0\u00abpodr\u00e1 \u00a0desistirse de los recursos antes de que el funcionario judicial los \u00a0decida\u00bb. \u00a0<\/p>\n<p>3.3 \u00a0Como se desprende de los antecedentes procesales descritos, en el \u00a0presente caso se re\u00fanen los presupuestos que viabilizan la \u00a0aceptaci\u00f3n del desistimiento porque (i) lo realiza el mismo \u00a0sujeto procesal que interpuso el recurso y (ii) cuando \u00e9ste no \u00a0ha sido decidido. \u00a0<\/p>\n<p>3.4 Por tanto, \u00a0ser\u00e1 esa la decisi\u00f3n adoptar y se advertir\u00e1 a \u00a0los intervinientes que contra la misma no procede recurso alguno. \u00a0<\/p>\n<p>En \u00a0m\u00e9rito de lo expuesto, la \u00a0Corte Suprema de Justicia, Sala de Casaci\u00f3n Penal, \u00a0<\/p>\n<p>4. \u00a0R E S U E L V E \u00a0<\/p>\n<p>Aceptar \u00a0el desistimiento del \u00a0recurso de apelaci\u00f3n interpuesto contra la decisi\u00f3n de \u00a0negar \u00a0la petici\u00f3n de sustituci\u00f3n de la medida de \u00a0aseguramiento impuesta al postulado \u00a0GABRIEL \u00a0VILLAMIZAR CASTILLO. \u00a0<\/p>\n<p>Contra \u00a0esta \u00a0decisi\u00f3n no proceden recursos. \u00a0<\/p>\n<p>Comun\u00edquese, \u00a0c\u00famplase y devu\u00e9lvase al Tribunal de origen. \u00a0<\/p>\n<p>EYDER \u00a0PATI\u00d1O CABRERA \u00a0<\/p>\n<p>JOS\u00c9 \u00a0FRANCISCO ACU\u00d1A VIZCAYA \u00a0<\/p>\n<p>EUGENIO \u00a0FERN\u00c1NDEZ CARLIER \u00a0<\/p>\n<p>LUIS \u00a0ANTONIO HERN\u00c1NDEZ BARBOSA \u00a0<\/p>\n<p>PATRICIA \u00a0SALAZAR CU\u00c9LLAR \u00a0<\/p>\n<p>LUIS \u00a0GUILLERMO SALAZAR OTERO \u00a0<\/p>\n<p>Nubia \u00a0Yolanda Nova Garc\u00eda \u00a0<\/p>\n<p>Secretaria \u00a0<\/p>\n<p>\u00a0 \u00a0 \u00a0\u00a0<\/p>\n<p><\/p>\n","protected":false},"excerpt":{"rendered":"<p>\u00a0 \u00a0 \u00a0 Proceso \u00a0 \u00a0 \u00a0 \u00a0 \u00a0Ley 975\/2005. Rad. 55401 \u00a0 \u00a0 \u00a0 \u00a0 \u00a0 Gabriel \u00a0 \u00a0 \u00a0 \u00a0 \u00a0Villamizar Castillo \u00a0 \u00a0 PATRICIA \u00a0SALAZAR CU\u00c9LLAR \u00a0 Magistrada \u00a0Ponente \u00a0 AP2049-2019 \u00a0 Radicaci\u00f3n \u00a0N\u00b0 55401 \u00a0 Aprobado \u00a0acta No. 131 \u00a0 Bogot\u00e1, \u00a0D.C., veintinueve (29) de mayo de dos mil diecinueve (2019). [&hellip;]<\/p>\n","protected":false},"author":1,"featured_media":0,"comment_status":"open","ping_status":"open","sticky":false,"template":"","format":"standard","meta":{"footnotes":""},"categories":[28],"tags":[],"class_list":["post-42262","post","type-post","status-publish","format-standard","hentry","category-28"],"_links":{"self":[{"href":"https:\/\/dmsjuridica.com\/buscador_20179478954\/salapenalcronologico20230723\/wp-json\/wp\/v2\/posts\/42262","targetHints":{"allow":["GET"]}}],"collection":[{"href":"https:\/\/dmsjuridica.com\/buscador_20179478954\/salapenalcronologico20230723\/wp-json\/wp\/v2\/posts"}],"about":[{"href":"https:\/\/dmsjuridica.com\/buscador_20179478954\/salapenalcronologico20230723\/wp-json\/wp\/v2\/types\/post"}],"author":[{"embeddable":true,"href":"https:\/\/dmsjuridica.com\/buscador_20179478954\/salapenalcronologico20230723\/wp-json\/wp\/v2\/users\/1"}],"replies":[{"embeddable":true,"href":"https:\/\/dmsjuridica.com\/buscador_20179478954\/salapenalcronologico20230723\/wp-json\/wp\/v2\/comments?post=42262"}],"version-history":[{"count":0,"href":"https:\/\/dmsjuridica.com\/buscador_20179478954\/salapenalcronologico20230723\/wp-json\/wp\/v2\/posts\/42262\/revisions"}],"wp:attachment":[{"href":"https:\/\/dmsjuridica.com\/buscador_20179478954\/salapenalcronologico20230723\/wp-json\/wp\/v2\/media?parent=42262"}],"wp:term":[{"taxonomy":"category","embeddable":true,"href":"https:\/\/dmsjuridica.com\/buscador_20179478954\/salapenalcronologico20230723\/wp-json\/wp\/v2\/categories?post=42262"},{"taxonomy":"post_tag","embeddable":true,"href":"https:\/\/dmsjuridica.com\/buscador_20179478954\/salapenalcronologico20230723\/wp-json\/wp\/v2\/tags?post=42262"}],"curies":[{"name":"wp","href":"https:\/\/api.w.org\/{rel}","templated":true}]}}