{"id":42149,"date":"2023-09-14T21:43:45","date_gmt":"2023-09-14T21:43:45","guid":{"rendered":"https:\/\/dmsjuridica.com\/buscador_20179478954\/salapenalcronologico20230723\/2023\/09\/14\/ap1679-201955188\/"},"modified":"2023-09-14T21:43:45","modified_gmt":"2023-09-14T21:43:45","slug":"ap1679-201955188","status":"publish","type":"post","link":"https:\/\/dmsjuridica.com\/buscador_20179478954\/salapenalcronologico20230723\/2023\/09\/14\/ap1679-201955188\/","title":{"rendered":"AP1679-2019(55188)"},"content":{"rendered":"\n<p>\u00a0 \u00a0 \u00a0 Definici\u00f3n \u00a0 \u00a0 \u00a0 \u00a0 \u00a0de competencia No. 55188 \u00a0 \u00a0 \u00a0 \u00a0 \u00a0<\/p>\n<p>JHONIER \u00a0 \u00a0 \u00a0 \u00a0 \u00a0GUZM\u00c1N MONTOYA y otros \u00a0 \u00a0<\/p>\n<p>LUIS \u00a0 \u00a0 \u00a0 \u00a0 \u00a0ANTONIO HERN\u00c1NDEZ BARBOSA \u00a0 \u00a0 \u00a0 \u00a0 \u00a0<\/p>\n<p>Magistrado \u00a0 \u00a0 \u00a0 \u00a0 \u00a0Ponente \u00a0 \u00a0 \u00a0 \u00a0 \u00a0<\/p>\n<p>\u00a0\u00a0 \u00a0 \u00a0 \u00a0 \u00a0 \u00a0 \u00a0 \u00a0 \u00a0 \u00a0<\/p>\n<p>AP1679-2019 \u00a0 \u00a0 \u00a0 \u00a0 \u00a0<\/p>\n<p>Radicaci\u00f3n \u00a0 \u00a0 \u00a0 \u00a0 \u00a0n\u00b0. 55188 \u00a0 \u00a0 \u00a0 \u00a0 \u00a0<\/p>\n<p>Acta \u00a0 \u00a0 \u00a0 \u00a0 \u00a0n. \u00a0 \u00a0 \u00a0 \u00a0 \u00a0110 \u00a0 \u00a0 \u00a0 \u00a0 \u00a0<\/p>\n<p>\u00a0\u00a0 \u00a0 \u00a0 \u00a0 \u00a0<\/p>\n<p>\u00a0\u00a0 \u00a0 \u00a0 \u00a0 \u00a0<\/p>\n<p>Bogot\u00e1 \u00a0 \u00a0 \u00a0 \u00a0 \u00a0D. C., ocho (08) de mayo de dos mil diecinueve (2019). \u00a0 \u00a0 \u00a0 \u00a0 \u00a0<\/p>\n<p>\u00a0\u00a0 \u00a0 \u00a0 \u00a0 \u00a0<\/p>\n<p>\u00a0\u00a0 \u00a0 \u00a0 \u00a0 \u00a0<\/p>\n<p>\u00a0\u00a0 \u00a0 \u00a0 \u00a0 \u00a0<\/p>\n<p>VISTOS \u00a0 \u00a0 \u00a0 \u00a0 \u00a0<\/p>\n<p>\u00a0\u00a0 \u00a0 \u00a0 \u00a0 \u00a0<\/p>\n<p>\u00a0\u00a0 \u00a0 \u00a0 \u00a0 \u00a0<\/p>\n<p>La \u00a0 \u00a0 \u00a0 \u00a0 \u00a0Sala define la competencia para conocer de la etapa de juzgamiento \u00a0 \u00a0 \u00a0 \u00a0 \u00a0del proceso adelantado contra JHONIER GUZM\u00c1N MONTOYA, DASLY \u00a0 \u00a0 \u00a0 \u00a0 \u00a0DORALY CASTRO BORJA y ANDR\u00c9S FELIPE ESPINOZA CABEZAS, por los \u00a0 \u00a0 \u00a0 \u00a0 \u00a0delitos de concierto \u00a0 \u00a0 \u00a0 \u00a0 \u00a0para delinquir agravado, homicidio agravado y fabricaci\u00f3n, \u00a0 \u00a0 \u00a0 \u00a0 \u00a0tr\u00e1fico, porte o tenencia de armas de fuego, accesorios, \u00a0 \u00a0 \u00a0 \u00a0 \u00a0partes o municiones. \u00a0 \u00a0 \u00a0 \u00a0 \u00a0<\/p>\n<p>\u00a0\u00a0 \u00a0 \u00a0 \u00a0 \u00a0 \u00a0 \u00a0 \u00a0 \u00a0 \u00a0<\/p>\n<p>\u00a0\u00a0 \u00a0 \u00a0 \u00a0 \u00a0<\/p>\n<p>ANTECEDENTES \u00a0 \u00a0 \u00a0 \u00a0 \u00a0<\/p>\n<p>\u00a0\u00a0 \u00a0 \u00a0 \u00a0 \u00a0<\/p>\n<p>1.- \u00a0 \u00a0 \u00a0 \u00a0 \u00a0El \u00a0 \u00a0 \u00a0 \u00a0 \u00a004 de marzo de 2019, la Fiscal\u00eda 27 Especializada adscrita al \u00a0 \u00a0 \u00a0 \u00a0 \u00a0grupo Especial para Casos Priorizados de Cali, radic\u00f3 escrito \u00a0 \u00a0 \u00a0 \u00a0 \u00a0de acusaci\u00f3n al Centro de Servicios Judiciales de esa ciudad, \u00a0 \u00a0 \u00a0 \u00a0 \u00a0en contra de DASLY \u00a0 \u00a0 \u00a0 \u00a0 \u00a0DORALY CASTRO BORJA, por el delito de concierto para delinquir \u00a0 \u00a0 \u00a0 \u00a0 \u00a0agravado, a JHONIER GUZM\u00c1N MONTOYA, por los delitos de \u00a0 \u00a0 \u00a0 \u00a0 \u00a0homicidio agravado y fabricaci\u00f3n, tr\u00e1fico, porte o \u00a0 \u00a0 \u00a0 \u00a0 \u00a0tenencia de armas de fuego, accesorios, partes o municiones1 \u00a0 \u00a0 \u00a0 \u00a0 \u00a0y a ANDR\u00c9S FELIPE ESPINOZA CABEZAS, por los delitos de \u00a0 \u00a0 \u00a0 \u00a0 \u00a0concierto para delinquir agravado y homicidio agravado, destacando \u00a0 \u00a0 \u00a0 \u00a0 \u00a0como hechos jur\u00eddicamente relevantes los relatados en dos \u00a0 \u00a0 \u00a0 \u00a0 \u00a0eventos principales: \u00a0 \u00a0 \u00a0 \u00a0 \u00a0<\/p>\n<p>\u00a0\u00a0 \u00a0 \u00a0 \u00a0 \u00a0<\/p>\n<p>EVENTO \u00a0 \u00a0 \u00a0 \u00a0 \u00a01 &#8211; CONCIERTO PARA DELINQUIR AGRAVADO CON FINES DE HOMICIDIO, \u00a0 \u00a0 \u00a0 \u00a0 \u00a0ESTUPEFACIENTES, PORTAR ARMAS DE FUEGO Y OTROS DELITOS \u00a0 \u00a0 \u00a0 \u00a0 \u00a0<\/p>\n<p>(\u2026) \u00a0 \u00a0 \u00a0 \u00a0 \u00a0JHONIER \u00a0 \u00a0 \u00a0 \u00a0 \u00a0GUZMAN MONTOYA alias MOCHO, \u00a0 \u00a0 \u00a0 \u00a0 \u00a0persona que reside en el sector de Los Chorros y hace parte de la \u00a0 \u00a0 \u00a0 \u00a0 \u00a0organizaci\u00f3n criminal \u201cLos 300\u201d con injerencia en \u00a0 \u00a0 \u00a0 \u00a0 \u00a0la ciudad de Palmira \u2013 Valle; quien a su vez dirige una \u00a0 \u00a0 \u00a0 \u00a0 \u00a0organizaci\u00f3n dedicada a la comercializaci\u00f3n de \u00a0 \u00a0 \u00a0 \u00a0 \u00a0sustancias estupefacientes en los Municipios de Cerrito, \u00a0 \u00a0 \u00a0 \u00a0 \u00a0Corregimiento El Placer y el Corregimiento de Amaime del Municipio \u00a0 \u00a0 \u00a0 \u00a0 \u00a0de Palmira, dicha organizaci\u00f3n est\u00e1 conformada por \u00a0 \u00a0 \u00a0 \u00a0 \u00a0varias personas, entre las que destaca DASLY \u00a0 \u00a0 \u00a0 \u00a0 \u00a0DORALY CASTRO BORJA alias LA INDIA, persona \u00a0 \u00a0 \u00a0 \u00a0 \u00a0que reside en El Hoyo, adem\u00e1s de suministrar armas de fuego a \u00a0 \u00a0 \u00a0 \u00a0 \u00a0los dem\u00e1s miembros de la organizaci\u00f3n para que con \u00a0 \u00a0 \u00a0 \u00a0 \u00a0ellas se controle el monopolio de la venta de estupefacientes; MOCHO \u00a0 \u00a0 \u00a0 \u00a0 \u00a0tambi\u00e9n trabaja con SANDRA \u00a0 \u00a0 \u00a0 \u00a0 \u00a0YULIETH TABARES MONTOYA, \u00a0 \u00a0 \u00a0 \u00a0 \u00a0su hermana, quien se encarga de transportar la sustancia \u00a0 \u00a0 \u00a0 \u00a0 \u00a0estupefaciente dentro de la ciudad de Palmira, surtiendo a los \u00a0 \u00a0 \u00a0 \u00a0 \u00a0posibles clientes en servicio puerta a puerta (domicilio); LEIDY \u00a0 \u00a0 \u00a0 \u00a0 \u00a0JOHANA MORALES PULGARIN es \u00a0 \u00a0 \u00a0 \u00a0 \u00a0la encargada de transportar los estupefacientes en el interior de \u00a0 \u00a0 \u00a0 \u00a0 \u00a0sus zonas intimas hasta el Establecimiento Carcelario y \u00a0 \u00a0 \u00a0 \u00a0 \u00a0Penitenciario de Palmira, entreg\u00e1ndoselas a un interno para \u00a0 \u00a0 \u00a0 \u00a0 \u00a0que las venda en esa instituci\u00f3n, de igual forma coordina \u00a0 \u00a0 \u00a0 \u00a0 \u00a0esta labor con otras femeninas; as\u00ed mismo alias MOCHO \u00a0 \u00a0 \u00a0 \u00a0 \u00a0sostiene relaci\u00f3n comercial con ANDRES \u00a0 \u00a0 \u00a0 \u00a0 \u00a0FELIPE ESPINOSA CABEZAS alias PIPE, \u00a0 \u00a0 \u00a0 \u00a0 \u00a0quien se encarga de vender sustancias como clonazepam, rivotril y \u00a0 \u00a0 \u00a0 \u00a0 \u00a0otras sustancias qu\u00edmicas o farmac\u00e9uticas en El \u00a0 \u00a0 \u00a0 \u00a0 \u00a0Cerrito \u2013 Valle, para luego rendirle cuentas de \u201cla \u00a0 \u00a0 \u00a0 \u00a0 \u00a0liga\u201d obtenida por la venta. \u00a0 \u00a0 \u00a0 \u00a0 \u00a0<\/p>\n<p>\u00a0\u00a0 \u00a0 \u00a0 \u00a0 \u00a0<\/p>\n<p>EVENTO \u00a0 \u00a0 \u00a0 \u00a0 \u00a02 \u2013 HOMICIDIO DE RICHARD ESLEY GOMEZ CRIOLLO. \u00a0 \u00a0 \u00a0 \u00a0 \u00a0<\/p>\n<p>En \u00a0 \u00a0 \u00a0 \u00a0 \u00a0el corregimiento El Placer del municipio El Cerrito \u2013 Valle, \u00a0 \u00a0 \u00a0 \u00a0 \u00a0el d\u00eda 30 de abril de 2018, a las 05:00 horas, se encuentra \u00a0 \u00a0 \u00a0 \u00a0 \u00a0en inmediaciones del sector cancha de la chaza, el cuerpo de RICHARD \u00a0 \u00a0 \u00a0 \u00a0 \u00a0ESLEY G\u00d3MEZ CRIOLLO alias BURRO, quien falleciera como \u00a0 \u00a0 \u00a0 \u00a0 \u00a0consecuencia de heridas producidas por arma corto punzante, por \u00a0 \u00a0 \u00a0 \u00a0 \u00a0varias personas que act\u00faan bajo la autorizaci\u00f3n de \u00a0 \u00a0 \u00a0 \u00a0 \u00a0JHONIER \u00a0 \u00a0 \u00a0 \u00a0 \u00a0GUZM\u00c1N MONTOYA alias MOCHO y \u00a0 \u00a0 \u00a0 \u00a0 \u00a0ANDR\u00c9S \u00a0 \u00a0 \u00a0 \u00a0 \u00a0FELIPE ESPINOZA CABEZAS alias PIPE. \u00a0 \u00a0 \u00a0 \u00a0 \u00a0<\/p>\n<p>\u00a0\u00a0 \u00a0 \u00a0 \u00a0 \u00a0<\/p>\n<p>\u00a0\u00a0 \u00a0 \u00a0 \u00a0 \u00a0<\/p>\n<p>2.- \u00a0 \u00a0 \u00a0 \u00a0 \u00a0Asignado el asunto al Juzgado Primero Penal del Circuito \u00a0 \u00a0 \u00a0 \u00a0 \u00a0Especializado de Cali con funciones de Conocimiento, en el \u00a0 \u00a0 \u00a0 \u00a0 \u00a0desarrollo de la audiencia de formulaci\u00f3n de acusaci\u00f3n \u00a0 \u00a0 \u00a0 \u00a0 \u00a0sesionada el 29 de marzo de 2019, su titular adujo ser incompetente \u00a0 \u00a0 \u00a0 \u00a0 \u00a0para continuar con la etapa del juzgamiento, en raz\u00f3n a que \u00a0 \u00a0 \u00a0 \u00a0 \u00a0seg\u00fan consta en la acusaci\u00f3n, el delito de \u00a0 \u00a0 \u00a0 \u00a0 \u00a0concierto \u00a0 \u00a0 \u00a0 \u00a0 \u00a0para delinquir agravado \u00a0con fines de homicidio y tr\u00e1fico de \u00a0 \u00a0 \u00a0 \u00a0 \u00a0estupefacientes, \u00a0 \u00a0 \u00a0 \u00a0 \u00a0ocurri\u00f3 \u00a0 \u00a0 \u00a0 \u00a0 \u00a0en los municipios de El Cerrito y Palmira, y el homicidio agravado, \u00a0 \u00a0 \u00a0 \u00a0 \u00a0se \u00a0 \u00a0 \u00a0 \u00a0 \u00a0llev\u00f3 a cabo en el corregimiento El Placer del municipio de \u00a0 \u00a0 \u00a0 \u00a0 \u00a0El Cerrito, motivo por el cual considera que es competente para \u00a0 \u00a0 \u00a0 \u00a0 \u00a0conocer del asunto un Juez Penal del Circuito Especializado de la \u00a0 \u00a0 \u00a0 \u00a0 \u00a0ciudad de Buga. \u00a0 \u00a0 \u00a0 \u00a0 \u00a0<\/p>\n<p>\u00a0\u00a0 \u00a0 \u00a0 \u00a0 \u00a0<\/p>\n<p>Igualmente \u00a0 \u00a0 \u00a0 \u00a0 \u00a0indic\u00f3 que el delito de fabricaci\u00f3n, \u00a0 \u00a0 \u00a0 \u00a0 \u00a0tr\u00e1fico, porte o tenencia de armas de fuego, accesorios, \u00a0 \u00a0 \u00a0 \u00a0 \u00a0partes o municiones \u00a0 \u00a0 \u00a0 \u00a0 \u00a0ocurri\u00f3 en el municipio El Cerrito2. \u00a0 \u00a0 \u00a0 \u00a0 \u00a0<\/p>\n<p>\u00a0\u00a0 \u00a0 \u00a0 \u00a0 \u00a0<\/p>\n<p>Por \u00a0 \u00a0 \u00a0 \u00a0 \u00a0tanto, precis\u00f3 que eran los jueces hom\u00f3logos de la \u00a0 \u00a0 \u00a0 \u00a0 \u00a0circunscripci\u00f3n territorial de Buga, quienes deb\u00edan \u00a0 \u00a0 \u00a0 \u00a0 \u00a0continuar con el conocimiento del proceso y en consecuencia, dispuso \u00a0 \u00a0 \u00a0 \u00a0 \u00a0la remisi\u00f3n de la actuaci\u00f3n a esta Corporaci\u00f3n \u00a0 \u00a0 \u00a0 \u00a0 \u00a0para dirimir la competencia. \u00a0 \u00a0 \u00a0 \u00a0 \u00a0<\/p>\n<p>\u00a0\u00a0 \u00a0 \u00a0 \u00a0 \u00a0<\/p>\n<p>\u00a0\u00a0 \u00a0 \u00a0 \u00a0 \u00a0<\/p>\n<p>CONSIDERACIONES \u00a0 \u00a0 \u00a0 \u00a0 \u00a0<\/p>\n<p>\u00a0\u00a0 \u00a0 \u00a0 \u00a0 \u00a0<\/p>\n<p>\u00a0\u00a0 \u00a0 \u00a0 \u00a0 \u00a0<\/p>\n<p>1. \u00a0 \u00a0 \u00a0 \u00a0 \u00a0Es competente la Sala para definir la controversia planteada en el \u00a0 \u00a0 \u00a0 \u00a0 \u00a0presente asunto, de acuerdo con el numeral 4\u00b0 del art\u00edculo \u00a0 \u00a0 \u00a0 \u00a0 \u00a032 de la Ley 906 de 2004, toda vez que est\u00e1n involucrados \u00a0 \u00a0 \u00a0 \u00a0 \u00a0juzgados de diferentes distritos judiciales. \u00a0 \u00a0 \u00a0 \u00a0 \u00a0<\/p>\n<p>\u00a0\u00a0 \u00a0 \u00a0 \u00a0 \u00a0<\/p>\n<p>2. \u00a0 \u00a0 \u00a0 \u00a0 \u00a0De conformidad con el precepto 54 del C\u00f3digo de procedimiento \u00a0 \u00a0 \u00a0 \u00a0 \u00a0penal, la definici\u00f3n de competencia es el mecanismo previsto \u00a0 \u00a0 \u00a0 \u00a0 \u00a0en el ordenamiento jur\u00eddico para precisar de manera \u00a0 \u00a0 \u00a0 \u00a0 \u00a0perentoria y definitiva, cu\u00e1l es la autoridad llamada a \u00a0 \u00a0 \u00a0 \u00a0 \u00a0conocer \u00a0de la fase procesal de juzgamiento, o para ocuparse de un \u00a0 \u00a0 \u00a0 \u00a0 \u00a0asunto determinado. \u00a0 \u00a0 \u00a0 \u00a0 \u00a0<\/p>\n<p>\u00a0\u00a0 \u00a0 \u00a0 \u00a0 \u00a0<\/p>\n<p>3. \u00a0 \u00a0 \u00a0 \u00a0 \u00a0Bajo tal contexto, ha de advertirse que para definir la competencia \u00a0 \u00a0 \u00a0 \u00a0 \u00a0del presente asunto se debe acudir a lo normado en los numerales 1 y \u00a0 \u00a0 \u00a0 \u00a0 \u00a02 del art\u00edculo \u00a0 \u00a0 \u00a0 \u00a0 \u00a051 ib\u00eddem, \u00a0 \u00a0 \u00a0 \u00a0 \u00a0toda vez que los delitos por los cuales son acusados JHONIER \u00a0 \u00a0 \u00a0 \u00a0 \u00a0GUZM\u00c1N MONTOYA, DASLY DORALY CASTRO BORJA y ANDR\u00c9S \u00a0 \u00a0 \u00a0 \u00a0 \u00a0FELIPE ESPINOZA CABEZAS en esta causa, tienen relaci\u00f3n de \u00a0 \u00a0 \u00a0 \u00a0 \u00a0conexidad entre s\u00ed. \u00a0 \u00a0 \u00a0 \u00a0 \u00a0<\/p>\n<p>\u00a0\u00a0 \u00a0 \u00a0 \u00a0 \u00a0<\/p>\n<p>En \u00a0 \u00a0 \u00a0 \u00a0 \u00a0este sentido, inicialmente se considerar\u00e1 dicho factor, para \u00a0 \u00a0 \u00a0 \u00a0 \u00a0lo cual la Corte acudir\u00e1 a lo dispuesto en el art\u00edculo \u00a0 \u00a0 \u00a0 \u00a0 \u00a052 \u00a0 \u00a0 \u00a0 \u00a0 \u00a0del C\u00f3digo de Procedimiento Penal, que \u00a0 \u00a0 \u00a0 \u00a0 \u00a0dispone: \u00a0 \u00a0 \u00a0 \u00a0 \u00a0<\/p>\n<p>\u00a0\u00a0 \u00a0 \u00a0 \u00a0 \u00a0<\/p>\n<p>\u201cCompetencia \u00a0 \u00a0 \u00a0 \u00a0 \u00a0por conexidad. \u00a0 \u00a0 \u00a0 \u00a0 \u00a0Cuando deban juzgarse delitos conexos conocer\u00e1 de ellos el \u00a0 \u00a0 \u00a0 \u00a0 \u00a0juez de mayor jerarqu\u00eda de acuerdo con la competencia por \u00a0 \u00a0 \u00a0 \u00a0 \u00a0raz\u00f3n del fuero legal o la naturaleza del asunto; si \u00a0 \u00a0 \u00a0 \u00a0 \u00a0corresponden a la misma jerarqu\u00eda ser\u00e1 factor de \u00a0 \u00a0 \u00a0 \u00a0 \u00a0competencia el territorio, en forma excluyente y preferente, en el \u00a0 \u00a0 \u00a0 \u00a0 \u00a0siguiente orden: donde se haya cometido el delito m\u00e1s grave; \u00a0 \u00a0 \u00a0 \u00a0 \u00a0donde se haya realizado el mayor n\u00famero de delitos; donde se \u00a0 \u00a0 \u00a0 \u00a0 \u00a0haya realizado la primera aprehensi\u00f3n o donde se haya \u00a0 \u00a0 \u00a0 \u00a0 \u00a0formulado primero la imputaci\u00f3n. \u00a0 \u00a0 \u00a0 \u00a0 \u00a0<\/p>\n<p>\u00a0\u00a0 \u00a0 \u00a0 \u00a0 \u00a0<\/p>\n<p>Cuando \u00a0 \u00a0 \u00a0 \u00a0 \u00a0se trate de conexidad entre delitos de competencia del juez penal \u00a0 \u00a0 \u00a0 \u00a0 \u00a0del circuito especializado y cualquier otro funcionario judicial \u00a0 \u00a0 \u00a0 \u00a0 \u00a0corresponder\u00e1 el juzgamiento a aquel. \u00a0 \u00a0 \u00a0 \u00a0 \u00a0<\/p>\n<p>\u00a0\u00a0 \u00a0 \u00a0 \u00a0 \u00a0<\/p>\n<p>As\u00ed \u00a0 \u00a0 \u00a0 \u00a0 \u00a0las cosas, se requiere examinar la competencia funcional de cara a \u00a0 \u00a0 \u00a0 \u00a0 \u00a0los delitos objeto del juzgamiento, para ello se observa que el \u00a0 \u00a0 \u00a0 \u00a0 \u00a0delito de \u00a0concierto \u00a0 \u00a0 \u00a0 \u00a0 \u00a0para delinquir agravado seg\u00fan el inciso 2\u00ba del art\u00edculo \u00a0 \u00a0 \u00a0 \u00a0 \u00a0340 ibidem, \u00a0 \u00a0 \u00a0 \u00a0 \u00a0recae \u00a0 \u00a0 \u00a0 \u00a0 \u00a0en la justicia especializada de acuerdo con lo dispuesto en el \u00a0 \u00a0 \u00a0 \u00a0 \u00a0precepto 35 numeral 17 de la misma ley, por tal raz\u00f3n no \u00a0 \u00a0 \u00a0 \u00a0 \u00a0advierte discusi\u00f3n alguna, que la misma opera a cargo de los \u00a0 \u00a0 \u00a0 \u00a0 \u00a0Jueces Penales de esa especialidad. \u00a0 \u00a0 \u00a0 \u00a0 \u00a0<\/p>\n<p>\u00a0\u00a0 \u00a0 \u00a0 \u00a0 \u00a0<\/p>\n<p>Una \u00a0 \u00a0 \u00a0 \u00a0 \u00a0vez establecido que la competencia en raz\u00f3n de la naturaleza \u00a0 \u00a0 \u00a0 \u00a0 \u00a0del asunto, corresponde a Jueces Penales de tal jerarqu\u00eda, el \u00a0 \u00a0 \u00a0 \u00a0 \u00a0siguiente criterio es el territorial, que de \u00a0 \u00a0 \u00a0 \u00a0 \u00a0conformidad con los factores excluyentes y preferentes, se determina \u00a0 \u00a0 \u00a0 \u00a0 \u00a0por el lugar donde se hubiera cometido el delito m\u00e1s grave, \u00a0 \u00a0 \u00a0 \u00a0 \u00a0que es el homicidio agravado, cuya pena oscila entre 400 y 600 \u00a0 \u00a0 \u00a0 \u00a0 \u00a0meses, mientras que el concierto para delinquir agravado es de 8 a \u00a0 \u00a0 \u00a0 \u00a0 \u00a018 a\u00f1os, y el de fabricaci\u00f3n, tr\u00e1fico, porte o \u00a0 \u00a0 \u00a0 \u00a0 \u00a0tenencia de armas de fuego, accesorios, partes o municiones, es de 9 \u00a0 \u00a0 \u00a0 \u00a0 \u00a0a 12 a\u00f1os. \u00a0 \u00a0 \u00a0 \u00a0 \u00a0<\/p>\n<p>\u00a0\u00a0 \u00a0 \u00a0 \u00a0 \u00a0<\/p>\n<p>Bajo \u00a0 \u00a0 \u00a0 \u00a0 \u00a0ese contexto, es claro que el homicidio se ejecut\u00f3 en el \u00a0 \u00a0 \u00a0 \u00a0 \u00a0municipio El Cerrito, el cual pertenece al Circuito Judicial de \u00a0 \u00a0 \u00a0 \u00a0 \u00a0Palmira. Sin embargo en dicha circunscripci\u00f3n territorial no \u00a0 \u00a0 \u00a0 \u00a0 \u00a0hay presencia de Juzgados Penales del Circuito Especializados, raz\u00f3n \u00a0 \u00a0 \u00a0 \u00a0 \u00a0por la cual el llamado a asumir el conocimiento del asunto es un \u00a0 \u00a0 \u00a0 \u00a0 \u00a0Juzgado Penal del Circuito Especializado de Buga, por ser esta \u00a0 \u00a0 \u00a0 \u00a0 \u00a0ciudad la m\u00e1s pr\u00f3xima al municipio donde ocurrieron \u00a0 \u00a0 \u00a0 \u00a0 \u00a0los hechos, tal y como lo determina la medici\u00f3n lineal \u00a0 \u00a0 \u00a0 \u00a0 \u00a0establecida por el Instituto Geogr\u00e1fico Agust\u00edn \u00a0 \u00a0 \u00a0 \u00a0 \u00a0Codazzi, el cual se\u00f1ala que El Cerrito y Buga se encuentran \u00a0 \u00a0 \u00a0 \u00a0 \u00a0separados por 24 kms, trayecto mucho menor al que se determina entre \u00a0 \u00a0 \u00a0 \u00a0 \u00a0esa ubicaci\u00f3n y Cali la cual es de 35.4 Kms3. \u00a0 \u00a0 \u00a0 \u00a0 \u00a0<\/p>\n<p>\u00a0\u00a0 \u00a0 \u00a0 \u00a0 \u00a0<\/p>\n<p>As\u00ed \u00a0 \u00a0 \u00a0 \u00a0 \u00a0las cosas, la Corte asignar\u00e1 la competencia para conocer del \u00a0 \u00a0 \u00a0 \u00a0 \u00a0proceso adelantado contra los procesados \u00a0 \u00a0 \u00a0 \u00a0 \u00a0JHONIER \u00a0 \u00a0 \u00a0 \u00a0 \u00a0GUZM\u00c1N MONTOYA, DASLY DORALY CASTRO BORJA y ANDR\u00c9S \u00a0 \u00a0 \u00a0 \u00a0 \u00a0FELIPE ESPINOZA CABEZAS \u00a0 \u00a0 \u00a0 \u00a0 \u00a0a los Juzgados Penales del Circuito Especializados con funciones de \u00a0 \u00a0 \u00a0 \u00a0 \u00a0Conocimiento de Buga (reparto), para lo de su turno. \u00a0 \u00a0 \u00a0 \u00a0 \u00a0<\/p>\n<p>\u00a0\u00a0 \u00a0 \u00a0 \u00a0 \u00a0<\/p>\n<p>En \u00a0 \u00a0 \u00a0 \u00a0 \u00a0m\u00e9rito de lo expuesto, LA \u00a0 \u00a0 \u00a0 \u00a0 \u00a0CORTE SUPREMA DE JUSTICIA, SALA DE CASACI\u00d3N PENAL, \u00a0 \u00a0 \u00a0 \u00a0 \u00a0<\/p>\n<p>\u00a0\u00a0 \u00a0 \u00a0 \u00a0 \u00a0<\/p>\n<p>\u00a0\u00a0 \u00a0 \u00a0 \u00a0 \u00a0<\/p>\n<p>\u00a0\u00a0 \u00a0 \u00a0 \u00a0 \u00a0<\/p>\n<p>RESUELVE \u00a0 \u00a0 \u00a0 \u00a0 \u00a0<\/p>\n<p>\u00a0\u00a0 \u00a0 \u00a0 \u00a0 \u00a0<\/p>\n<p>\u00a0\u00a0 \u00a0 \u00a0 \u00a0 \u00a0<\/p>\n<p>1. \u00a0 \u00a0 \u00a0 \u00a0 \u00a0ASIGNAR \u00a0 \u00a0 \u00a0 \u00a0 \u00a0la \u00a0 \u00a0 \u00a0 \u00a0 \u00a0competencia para conocer la presente actuaci\u00f3n a \u00a0 \u00a0 \u00a0 \u00a0 \u00a0los Juzgados Penales del Circuito Especializados con funciones de \u00a0 \u00a0 \u00a0 \u00a0 \u00a0Conocimiento de Buga (reparto). \u00a0 \u00a0 \u00a0 \u00a0 \u00a0<\/p>\n<p>\u00a0\u00a0 \u00a0 \u00a0 \u00a0 \u00a0<\/p>\n<p>2. \u00a0 \u00a0 \u00a0 \u00a0 \u00a0ORDENAR \u00a0 \u00a0 \u00a0 \u00a0 \u00a0el \u00a0 \u00a0 \u00a0 \u00a0 \u00a0env\u00edo inmediato de las diligencias a ese despacho judicial, \u00a0 \u00a0 \u00a0 \u00a0 \u00a0para que contin\u00fae con el conocimiento del proceso. \u00a0 \u00a0 \u00a0 \u00a0 \u00a0<\/p>\n<p>\u00a0\u00a0 \u00a0 \u00a0 \u00a0 \u00a0<\/p>\n<p>3. \u00a0 \u00a0 \u00a0 \u00a0 \u00a0ENVIAR \u00a0 \u00a0 \u00a0 \u00a0 \u00a0COPIA \u00a0 \u00a0 \u00a0 \u00a0 \u00a0de esta providencia a los involucrados en el presente asunto. \u00a0 \u00a0 \u00a0 \u00a0 \u00a0<\/p>\n<p>\u00a0\u00a0 \u00a0 \u00a0 \u00a0 \u00a0<\/p>\n<p>4. \u00a0 \u00a0 \u00a0 \u00a0 \u00a0Contra \u00a0 \u00a0 \u00a0 \u00a0 \u00a0lo decidido no procede ning\u00fan recurso. \u00a0 \u00a0 \u00a0 \u00a0 \u00a0<\/p>\n<p>\u00a0\u00a0 \u00a0 \u00a0 \u00a0 \u00a0<\/p>\n<p>Comun\u00edquese \u00a0 \u00a0 \u00a0 \u00a0 \u00a0y C\u00famplase. \u00a0 \u00a0 \u00a0 \u00a0 \u00a0<\/p>\n<p>\u00a0\u00a0 \u00a0 \u00a0 \u00a0 \u00a0<\/p>\n<p>\u00a0\u00a0 \u00a0 \u00a0 \u00a0 \u00a0<\/p>\n<p>\u00a0\u00a0 \u00a0 \u00a0 \u00a0 \u00a0<\/p>\n<p>\u00a0\u00a0 \u00a0 \u00a0 \u00a0 \u00a0<\/p>\n<p>EYDER \u00a0 \u00a0 \u00a0 \u00a0 \u00a0PATI\u00d1O CABRERA \u00a0 \u00a0 \u00a0 \u00a0 \u00a0<\/p>\n<p>\u00a0\u00a0 \u00a0 \u00a0 \u00a0 \u00a0<\/p>\n<p>\u00a0\u00a0 \u00a0 \u00a0 \u00a0 \u00a0<\/p>\n<p>\u00a0\u00a0 \u00a0 \u00a0 \u00a0 \u00a0<\/p>\n<p>\u00a0\u00a0 \u00a0 \u00a0 \u00a0 \u00a0<\/p>\n<p>JOS\u00c9 \u00a0 \u00a0 \u00a0 \u00a0 \u00a0FRANCISCO ACU\u00d1A VIZCAYA \u00a0 \u00a0 \u00a0 \u00a0 \u00a0<\/p>\n<p>\u00a0\u00a0 \u00a0 \u00a0 \u00a0 \u00a0<\/p>\n<p>\u00a0\u00a0 \u00a0 \u00a0 \u00a0 \u00a0<\/p>\n<p>\u00a0\u00a0 \u00a0 \u00a0 \u00a0 \u00a0<\/p>\n<p>\u00a0\u00a0 \u00a0 \u00a0 \u00a0 \u00a0<\/p>\n<p>EUGENIO \u00a0 \u00a0 \u00a0 \u00a0 \u00a0FERN\u00c1NDEZ CARLIER \u00a0 \u00a0 \u00a0 \u00a0 \u00a0<\/p>\n<p>\u00a0\u00a0 \u00a0 \u00a0 \u00a0 \u00a0<\/p>\n<p>\u00a0\u00a0 \u00a0 \u00a0 \u00a0 \u00a0<\/p>\n<p>\u00a0\u00a0 \u00a0 \u00a0 \u00a0 \u00a0<\/p>\n<p>\u00a0\u00a0 \u00a0 \u00a0 \u00a0 \u00a0<\/p>\n<p>LUIS \u00a0 \u00a0 \u00a0 \u00a0 \u00a0ANTONIO HERN\u00c1NDEZ BARBOSA \u00a0 \u00a0 \u00a0 \u00a0 \u00a0<\/p>\n<p>\u00a0\u00a0 \u00a0 \u00a0 \u00a0 \u00a0<\/p>\n<p>\u00a0\u00a0 \u00a0 \u00a0 \u00a0 \u00a0<\/p>\n<p>\u00a0\u00a0 \u00a0 \u00a0 \u00a0 \u00a0<\/p>\n<p>\u00a0\u00a0 \u00a0 \u00a0 \u00a0 \u00a0<\/p>\n<p>PATRICIA \u00a0 \u00a0 \u00a0 \u00a0 \u00a0SALAZAR CU\u00c9LLAR \u00a0 \u00a0 \u00a0 \u00a0 \u00a0<\/p>\n<p>\u00a0\u00a0 \u00a0 \u00a0 \u00a0 \u00a0<\/p>\n<p>\u00a0\u00a0 \u00a0 \u00a0 \u00a0 \u00a0<\/p>\n<p>\u00a0\u00a0 \u00a0 \u00a0 \u00a0 \u00a0<\/p>\n<p>\u00a0\u00a0 \u00a0 \u00a0 \u00a0 \u00a0<\/p>\n<p>LUIS \u00a0 \u00a0 \u00a0 \u00a0 \u00a0GUILLERMO SALAZAR OTERO \u00a0 \u00a0 \u00a0 \u00a0 \u00a0<\/p>\n<p>\u00a0\u00a0 \u00a0 \u00a0 \u00a0 \u00a0<\/p>\n<p>\u00a0\u00a0 \u00a0 \u00a0 \u00a0 \u00a0<\/p>\n<p>\u00a0\u00a0 \u00a0 \u00a0 \u00a0 \u00a0<\/p>\n<p>\u00a0\u00a0 \u00a0 \u00a0 \u00a0 \u00a0<\/p>\n<p>\u00a0\u00a0 \u00a0 \u00a0 \u00a0 \u00a0<\/p>\n<p>\u00a0\u00a0 \u00a0 \u00a0 \u00a0 \u00a0<\/p>\n<p>NUBIA \u00a0 \u00a0 \u00a0 \u00a0 \u00a0YOLANDA NOVA GARC\u00cdA \u00a0 \u00a0 \u00a0 \u00a0 \u00a0<\/p>\n<p>Secretaria \u00a0<\/p>\n<p>1 \u00a0 \u00a0 \u00a0 \u00a0 \u00a0Acta de audiencia de 02 de \u00a0 \u00a0 \u00a0 \u00a0 \u00a0noviembre de 2018. Formulaci\u00f3n de imputaci\u00f3n \u2013 \u00a0 \u00a0 \u00a0 \u00a0 \u00a0Juzgado Veintisiete Municipal de Santiago de Cali con Funci\u00f3n \u00a0 \u00a0 \u00a0 \u00a0 \u00a0de Control de Garant\u00edas, Rad. 760016000199201701910. \u00a0<\/p>\n<p>2 \u00a0 \u00a0 \u00a0 \u00a0 \u00a0Audio de 29 de marzo de 2019. Formulaci\u00f3n de acusaci\u00f3n \u00a0 \u00a0 \u00a0 \u00a0 \u00a0\u2013 Juzgado Primero Penal del Circuito Especializado de Cali con \u00a0 \u00a0 \u00a0 \u00a0 \u00a0funciones de Conocimiento, Rad. 760016000199201701910. \u00a0<\/p>\n<p>3 \u00a0 \u00a0 \u00a0 \u00a0 \u00a0IGAC. Portal Geogr\u00e1fico Nacional, recuperado de \u00a0 \u00a0 \u00a0 \u00a0 \u00a0<a href=\"http:\/\/pgn.igac.gov.co  \">http:\/\/pgn.igac.gov.co  <\/a><\/p>\n<p>5 \u00a0 \u00a0 \u00a0<\/p>\n<p><\/p>\n","protected":false},"excerpt":{"rendered":"<p>\u00a0 \u00a0 \u00a0 Definici\u00f3n \u00a0 \u00a0 \u00a0 \u00a0 \u00a0de competencia No. 55188 \u00a0 \u00a0 \u00a0 \u00a0 \u00a0 JHONIER \u00a0 \u00a0 \u00a0 \u00a0 \u00a0GUZM\u00c1N MONTOYA y otros \u00a0 \u00a0 LUIS \u00a0 \u00a0 \u00a0 \u00a0 \u00a0ANTONIO HERN\u00c1NDEZ BARBOSA \u00a0 \u00a0 \u00a0 \u00a0 \u00a0 Magistrado \u00a0 \u00a0 \u00a0 \u00a0 \u00a0Ponente \u00a0 \u00a0 \u00a0 \u00a0 \u00a0 \u00a0\u00a0 \u00a0 \u00a0 [&hellip;]<\/p>\n","protected":false},"author":1,"featured_media":0,"comment_status":"open","ping_status":"open","sticky":false,"template":"","format":"standard","meta":{"footnotes":""},"categories":[28],"tags":[],"class_list":["post-42149","post","type-post","status-publish","format-standard","hentry","category-28"],"_links":{"self":[{"href":"https:\/\/dmsjuridica.com\/buscador_20179478954\/salapenalcronologico20230723\/wp-json\/wp\/v2\/posts\/42149","targetHints":{"allow":["GET"]}}],"collection":[{"href":"https:\/\/dmsjuridica.com\/buscador_20179478954\/salapenalcronologico20230723\/wp-json\/wp\/v2\/posts"}],"about":[{"href":"https:\/\/dmsjuridica.com\/buscador_20179478954\/salapenalcronologico20230723\/wp-json\/wp\/v2\/types\/post"}],"author":[{"embeddable":true,"href":"https:\/\/dmsjuridica.com\/buscador_20179478954\/salapenalcronologico20230723\/wp-json\/wp\/v2\/users\/1"}],"replies":[{"embeddable":true,"href":"https:\/\/dmsjuridica.com\/buscador_20179478954\/salapenalcronologico20230723\/wp-json\/wp\/v2\/comments?post=42149"}],"version-history":[{"count":0,"href":"https:\/\/dmsjuridica.com\/buscador_20179478954\/salapenalcronologico20230723\/wp-json\/wp\/v2\/posts\/42149\/revisions"}],"wp:attachment":[{"href":"https:\/\/dmsjuridica.com\/buscador_20179478954\/salapenalcronologico20230723\/wp-json\/wp\/v2\/media?parent=42149"}],"wp:term":[{"taxonomy":"category","embeddable":true,"href":"https:\/\/dmsjuridica.com\/buscador_20179478954\/salapenalcronologico20230723\/wp-json\/wp\/v2\/categories?post=42149"},{"taxonomy":"post_tag","embeddable":true,"href":"https:\/\/dmsjuridica.com\/buscador_20179478954\/salapenalcronologico20230723\/wp-json\/wp\/v2\/tags?post=42149"}],"curies":[{"name":"wp","href":"https:\/\/api.w.org\/{rel}","templated":true}]}}