{"id":42064,"date":"2023-09-14T21:43:40","date_gmt":"2023-09-14T21:43:40","guid":{"rendered":"https:\/\/dmsjuridica.com\/buscador_20179478954\/salapenalcronologico20230723\/2023\/09\/14\/ap1514-201955206\/"},"modified":"2023-09-14T21:43:40","modified_gmt":"2023-09-14T21:43:40","slug":"ap1514-201955206","status":"publish","type":"post","link":"https:\/\/dmsjuridica.com\/buscador_20179478954\/salapenalcronologico20230723\/2023\/09\/14\/ap1514-201955206\/","title":{"rendered":"AP1514-2019(55206)"},"content":{"rendered":"\n<p>\u00a0 \u00a0 \u00a0 \u00a0\u00a0<\/p>\n<p>LUIS GUILLERMO \u00a0SALAZAR OTERO \u00a0<\/p>\n<p>Magistrado \u00a0ponente \u00a0<\/p>\n<p>AP1514-2019 \u00a0<\/p>\n<p>Radicaci\u00f3n \u00a0n\u00ba 55206 \u00a0<\/p>\n<p>Acta 101 \u00a0<\/p>\n<p>Bogot\u00e1, \u00a0D.C., treinta (30) de abril de dos mil diecinueve 2019. \u00a0<\/p>\n<p>ASUNTO \u00a0<\/p>\n<p>La \u00a0Sala define la competencia para conocer de la etapa de juzgamiento \u00a0dentro del proceso adelantado contra \u00a0Richard David Hern\u00e1ndez, \u00a0por el delito de tr\u00e1fico, fabricaci\u00f3n o porte de \u00a0estupefacientes, agravado. \u00a0<\/p>\n<p>ANTECEDENTES \u00a0<\/p>\n<p>1. En audiencia \u00a0preliminar del 22 de diciembre de 2018, ante el Juzgado 12 Penal \u00a0Municipal con Funci\u00f3n de Control de Garant\u00edas de \u00a0Bogot\u00e1, la Fiscal\u00eda formul\u00f31 \u00a0imputaci\u00f3n en contra de Richard \u00a0David Hern\u00e1ndez, \u00a0por el delito de tr\u00e1fico, fabricaci\u00f3n o porte de \u00a0estupefacientes, agravado, en calidad de autor y por el verbo rector \u00a0de \u201ctransportar\u201d \u00a0(art\u00edculos 376, inc. 1, y 384, numeral 3, del C\u00f3digo \u00a0Penal). \u00a0<\/p>\n<p>2. El 12 de abril \u00a0del presente a\u00f1o, el ente investigador radic\u00f3 escrito \u00a0de acusaci\u00f3n ante los Juzgados Penales del Circuito \u00a0Especializados de Bogot\u00e1, por el cual atribuy\u00f3 al \u00a0mencionado responsabilidad por la conducta referida, con ocasi\u00f3n \u00a0de los siguientes hechos: \u00a0<\/p>\n<p>\u201cEl d\u00eda \u00a021 de diciembre de 2018, se puso en conocimiento de la Fiscal\u00eda \u00a0General, que a las 8:50 de la ma\u00f1ana, en un puesto de control \u00a0y prevenci\u00f3n que instalara la polic\u00eda antinarc\u00f3ticos, \u00a0en la autopista sur cruce hac\u00eda Sibat\u00e9 frente al \u00a0cementerio, del municipio de Soacha, se le solicit\u00f3 inspecci\u00f3n \u00a0a un furg\u00f3n de placas SYSZ-308, se le solicita al conductor \u00a0descienda del automotor exhiba los documentos personales y de la \u00a0carga que transporta, fue as\u00ed que se identifica al conductor \u00a0del cami\u00f3n como RICHARD DAVID HERN\u00c1NDEZ, identificado \u00a0con c\u00e9dula de ciudadan\u00eda n\u00famero 79.247.459 de \u00a0Bogot\u00e1, al indagarle sobre el lugar de destino, el conductor \u00a0manifest\u00f3 que se dirig\u00eda hac\u00eda pollo ol\u00edmpico, \u00a0ubicado en la zona franca de la ciudad de Bogot\u00e1, de igual \u00a0forma agreg\u00f3 que el pollo proced\u00eda de Calarc\u00e1- \u00a0Quind\u00edo, igualmente esta persona demuestra nerviosismo al \u00a0contestar las preguntas de rutina e incoherencias en las respuestas. \u00a0<\/p>\n<p>Se procede por \u00a0la polic\u00eda uniformada a inspeccionar la carga y al interior \u00a0del furg\u00f3n se observa, por parte de la polic\u00eda \u00a0uniformada unos paquetes rectangulares envueltos en cinta de color \u00a0caf\u00e9, al romper uno de los paquetes se observa un material \u00a0vegetal que inmediatamente expele un olor caracter\u00edstico a la \u00a0marihuana. \u00a0<\/p>\n<p>(\u2026) Como \u00a0en el puesto de control se encontraba un funcionario de la Polic\u00eda \u00a0Judicial Perito en prueba P.I.P.H., Subintendente LUIS EDUARDO TORRES \u00a0LE\u00d3N, quien siendo las 09:10 horas procede a realizar la \u00a0prueba de identificaci\u00f3n preliminar homologada a la sustancia \u00a0vegetal encontrada en uno de los paquetes, la cual arrojo un peso de \u00a01.258 kilos como peso bruto. Lo que lleva a que las 9:12 de la ma\u00f1ana \u00a0se proceda a capturar en flagrancia a RICHARD DAVID HERN\u00c1NDEZ\u2026\u201d2 \u00a0<\/p>\n<p>3. Asignado el \u00a0asunto al Juzgado 9 Penal del Circuito Especializado de Bogot\u00e1, \u00a0por auto del 23 de abril, su titular rehus\u00f3 su competencia por \u00a0el factor territorial, al advertir que \u201cde \u00a0la lectura de los hechos se puede establecer que los mismos \u00a0ocurrieron en el municipio de Soacha\u201d, raz\u00f3n \u00a0por la cual, el funcionario competente es el del Circuito \u00a0Especializado de Cundinamarca. \u00a0<\/p>\n<p>Acorde con lo \u00a0anterior, dispuso el env\u00edo del plenario a esta Corporaci\u00f3n \u00a0para que se defina competencia. \u00a0<\/p>\n<p>CONSIDERACIONES DE \u00a0LA CORTE \u00a0<\/p>\n<p>1. \u00a0De conformidad con lo se\u00f1alado en los art\u00edculos 32, \u00a0numeral 4\u00b0 y 54 de la Ley 906 de 2004, esta Sala es competente \u00a0para conocer de la definici\u00f3n de competencia en el presente \u00a0asunto, \u00a0en \u00a0atenci\u00f3n a que los Juzgados involucrados son de diferente \u00a0Distrito Judicial: Bogot\u00e1 y Cundinamarca. \u00a0<\/p>\n<p>2. \u00a0Ahora, si bien del contenido del art\u00edculo 54 \u00a0del estatuto procesal que regula el \u00a0incidente \u00a0de definici\u00f3n de competencia se infiere que el funcionario \u00a0judicial solamente puede apartarse del conocimiento de un determinado \u00a0asunto durante las audiencias de formulaci\u00f3n de imputaci\u00f3n \u00a0y acusaci\u00f3n, la Sala ha admitido que dicha declaraci\u00f3n \u00a0igualmente pueda producirse con anterioridad a dichas diligencias \u00a0as\u00ed, entre otros radicados, en CSJ AP, 26 Sep. 2007, Rad. \u00a028136, y AP, 12 Mar 2008, Rad. 29316, es decir, que el Juez est\u00e1 \u00a0facultado para convocar a una vista p\u00fablica y durante su curso \u00a0exponer oralmente las razones por las cuales se considera \u00a0incompetente o tambi\u00e9n puede optar por hacerlo en cuanto le es \u00a0asignado el escrito de acusaci\u00f3n o su equivalente, como \u00a0finalmente procedi\u00f3 la Juez remitente. \u00a0<\/p>\n<p>3. Luego, \u00a0corresponde dilucidar cu\u00e1l es la \u00a0autoridad encargada de conocer del proceso adelantado en contra de \u00a0Richard \u00a0David Hern\u00e1ndez, \u00a0a quien se le atribuye el delito de tr\u00e1fico, fabricaci\u00f3n \u00a0o porte de estupefacientes, agravado. \u00a0<\/p>\n<p>3.1. Para ello, \u00a0basta remitirse al art\u00edculo \u00a043 \u00a0del estatuto procesal que se\u00f1ala: \u00a0<\/p>\n<p>\u201c\u2026Competencia. \u00a0Es competente para conocer del juzgamiento el juez del lugar donde \u00a0ocurri\u00f3 el delito. \u00a0<\/p>\n<p>Cuando no fuere \u00a0posible determinar el lugar de ocurrencia del hecho, \u00e9ste se \u00a0hubiere realizado en varios lugares, en uno incierto o en el \u00a0extranjero, la competencia del juez de conocimiento se fija por el \u00a0lugar donde se formule acusaci\u00f3n por parte de la Fiscal\u00eda \u00a0General de la Naci\u00f3n, lo cual har\u00e1 donde se encuentren \u00a0los elementos fundamentales de la acusaci\u00f3n\u2026\u201d. \u00a0<\/p>\n<p>Y, a su vez al \u00a0art\u00edculo 42 \u00a0de la Ley 906 de 2004 distribuye, para efectos de juzgamiento, el \u00a0territorio nacional en distritos, circuitos y municipios, para lo \u00a0cual los Jueces Penales del Circuito Especializados conocen de los \u00a0delitos cometidos en el correspondiente Distrito Judicial, los Jueces \u00a0Penales del Circuito conocen de aquellos punibles perpetrados en el \u00a0territorio que comprende el respectivo circuito, mientras que los \u00a0Jueces Municipales se ocupan de aquellos asuntos acaecidos en su \u00a0municipio. \u00a0<\/p>\n<p>4. En \u00a0este contexto, de acuerdo con la sinopsis f\u00e1ctica rese\u00f1ada \u00a0en el escrito de acusaci\u00f3n, el delito de tr\u00e1fico, \u00a0fabricaci\u00f3n o porte de estupefacientes previsto en el art\u00edculo \u00a0376, agravado por el numeral 3, del canon 384, del estatuto \u00a0sustancial, que se le atribuye al imputado, se cometi\u00f3 en el \u00a0municipio de Soacha, localidad donde se transportaba \u00a0Richard David Hern\u00e1ndez \u00a0con sustancia estupefaciente al momento de su incautaci\u00f3n, \u00a0actualizando con ello la conducta punible indicada en los t\u00e9rminos \u00a0del art\u00edculo 14, numeral, 1, de la Ley 599 de 2000. De modo \u00a0que, es a la autoridad judicial con jurisdicci\u00f3n en aqu\u00e9lla \u00a0localidad a la que le compete conocer del juzgamiento. \u00a0<\/p>\n<p>Lo anterior, sin \u00a0perjuicio de lo sostenido en AP 4698-2018, Rad. 53981, porque en ese \u00a0caso, se hizo alusi\u00f3n a la misma conducta punible, pero por \u00a0los verbos rectores \u201cadquirir, \u00a0conservar y sacar del pa\u00eds\u201d \u00a0y se tuvo la conducta ejecutada en el lugar de envi\u00f3 de la \u00a0mercanc\u00eda en tanto se hizo v\u00eda correo postal, sin que \u00a0la persona imputada ostentara la disponibilidad de la sustancia \u00a0il\u00edcita en el lugar donde se incaut\u00f3 a diferencia del \u00a0presente evento. \u00a0<\/p>\n<p>5. En \u00a0consecuencia, toda vez que por la naturaleza del asunto, la \u00a0competencia radica en la justicia especializada (art\u00edculo 35, \u00a0numeral 28, Ley 906 de 2004) y el municipio de Soacha integra el \u00a0Circuito Especializado de Cundinamarca, seg\u00fan lo dispuesto en \u00a0Acuerdo 527 de 19993, \u00a0expedido por el Consejo Superior de la Judicatura, rem\u00edtase la \u00a0actuaci\u00f3n a la oficina de reparto de esos Juzgados, \u00a0para los fines pertinentes. \u00a0<\/p>\n<p>En m\u00e9rito \u00a0de lo expuesto la Corte Suprema de Justicia, Sala de Casaci\u00f3n \u00a0Penal, \u00a0<\/p>\n<p>RESUELVE \u00a0<\/p>\n<p>1. Asignar \u00a0al \u00a0Juzgado Penal del Circuito Especializado de Cundinamarca- reparto, la \u00a0competencia para conocer del proceso adelantado en contra de Richard \u00a0Davis Hern\u00e1ndez. \u00a0<\/p>\n<p>Contra esta \u00a0decisi\u00f3n no procede recurso alguno. \u00a0<\/p>\n<p>Notif\u00edquese \u00a0y C\u00famplase. \u00a0<\/p>\n<p>EYDER \u00a0PATI\u00d1O CABRERA \u00a0<\/p>\n<p>JOS\u00c9 \u00a0FRANCISCO ACU\u00d1A VIZCAYA \u00a0<\/p>\n<p>EUGENIO \u00a0FERN\u00c1NDEZ CARLIER \u00a0<\/p>\n<p>LUIS \u00a0ANTONIO HERN\u00c1NDEZ BARBOSA \u00a0<\/p>\n<p>PATRICIA SALAZAR \u00a0CU\u00c9LLAR \u00a0<\/p>\n<p>LUIS GUILLERMO \u00a0SALAZAR OTERO \u00a0<\/p>\n<p>Nubia Yolanda Nova \u00a0Garc\u00eda \u00a0<\/p>\n<p>Secretaria \u00a0<\/p>\n<p>1 \u00a0 \u00a0 \u00a0 \u00a0 \u00a0Seg\u00fan lo informa el escrito de acusaci\u00f3n. \u00a0<\/p>\n<p>2 \u00a0 \u00a0 \u00a0 \u00a0 \u00a0Folio 5 de la carpeta \u00a0<\/p>\n<p>3 \u00a0 \u00a0 \u00a0 \u00a0 \u00a0\u201c10. El \u00a0 \u00a0 \u00a0 \u00a0 \u00a0Distrito Judicial de Cundinamarca comprende el siguiente circuito \u00a0 \u00a0 \u00a0 \u00a0 \u00a0penal especializado: \u00a0 \u00a0 \u00a0 \u00a0 \u00a0<\/p>\n<p>10.1 \u00a0 \u00a0 \u00a0 \u00a0 \u00a0Circuito Penal Especializado de Cundinamarca, cuya cabecera es la \u00a0 \u00a0 \u00a0 \u00a0 \u00a0ciudad de Santa Fe de Bogot\u00e1, D.C., con competencia sobre los \u00a0 \u00a0 \u00a0 \u00a0 \u00a0municipios que conforman el Distrito Judicial de Cundinamarca.\u201d \u00a0<\/p>\n<p>4 \u00a0 \u00a0 \u00a0<\/p>\n<p><\/p>\n","protected":false},"excerpt":{"rendered":"<p>\u00a0 \u00a0 \u00a0 \u00a0\u00a0 LUIS GUILLERMO \u00a0SALAZAR OTERO \u00a0 Magistrado \u00a0ponente \u00a0 AP1514-2019 \u00a0 Radicaci\u00f3n \u00a0n\u00ba 55206 \u00a0 Acta 101 \u00a0 Bogot\u00e1, \u00a0D.C., treinta (30) de abril de dos mil diecinueve 2019. \u00a0 ASUNTO \u00a0 La \u00a0Sala define la competencia para conocer de la etapa de juzgamiento \u00a0dentro del proceso adelantado contra \u00a0Richard David Hern\u00e1ndez, [&hellip;]<\/p>\n","protected":false},"author":1,"featured_media":0,"comment_status":"open","ping_status":"open","sticky":false,"template":"","format":"standard","meta":{"footnotes":""},"categories":[28],"tags":[],"class_list":["post-42064","post","type-post","status-publish","format-standard","hentry","category-28"],"_links":{"self":[{"href":"https:\/\/dmsjuridica.com\/buscador_20179478954\/salapenalcronologico20230723\/wp-json\/wp\/v2\/posts\/42064","targetHints":{"allow":["GET"]}}],"collection":[{"href":"https:\/\/dmsjuridica.com\/buscador_20179478954\/salapenalcronologico20230723\/wp-json\/wp\/v2\/posts"}],"about":[{"href":"https:\/\/dmsjuridica.com\/buscador_20179478954\/salapenalcronologico20230723\/wp-json\/wp\/v2\/types\/post"}],"author":[{"embeddable":true,"href":"https:\/\/dmsjuridica.com\/buscador_20179478954\/salapenalcronologico20230723\/wp-json\/wp\/v2\/users\/1"}],"replies":[{"embeddable":true,"href":"https:\/\/dmsjuridica.com\/buscador_20179478954\/salapenalcronologico20230723\/wp-json\/wp\/v2\/comments?post=42064"}],"version-history":[{"count":0,"href":"https:\/\/dmsjuridica.com\/buscador_20179478954\/salapenalcronologico20230723\/wp-json\/wp\/v2\/posts\/42064\/revisions"}],"wp:attachment":[{"href":"https:\/\/dmsjuridica.com\/buscador_20179478954\/salapenalcronologico20230723\/wp-json\/wp\/v2\/media?parent=42064"}],"wp:term":[{"taxonomy":"category","embeddable":true,"href":"https:\/\/dmsjuridica.com\/buscador_20179478954\/salapenalcronologico20230723\/wp-json\/wp\/v2\/categories?post=42064"},{"taxonomy":"post_tag","embeddable":true,"href":"https:\/\/dmsjuridica.com\/buscador_20179478954\/salapenalcronologico20230723\/wp-json\/wp\/v2\/tags?post=42064"}],"curies":[{"name":"wp","href":"https:\/\/api.w.org\/{rel}","templated":true}]}}