{"id":41960,"date":"2023-09-14T21:43:35","date_gmt":"2023-09-14T21:43:35","guid":{"rendered":"https:\/\/dmsjuridica.com\/buscador_20179478954\/salapenalcronologico20230723\/2023\/09\/14\/ap1207-201954229\/"},"modified":"2023-09-14T21:43:35","modified_gmt":"2023-09-14T21:43:35","slug":"ap1207-201954229","status":"publish","type":"post","link":"https:\/\/dmsjuridica.com\/buscador_20179478954\/salapenalcronologico20230723\/2023\/09\/14\/ap1207-201954229\/","title":{"rendered":"AP1207-2019(54229)"},"content":{"rendered":"\n<p>\u00a0 \u00a0 \u00a0 \u00a0\u00a0<\/p>\n<p>LUIS ANTONIO \u00a0HERN\u00c1NDEZ BARBOSA \u00a0<\/p>\n<p>Magistrado \u00a0ponente \u00a0<\/p>\n<p>AP1207-2019 \u00a0<\/p>\n<p>Radicaci\u00f3n \u00a0n.\u00b0 54229 \u00a0<\/p>\n<p>Acta 87 \u00a0<\/p>\n<p>Bogot\u00e1, \u00a0D. C., tres (3) de abril de dos mil diecinueve (2019). \u00a0<\/p>\n<p>VISTOS: \u00a0<\/p>\n<p>Se pronuncia la Sala sobre los \u00a0impedimentos presentados conjuntamente por los Magistrados Jos\u00e9 \u00a0Francisco Acu\u00f1a Vizcaya, Jos\u00e9 Luis Barcel\u00f3 \u00a0Camacho, Eugenio Fern\u00e1ndez Carlier, Eyder Pati\u00f1o \u00a0Cabrera, Patricia Salazar Cuellar y Luis Guillermo Salazar Otero, \u00a0para conocer de la acci\u00f3n de revisi\u00f3n instaurada en \u00a0nombre de JEAN ARLAND CARDONA CARDONA, contra la sentencia \u00a0condenatoria proferida en su contra el 10 de julio de 2013, \u00a0confirmada el 31 de octubre de 2013 y casada parcialmente el 11 de \u00a0abril de 2018, como autor del delito de hurto simple agravado. \u00a0<\/p>\n<p>LOS \u00a0IMPEDIMENTOS: \u00a0<\/p>\n<p>Los Magistrados mencionados \u00a0se\u00f1alan que suscribieron el fallo de casaci\u00f3n proferido \u00a0el 11 de abril de 2018 (Rad. 43533), de manera que se encuentran \u00a0dentro de la causal especial establecida en el art\u00edculo 228 de \u00a0la Ley 600 de 2000. \u00a0<\/p>\n<p>CONSIDERACIONES DE LA CORTE: \u00a0<\/p>\n<p>Encuentra la Sala que asiste \u00a0raz\u00f3n a los Magistrados que han manifestado su impedimento, \u00a0pues la sentencia de casaci\u00f3n proferida en el curso del \u00a0proceso cuya revisi\u00f3n ahora se solicita, a trav\u00e9s de la \u00a0cual decidieron casar parcialmente el fallo impugnado, conforma con \u00a0las decisiones de primera y segunda instancia el objeto de la acci\u00f3n \u00a0promovida, motivo por el cual se advierte que se encuentran dentro \u00a0del supuesto de hecho establecido en la norma procesal que invocaron. \u00a0<\/p>\n<p>As\u00ed \u00a0las cosas, se acepta la declaraci\u00f3n conjunta de impedimento \u00a0presentada y se les separa del conocimiento de este asunto. \u00a0<\/p>\n<p>En \u00a0procura de mantener el equilibrio en la carga laboral de los \u00a0integrantes de la Corporaci\u00f3n, se dispone que del despacho del \u00a0Magistrado Luis Antonio Hern\u00e1ndez Barbosa se remita al \u00a0Magistrado Eugenio Fern\u00e1ndez Carlier un expediente de similar \u00a0naturaleza y complejidad. \u00a0<\/p>\n<p>Por \u00a0lo anterior, la Sala integrada por Magistrados y Conjueces de la \u00a0Corte Suprema de Justicia, \u00a0<\/p>\n<p>RESUELVE: \u00a0<\/p>\n<p>1. \u00a0 \u00a0 \u00a0 \u00a0ACEPTAR \u00a0los impedimentos \u00a0declarados conjuntamente por los Magistrados \u00a0Jos\u00e9 \u00a0Francisco Acu\u00f1a Vizcaya, Jos\u00e9 Luis Barcel\u00f3 \u00a0Camacho, Eugenio Fern\u00e1ndez Carlier, Eyder Pati\u00f1o \u00a0Cabrera, Patricia Salazar Cuellar y Luis Guillermo Salazar Otero y, \u00a0en consecuencia, separarlos del conocimiento de este asunto. \u00a0<\/p>\n<p>2. \u00a0\u00a0 \u00a0 \u00a0 \u00a0 \u00a0ENVIAR\u00a0 \u00a0 \u00a0 \u00a0 \u00a0al \u00a0despacho del Magistrado Eugenio Fern\u00e1ndez Carlier un \u00a0expediente de la oficina del Magistrado Luis Antonio Hern\u00e1ndez \u00a0Barbosa, en compensaci\u00f3n. \u00a0<\/p>\n<p>COMUN\u00cdQUESE Y \u00a0C\u00daMPLASE. \u00a0<\/p>\n<p>LUIS ANTONIO \u00a0HERN\u00c1NDEZ BARBOSA \u00a0<\/p>\n<p>FRANCISCO \u00a0BERNATE OCHOA \u00a0<\/p>\n<p>Conjuez \u00a0<\/p>\n<p>ABEL DAR\u00cdO \u00a0GONZ\u00c1LEZ SALAZAR \u00a0<\/p>\n<p>Conjuez \u00a0<\/p>\n<p>DIEGO EUGENIO \u00a0CORREDOR BELTR\u00c1N \u00a0<\/p>\n<p>Conjuez \u00a0<\/p>\n<p>FRANCISCO \u00a0SINTURA VERELA \u00a0<\/p>\n<p>Conjuez \u00a0<\/p>\n<p>JAVIER ENRIQUE \u00a0BARRERO BUITRAGO \u00a0<\/p>\n<p>Conjuez \u00a0<\/p>\n<p>ALFONSO DAZA \u00a0GONZ\u00c1LEZ \u00a0<\/p>\n<p>Conjuez \u00a0<\/p>\n<p>NUBIA YOLANDA NOVA GARC\u00cdA \u00a0<\/p>\n<p>Secretaria \u00a0<\/p>\n<p>\u00a0 \u00a0 \u00a0\u00a0<\/p>\n<p><\/p>\n","protected":false},"excerpt":{"rendered":"<p>\u00a0 \u00a0 \u00a0 \u00a0\u00a0 LUIS ANTONIO \u00a0HERN\u00c1NDEZ BARBOSA \u00a0 Magistrado \u00a0ponente \u00a0 AP1207-2019 \u00a0 Radicaci\u00f3n \u00a0n.\u00b0 54229 \u00a0 Acta 87 \u00a0 Bogot\u00e1, \u00a0D. C., tres (3) de abril de dos mil diecinueve (2019). \u00a0 VISTOS: \u00a0 Se pronuncia la Sala sobre los \u00a0impedimentos presentados conjuntamente por los Magistrados Jos\u00e9 \u00a0Francisco Acu\u00f1a Vizcaya, Jos\u00e9 Luis Barcel\u00f3 [&hellip;]<\/p>\n","protected":false},"author":1,"featured_media":0,"comment_status":"open","ping_status":"open","sticky":false,"template":"","format":"standard","meta":{"footnotes":""},"categories":[28],"tags":[],"class_list":["post-41960","post","type-post","status-publish","format-standard","hentry","category-28"],"_links":{"self":[{"href":"https:\/\/dmsjuridica.com\/buscador_20179478954\/salapenalcronologico20230723\/wp-json\/wp\/v2\/posts\/41960","targetHints":{"allow":["GET"]}}],"collection":[{"href":"https:\/\/dmsjuridica.com\/buscador_20179478954\/salapenalcronologico20230723\/wp-json\/wp\/v2\/posts"}],"about":[{"href":"https:\/\/dmsjuridica.com\/buscador_20179478954\/salapenalcronologico20230723\/wp-json\/wp\/v2\/types\/post"}],"author":[{"embeddable":true,"href":"https:\/\/dmsjuridica.com\/buscador_20179478954\/salapenalcronologico20230723\/wp-json\/wp\/v2\/users\/1"}],"replies":[{"embeddable":true,"href":"https:\/\/dmsjuridica.com\/buscador_20179478954\/salapenalcronologico20230723\/wp-json\/wp\/v2\/comments?post=41960"}],"version-history":[{"count":0,"href":"https:\/\/dmsjuridica.com\/buscador_20179478954\/salapenalcronologico20230723\/wp-json\/wp\/v2\/posts\/41960\/revisions"}],"wp:attachment":[{"href":"https:\/\/dmsjuridica.com\/buscador_20179478954\/salapenalcronologico20230723\/wp-json\/wp\/v2\/media?parent=41960"}],"wp:term":[{"taxonomy":"category","embeddable":true,"href":"https:\/\/dmsjuridica.com\/buscador_20179478954\/salapenalcronologico20230723\/wp-json\/wp\/v2\/categories?post=41960"},{"taxonomy":"post_tag","embeddable":true,"href":"https:\/\/dmsjuridica.com\/buscador_20179478954\/salapenalcronologico20230723\/wp-json\/wp\/v2\/tags?post=41960"}],"curies":[{"name":"wp","href":"https:\/\/api.w.org\/{rel}","templated":true}]}}