{"id":41926,"date":"2023-09-14T21:43:33","date_gmt":"2023-09-14T21:43:33","guid":{"rendered":"https:\/\/dmsjuridica.com\/buscador_20179478954\/salapenalcronologico20230723\/2023\/09\/14\/ap1051-201954781\/"},"modified":"2023-09-14T21:43:33","modified_gmt":"2023-09-14T21:43:33","slug":"ap1051-201954781","status":"publish","type":"post","link":"https:\/\/dmsjuridica.com\/buscador_20179478954\/salapenalcronologico20230723\/2023\/09\/14\/ap1051-201954781\/","title":{"rendered":"AP1051-2019(54781)"},"content":{"rendered":"\n<p>\u00a0 \u00a0 \u00a0 Cambio \u00a0 \u00a0 \u00a0 \u00a0 \u00a0de radicaci\u00f3n n\u00b0. 54781 \u00a0 \u00a0 \u00a0 \u00a0 \u00a0<\/p>\n<p>Mario \u00a0 \u00a0 \u00a0 \u00a0 \u00a0Andr\u00e9s Pinz\u00f3n Lozano \u00a0 \u00a0 \u00a0 \u00a0 \u00a0<\/p>\n<p>\u00a0 \u00a0\u00a0<\/p>\n<p>LUIS \u00a0 \u00a0 \u00a0 \u00a0 \u00a0ANTONIO HERNANDEZ BARBOSA \u00a0 \u00a0 \u00a0 \u00a0 \u00a0<\/p>\n<p>MAGISTRADO \u00a0 \u00a0 \u00a0 \u00a0 \u00a0PONENTE \u00a0 \u00a0 \u00a0 \u00a0 \u00a0<\/p>\n<p>\u00a0\u00a0 \u00a0 \u00a0 \u00a0 \u00a0<\/p>\n<p>\u00a0\u00a0 \u00a0 \u00a0 \u00a0 \u00a0<\/p>\n<p>AP1051-2019 \u00a0 \u00a0 \u00a0 \u00a0 \u00a0<\/p>\n<p>Radicaci\u00f3n \u00a0 \u00a0 \u00a0 \u00a0 \u00a0n\u00b0. 54781 \u00a0 \u00a0 \u00a0 \u00a0 \u00a0<\/p>\n<p>Acta \u00a0 \u00a0 \u00a0 \u00a0 \u00a0072 \u00a0 \u00a0 \u00a0 \u00a0 \u00a0<\/p>\n<p>\u00a0\u00a0 \u00a0 \u00a0 \u00a0 \u00a0<\/p>\n<p>Bogot\u00e1, \u00a0 \u00a0 \u00a0 \u00a0 \u00a0D.C., veinte (20) de marzo de dos mil diecinueve (2019). \u00a0 \u00a0 \u00a0 \u00a0 \u00a0<\/p>\n<p>\u00a0\u00a0 \u00a0 \u00a0 \u00a0 \u00a0<\/p>\n<p>\u00a0\u00a0 \u00a0 \u00a0 \u00a0 \u00a0<\/p>\n<p>VISTOS \u00a0 \u00a0 \u00a0 \u00a0 \u00a0<\/p>\n<p>\u00a0\u00a0 \u00a0 \u00a0 \u00a0 \u00a0<\/p>\n<p>\u00a0\u00a0 \u00a0 \u00a0 \u00a0 \u00a0<\/p>\n<p>La \u00a0 \u00a0 \u00a0 \u00a0 \u00a0Corte procede a analizar si se re\u00fanen los requisitos para \u00a0 \u00a0 \u00a0 \u00a0 \u00a0resolver la solicitud de cambio de radicaci\u00f3n presentada por \u00a0 \u00a0 \u00a0 \u00a0 \u00a0MARIO ANDR\u00c9S PINZ\u00d3N LOZANO, \u00a0 \u00a0 \u00a0 \u00a0 \u00a0procesado \u00a0 \u00a0 \u00a0 \u00a0 \u00a0por el delito de actos sexuales con menor de catorce a\u00f1os \u00a0 \u00a0 \u00a0 \u00a0 \u00a0agravado. \u00a0 \u00a0 \u00a0 \u00a0 \u00a0<\/p>\n<p>\u00a0\u00a0 \u00a0 \u00a0 \u00a0 \u00a0<\/p>\n<p>\u00a0\u00a0 \u00a0 \u00a0 \u00a0 \u00a0<\/p>\n<p>ANTECEDENTES \u00a0 \u00a0 \u00a0 \u00a0 \u00a0<\/p>\n<p>\u00a0\u00a0 \u00a0 \u00a0 \u00a0 \u00a0<\/p>\n<p>\u00a0\u00a0 \u00a0 \u00a0 \u00a0 \u00a0<\/p>\n<p>1. \u00a0 \u00a0 \u00a0 \u00a0 \u00a0En audiencia preliminar de legalizaci\u00f3n de captura y \u00a0 \u00a0 \u00a0 \u00a0 \u00a0formulaci\u00f3n de imputaci\u00f3n celebrada el 8 de marzo de \u00a0 \u00a0 \u00a0 \u00a0 \u00a02016 ante el Juzgado Segundo Promiscuo Municipal con Funci\u00f3n \u00a0 \u00a0 \u00a0 \u00a0 \u00a0de Control de Garant\u00edas de La Ceja (Antioquia), la Fiscal\u00eda \u00a0 \u00a0 \u00a0 \u00a0 \u00a0General de la Naci\u00f3n le atribuy\u00f3 a MARIO ANDR\u00c9S \u00a0 \u00a0 \u00a0 \u00a0 \u00a0PINZ\u00d3N LOZANO la autor\u00eda del delito de actos sexuales \u00a0 \u00a0 \u00a0 \u00a0 \u00a0con menor de catorce a\u00f1os agravado, cargo que no fue aceptado \u00a0 \u00a0 \u00a0 \u00a0 \u00a0por el implicado. \u00a0 \u00a0 \u00a0 \u00a0 \u00a0<\/p>\n<p>\u00a0\u00a0 \u00a0 \u00a0 \u00a0 \u00a0<\/p>\n<p>Igualmente, \u00a0 \u00a0 \u00a0 \u00a0 \u00a0avalando la petici\u00f3n del representante del ente acusador, el \u00a0 \u00a0 \u00a0 \u00a0 \u00a0Juzgado orden\u00f3 imponer en su contra \u00a0medida de aseguramiento \u00a0 \u00a0 \u00a0 \u00a0 \u00a0de detenci\u00f3n preventiva en el establecimiento penitenciario \u00a0 \u00a0 \u00a0 \u00a0 \u00a0de ese mismo municipio. Luego de ser recurrida, tal determinaci\u00f3n \u00a0 \u00a0 \u00a0 \u00a0 \u00a0fue confirmada por el Juzgado Penal del Circuito de la Ceja en \u00a0 \u00a0 \u00a0 \u00a0 \u00a0decisi\u00f3n del 8 de abril de 2016. \u00a0 \u00a0 \u00a0 \u00a0 \u00a0<\/p>\n<p>\u00a0\u00a0 \u00a0 \u00a0 \u00a0 \u00a0<\/p>\n<p>3. \u00a0 \u00a0 \u00a0 \u00a0 \u00a0El 29 de abril de 2016 se present\u00f3 escrito de acusaci\u00f3n \u00a0 \u00a0 \u00a0 \u00a0 \u00a0ante el Juzgado Penal del Circuito de ese municipio, cuya titular, \u00a0 \u00a0 \u00a0 \u00a0 \u00a0en decisi\u00f3n del 29 de abril siguiente, se declar\u00f3 \u00a0 \u00a0 \u00a0 \u00a0 \u00a0impedida para conocer la etapa del juicio por haber ejercido la \u00a0 \u00a0 \u00a0 \u00a0 \u00a0funci\u00f3n de control de garant\u00edas en la misma actuaci\u00f3n. \u00a0 \u00a0 \u00a0 \u00a0 \u00a0 Acto seguido, orden\u00f3 remitir las diligencias a los Juzgados \u00a0 \u00a0 \u00a0 \u00a0 \u00a0Penales del Circuito de Rionegro (Antioquia). \u00a0 \u00a0 \u00a0 \u00a0 \u00a0<\/p>\n<p>\u00a0\u00a0 \u00a0 \u00a0 \u00a0 \u00a0<\/p>\n<p>4. \u00a0 \u00a0 \u00a0 \u00a0 \u00a0La actuaci\u00f3n correspondi\u00f3 por reparto al Juzgado 3\u00ba \u00a0 \u00a0 \u00a0 \u00a0 \u00a0Penal del Circuito con Funci\u00f3n de Conocimiento de ese \u00a0 \u00a0 \u00a0 \u00a0 \u00a0municipio, autoridad que acept\u00f3 el impedimento propuesto por \u00a0 \u00a0 \u00a0 \u00a0 \u00a0su hom\u00f3loga y procedi\u00f3 a llevar a cabo la audiencia de \u00a0 \u00a0 \u00a0 \u00a0 \u00a0formulaci\u00f3n de acusaci\u00f3n en sesiones del 28 de julio \u00a0 \u00a0 \u00a0 \u00a0 \u00a0de 2016 y 3 de octubre de 2016. Posteriormente, celebr\u00f3 la \u00a0 \u00a0 \u00a0 \u00a0 \u00a0audiencia preparatoria el 13 de marzo de 2017, 7 de mayo de 2018 y \u00a0 \u00a0 \u00a0 \u00a0 \u00a023 de julio de 2018. \u00a0 \u00a0 \u00a0 \u00a0 \u00a0<\/p>\n<p>\u00a0\u00a0 \u00a0 \u00a0 \u00a0 \u00a0<\/p>\n<p>5. \u00a0 \u00a0 \u00a0 \u00a0 \u00a0Antes de instalar la audiencia de juicio oral, el acusado MARIO \u00a0 \u00a0 \u00a0 \u00a0 \u00a0ANDR\u00c9S PINZ\u00d3N LOZANO solicit\u00f3 el cambio de \u00a0 \u00a0 \u00a0 \u00a0 \u00a0radicaci\u00f3n a un distrito judicial que no estuviera \u00a0 \u00a0 \u00a0 \u00a0 \u00a0comprendido en el departamento de Antioquia. Argument\u00f3 que \u00a0 \u00a0 \u00a0 \u00a0 \u00a0las autoridades judiciales involucradas en el proceso desconocieron \u00a0 \u00a0 \u00a0 \u00a0 \u00a0sus garant\u00edas procesales y no acataron los principios de \u00a0 \u00a0 \u00a0 \u00a0 \u00a0imparcialidad y autonom\u00eda judicial a los que se encontraban \u00a0 \u00a0 \u00a0 \u00a0 \u00a0obligados, situaci\u00f3n que imped\u00eda confiar en su \u00a0 \u00a0 \u00a0 \u00a0 \u00a0absoluta neutralidad. \u00a0 \u00a0 \u00a0 \u00a0 \u00a0<\/p>\n<p>\u00a0\u00a0 \u00a0 \u00a0 \u00a0 \u00a0<\/p>\n<p>9. \u00a0 \u00a0 \u00a0 \u00a0 \u00a0En auto del 6 de febrero de 2019, el\u00a0 \u00a0 \u00a0 \u00a0 \u00a0juzgado de conocimiento \u00a0 \u00a0 \u00a0 \u00a0 \u00a0remiti\u00f3 las diligencias a la Sala Penal del Tribunal de \u00a0 \u00a0 \u00a0 \u00a0 \u00a0Antioquia, la que a su vez, en decisi\u00f3n del 15 de febrero de \u00a0 \u00a0 \u00a0 \u00a0 \u00a02019, dispuso el env\u00edo de la actuaci\u00f3n a la Corte. \u00a0 \u00a0 \u00a0 \u00a0 \u00a0<\/p>\n<p>\u00a0\u00a0 \u00a0 \u00a0 \u00a0 \u00a0<\/p>\n<p>\u00a0\u00a0 \u00a0 \u00a0 \u00a0 \u00a0<\/p>\n<p>CONSIDERACIONES \u00a0 \u00a0 \u00a0 \u00a0 \u00a0<\/p>\n<p>\u00a0\u00a0 \u00a0 \u00a0 \u00a0 \u00a0<\/p>\n<p>\u00a0\u00a0 \u00a0 \u00a0 \u00a0 \u00a0<\/p>\n<p>La \u00a0 \u00a0 \u00a0 \u00a0 \u00a0Sala es competente para resolver las solicitudes de cambio de \u00a0 \u00a0 \u00a0 \u00a0 \u00a0radicaci\u00f3n entre distritos judiciales, de conformidad con lo \u00a0 \u00a0 \u00a0 \u00a0 \u00a0previsto en el numeral 8\u00ba del art\u00edculo 32 de la Ley 906 \u00a0 \u00a0 \u00a0 \u00a0 \u00a0de 2004. \u00a0 \u00a0 \u00a0 \u00a0 \u00a0<\/p>\n<p>\u00a0\u00a0 \u00a0 \u00a0 \u00a0 \u00a0<\/p>\n<p>El \u00a0 \u00a0 \u00a0 \u00a0 \u00a0art\u00edculo 47 de la misma ley establece que antes de iniciar el \u00a0 \u00a0 \u00a0 \u00a0 \u00a0juicio oral, las partes o el Ministerio P\u00fablico pueden \u00a0 \u00a0 \u00a0 \u00a0 \u00a0solicitar el cambio de radicaci\u00f3n ante el juez que conozca \u00a0 \u00a0 \u00a0 \u00a0 \u00a0del proceso, quien debe informarle a su superior para que decida. A \u00a0 \u00a0 \u00a0 \u00a0 \u00a0su vez, los art\u00edculos 48 y 49 de ese estatuto establecen que \u00a0 \u00a0 \u00a0 \u00a0 \u00a0el superior cuenta con tres d\u00edas para resolver la petici\u00f3n \u00a0 \u00a0 \u00a0 \u00a0 \u00a0y se\u00f1alar el lugar donde continuar\u00e1 el proceso. \u00a0 \u00a0 \u00a0 \u00a0 \u00a0<\/p>\n<p>\u00a0\u00a0 \u00a0 \u00a0 \u00a0 \u00a0<\/p>\n<p>En \u00a0 \u00a0 \u00a0 \u00a0 \u00a0todo caso, si \u00e9ste estima que debe llevarse a cabo en otro \u00a0 \u00a0 \u00a0 \u00a0 \u00a0distrito judicial, lo remitir\u00e1 a la Corte Suprema de Justicia \u00a0 \u00a0 \u00a0 \u00a0 \u00a0para que defina en cu\u00e1l debe adelantarse el conocimiento del \u00a0 \u00a0 \u00a0 \u00a0 \u00a0asunto \u00a0 \u00a0 \u00a0 \u00a0 \u00a0(CSJ AP, autos de 12 \u00a0 \u00a0 \u00a0 \u00a0 \u00a0de octubre de 2011, 16 \u00a0 \u00a0 \u00a0 \u00a0 \u00a0de julio de 2014 y 11 \u00a0 \u00a0 \u00a0 \u00a0 \u00a0Feb 2016, entre otros, \u00a0 \u00a0 \u00a0 \u00a0 \u00a0radicados 37617, \u00a0 \u00a0 \u00a0 \u00a0 \u00a044100 y \u00a0 \u00a0 \u00a0 \u00a0 \u00a047496). \u00a0 \u00a0 \u00a0 \u00a0 \u00a0<\/p>\n<p>\u00a0\u00a0 \u00a0 \u00a0 \u00a0 \u00a0<\/p>\n<p>En \u00a0 \u00a0 \u00a0 \u00a0 \u00a0el presente asunto, no se agot\u00f3 el tr\u00e1mite descrito en \u00a0 \u00a0 \u00a0 \u00a0 \u00a0precedencia, pues si bien la solicitud fue dirigida al Juzgado 3\u00ba \u00a0 \u00a0 \u00a0 \u00a0 \u00a0Penal del Circuito con Funci\u00f3n de Conocimiento de Rionegro y \u00a0 \u00a0 \u00a0 \u00a0 \u00a0luego a la Sala Penal del Tribunal Superior de Antioquia, no obra \u00a0 \u00a0 \u00a0 \u00a0 \u00a0ninguna decisi\u00f3n de \u00e9ste en la cual se examinara si \u00a0 \u00a0 \u00a0 \u00a0 \u00a0las circunstancias aducidas en el escrito del acusado, resultaban \u00a0 \u00a0 \u00a0 \u00a0 \u00a0superables en el mismo distrito judicial, obviamente en caso de \u00a0 \u00a0 \u00a0 \u00a0 \u00a0prosperar. \u00a0 \u00a0 \u00a0 \u00a0 \u00a0<\/p>\n<p>\u00a0\u00a0 \u00a0 \u00a0 \u00a0 \u00a0<\/p>\n<p>Al \u00a0 \u00a0 \u00a0 \u00a0 \u00a0margen del lugar reclamado por el peticionario, era funci\u00f3n \u00a0 \u00a0 \u00a0 \u00a0 \u00a0del Tribunal Superior de Antioquia examinar los motivos en que se \u00a0 \u00a0 \u00a0 \u00a0 \u00a0fundaba la solicitud de cambio de radicaci\u00f3n, a fin de \u00a0 \u00a0 \u00a0 \u00a0 \u00a0establecer si el proceso puede adelantarse en ese juzgado, ante otro \u00a0 \u00a0 \u00a0 \u00a0 \u00a0funcionario de esa categor\u00eda dentro del mismo Distrito \u00a0 \u00a0 \u00a0 \u00a0 \u00a0Judicial o en uno completamente diferente. \u00a0 \u00a0 \u00a0 \u00a0 \u00a0<\/p>\n<p>\u00a0\u00a0 \u00a0 \u00a0 \u00a0 \u00a0<\/p>\n<p>As\u00ed \u00a0 \u00a0 \u00a0 \u00a0 \u00a0las cosas, solo cuando el Tribunal concluya que existen motivos que \u00a0 \u00a0 \u00a0 \u00a0 \u00a0puedan afectar el normal desarrollo del juicio y que no puedan ser \u00a0 \u00a0 \u00a0 \u00a0 \u00a0conjurados al interior del mismo distrito, la Corte adquiere la \u00a0 \u00a0 \u00a0 \u00a0 \u00a0facultad para resolver el asunto. \u00a0 \u00a0 \u00a0 \u00a0 \u00a0<\/p>\n<p>\u00a0\u00a0 \u00a0 \u00a0 \u00a0 \u00a0<\/p>\n<p>En \u00a0 \u00a0 \u00a0 \u00a0 \u00a0consecuencia, \u00a0 \u00a0 \u00a0 \u00a0 \u00a0la Sala se \u00a0 \u00a0 \u00a0 \u00a0 \u00a0abstendr\u00e1 de resolver la petici\u00f3n presentada y \u00a0 \u00a0 \u00a0 \u00a0 \u00a0dispondr\u00e1 la remisi\u00f3n de las diligencias al Tribunal \u00a0 \u00a0 \u00a0 \u00a0 \u00a0Superior de Antioquia para lo pertinente. \u00a0 \u00a0 \u00a0 \u00a0 \u00a0Igualmente, comunicar\u00e1 la presente determinaci\u00f3n al \u00a0 \u00a0 \u00a0 \u00a0 \u00a0Juzgado \u00a0 \u00a0 \u00a0 \u00a0 \u00a03\u00ba Penal del Circuito con Funci\u00f3n de Conocimiento de \u00a0 \u00a0 \u00a0 \u00a0 \u00a0Rionegro. \u00a0 \u00a0 \u00a0 \u00a0 \u00a0<\/p>\n<p>\u00a0\u00a0 \u00a0 \u00a0 \u00a0 \u00a0<\/p>\n<p>En \u00a0 \u00a0 \u00a0 \u00a0 \u00a0m\u00e9rito de lo expuesto, la Corte Suprema de Justicia, Sala de \u00a0 \u00a0 \u00a0 \u00a0 \u00a0Casaci\u00f3n Penal, \u00a0 \u00a0 \u00a0 \u00a0 \u00a0<\/p>\n<p>\u00a0\u00a0 \u00a0 \u00a0 \u00a0 \u00a0<\/p>\n<p>RESUELVE: \u00a0 \u00a0 \u00a0 \u00a0 \u00a0<\/p>\n<p>\u00a0\u00a0 \u00a0 \u00a0 \u00a0 \u00a0<\/p>\n<p>1. \u00a0 \u00a0 \u00a0 \u00a0ABSTENERSE \u00a0 \u00a0 \u00a0 \u00a0 \u00a0resolver \u00a0 \u00a0 \u00a0 \u00a0 \u00a0la petici\u00f3n de cambio de radicaci\u00f3n propuesta por el \u00a0 \u00a0 \u00a0 \u00a0 \u00a0acusado MARIO ANDR\u00c9S PINZ\u00d3N LOZANO en el proceso \u00a0 \u00a0 \u00a0 \u00a0 \u00a0adelantado en su contra por el delito de actos sexuales con menor de \u00a0 \u00a0 \u00a0 \u00a0 \u00a0catorce a\u00f1os agravado. \u00a0 \u00a0 \u00a0 \u00a0 \u00a0<\/p>\n<p>\u00a0\u00a0 \u00a0 \u00a0 \u00a0 \u00a0<\/p>\n<p>2. \u00a0 \u00a0 \u00a0 \u00a0REMITIR \u00a0 \u00a0 \u00a0 \u00a0 \u00a0las diligencias a la Sala Penal del Tribunal Superior del Distrito \u00a0 \u00a0 \u00a0 \u00a0 \u00a0Judicial de Antioquia. \u00a0 \u00a0 \u00a0 \u00a0 \u00a0<\/p>\n<p>\u00a0\u00a0 \u00a0 \u00a0 \u00a0 \u00a0<\/p>\n<p>3. \u00a0 \u00a0 \u00a0 \u00a0COMUNICAR \u00a0 \u00a0 \u00a0 \u00a0 \u00a0la \u00a0 \u00a0 \u00a0 \u00a0 \u00a0presente determinaci\u00f3n Juzgado \u00a0 \u00a0 \u00a0 \u00a0 \u00a03\u00ba Penal del Circuito con Funci\u00f3n de Conocimiento de \u00a0 \u00a0 \u00a0 \u00a0 \u00a0Rionegro. \u00a0 \u00a0 \u00a0 \u00a0 \u00a0<\/p>\n<p>\u00a0\u00a0 \u00a0 \u00a0 \u00a0 \u00a0<\/p>\n<p>COMUN\u00cdQUESE \u00a0 \u00a0 \u00a0 \u00a0 \u00a0Y C\u00daMPLASE. \u00a0 \u00a0 \u00a0 \u00a0 \u00a0<\/p>\n<p>\u00a0\u00a0 \u00a0 \u00a0 \u00a0 \u00a0<\/p>\n<p>\u00a0\u00a0 \u00a0 \u00a0 \u00a0 \u00a0<\/p>\n<p>\u00a0\u00a0 \u00a0 \u00a0 \u00a0 \u00a0<\/p>\n<p>EYDER \u00a0 \u00a0 \u00a0 \u00a0 \u00a0PATI\u00d1O CABRERA \u00a0 \u00a0 \u00a0 \u00a0 \u00a0<\/p>\n<p>\u00a0\u00a0 \u00a0 \u00a0 \u00a0 \u00a0<\/p>\n<p>\u00a0\u00a0 \u00a0 \u00a0 \u00a0 \u00a0<\/p>\n<p>\u00a0\u00a0 \u00a0 \u00a0 \u00a0 \u00a0<\/p>\n<p>JOS\u00c9 \u00a0 \u00a0 \u00a0 \u00a0 \u00a0FRANCISCO ACU\u00d1A VIZCAYA \u00a0 \u00a0 \u00a0 \u00a0 \u00a0<\/p>\n<p>\u00a0\u00a0 \u00a0 \u00a0 \u00a0 \u00a0<\/p>\n<p>\u00a0\u00a0 \u00a0 \u00a0 \u00a0 \u00a0<\/p>\n<p>\u00a0\u00a0 \u00a0 \u00a0 \u00a0 \u00a0<\/p>\n<p>EUGENIO \u00a0 \u00a0 \u00a0 \u00a0 \u00a0FERN\u00c1NDEZ CARLIER \u00a0 \u00a0 \u00a0 \u00a0 \u00a0<\/p>\n<p>\u00a0\u00a0 \u00a0 \u00a0 \u00a0 \u00a0<\/p>\n<p>\u00a0\u00a0 \u00a0 \u00a0 \u00a0 \u00a0<\/p>\n<p>\u00a0\u00a0 \u00a0 \u00a0 \u00a0 \u00a0<\/p>\n<p>LUIS \u00a0 \u00a0 \u00a0 \u00a0 \u00a0ANTONIO HERN\u00c1NDEZ BARBOSA \u00a0 \u00a0 \u00a0 \u00a0 \u00a0<\/p>\n<p>\u00a0\u00a0 \u00a0 \u00a0 \u00a0 \u00a0<\/p>\n<p>\u00a0\u00a0 \u00a0 \u00a0 \u00a0 \u00a0<\/p>\n<p>\u00a0\u00a0 \u00a0 \u00a0 \u00a0 \u00a0<\/p>\n<p>PATRICIA \u00a0 \u00a0 \u00a0 \u00a0 \u00a0SALAZAR CU\u00c9LLAR \u00a0 \u00a0 \u00a0 \u00a0 \u00a0<\/p>\n<p>\u00a0\u00a0 \u00a0 \u00a0 \u00a0 \u00a0<\/p>\n<p>\u00a0\u00a0 \u00a0 \u00a0 \u00a0 \u00a0<\/p>\n<p>\u00a0\u00a0 \u00a0 \u00a0 \u00a0 \u00a0<\/p>\n<p>LUIS \u00a0 \u00a0 \u00a0 \u00a0 \u00a0GUILLERMO SALAZAR OTERO \u00a0 \u00a0 \u00a0 \u00a0 \u00a0<\/p>\n<p>\u00a0\u00a0 \u00a0 \u00a0 \u00a0 \u00a0<\/p>\n<p>\u00a0\u00a0 \u00a0 \u00a0 \u00a0 \u00a0<\/p>\n<p>\u00a0\u00a0 \u00a0 \u00a0 \u00a0 \u00a0<\/p>\n<p>NUBIA \u00a0 \u00a0 \u00a0 \u00a0 \u00a0YOLANDA NOVA GARC\u00cdA \u00a0 \u00a0 \u00a0 \u00a0 \u00a0<\/p>\n<p>Secretaria \u00a0<\/p>\n<p>4 \u00a0 \u00a0 \u00a0<\/p>\n<p><\/p>\n","protected":false},"excerpt":{"rendered":"<p>\u00a0 \u00a0 \u00a0 Cambio \u00a0 \u00a0 \u00a0 \u00a0 \u00a0de radicaci\u00f3n n\u00b0. 54781 \u00a0 \u00a0 \u00a0 \u00a0 \u00a0 Mario \u00a0 \u00a0 \u00a0 \u00a0 \u00a0Andr\u00e9s Pinz\u00f3n Lozano \u00a0 \u00a0 \u00a0 \u00a0 \u00a0 \u00a0 \u00a0\u00a0 LUIS \u00a0 \u00a0 \u00a0 \u00a0 \u00a0ANTONIO HERNANDEZ BARBOSA \u00a0 \u00a0 \u00a0 \u00a0 \u00a0 MAGISTRADO \u00a0 \u00a0 \u00a0 \u00a0 \u00a0PONENTE \u00a0 \u00a0 \u00a0 \u00a0 [&hellip;]<\/p>\n","protected":false},"author":1,"featured_media":0,"comment_status":"open","ping_status":"open","sticky":false,"template":"","format":"standard","meta":{"footnotes":""},"categories":[28],"tags":[],"class_list":["post-41926","post","type-post","status-publish","format-standard","hentry","category-28"],"_links":{"self":[{"href":"https:\/\/dmsjuridica.com\/buscador_20179478954\/salapenalcronologico20230723\/wp-json\/wp\/v2\/posts\/41926","targetHints":{"allow":["GET"]}}],"collection":[{"href":"https:\/\/dmsjuridica.com\/buscador_20179478954\/salapenalcronologico20230723\/wp-json\/wp\/v2\/posts"}],"about":[{"href":"https:\/\/dmsjuridica.com\/buscador_20179478954\/salapenalcronologico20230723\/wp-json\/wp\/v2\/types\/post"}],"author":[{"embeddable":true,"href":"https:\/\/dmsjuridica.com\/buscador_20179478954\/salapenalcronologico20230723\/wp-json\/wp\/v2\/users\/1"}],"replies":[{"embeddable":true,"href":"https:\/\/dmsjuridica.com\/buscador_20179478954\/salapenalcronologico20230723\/wp-json\/wp\/v2\/comments?post=41926"}],"version-history":[{"count":0,"href":"https:\/\/dmsjuridica.com\/buscador_20179478954\/salapenalcronologico20230723\/wp-json\/wp\/v2\/posts\/41926\/revisions"}],"wp:attachment":[{"href":"https:\/\/dmsjuridica.com\/buscador_20179478954\/salapenalcronologico20230723\/wp-json\/wp\/v2\/media?parent=41926"}],"wp:term":[{"taxonomy":"category","embeddable":true,"href":"https:\/\/dmsjuridica.com\/buscador_20179478954\/salapenalcronologico20230723\/wp-json\/wp\/v2\/categories?post=41926"},{"taxonomy":"post_tag","embeddable":true,"href":"https:\/\/dmsjuridica.com\/buscador_20179478954\/salapenalcronologico20230723\/wp-json\/wp\/v2\/tags?post=41926"}],"curies":[{"name":"wp","href":"https:\/\/api.w.org\/{rel}","templated":true}]}}