{"id":387,"date":"2023-09-07T20:27:22","date_gmt":"2023-09-07T20:27:22","guid":{"rendered":"https:\/\/dmsjuridica.com\/buscador_20179478954\/salapenalcronologico20230723\/2023\/09\/07\/11423-20-03-96\/"},"modified":"2023-09-07T20:27:22","modified_gmt":"2023-09-07T20:27:22","slug":"11423-20-03-96","status":"publish","type":"post","link":"https:\/\/dmsjuridica.com\/buscador_20179478954\/salapenalcronologico20230723\/2023\/09\/07\/11423-20-03-96\/","title":{"rendered":"11423 (20-03-96)"},"content":{"rendered":"\n<p>\u00a0 \u00a0 PORTE \u00a0ILEGAL DE ARMAS DE \u00a0USO PRIVATIVO DE LAS FUERZAS ARMADAS \u00a0\u00a0<\/p>\n<p>El \u00a0art\u00edculo \u00a08o. \u00a0del \u00a0decreto 2535 de 1993 \u00a0establece \u00a0que \u00a0para \u00a0determinar \u00a0si \u00a0un \u00a0arma \u00a0es \u00a0de guerra y por tanto de uso \u00a0privativo \u00a0 \u00a0de \u00a0 la \u00a0 fuerza \u00a0 p\u00fablica, \u00a0 se \u00a0 debe \u00a0 tener \u00a0 en \u00a0 cuenta \u00a0 lo \u00a0siguiente: \u00a0\u00a0<\/p>\n<p>a. que sean pistolas y rev\u00f3lveres de calibre \u00a09.652 \u00a0m.m (.38 pulgadas) que no re\u00fanan las caracter\u00edsticas establecidas en el \u00a0art\u00edculo 11 de este decreto. \u00a0\u00a0<\/p>\n<p>b. Pistolas y rev\u00f3lveres de calibre superior \u00a0a 9.652 m.m (.38 pulgadas). \u00a0\u00a0<\/p>\n<p>Proceso No.\u00a0 11423 \u00a0<\/p>\n<p>\u00a0 \u00a0\u00a0 \u00a0\u00a0 \u00a0\u00a0CORTE SUPREMA DE JUSTICIA \u00a0\u00a0<\/p>\n<p>\u00a0 \u00a0\u00a0 \u00a0\u00a0 \u00a0\u00a0SALA DE CASACION PENAL \u00a0\u00a0<\/p>\n<p>\u00a0 \u00a0\u00a0 \u00a0\u00a0 \u00a0\u00a0 \u00a0\u00a0 \u00a0\u00a0 \u00a0\u00a0 \u00a0\u00a0 \u00a0\u00a0 \u00a0\u00a0 \u00a0 \u00a0\u00a0 \u00a0 \u00a0 \u00a0 \u00a0 \u00a0 \u00a0 \u00a0 \u00a0 \u00a0\u00a0Magistrado Ponente: \u00a0\u00a0<\/p>\n<p>\u00a0 \u00a0\u00a0 \u00a0\u00a0 \u00a0\u00a0 \u00a0\u00a0 \u00a0\u00a0 \u00a0\u00a0 \u00a0\u00a0 \u00a0\u00a0 \u00a0\u00a0 \u00a0 \u00a0\u00a0 \u00a0 \u00a0 \u00a0 \u00a0 \u00a0 \u00a0 \u00a0 \u00a0 \u00a0\u00a0Dr. RICARDO CALVETE RANGEL \u00a0\u00a0<\/p>\n<p>\u00a0 \u00a0\u00a0 \u00a0\u00a0 \u00a0\u00a0 \u00a0\u00a0 \u00a0\u00a0 \u00a0\u00a0 \u00a0\u00a0 \u00a0\u00a0 \u00a0\u00a0 \u00a0 \u00a0\u00a0 \u00a0 \u00a0 \u00a0 \u00a0 \u00a0 \u00a0 \u00a0 \u00a0 \u00a0\u00a0Aprobado Acta No. 44 \u00a0\u00a0<\/p>\n<p>Santa Fe de Bogot\u00e1 D.C., veinte de marzo de \u00a0mil novecientos noventa y seis. \u00a0\u00a0<\/p>\n<p>\u00a0 \u00a0\u00a0 \u00a0\u00a0 \u00a0\u00a0V I S T O S \u00a0\u00a0<\/p>\n<p>Resuelve la Sala el conflicto de competencias \u00a0negativo surgido entre los Juzgados Octavo Penal del Circuito de \u00a0\u00a0<\/p>\n<p>Cartago-Valle y el Juzgado Regional de Cali, \u00a0quienes \u00a0se han declarado incompetentes para conocer del proceso que se adelanta \u00a0contra \u00a0ROBERTO \u00a0JOSE \u00a0SANCHEZ \u00a0BERMUDEZ \u00a0y \u00a0LUIS \u00a0HERNAN GUTIERREZ OCHOA por el \u00a0concurso \u00a0de \u00a0delitos \u00a0de \u00a0homicidio, \u00a0tentativa \u00a0de homicidio y porte ilegal de \u00a0armas. \u00a0\u00a0<\/p>\n<p>\u00a0 \u00a0\u00a0 \u00a0\u00a0 \u00a0\u00a0ANTECEDENTES \u00a0\u00a0<\/p>\n<p>1.\u00a0 En la madrugada del 19 de octubre de \u00a01992, \u00a0dentro \u00a0del \u00a0establecimiento \u00a0denominado \u00a0&#8220;Grill \u00a0Titic\u00f3&#8221; \u00a0ubicado en el \u00a0municipio \u00a0del \u00a0Cairo \u00a0(Valle), \u00a0perdi\u00f3 \u00a0la \u00a0vida \u00a0DIANA \u00a0LORENA \u00a0GARCIA TORO y \u00a0result\u00f3 \u00a0herido \u00a0EVER \u00a0JOSE \u00a0JIMENEZ \u00a0ESPINOSA, \u00a0a quienes ROBERTO JOSE SANCHEZ \u00a0BERMUDEZ \u00a0dispar\u00f3 \u00a0con \u00a0un \u00a0rev\u00f3lver \u00a0calibre \u00a038 \u00a0de dotaci\u00f3n de la Polic\u00eda \u00a0Nacional \u00a0asignada al agente JAIME SEPULVEDA ORTIZ. Luego de cometer el il\u00edcito \u00a0el \u00a0protagonista \u00a0de \u00a0los \u00a0disparos \u00a0emprendi\u00f3 la huida ayudado por LUIS HERNAN \u00a0GUTIERREZ OCHOA quien lo aguardaba en una moto.\u00a0 \u00a0\u00a0<\/p>\n<p>2.\u00a0 \u00a0Por \u00a0los \u00a0hechos anteriores fueron \u00a0vinculados \u00a0como \u00a0personas \u00a0ausentes ROBERTO JOSE SANCHEZ BERMUDEZ y LUIS HERNAN \u00a0GUTIERREZ, \u00a0a \u00a0quienes \u00a0la Fiscal\u00eda 17 delegada Grupo 1 de Cartago Valle, el 26 \u00a0de \u00a0enero \u00a0de \u00a01993 \u00a0les \u00a0impuso \u00a0medida de aseguramiento como presuntos autores \u00a0responsables de los delitos de homicidio y tentativa de homicidio. \u00a0\u00a0<\/p>\n<p>El \u00a031 \u00a0de \u00a0mayo de 1993, la misma Fiscal\u00eda \u00a0Delegada \u00a0calific\u00f3 \u00a0el \u00a0m\u00e9rito \u00a0de \u00a0la \u00a0investigaci\u00f3n profiriendo resoluci\u00f3n \u00a0acusatoria \u00a0contra los antes nombrados por los punibles de homicidio y tentativa \u00a0de \u00a0homicidio, y adem\u00e1s acus\u00f3 a LUIS HERNAN GUTIERREZ OCHOA por infracci\u00f3n al \u00a0Decreto 3664 de 1986. \u00a0\u00a0<\/p>\n<p>3.\u00a0 \u00a0El \u00a0conocimiento \u00a0del \u00a0proceso \u00a0le \u00a0correspondi\u00f3 \u00a0por \u00a0reparto \u00a0efectuado \u00a0el \u00a09 de junio de 1993 al Juzgado Octavo \u00a0Penal \u00a0del \u00a0Circuito \u00a0de \u00a0Cartago \u00a0(Valle), \u00a0en \u00a0donde \u00a0se celebr\u00f3 la audiencia \u00a0p\u00fablica el 9 de febrero de 1994.\u00a0 \u00a0\u00a0<\/p>\n<p>4.\u00a0 Mediante providencia del 17 de marzo \u00a0de \u00a01994, \u00a0llegado \u00a0el \u00a0momento \u00a0de \u00a0proferir \u00a0la \u00a0sentencia correspondiente, el \u00a0Juzgado \u00a0de \u00a0conocimiento \u00a0se \u00a0abstuvo \u00a0de \u00a0hacerlo \u00a0por \u00a0considerar \u00a0que no era \u00a0competente, \u00a0en \u00a0raz\u00f3n \u00a0a \u00a0que \u00a0de \u00a0acuerdo \u00a0a \u00a0las \u00a0caracter\u00edsticas \u00a0del arma \u00a0utilizada \u00a0para la comisi\u00f3n de los hechos, si bien era de defensa personal, por \u00a0ser \u00a0de propiedad de la Polic\u00eda Nacional y haber sido destinada al uso oficial, \u00a0adquir\u00eda \u00a0la \u00a0cualidad de ser de uso privativo de las fuerzas armadas, tal como \u00a0lo plasm\u00f3 en dicho pronunciamiento: \u00a0\u00a0<\/p>\n<p>&#8220;&#8230;se \u00a0pudo constatar que el rev\u00f3lver en \u00a0referencia \u00a0era \u00a0de \u00a0propiedad \u00a0de \u00a0la \u00a0Polic\u00eda \u00a0Nacional \u00a0y se encontraba como \u00a0dotaci\u00f3n \u00a0individual \u00a0al \u00a0agente \u00a0Jaime \u00a0de Jes\u00fas Sep\u00falveda Ortiz, cuya placa \u00a0policial \u00a0era la n\u00famero 74118, obrando dentro del expediente fotocopia del acta \u00a0de \u00a0armamento \u00a0de \u00a0la Estaci\u00f3n de El Cairo, donde aparece radicado el rev\u00f3lver \u00a0en \u00a0menci\u00f3n \u00a0(Fls.21) \u00a0y \u00a0fotocopia \u00a0del \u00a0acta \u00a0de \u00a0entrega \u00a0como dotaci\u00f3n del \u00a0rev\u00f3lver \u00a0detallado \u00a0con \u00a0antelaci\u00f3n al agente Sep\u00falveda Ortiz Jaime, pruebas \u00a0m\u00e1s \u00a0que \u00a0suficientes \u00a0para \u00a0establecer \u00a0sin \u00a0dubitaci\u00f3n \u00a0alguna \u00a0que \u00a0el arma \u00a0decomisada \u00a0al \u00a0procesado \u00a0Guti\u00e9rrez \u00a0Ochoa era de uso privativo de la Polic\u00eda \u00a0Nacional \u00a0y \u00a0en \u00a0consecuencia su porte ilegal se encuentra tipificado en el art. \u00a02o. \u00a0del Decreto 3664 de 1986, y no en el art. 1o. como lo ha venido sosteniendo \u00a0el Fiscal encargado de la investigaci\u00f3n&#8230;&#8221; \u00a0\u00a0<\/p>\n<p>Los anteriores argumentos fueron la base para \u00a0que \u00a0el Juzgado Octavo Penal del Circuito dispusiera el env\u00edo del proceso a los \u00a0Juzgados \u00a0 Regionales \u00a0 de \u00a0Cali, \u00a0a \u00a0los \u00a0que \u00a0propuso \u00a0colisi\u00f3n \u00a0negativa \u00a0de \u00a0competencias. \u00a0\u00a0<\/p>\n<p>5.\u00a0 El 15 de enero del presente a\u00f1o el \u00a0Juzgado \u00a0Regional \u00a0de Cali acept\u00f3 la colisi\u00f3n de competencias, en virtud a que \u00a0el \u00a0rev\u00f3lver objeto del porte ilegal de armas es calibre 38 y corresponde a las \u00a0armas \u00a0clasificadas como de defensa personal, por no reunir las especificaciones \u00a0que \u00a0al \u00a0respecto \u00a0plantea \u00a0el \u00a0art. \u00a08o. \u00a0del \u00a0Decreto \u00a02535 \u00a0de 1993.\u00a0 En \u00a0consecuencia, \u00a0remiti\u00f3 \u00a0el \u00a0proceso \u00a0a \u00a0esta \u00a0Corporaci\u00f3n \u00a0para \u00a0que dirima el \u00a0conflicto. \u00a0\u00a0<\/p>\n<p>\u00a0 \u00a0\u00a0 \u00a0\u00a0 \u00a0\u00a0CONSIDERACIONES \u00a0 DE \u00a0 LA \u00a0 CORTE\u00a0 \u00a0\u00a0<\/p>\n<p>La colisi\u00f3n que en este caso se plantea por \u00a0parte \u00a0de \u00a0los \u00a0funcionarios \u00a0oponentes, tiene que ver con el factor material de \u00a0competencia, \u00a0toda \u00a0vez \u00a0que \u00a0mientras el Juez 8o. Penal del Circuito de Cartago \u00a0sostiene \u00a0que \u00a0el rev\u00f3lver Smith &amp; Wesson Calibre 38 es de uso privativo de \u00a0las \u00a0fuerzas militares de acuerdo a lo dispuesto al art. 2o. del Decreto 3664 de \u00a01986, \u00a0en \u00a0raz\u00f3n \u00a0a su destinaci\u00f3n oficial al servicio de la Polic\u00eda Nacional \u00a0-no \u00a0obstante \u00a0sus \u00a0caracter\u00edsticas-, el Juez Regional se\u00f1ala que precisamente \u00a0son \u00a0estas \u00a0\u00faltimas las que no le permiten conocer del proceso, pues el decreto \u00a02535 \u00a0de \u00a01993 \u00a0ubica \u00a0esta clase de armas dentro de las destinadas a la defensa \u00a0personal. \u00a0\u00a0<\/p>\n<p>El \u00a0art\u00edculo \u00a08o. \u00a0del decreto 2535 de 1993 \u00a0establece \u00a0que \u00a0para \u00a0determinar si un arma como la incautada es de guerra y por \u00a0tanto \u00a0de \u00a0uso \u00a0privativo \u00a0de \u00a0la \u00a0fuerza \u00a0p\u00fablica, \u00a0se debe tener en cuenta lo \u00a0siguiente: \u00a0\u00a0<\/p>\n<p>a.\u00a0 \u00a0Que sean pistolas y rev\u00f3lveres de \u00a0calibre \u00a0 9.652 \u00a0 m.m. \u00a0(.38 \u00a0pulgadas) \u00a0que \u00a0no \u00a0re\u00fanan \u00a0las \u00a0caracter\u00edsticas \u00a0establecidas en el art\u00edculo 11 de este decreto. \u00a0\u00a0<\/p>\n<p>\u00a0 \u00a0<\/p>\n<p>b.\u00a0 \u00a0Pistolas \u00a0y rev\u00f3lveres de calibre \u00a0superior a 9.652 m.m. (.38 pulgadas). \u00a0\u00a0<\/p>\n<p>El \u00a0arma \u00a0incautada \u00a0en \u00a0los \u00a0sucesos que se \u00a0enjuician, \u00a0es un rev\u00f3lver 38 largo marca Smith &amp; Wesson con capacidad para \u00a0seis \u00a0 cartuchos, \u00a0distinguida \u00a0con \u00a0el \u00a0n\u00famero \u00a0de \u00a0serie \u00a04D-45418-54688, \u00a0de \u00a0propiedad \u00a0de \u00a0la \u00a0Polic\u00eda \u00a0Nacional \u00a0y \u00a0entregada \u00a0como dotaci\u00f3n a uno de sus \u00a0miembros. \u00a0\u00a0<\/p>\n<p>Estas \u00a0caracter\u00edsticas confrontadas con las \u00a0se\u00f1aladas \u00a0en \u00a0el \u00a0art\u00edculo \u00a011 \u00a0del \u00a0decreto \u00a0en \u00a0menci\u00f3n, \u00a0indican con toda \u00a0claridad \u00a0que se trata de un arma de defensa personal y por tanto la competencia \u00a0para \u00a0el \u00a0juzgamiento \u00a0le \u00a0corresponde \u00a0al \u00a0Juzgado Octavo Penal del Circuito de \u00a0Cartago, \u00a0de \u00a0acuerdo \u00a0con \u00a0lo \u00a0previsto \u00a0en \u00a0el \u00a0art\u00edculo \u00a071 \u00a0del \u00a0c\u00f3digo de \u00a0procedimiento penal. \u00a0\u00a0<\/p>\n<p>En \u00a0m\u00e9rito de lo expuesto, la Corte Suprema \u00a0de Justicia en Sala de Casaci\u00f3n Penal, \u00a0\u00a0<\/p>\n<p>\u00a0 \u00a0 \u00a0 \u00a0 \u00a0<\/p>\n<p>\u00a0 \u00a0\u00a0 \u00a0\u00a0 \u00a0RESUELVE \u00a0\u00a0<\/p>\n<p>DECLARAR que la competencia para conocer del \u00a0presente \u00a0proceso \u00a0corresponde \u00a0al \u00a0Juzgado Octavo penal del Circuito de Cartago \u00a0(Valle). \u00a0\u00a0<\/p>\n<p>En \u00a0consecuencia, rem\u00edtase el expediente a \u00a0dicho \u00a0estrado \u00a0judicial \u00a0y d\u00e9se aviso de esta decisi\u00f3n al Juzgado Regional de \u00a0Cali. \u00a0\u00a0<\/p>\n<p>COMUNIQUESE Y CUMPLASE. \u00a0<\/p>\n<p>FERNANDO \u00a0E. \u00a0ARBOLEDA \u00a0RIPOLL \u00a0\u00a0 \u00a0\u00a0 \u00a0\u00a0 \u00a0\u00a0RICARDO \u00a0CALVETE RANGEL \u00a0\u00a0<\/p>\n<p>JORGE \u00a0 \u00a0CORDOBA \u00a0 \u00a0POVEDA \u00a0\u00a0 \u00a0\u00a0 \u00a0\u00a0 \u00a0\u00a0 \u00a0 \u00a0\u00a0 \u00a0 \u00a0 \u00a0 \u00a0 \u00a0 \u00a0CARLOS \u00a0 \u00a0A. \u00a0 \u00a0GALVEZ \u00a0ARGOTE \u00a0\u00a0<\/p>\n<p>CARLOS \u00a0 E. \u00a0 MEJIA \u00a0 ESCOBAR \u00a0\u00a0 \u00a0\u00a0 \u00a0\u00a0 \u00a0\u00a0 \u00a0 \u00a0\u00a0 \u00a0 \u00a0DIDIMO PAEZ VELANDIA \u00a0\u00a0<\/p>\n<p>NILSON \u00a0 \u00a0PINILLA \u00a0 PINILLA \u00a0 \u00a0 \u00a0 \u00a0 \u00a0\u00a0 \u00a0\u00a0JUAN \u00a0MANUEL TORRES FRESNEDA \u00a0\u00a0<\/p>\n<p>\u00a0 \u00a0\u00a0 \u00a0 \u00a0PATRICIA SALAZAR CUELLAR \u00a0\u00a0<\/p>\n<p>\u00a0 \u00a0\u00a0 \u00a0 \u00a0Secretaria. \u00a0\u00a0<\/p>\n<p>\u00a0 \u00a0<\/p>\n<p>\u00a0 \u00a0\u00a0<\/p>\n<p><\/p>\n","protected":false},"excerpt":{"rendered":"<p>\u00a0 \u00a0 PORTE \u00a0ILEGAL DE ARMAS DE \u00a0USO PRIVATIVO DE LAS FUERZAS ARMADAS \u00a0\u00a0 El \u00a0art\u00edculo \u00a08o. \u00a0del \u00a0decreto 2535 de 1993 \u00a0establece \u00a0que \u00a0para \u00a0determinar \u00a0si \u00a0un \u00a0arma \u00a0es \u00a0de guerra y por tanto de uso \u00a0privativo \u00a0 \u00a0de \u00a0 la \u00a0 fuerza \u00a0 p\u00fablica, \u00a0 se \u00a0 debe \u00a0 tener \u00a0 en \u00a0 [&hellip;]<\/p>\n","protected":false},"author":1,"featured_media":0,"comment_status":"open","ping_status":"open","sticky":false,"template":"","format":"standard","meta":{"footnotes":""},"categories":[4],"tags":[],"class_list":["post-387","post","type-post","status-publish","format-standard","hentry","category-4"],"_links":{"self":[{"href":"https:\/\/dmsjuridica.com\/buscador_20179478954\/salapenalcronologico20230723\/wp-json\/wp\/v2\/posts\/387","targetHints":{"allow":["GET"]}}],"collection":[{"href":"https:\/\/dmsjuridica.com\/buscador_20179478954\/salapenalcronologico20230723\/wp-json\/wp\/v2\/posts"}],"about":[{"href":"https:\/\/dmsjuridica.com\/buscador_20179478954\/salapenalcronologico20230723\/wp-json\/wp\/v2\/types\/post"}],"author":[{"embeddable":true,"href":"https:\/\/dmsjuridica.com\/buscador_20179478954\/salapenalcronologico20230723\/wp-json\/wp\/v2\/users\/1"}],"replies":[{"embeddable":true,"href":"https:\/\/dmsjuridica.com\/buscador_20179478954\/salapenalcronologico20230723\/wp-json\/wp\/v2\/comments?post=387"}],"version-history":[{"count":0,"href":"https:\/\/dmsjuridica.com\/buscador_20179478954\/salapenalcronologico20230723\/wp-json\/wp\/v2\/posts\/387\/revisions"}],"wp:attachment":[{"href":"https:\/\/dmsjuridica.com\/buscador_20179478954\/salapenalcronologico20230723\/wp-json\/wp\/v2\/media?parent=387"}],"wp:term":[{"taxonomy":"category","embeddable":true,"href":"https:\/\/dmsjuridica.com\/buscador_20179478954\/salapenalcronologico20230723\/wp-json\/wp\/v2\/categories?post=387"},{"taxonomy":"post_tag","embeddable":true,"href":"https:\/\/dmsjuridica.com\/buscador_20179478954\/salapenalcronologico20230723\/wp-json\/wp\/v2\/tags?post=387"}],"curies":[{"name":"wp","href":"https:\/\/api.w.org\/{rel}","templated":true}]}}