{"id":381,"date":"2023-09-07T20:27:21","date_gmt":"2023-09-07T20:27:21","guid":{"rendered":"https:\/\/dmsjuridica.com\/buscador_20179478954\/salapenalcronologico20230723\/2023\/09\/07\/11387-17-05-96\/"},"modified":"2023-09-07T20:27:21","modified_gmt":"2023-09-07T20:27:21","slug":"11387-17-05-96","status":"publish","type":"post","link":"https:\/\/dmsjuridica.com\/buscador_20179478954\/salapenalcronologico20230723\/2023\/09\/07\/11387-17-05-96\/","title":{"rendered":"11387 (17-05-96)"},"content":{"rendered":"\n<p>\u00a0 \u00a0 \u00a0\u00a0<\/p>\n<p>IMPEDIMENTO \u00a0\u00a0<\/p>\n<p>El funcionario debe declararse impedido cuando \u00a0a \u00a0su respecto exista alguna de las causales que as\u00ed lo ordena, lo cual implica \u00a0que \u00a0debe \u00a0ser \u00a0asertivo \u00a0y \u00a0expreso en su manifestaci\u00f3n, por tratarse -para el \u00a0caso \u00a0de \u00a0situaciones que no sean de p\u00fablico conocimiento- de un estado interno \u00a0de \u00a0\u00e1nimo \u00a0que \u00a0solo \u00a0puede \u00a0conocer el funcionario que habr\u00e1 de examinarlo, a \u00a0trav\u00e9s de la expresi\u00f3n objetiva del sujeto que lo vivencia. \u00a0\u00a0<\/p>\n<p>Proceso No. 11387 \u00a0<\/p>\n<p>\u00a0 \u00a0\u00a0 \u00a0\u00a0 \u00a0\u00a0 \u00a0\u00a0 \u00a0\u00a0 \u00a0\u00a0 \u00a0\u00a0 \u00a0\u00a0 \u00a0\u00a0 \u00a0 \u00a0\u00a0 \u00a0 \u00a0 \u00a0 \u00a0 \u00a0 \u00a0 \u00a0 \u00a0 \u00a0\u00a0 \u00a0 \u00a0 \u00a0 \u00a0 \u00a0\u00a0 \u00a0\u00a0 \u00a0\u00a0 \u00a0\u00a0 \u00a0\u00a0 \u00a0\u00a0 \u00a0\u00a0 \u00a0\u00a0 \u00a0 \u00a0\u00a0 \u00a0 \u00a0 \u00a0 \u00a0 \u00a0 \u00a0 \u00a0 \u00a0 \u00a0\u00a0 \u00a0 \u00a0 \u00a0 \u00a0 \u00a0\u00a0 \u00a0\u00a0 \u00a0 \u00a0 \u00a0 \u00a0 \u00a0\u00a0<\/p>\n<p>\u00a0 \u00a0\u00a0 \u00a0\u00a0 \u00a0\u00a0CORTE SUPREMA DE JUSTICIA \u00a0\u00a0<\/p>\n<p>\u00a0 \u00a0\u00a0 \u00a0\u00a0 \u00a0\u00a0SALA DE CASACION PENAL \u00a0\u00a0<\/p>\n<p>\u00a0 \u00a0\u00a0 \u00a0\u00a0 \u00a0\u00a0 \u00a0\u00a0 \u00a0\u00a0 \u00a0\u00a0 \u00a0\u00a0 \u00a0\u00a0 \u00a0\u00a0 \u00a0 \u00a0\u00a0 \u00a0 \u00a0\u00a0\u00a0 \u00a0 Magistrado Ponente: \u00a0\u00a0<\/p>\n<p>\u00a0 \u00a0\u00a0 \u00a0\u00a0 \u00a0\u00a0 \u00a0\u00a0 \u00a0\u00a0 \u00a0\u00a0 \u00a0\u00a0 \u00a0\u00a0 \u00a0\u00a0 \u00a0 \u00a0\u00a0 \u00a0 \u00a0\u00a0\u00a0 \u00a0 DR.DIDIMO PAEZ VELANDIA \u00a0\u00a0<\/p>\n<p>\u00a0 \u00a0\u00a0 \u00a0\u00a0 \u00a0\u00a0 \u00a0\u00a0 \u00a0\u00a0 \u00a0\u00a0 \u00a0\u00a0 \u00a0\u00a0 \u00a0\u00a0 \u00a0 \u00a0\u00a0 \u00a0 \u00a0\u00a0\u00a0 \u00a0 Aprobado Acta N\u00b074-V-15\/96 \u00a0\u00a0<\/p>\n<p>\u00a0 \u00a0\u00a0 \u00a0\u00a0 \u00a0\u00a0 \u00a0\u00a0 \u00a0\u00a0 \u00a0\u00a0 \u00a0\u00a0 \u00a0\u00a0 \u00a0\u00a0 \u00a0\u00a0 \u00a0\u00a0\u00a0 Santaf\u00e9 de Bogot\u00e1, \u00a0D.C., mayo diecisiete de mil novecientos noventa y seis. \u00a0\u00a0<\/p>\n<p>\u00a0 \u00a0\u00a0 \u00a0\u00a0 \u00a0\u00a0 \u00a0\u00a0 \u00a0\u00a0 \u00a0\u00a0 \u00a0\u00a0 \u00a0\u00a0 \u00a0\u00a0 \u00a0\u00a0 \u00a0\u00a0\u00a0\u00a0 \u00a0Decide \u00a0la \u00a0Corte \u00a0sobre \u00a0el \u00a0impedimento \u00a0aducido \u00a0en \u00a0este \u00a0proceso \u00a0por \u00a0la doctora Patricia \u00a0Salazar \u00a0Cuellar, en calidad de \u00a0Secretaria \u00a0de \u00a0la \u00a0Sala Penal de esta Corporaci\u00f3n, con fundamento en la causal \u00a01a. del art\u00edculo 103 del mismo Estatuto. \u00a0\u00a0<\/p>\n<p>\u00a0 \u00a0\u00a0 \u00a0\u00a0 \u00a0\u00a0 \u00a0\u00a0 \u00a0\u00a0 \u00a0\u00a0 \u00a0\u00a0 \u00a0\u00a0 \u00a0\u00a0 \u00a0 \u00a0\u00a0 \u00a0 \u00a0\u00a0\u00a0 \u00a0 ANTECEDENTES \u00a0\u00a0<\/p>\n<p>\u00a0 \u00a0\u00a0 \u00a0\u00a0 \u00a0\u00a0 \u00a0\u00a0 \u00a0\u00a0 \u00a0\u00a0 \u00a0\u00a0 \u00a0\u00a0 \u00a0\u00a0 \u00a0 \u00a0\u00a0 \u00a0 \u00a0\u00a0\u00a0 \u00a0 1.- \u00a0El \u00a02 de julio de 1993 LUIS \u00a0ALBERTO \u00a0FORERO GALVIS dio muerte a \u00a0su \u00a0 compa\u00f1era \u00a0 permamente \u00a0 Rosa \u00a0 Helena \u00a0Lesmes \u00a0Hern\u00e1ndez, \u00a0por \u00a0lo \u00a0que fue denunciado penalmente y \u00a0sometido \u00a0a la investigaci\u00f3n de rigor, en la cual se constituy\u00f3 Parte Civil la \u00a0hermana \u00a0de \u00a0la \u00a0occisa \u00a0Mar\u00eda \u00a0del \u00a0Carmen \u00a0Lesmes \u00a0Hern\u00e1ndez \u00a0(fls.187, \u00a0189 \u00a0cd.ppl.1) \u00a0 con \u00a0 la \u00a0 representaci\u00f3n \u00a0 judicial \u00a0 del \u00a0 abogado \u00a0 William \u00a0 Ignacio \u00a0 Guerrero \u00a0 Preciado \u00a0(fl.190 \u00a0cd.ppl.1), \u00a0quien \u00a0ejerci\u00f3 \u00a0la \u00a0personer\u00eda hasta cuando, surtidos los \u00a0traslados \u00a0en \u00a0el \u00a0recurso \u00a0de \u00a0casaci\u00f3n \u00a0contra \u00a0la sentencia condenatoria, el \u00a0proceso deb\u00eda ser remitido a la Corte (fls.112,114 cd. C). \u00a0\u00a0<\/p>\n<p>\u00a0 \u00a0\u00a0 \u00a0\u00a0 \u00a0\u00a0 \u00a0\u00a0 \u00a0\u00a0 \u00a0\u00a0 \u00a0\u00a0 \u00a0\u00a0 \u00a0\u00a0 \u00a0 \u00a0\u00a0 \u00a0 \u00a0\u00a0\u00a0 \u00a0 2.- \u00a0Aduce \u00a0la \u00a0se\u00f1ora Secretaria de la \u00a0Sala, \u00a0Doctora \u00a0Patricia \u00a0Salazar Cuellar \u00a0 que \u00a0el \u00a0mencionado \u00a0doctor \u00a0Guerrero \u00a0Preciado \u00a0es \u00a0su \u00a0c\u00f3nyuge, \u00a0por \u00a0lo que se considera \u00a0eventualmente \u00a0impedida \u00a0para \u00a0ejercer \u00a0sus funciones en el tr\u00e1mite del recurso \u00a0extraordinario. \u00a0\u00a0<\/p>\n<p>\u00a0 \u00a0\u00a0 \u00a0\u00a0 \u00a0 \u00a0\u00a0 \u00a0\u00a0 \u00a0\u00a0 \u00a0\u00a0 \u00a0 \u00a0\u00a0 \u00a0 \u00a0 \u00a0 \u00a0\u00a0\u00a0 \u00a0 CONSIDERACIONES DE LA CORTE \u00a0\u00a0<\/p>\n<p>\u00a0 \u00a0\u00a0 \u00a0\u00a0 \u00a0 \u00a0\u00a0 \u00a0\u00a0 \u00a0\u00a0 \u00a0\u00a0 \u00a0 \u00a0\u00a0 \u00a0\u00a0 \u00a0\u00a0\u00a0\u00a0 Lo primero que se \u00a0advierte \u00a0es \u00a0que \u00a0al \u00a0plantear \u00a0su \u00a0impedimento \u00a0la \u00a0funcionaria, \u00a0no\u00a0 \u00a0expresa \u00a0hallarse incursa en \u00a0la \u00a0 taxativa \u00a0 causal \u00a0 de \u00a0 impedimento \u00a0 que \u00a0 menciona, \u00a0 pues \u00a0no \u00a0 expresa \u00a0tener \u00a0inter\u00e9s \u00a0en \u00a0el \u00a0proceso \u00a0que \u00a0se tramita; se limita a plantear una eventualidad que pudiera o no \u00a0concretarse, \u00a0esto \u00a0es, \u00a0no \u00a0exterioriza \u00a0un \u00a0estado subjetivo de conciencia que \u00a0pueda \u00a0catalogarse como parcializada inclinaci\u00f3n suya en favor del resultado de \u00a0la \u00a0gesti\u00f3n \u00a0realizada \u00a0por su c\u00f3nyuge en representaci\u00f3n de la parte civil en \u00a0el \u00a0proceso;\u00a0 vale decir, su planteamiento no se \u00a0allana \u00a0a \u00a0lo previsto en el art\u00edculo 104 del C. de \u00a0P.P., \u00a0 \u00a0 que \u00a0 \u00a0 dispone \u00a0 \u00a0 que \u00a0 \u00a0 el \u00a0 \u00a0 funcionario \u00a0 \u00a0debe \u00a0 \u00a0declararse \u00a0 impedido \u00a0 cuando \u00a0a \u00a0su \u00a0respecto \u00a0exista \u00a0alguna de las causales que as\u00ed lo ordene, lo cual implica que \u00a0debe \u00a0 \u00a0ser \u00a0 \u00a0asertivo \u00a0 \u00a0y \u00a0 expreso \u00a0en \u00a0su \u00a0manifestaci\u00f3n, \u00a0por \u00a0tratarse\u00a0 \u00a0-para \u00a0el \u00a0caso de \u00a0situaciones \u00a0que \u00a0no \u00a0sean \u00a0de \u00a0p\u00fablico \u00a0conocimiento-\u00a0 de un\u00a0 estado \u00a0interno \u00a0de \u00a0\u00e1nimo \u00a0que \u00a0solo \u00a0puede conocer el\u00a0 funcionario que habr\u00e1 de \u00a0examinarlo, \u00a0a \u00a0trav\u00e9s \u00a0de \u00a0la\u00a0 \u00a0expresi\u00f3n \u00a0objetiva \u00a0del \u00a0sujeto \u00a0que lo \u00a0vivencia. \u00a0\u00a0<\/p>\n<p>\u00a0 \u00a0\u00a0 \u00a0\u00a0 \u00a0 \u00a0\u00a0 \u00a0\u00a0 \u00a0\u00a0 \u00a0\u00a0 \u00a0 \u00a0\u00a0 \u00a0\u00a0 \u00a0\u00a0\u00a0\u00a0 As\u00ed conocida por \u00a0la \u00a0Sala \u00a0la \u00a0relaci\u00f3n de la funcionaria con el proceso, no encaja en causal de \u00a0impedimento \u00a0que \u00a0legalmente \u00a0deba \u00a0ser \u00a0examinada. Sin embargo, si en gracia de \u00a0discusi\u00f3n \u00a0llegara a considerarse como manifiesto el impedimento, resulta claro \u00a0que \u00a0el inter\u00e9s impediente que consagra el numeral 1\u00b0 del art\u00edculo 103 del C. \u00a0de \u00a0 \u00a0P.P.,\u00a0 \u00a0 debe \u00a0 ser \u00a0 actual, \u00a0para \u00a0el momento en que el funcionario debe actuar en el asunto \u00a0judicial. \u00a0\u00a0<\/p>\n<p>\u00a0 \u00a0\u00a0 \u00a0\u00a0 \u00a0 \u00a0\u00a0 \u00a0\u00a0 \u00a0\u00a0 \u00a0\u00a0 \u00a0 \u00a0\u00a0 \u00a0\u00a0 \u00a0\u00a0\u00a0\u00a0 En el caso que se \u00a0estudia, \u00a0el profesional c\u00f3nyuge de la se\u00f1ora secretaria de la Sala sustituy\u00f3 \u00a0el \u00a0poder cuando el proceso iba a ser enviado a la Corte para el tr\u00e1mite propio \u00a0en \u00a0esta \u00a0Corporaci\u00f3n. \u00a0En \u00a0estas \u00a0condiciones\u00a0 el inter\u00e9s que la se\u00f1ora \u00a0Secretaria \u00a0de \u00a0la \u00a0Sala pudo haber tenido en el proceso perdi\u00f3 vigencia y, por \u00a0tanto, el impedimento carece de fundamento. \u00a0\u00a0<\/p>\n<p>\u00a0 \u00a0\u00a0 \u00a0\u00a0 \u00a0 \u00a0\u00a0 \u00a0\u00a0 \u00a0\u00a0 \u00a0\u00a0 \u00a0 \u00a0\u00a0 \u00a0\u00a0 \u00a0\u00a0\u00a0\u00a0 \u00a0En \u00a0m\u00e9rito, \u00a0la \u00a0Corte Suprema de Justicia en Sala de Casaci\u00f3n Penal, \u00a0\u00a0<\/p>\n<p>\u00a0 \u00a0\u00a0 \u00a0\u00a0 \u00a0 \u00a0\u00a0 \u00a0\u00a0 \u00a0\u00a0 \u00a0\u00a0 \u00a0 \u00a0\u00a0 \u00a0 \u00a0 \u00a0 \u00a0\u00a0\u00a0 \u00a0 R E S U E L V E: \u00a0\u00a0<\/p>\n<p>\u00a0 \u00a0\u00a0 \u00a0\u00a0 \u00a0 \u00a0\u00a0 \u00a0\u00a0 \u00a0\u00a0 \u00a0\u00a0 \u00a0 \u00a0\u00a0 \u00a0 \u00a0 \u00a0 \u00a0\u00a0\u00a0 \u00a0 DECLARAR \u00a0 INFUNDADO \u00a0el \u00a0impedimento \u00a0aducido \u00a0 \u00a0por \u00a0 \u00a0la \u00a0 Doctora \u00a0 Patricia \u00a0 Salazar \u00a0Cuellar, \u00a0 Secretaria \u00a0 de \u00a0 esta \u00a0 Sala \u00a0 en \u00a0este \u00a0proceso. \u00a0\u00a0<\/p>\n<p>\u00a0 \u00a0\u00a0 \u00a0\u00a0 \u00a0 \u00a0\u00a0 \u00a0\u00a0 \u00a0\u00a0 \u00a0\u00a0 \u00a0 \u00a0\u00a0 \u00a0 \u00a0 \u00a0 \u00a0\u00a0\u00a0 \u00a0 C\u00f3piese \u00a0 y \u00a0c\u00famplase. \u00a0\u00a0<\/p>\n<p>FERNANDO \u00a0 E.ARBOLEDA \u00a0RIPOLL \u00a0\u00a0 \u00a0\u00a0 \u00a0\u00a0 \u00a0\u00a0RICARDO \u00a0CALVETE RANGEL \u00a0\u00a0<\/p>\n<p>JORGE \u00a0 \u00a0CORDOBA \u00a0 \u00a0POVEDA \u00a0\u00a0 \u00a0\u00a0 \u00a0\u00a0 \u00a0\u00a0 \u00a0 \u00a0\u00a0 \u00a0 \u00a0 \u00a0\u00a0 \u00a0 \u00a0 \u00a0\u00a0CARLOS \u00a0 \u00a0 A.GALVEZ \u00a0ARGOTE \u00a0\u00a0<\/p>\n<p>CARLOS \u00a0 \u00a0E.MEJIA \u00a0 ESCOBAR \u00a0\u00a0 \u00a0\u00a0 \u00a0\u00a0 \u00a0\u00a0 \u00a0 \u00a0\u00a0 \u00a0 \u00a0DIDIMO PAEZ VELANDIA \u00a0\u00a0<\/p>\n<p>NILSON \u00a0 \u00a0PINILLA \u00a0 PINILLA \u00a0\u00a0 \u00a0\u00a0 \u00a0\u00a0 \u00a0\u00a0 \u00a0 \u00a0\u00a0 \u00a0 \u00a0\u00a0 \u00a0 \u00a0\u00a0JUAN \u00a0 \u00a0MANUEL \u00a0 \u00a0TORRES \u00a0FRESNEDA \u00a0\u00a0<\/p>\n<p>\u00a0 \u00a0 \u00a0<\/p>\n<p><\/p>\n","protected":false},"excerpt":{"rendered":"<p>\u00a0 \u00a0 \u00a0\u00a0 IMPEDIMENTO \u00a0\u00a0 El funcionario debe declararse impedido cuando \u00a0a \u00a0su respecto exista alguna de las causales que as\u00ed lo ordena, lo cual implica \u00a0que \u00a0debe \u00a0ser \u00a0asertivo \u00a0y \u00a0expreso en su manifestaci\u00f3n, por tratarse -para el \u00a0caso \u00a0de \u00a0situaciones que no sean de p\u00fablico conocimiento- de un estado interno \u00a0de \u00a0\u00e1nimo \u00a0que [&hellip;]<\/p>\n","protected":false},"author":1,"featured_media":0,"comment_status":"open","ping_status":"open","sticky":false,"template":"","format":"standard","meta":{"footnotes":""},"categories":[4],"tags":[],"class_list":["post-381","post","type-post","status-publish","format-standard","hentry","category-4"],"_links":{"self":[{"href":"https:\/\/dmsjuridica.com\/buscador_20179478954\/salapenalcronologico20230723\/wp-json\/wp\/v2\/posts\/381","targetHints":{"allow":["GET"]}}],"collection":[{"href":"https:\/\/dmsjuridica.com\/buscador_20179478954\/salapenalcronologico20230723\/wp-json\/wp\/v2\/posts"}],"about":[{"href":"https:\/\/dmsjuridica.com\/buscador_20179478954\/salapenalcronologico20230723\/wp-json\/wp\/v2\/types\/post"}],"author":[{"embeddable":true,"href":"https:\/\/dmsjuridica.com\/buscador_20179478954\/salapenalcronologico20230723\/wp-json\/wp\/v2\/users\/1"}],"replies":[{"embeddable":true,"href":"https:\/\/dmsjuridica.com\/buscador_20179478954\/salapenalcronologico20230723\/wp-json\/wp\/v2\/comments?post=381"}],"version-history":[{"count":0,"href":"https:\/\/dmsjuridica.com\/buscador_20179478954\/salapenalcronologico20230723\/wp-json\/wp\/v2\/posts\/381\/revisions"}],"wp:attachment":[{"href":"https:\/\/dmsjuridica.com\/buscador_20179478954\/salapenalcronologico20230723\/wp-json\/wp\/v2\/media?parent=381"}],"wp:term":[{"taxonomy":"category","embeddable":true,"href":"https:\/\/dmsjuridica.com\/buscador_20179478954\/salapenalcronologico20230723\/wp-json\/wp\/v2\/categories?post=381"},{"taxonomy":"post_tag","embeddable":true,"href":"https:\/\/dmsjuridica.com\/buscador_20179478954\/salapenalcronologico20230723\/wp-json\/wp\/v2\/tags?post=381"}],"curies":[{"name":"wp","href":"https:\/\/api.w.org\/{rel}","templated":true}]}}