{"id":37174,"date":"2023-09-13T21:45:15","date_gmt":"2023-09-13T21:45:15","guid":{"rendered":"https:\/\/dmsjuridica.com\/buscador_20179478954\/salapenalcronologico20230723\/2023\/09\/13\/cp066-201852260_1\/"},"modified":"2023-09-13T21:45:15","modified_gmt":"2023-09-13T21:45:15","slug":"cp066-201852260_1","status":"publish","type":"post","link":"https:\/\/dmsjuridica.com\/buscador_20179478954\/salapenalcronologico20230723\/2023\/09\/13\/cp066-201852260_1\/","title":{"rendered":"CP066-2018(52260)_1"},"content":{"rendered":"\n<p>\u00a0 \u00a0 \u00a0 \u00a0\u00a0<\/p>\n<p>JOS\u00c9 \u00a0FRANCISCO ACU\u00d1A VIZCAYA \u00a0<\/p>\n<p>Magistrado \u00a0Ponente \u00a0<\/p>\n<p>CP066-2018 \u00a0<\/p>\n<p>Radicaci\u00f3n \u00a0No. 52260 \u00a0<\/p>\n<p>(Aprobado \u00a0acta No. \u00a0153) \u00a0<\/p>\n<p>Bogot\u00e1 \u00a0D. C., diecis\u00e9is (16) de mayo de dos mil dieciocho (2018) \u00a0<\/p>\n<p>VISTOS \u00a0<\/p>\n<p>Corresponde \u00a0a la Corte establecer si la solicitud de extradici\u00f3n de la \u00a0ciudadana colombiana Fabrizia \u00a0Cavanna Sarmiento, \u00a0formulada por el Gobierno de los Estados Unidos de Am\u00e9rica, es \u00a0conforme o no a derecho y, en consecuencia, emitir el concepto \u00a0se\u00f1alado en el art\u00edculo 501 del C\u00f3digo de \u00a0Procedimiento Penal. \u00a0<\/p>\n<p>ANTECEDENTES \u00a0<\/p>\n<p>1. \u00a0Mediante Nota verbal No. 1236 de 9 de agosto de 20171, \u00a0el Gobierno de los Estados Unidos de Am\u00e9rica, a trav\u00e9s \u00a0de su embajada en Colombia, solicit\u00f3 la captura con fines de \u00a0extradici\u00f3n de la \u00a0ciudadana colombiana Fabrizia \u00a0Cavanna Sarmiento, \u00a0identificada con la c\u00e9dula de ciudadan\u00eda No. \u00a020.645.666, requerida para comparecer a juicio por \u00ab\u2026 \u00a0delitos \u00a0de robo y actividades criminales\u00bb. \u00a0<\/p>\n<p>2. \u00a0En \u00a0atenci\u00f3n de lo dispuesto en el art\u00edculo 509 de la Ley \u00a0906 de 2004, la Fiscal\u00eda General de la Naci\u00f3n, mediante \u00a0Resoluci\u00f3n de 12 de octubre de 20172, \u00a0decret\u00f3 la captura con fines de extradici\u00f3n de Cavanna \u00a0Sarmiento, \u00a0quien fue detenida el 24 de diciembre de 2017 en instalaciones de \u00a0Migraci\u00f3n Colombia del aeropuerto internacional El Dorado de \u00a0la ciudad de Bogot\u00e1. \u00a0<\/p>\n<p>3. \u00a0Con la Nota Verbal No. 0290 de 21 de febrero de 2018, la embajada del \u00a0Gobierno de los Estados Unidos de Am\u00e9rica formaliz\u00f3 \u00a0petici\u00f3n de extradici\u00f3n. Se \u00a0adjuntaron los siguientes documentos, debidamente traducidos al \u00a0idioma espa\u00f1ol: \u00a0<\/p>\n<p>3.1. \u00a0Copias de la tercera acusaci\u00f3n formal de reemplazo No. \u00a03:16-CR-056-L (tambi\u00e9n relacionada como 3:16-CR-56L (07) y \u00a03:16-cr-00056-L), dictada el 23 de enero de 2018 en el Tribunal de \u00a0Distrito de los Estados Unidos para el Distrito Norte de Texas, \u00a0Divisi\u00f3n de Dallas, en contra de Fabrizia \u00a0Cavanna Sarmiento y \u00a0otros, \u00a0con sello de \u00a0certificaci\u00f3n de autenticidad estampado por el Secretario de \u00a0esa entidad judicial3. \u00a0<\/p>\n<p>3.2. \u00a0Copia de la orden de aprehensi\u00f3n del 24 de enero de 2017, \u00a0emitida por la autoridad judicial mencionada4. \u00a0<\/p>\n<p>3.3. \u00a0Declaraciones de apoyo a la solicitud, rendidas bajo juramento por \u00a0Keith \u00a0Robinson5, \u00a0Fiscal Auxiliar de los Estados Unidos para el Distrito Norte de \u00a0Texas, y Daniel \u00a0Gim\u00e9nez6, \u00a0agente especial del Bur\u00f3 Federal de Investigaciones (FBI). \u00a0<\/p>\n<p>3.4. \u00a0La reproducci\u00f3n de las normas aplicables al caso7. \u00a0<\/p>\n<p>3.5. \u00a0Impresi\u00f3n de Informe sobre Consulta Web de la Registradur\u00eda \u00a0Nacional del Estado Civil de la requerida Fabrizia \u00a0Cavanna Sarmiento8. \u00a0<\/p>\n<p>3.6. \u00a0Certificados relacionados con la legalizaci\u00f3n y autenticidad \u00a0de tales documentos: \u00a0<\/p>\n<p>i) \u00a0Expedido por Frances \u00a0Chang, en el cual \u00a0hace constar que las declaraciones juramentadas, en apoyo de la \u00a0solicitud de extradici\u00f3n formal, son copias \u00abfieles\u00bb \u00a0de documentos que \u00a0se conservan en los archivos oficiales de esa oficina en Washington \u00a0D.C.9. \u00a0<\/p>\n<p>ii) \u00a0Expedido por Jefferson \u00a0B. Sessions, \u00a0Procurador de los Estados Unidos, en el cual hace constar que Frances \u00a0Chang, se \u00a0desempe\u00f1aba el cargo de Directora Asociada de la Oficina de \u00a0Asuntos Internacionales, Divisi\u00f3n de lo Penal del Departamento \u00a0de Justicia de los Estados Unidos y, adem\u00e1s, estaba \u00a0debidamente comisionada y calificada10. \u00a0<\/p>\n<p>ii) \u00a0Expedido \u00a0por \u00a0Rex \u00a0W. Tillerson, \u00a0Secretario de Estado de los Estados Unidos, en el cual hace constar \u00a0que al anterior documento \u00ab\u2026 \u00a0se le ha fijado el sello del Departamento de Justicia de los Estados \u00a0Unidos de Am\u00e9rica y que dicho sello merece plena fe y \u00a0cr\u00e9dito\u00bb.11 \u00a0y \u00a012. \u00a0<\/p>\n<p>Tr\u00e1mite \u00a0surtido ante las autoridades colombianas \u00a0<\/p>\n<p>4. \u00a0El 29 de diciembre de 2017, el Ministerio de Relaciones Exteriores \u00a0dio traslado de la documentaci\u00f3n a la Cartera de Justicia y \u00a0del Derecho. Esa \u00faltima entidad, el \u00a023 de febrero del mismo a\u00f1o, remiti\u00f3 la actuaci\u00f3n \u00a0a la Corte13, \u00a0por lo cual, se dio inicio el tr\u00e1mite respectivo. \u00a0<\/p>\n<p>5. \u00a0A trav\u00e9s de memorial de fecha 2 de marzo de 2018, Fabrizia \u00a0Cavanna Sarmiento \u00a0se acogi\u00f3 al tr\u00e1mite de extradici\u00f3n simplificada \u00a0de que trata el art\u00edculo 70 de la Ley 1453 de 2011. Esa \u00a0petici\u00f3n fue coadyuvada por \u00a0su defensor14. \u00a0<\/p>\n<p>6. \u00a0El 2 de abril siguiente, se corri\u00f3 traslado a la Procuradora \u00a0Segunda Delegada para la Casaci\u00f3n Penal. \u00a0<\/p>\n<p>7. \u00a0Esa autoridad, luego de entrevistar a la requerida en su lugar de \u00a0reclusi\u00f3n y elaborar acta de verificaci\u00f3n de garant\u00edas \u00a0fundamentales, conceptu\u00f3 que su manifestaci\u00f3n fue \u00a0libre, espont\u00e1nea y voluntaria, sin apremio o vicio del \u00a0consentimiento. \u00a0<\/p>\n<p>Adicionalmente, \u00a0eval\u00fao positivamente el cumplimiento de la exigencias formales \u00a0de la solicitud de extradici\u00f3n y se\u00f1al\u00f3 que, en \u00a0caso de emitirse concepto favorable, es preciso incluir exhortaciones \u00a0al Gobierno Nacional para que se advierta al Estado requirente sobre \u00a0la procedencia del juzgamiento \u00ab\u00fanicamente \u00a0por la conducta que origina la extradici\u00f3n\u00bb, la \u00a0restricci\u00f3n para someterla \u00a0\u00aba pena de muerte, desaparici\u00f3n forzada, tortura, tratos \u00a0o penas crueles, inhumanos o degradantes, ni a las penas de \u00a0destierro, prisi\u00f3n perpetua y confiscaci\u00f3n\u00bb, \u00a0y \u00a0el deber de respetarle todas las garant\u00edas debidas a su \u00a0condici\u00f3n de procesada, de acuerdo con lo indicado en el \u00a0art\u00edculo 29 de la Carta, la Declaraci\u00f3n Universal de \u00a0Derechos Humanos, la Convenci\u00f3n Americana de Derechos Humanos \u00a0y el Pacto Internacional de Derechos Civiles y Pol\u00edticos15. \u00a0<\/p>\n<p>CONSIDERACIONES \u00a0<\/p>\n<p>1. \u00a0Sobre la extradici\u00f3n simplificada \u00a0<\/p>\n<p>El \u00a0art\u00edculo 70 de la Ley 1453 del 24 de junio de 2011 prev\u00e9 \u00a0la figura de la extradici\u00f3n simplificada, seg\u00fan la \u00a0cual, la persona reclamada, con la aquiescencia de su defensor y del \u00a0Ministerio P\u00fablico, puede solicitar que se emita, de plano, el \u00a0concepto asignado a la Corte. \u00a0<\/p>\n<p>En \u00a0el caso sub \u00a0examine, \u00a0la Sala encuentra reunidas las exigencias establecidas en dicha norma \u00a0para proceder a evaluar la petici\u00f3n de extradici\u00f3n \u00a0elevada por el Gobierno de los Estados Unidos respecto de Fabrizia \u00a0Cavanna Sarmiento sin \u00a0agotar las \u00a0fases de solicitud probatoria, decreto, pr\u00e1ctica y alegatos; \u00a0al constatar que para la terminaci\u00f3n anticipada del tr\u00e1mite, \u00a0concurre la voluntad y aceptaci\u00f3n de todos quienes en \u00e9l \u00a0intervienen. \u00a0<\/p>\n<p>2. \u00a0Aspectos generales sobre la extradici\u00f3n \u00a0<\/p>\n<p>La \u00a0Constituci\u00f3n Pol\u00edtica, en relaci\u00f3n con el \u00a0tr\u00e1mite de extradici\u00f3n, estableci\u00f3 un sistema \u00a0estricto de fuentes formales y materiales en el cual, los tratados \u00a0p\u00fablicos se aplican de forma \u00abprincipal \u00a0y preferencial\u00bb \u00a0y la \u00a0ley rige de manera \u00absubsidiaria \u00a0o supletoria\u00bb16. \u00a0<\/p>\n<p>Sin \u00a0embargo, el \u00a0art\u00edculo 35 de la Constituci\u00f3n tambi\u00e9n enuncia \u00a0un conjunto de limitaciones \u00a0al respecto17, \u00a0relacionadas con la observaci\u00f3n del principio de doble \u00a0incriminaci\u00f3n, la connotaci\u00f3n de los delitos por los \u00a0cuales se solicita la extradici\u00f3n, y la inclusi\u00f3n de su \u00a0ejecuci\u00f3n en un concreto marco temporal. \u00a0<\/p>\n<p>Esas \u00a0disposiciones, sumadas a las reglas contenidas en la ley, conforman \u00a0el marco normativo del tr\u00e1mite y an\u00e1lisis de la \u00a0solicitud, ofrecimiento y concesi\u00f3n de la extradici\u00f3n. \u00a0<\/p>\n<p>Los \u00a0supuestos anunciados, al ser de origen constitucional, por mandato \u00a0expreso del art\u00edculo 4\u00ba de la Carta Pol\u00edtica, \u00a0tienen como destinatarios a todas las autoridades nacionales. \u00a0<\/p>\n<p>En \u00a0tal sentido, la Sala de Casaci\u00f3n Penal de la Corte Suprema de \u00a0Justicia est\u00e1 en el deber de verificar, de forma preliminar, \u00a0el acatamiento de lo previsto en el mencionado art\u00edculo \u00a0constitucional y, una vez finalizada esa labor, realizar el an\u00e1lisis \u00a0formal del pedido de extradici\u00f3n. Como es obvio, no podr\u00e1 \u00a0emitir un concepto favorable si advierte que la solicitud puesta a su \u00a0consideraci\u00f3n desconoce las se\u00f1aladas limitaciones \u00a0constitucionales. \u00a0<\/p>\n<p>Ese \u00a0entendimiento, adem\u00e1s de ser concordante con el valor y \u00a0supremac\u00eda de la Constituci\u00f3n Pol\u00edtica frente a \u00a0cualquier otra norma jur\u00eddica, se apoya en el mandato \u00a0constitucional irrestricto dirigido a esta Corte, en su condici\u00f3n \u00a0de \u00f3rgano l\u00edmite de la jurisdicci\u00f3n ordinaria, y \u00a0derivado de los fines esenciales del Estado social de derecho, \u2014arts. \u00a01 y 2 de la CP \u2014y de la autonom\u00eda de la funci\u00f3n \u00a0judicial \u2014art. 230 ib\u00eddem\u2014, \u00a0de salvaguardar los derechos y garant\u00edas fundamentales de \u00a0todas las personas. \u00a0<\/p>\n<p>3. \u00a0Las previsiones constitucionales sobre la materia y la solicitud de \u00a0extradici\u00f3n formulada por el Gobierno \u00a0de los Estados Unidos \u00a0<\/p>\n<p>El \u00a0art\u00edculo 35 de la Constituci\u00f3n Pol\u00edtica se\u00f1ala \u00a0que: (i) \u00abla \u00a0extradici\u00f3n de los colombianos por nacimiento se conceder\u00e1 \u00a0por delitos cometidos en el exterior, considerados como tales en la \u00a0legislaci\u00f3n penal colombiana\u00bb; \u00a0(ii) \u00abno \u00a0proceder\u00e1 por delitos pol\u00edticos\u00bb \u00a0o \u00a0(iii) cuando \u00a0\u00abse \u00a0trate de hechos cometidos con anterioridad\u00bb \u00a0al \u00a017 \u00a0de diciembre de 1997, fecha en la que entr\u00f3 a regir el Acto \u00a0Legislativo No. 01 de 1997. \u00a0<\/p>\n<p>3.1. \u00a0Como se ver\u00e1 en el ac\u00e1pite referente a la doble \u00a0incriminaci\u00f3n, las conductas por las cuales se solicita en \u00a0extradici\u00f3n a Fabrizia \u00a0Cavanna Sarmiento \u00a0son \u00a0consideradas tambi\u00e9n delito en Colombia. \u00a0<\/p>\n<p>En \u00a0cuanto a la determinaci\u00f3n de su lugar de comisi\u00f3n, debe \u00a0destacarse la atribuci\u00f3n \u00a0a Cavanna \u00a0Sarmiento \u00a0de \u00a0varias infracciones a la ley penal ocurridas en Oklahoma (Oklahoma), \u00a0Dallas (Texas), Miami (Florida), Houston (Texas), Hollywood \u00a0(Florida), Indianapolis (Indiana), Vienna (Virginia) y Farmers Branch \u00a0(Texas); con lo cual no cabe duda que el Estado requirente tiene \u00a0jurisdicci\u00f3n y competencia para concurrir a su investigaci\u00f3n \u00a0y juzgamiento. \u00a0<\/p>\n<p>3.2. \u00a0Los \u00a0cargos de concierto de organizaciones corruptas e influenciadas por \u00a0el crimen organizado y concierto para interferir con el comercio por \u00a0robo, por los cuales es llamada a juicio Cavanna \u00a0Sarmiento, \u00a0claramente, \u00a0no ostentan las caracter\u00edsticas de un delito pol\u00edtico18. \u00a0<\/p>\n<p>3.3. \u00a0Por \u00a0\u00faltimo, revisada \u00a0la documentaci\u00f3n aportada por el Gobierno de los Estados \u00a0Unidos de Am\u00e9rica, se constata la ejecuci\u00f3n de los \u00a0eventos materia de juzgamiento, presuntamente, \u00abentre \u00a0el 26 de septiembre de 2014 y el 27 de enero de 2016 o alrededor de \u00a0esas fechas\u00bb19. \u00a0<\/p>\n<p>3.4. \u00a0En resumen, se observa que el \u00a0pedido de extradici\u00f3n no \u00a0contraviene las limitaciones contenidas en el \u00a0art\u00edculo 35 de la Constituci\u00f3n Pol\u00edtica y, por \u00a0esa raz\u00f3n, la Sala proceder\u00e1 a evaluar el cumplimiento \u00a0de los requisitos convencionales o legales, seg\u00fan el caso. \u00a0<\/p>\n<p>4. \u00a0Verificaci\u00f3n del cumplimiento de los requisitos convencionales \u00a0o legales de la solicitud de extradici\u00f3n \u00a0<\/p>\n<p>El \u00a0Ministerio de Relaciones Exteriores conceptu\u00f3 que \u00a0\u00aben \u00a0el caso en menci\u00f3n, es procedente obrar de conformidad con el \u00a0ordenamiento procesal penal colombiano\u00bb. \u00a0Lo \u00a0anterior, pues el \u00a0tratado de extradici\u00f3n suscrito entre Colombia y los Estados \u00a0Unidos de Am\u00e9rica, el 14 de septiembre de 1979, no es \u00a0aplicable en el orden interno debido a la inconstitucionalidad de la \u00a0Ley 27 de 1980, declarada por la Corte Suprema de Justicia en la \u00a0sentencia de 12 de diciembre de 198620. \u00a0<\/p>\n<p>Por \u00a0esa raz\u00f3n, se proceder\u00e1 a verificar el cumplimiento de \u00a0las exigencias contenidas en los art\u00edculos 502 y 493 del \u00a0C\u00f3digo de Procedimiento Penal. \u00a0<\/p>\n<p>El \u00a0art\u00edculo 502 ejusdem, \u00a0establece que el concepto a cargo de esta Corte debe fundamentarse en \u00a0aspectos relacionados con: i) \u00a0la validez formal de la documentaci\u00f3n presentada; ii) \u00a0la acreditaci\u00f3n de la plena identidad del solicitado; iii) \u00a0la equivalencia de la providencia proferida en el extranjero; iv) \u00a0la doble incriminaci\u00f3n de la conducta imputada \u00a0y v) \u00a0el cumplimiento de lo previsto en los tratados p\u00fablicos cuando \u00a0fuere el caso. \u00a0<\/p>\n<p>Adicionalmente, \u00a0por virtud de lo indicado en el art\u00edculo 493 ejusdem, \u00a0es \u00a0preciso establecer la previsi\u00f3n de una sanci\u00f3n no \u00a0inferior a 4 a\u00f1os de prisi\u00f3n en su m\u00ednimo para \u00a0el delito o los delitos en los cuales se adec\u00faan los hechos \u00a0que motivan la extradici\u00f3n, pues a este requisito tambi\u00e9n \u00a0se supedita su ofrecimiento u otorgamiento. \u00a0<\/p>\n<p>4.1. \u00a0Validez formal de los documentos aportados \u00a0<\/p>\n<p>La \u00a0normatividad procesal exige que la solicitud de extradici\u00f3n se \u00a0haga por v\u00eda diplom\u00e1tica, o de manera excepcional por \u00a0la consular o de gobierno a gobierno, acompa\u00f1ada de los \u00a0siguientes documentos e informaci\u00f3n, en la forma establecida \u00a0en la legislaci\u00f3n del Estado requirente: (i) \u00a0copia o trascripci\u00f3n aut\u00e9ntica de la sentencia, de la \u00a0resoluci\u00f3n de acusaci\u00f3n o su equivalente; (ii) \u00a0indicaci\u00f3n de los actos que determinan la solicitud de \u00a0extradici\u00f3n y se\u00f1alamiento del lugar y la fecha en que \u00a0fueron ejecutados; (iii) \u00a0inclusi\u00f3n de los datos que sirven para establecer la plena \u00a0identidad de la persona reclamada; y (iv) \u00a0la reproducci\u00f3n certificada de las disposiciones penales \u00a0aplicables21. \u00a0<\/p>\n<p>El \u00a0art\u00edculo 251 del C\u00f3digo General del Proceso \u2013inciso \u00a02\u00ba-establece que los documentos p\u00fablicos otorgados en \u00a0pa\u00eds extranjero por sus funcionarios, o con su intervenci\u00f3n, \u00a0deben presentarse debidamente autenticados por el c\u00f3nsul o \u00a0agente diplom\u00e1tico de la Rep\u00fablica, o en su defecto por \u00a0el de una naci\u00f3n amiga, y que su firma debe ser abonada por el \u00a0Ministerio de Relaciones Exteriores de Colombia. Si se trata de \u00a0agentes consulares de un pa\u00eds amigo, se autenticar\u00e1n \u00a0previamente por el funcionario competente del mismo y los de este por \u00a0el c\u00f3nsul colombiano.22 \u00a0<\/p>\n<p>Esas \u00a0exigencias formales est\u00e1n satisfechas como se evidenci\u00f3 \u00a0en la rese\u00f1a de los documentos anexos al pedido formal de \u00a0extradici\u00f3n \u2014Nota \u00a0Verbal No. 0290 de 21 de febrero de 2018\u2014, \u00a0revisada en el numeral 3 del ac\u00e1pite de antecedentes, los \u00a0cuales fueron aportados en traducci\u00f3n al espa\u00f1ol y \u00a0debidamente autenticados. \u00a0<\/p>\n<p>En \u00a0las anotadas condiciones, la documentaci\u00f3n que acompa\u00f1a \u00a0la solicitud de extradici\u00f3n, resulta apta para ser considerada \u00a0por la Corte en el estudio inherente al concepto. \u00a0<\/p>\n<p>4.2. \u00a0Plena identidad de la persona reclamada \u00a0<\/p>\n<p>El \u00a0Gobierno de los Estados Unidos de Am\u00e9rica solicit\u00f3 la \u00a0entrega de la ciudadana colombiana Fabrizia \u00a0Cavanna Sarmiento, \u00a0nacida \u00a0el 12 de abril de 1977, \u00a0portadora de la c\u00e9dula de ciudadan\u00eda No. 20.645.666. \u00a0<\/p>\n<p>Seg\u00fan \u00a0consta en el informe de laboratorio de dactiloscopia forense del 24 \u00a0de diciembre de 201723, \u00a0\u00abse \u00a0VERIFICA que la IDENTIDAD de la persona a quien corresponden las \u00a0impresiones dactilares que obran en el documento descrito en el \u00edtem \u00a08.1 es CAVANNA SARMIENTO FABRIZIA, N\u00famero de Documento (NUIP) \u00a020.645.666.\u00bb; por \u00a0lo cual, a partir de ese elemento probatorio puede concluirse que la \u00a0persona detenida por las autoridades colombianas es la misma \u00a0solicitada por el Gobierno de los Estados Unidos de Am\u00e9rica en \u00a0extradici\u00f3n. \u00a0<\/p>\n<p>4.3. \u00a0Equivalencia de la providencia proferida en el extranjero \u00a0<\/p>\n<p>Conforme \u00a0lo establecido en el \u00a0numeral 2\u00ba del art\u00edculo 493 de la Ley 906 de 2004, la \u00a0decisi\u00f3n contentiva del cargo contra la persona reclamada en \u00a0extradici\u00f3n debe identificarse formal y sustancialmente con la \u00a0acusaci\u00f3n, (arts. \u00a0336 y 337 L. 906 de 2004), \u00a0es \u00a0decir, con el acto introductorio a la fase del juicio, a trav\u00e9s \u00a0del cual el Estado inculpa a una persona determinada de violar la ley \u00a0penal a partir del se\u00f1alamiento de los delitos as\u00ed como \u00a0de las circunstancias \u2014espacio temporales\u2014 relacionadas \u00a0con la ejecuci\u00f3n que se le atribuyen, con el prop\u00f3sito \u00a0de ofrecer al acusado la posibilidad de conocerlos y enfrentarlos. \u00a0<\/p>\n<p>Como \u00a0se ha dicho con anterioridad, en contra de la requerida en \u00a0extradici\u00f3n existe la tercera acusaci\u00f3n formal de \u00a0reemplazo No. 3:16-CR-056-L (tambi\u00e9n relacionada como \u00a03:16-CR-56L (07) y 3:16-cr-00056-L), dictada el 23 de enero de 2018 \u00a0en el Tribunal de Distrito de los Estados Unidos para el Distrito \u00a0Norte de Texas, Divisi\u00f3n de Dallas. \u00a0<\/p>\n<p>Se \u00a0evidencia que ese documento registra \u00a0las siguientes similitudes con la acusaci\u00f3n prevista en \u00a0nuestro ordenamiento procesal penal: a) \u00a0se trata de un pliego concreto de cargos en contra de la acusada para \u00a0que se defienda de ellos en el juicio; b) \u00a0una vez formulada, se inicia el juzgamiento que finaliza con el \u00a0respectivo fallo de m\u00e9rito; c) \u00a0en \u00e9l se se\u00f1alan de forma sucinta los hechos y la \u00a0calificaci\u00f3n jur\u00eddica de las conductas, con indicaci\u00f3n \u00a0de las disposiciones sustanciales aplicables.En consecuencia, se \u00a0tendr\u00e1 por acreditada esta exigencia. \u00a0<\/p>\n<p>4.4. \u00a0La doble incriminaci\u00f3n de las conductas imputadas \u00a0<\/p>\n<p>Es \u00a0necesario verificar en este aspecto, la previsi\u00f3n como delito \u00a0en Colombia del comportamiento endilgado, al igual que el \u00a0se\u00f1alamiento para este, en nuestra legislaci\u00f3n, de una \u00a0sanci\u00f3n privativa de la libertad cuyo m\u00ednimo no sea \u00a0inferior a cuatro (4) a\u00f1os. \u00a0<\/p>\n<p>4.4.1. \u00a0La solicitud de extradici\u00f3n de \u00a0Fabrizia \u00a0Cavanna Sarmiento \u00a0tiene origen en la tercera \u00a0acusaci\u00f3n formal de reemplazo No. 3:16-CR-056-L (tambi\u00e9n \u00a0relacionada como 3:16-CR-56L (07) y 3:16-cr-00056-L), dictada el 23 \u00a0de enero de 2018 en el Tribunal de Distrito de los Estados Unidos \u00a0para el Distrito Norte de Texas, Divisi\u00f3n de Dallas, donde se \u00a0precisan los siguientes supuestos f\u00e1cticos: \u00a0<\/p>\n<p>\u00abCargo \u00a0Uno \u00a0<\/p>\n<p>Concierto \u00a0de Organizaciones Corruptas e Influenciadas por el Crimen Organizado \u00a0(RICO, por sus siglas en ingl\u00e9s). \u00a0<\/p>\n<p>(Infracci\u00f3n \u00a0de la Secc. 1962(d) del T\u00edtulo 18 del C\u00f3d. de los \u00a0EE.UU.) \u00a0<\/p>\n<p>La \u00a0empresa \u00a0<\/p>\n<p>\u00a0 \u00a0\u00a0 \u00a0 \u00a0 \u00a0 \u00a0<\/p>\n<p>1. En \u00a0 \u00a0 \u00a0 \u00a0 \u00a0todo momento relevante en esta acusaci\u00f3n (\u2026) Fabrizia \u00a0 \u00a0 \u00a0 \u00a0 \u00a0Cavanna Sarmiento [alias Fabrizia Cavanna] (en lo sucesivo Cavanna) \u00a0 \u00a0 \u00a0 \u00a0 \u00a0(\u2026) los acusados, y otros conocidos y desconocidos por el \u00a0 \u00a0 \u00a0 \u00a0 \u00a0Gran Jurado, fueron miembros y socios de una organizaci\u00f3n \u00a0 \u00a0 \u00a0 \u00a0 \u00a0criminal que participaba en, entre otras cosas, actos de violencia, \u00a0 \u00a0 \u00a0 \u00a0 \u00a0robo de vendedores ambulantes de diamantes y joyas, lavado de dinero \u00a0 \u00a0 \u00a0 \u00a0 \u00a0y transporte y venta de bienes robados, y que operaba principalmente \u00a0 \u00a0 \u00a0 \u00a0 \u00a0desde las zonas de Dallas, Texas, Houston, Texas y Miami, Florida. \u00a0<\/p>\n<p>\u00a0 \u00a0\u00a0 \u00a0 \u00a0 \u00a0 \u00a0<\/p>\n<p>2. Esta \u00a0 \u00a0 \u00a0 \u00a0 \u00a0organizaci\u00f3n criminal, incluidos su liderazgo, miembros y \u00a0 \u00a0 \u00a0 \u00a0 \u00a0socios, constitu\u00eda una \u201cempresa\u201d, tal y como se \u00a0 \u00a0 \u00a0 \u00a0 \u00a0define en la Secci\u00f3n 1961(4) del T\u00edtulo 18 del C\u00f3digo \u00a0 \u00a0 \u00a0 \u00a0 \u00a0de los Estados Unidos, es decir, un grupo de personas asociadas de \u00a0 \u00a0 \u00a0 \u00a0 \u00a0hecho. La empresa constitu\u00eda una organizaci\u00f3n continua \u00a0 \u00a0 \u00a0 \u00a0 \u00a0cuyos miembros funcionaban como una unidad continua con un objetivo \u00a0 \u00a0 \u00a0 \u00a0 \u00a0com\u00fan de lograr los objetivos de la empresa. Esta empresa \u00a0 \u00a0 \u00a0 \u00a0 \u00a0participaba en, y sus actividades afectaban, el comercio \u00a0 \u00a0 \u00a0 \u00a0 \u00a0interestatal y extranjero. \u00a0<\/p>\n<p>Prop\u00f3sitos \u00a0de la empresa \u00a0<\/p>\n<p>\u00a0 \u00a0\u00a0 \u00a0 \u00a0 \u00a0 \u00a0<\/p>\n<p>3. Los \u00a0 \u00a0 \u00a0 \u00a0 \u00a0prop\u00f3sitos de la empresa inclu\u00edan promover y aumentar \u00a0 \u00a0 \u00a0 \u00a0 \u00a0la empresa as\u00ed como enriquecer a sus miembros y socios por \u00a0 \u00a0 \u00a0 \u00a0 \u00a0medio de, entre otras cosas, el robo de vendedores ambulantes de \u00a0 \u00a0 \u00a0 \u00a0 \u00a0diamantes y joyas. \u00a0<\/p>\n<p>Manera \u00a0y m\u00e9todos de la empresa \u00a0<\/p>\n<p>\u00a0 \u00a0\u00a0 \u00a0 \u00a0 \u00a0 \u00a0<\/p>\n<p>4. Entre \u00a0 \u00a0 \u00a0 \u00a0 \u00a0las maneras y m\u00e9todos por los cuales los miembros y sus \u00a0 \u00a0 \u00a0 \u00a0 \u00a0socios conduc\u00edan y participaban en la conducci\u00f3n de \u00a0 \u00a0 \u00a0 \u00a0 \u00a0los asuntos de la empresa se encuentran los siguientes: \u00a0<\/p>\n<p>\u00a0 \u00a0\u00a0 \u00a0 \u00a0 \u00a0 \u00a0<\/p>\n<p>a. Los \u00a0 \u00a0 \u00a0 \u00a0 \u00a0miembros de la empresa y sus socios le robaban a vendedores \u00a0 \u00a0 \u00a0 \u00a0 \u00a0ambulantes de diamantes y joyas, sus diamantes, joyas, prendas, \u00a0 \u00a0 \u00a0 \u00a0 \u00a0dinero en efectivo y otros bienes incluidos, entre otros, los robos \u00a0 \u00a0 \u00a0 \u00a0 \u00a0enumerados en los Actos Manifiestos. \u00a0<\/p>\n<p>\u00a0 \u00a0\u00a0 \u00a0 \u00a0 \u00a0 \u00a0<\/p>\n<p>b. Los \u00a0 \u00a0 \u00a0 \u00a0 \u00a0miembros de la empresa y sus socios realizaban tareas de vigilancia \u00a0 \u00a0 \u00a0 \u00a0 \u00a0de tiendas de diamantes y joyas y de los vendedores ambulantes de \u00a0 \u00a0 \u00a0 \u00a0 \u00a0diamantes y joyas para identificar posibles v\u00edctimas de robo, \u00a0 \u00a0 \u00a0 \u00a0 \u00a0utilizando equipos de personas que vigilaban las tiendas desde sus \u00a0 \u00a0 \u00a0 \u00a0 \u00a0veh\u00edculos y a pie, incluidas, entre otras, las operaciones de \u00a0 \u00a0 \u00a0 \u00a0 \u00a0vigilancia enumeradas en los Actos manifiestos. \u00a0<\/p>\n<p>\u00a0 \u00a0\u00a0 \u00a0 \u00a0 \u00a0 \u00a0<\/p>\n<p>c. Los \u00a0 \u00a0 \u00a0 \u00a0 \u00a0miembros de la empresa y sus socios identificaban a vendedores \u00a0 \u00a0 \u00a0 \u00a0 \u00a0ambulantes de diamantes y joyas y organizaban planes para seguirlos \u00a0 \u00a0 \u00a0 \u00a0 \u00a0y robarles sus diamantes, joyas, prendas, dinero en efectivo y otros \u00a0 \u00a0 \u00a0 \u00a0 \u00a0bienes. Los miembros de la empresa a menudo usaban tel\u00e9fonos \u00a0 \u00a0 \u00a0 \u00a0 \u00a0celulares para comunicarse unos con otros. \u00a0<\/p>\n<p>\u00a0 \u00a0\u00a0 \u00a0 \u00a0 \u00a0 \u00a0<\/p>\n<p>d. Los \u00a0 \u00a0 \u00a0 \u00a0 \u00a0miembros de la empresa y sus socios vest\u00edan ropa de manga \u00a0 \u00a0 \u00a0 \u00a0 \u00a0larga, pantalones largos, guantes y art\u00edculos que les cubr\u00edan \u00a0 \u00a0 \u00a0 \u00a0 \u00a0los rostros para ocultar sus identidades y limitar los rastros de \u00a0 \u00a0 \u00a0 \u00a0 \u00a0prueba que quedaban durante los robos. \u00a0<\/p>\n<p>\u00a0 \u00a0\u00a0 \u00a0 \u00a0 \u00a0 \u00a0<\/p>\n<p>e. Los \u00a0 \u00a0 \u00a0 \u00a0 \u00a0miembros de la empresa y sus socios bloqueaban los veh\u00edculos \u00a0 \u00a0 \u00a0 \u00a0 \u00a0de los vendedores ambulantes de diamantes y joyas, y con frecuencia \u00a0 \u00a0 \u00a0 \u00a0 \u00a0inhabilitaban los veh\u00edculos, entre otras maneras, vaci\u00e1ndoles \u00a0 \u00a0 \u00a0 \u00a0 \u00a0los neum\u00e1ticos a los veh\u00edculos y rompiendo las \u00a0 \u00a0 \u00a0 \u00a0 \u00a0ventanas de los veh\u00edculos. \u00a0<\/p>\n<p>\u00a0 \u00a0\u00a0 \u00a0 \u00a0 \u00a0 \u00a0<\/p>\n<p>f. Los \u00a0 \u00a0 \u00a0 \u00a0 \u00a0miembros de la empresa y sus socios usaban violencia, amenazas de \u00a0 \u00a0 \u00a0 \u00a0 \u00a0violencia y armas, incluidas pistolas de perdigones, cuchillos, \u00a0 \u00a0 \u00a0 \u00a0 \u00a0cuchillas y pu\u00f1etazos, para robarles a los vendedores \u00a0 \u00a0 \u00a0 \u00a0 \u00a0ambulantes de diamantes y joyas. \u00a0<\/p>\n<p>\u00a0 \u00a0\u00a0 \u00a0 \u00a0 \u00a0 \u00a0<\/p>\n<p>g. Los \u00a0 \u00a0 \u00a0 \u00a0 \u00a0miembros de la empresa y sus socios a menudos se robaban los \u00a0 \u00a0 \u00a0 \u00a0 \u00a0tel\u00e9fonos y las llaves de los veh\u00edculos de los \u00a0 \u00a0 \u00a0 \u00a0 \u00a0vendedores ambulantes de diamantes y joyas, y hu\u00edan \u00a0 \u00a0 \u00a0 \u00a0 \u00a0r\u00e1pidamente de las escenas de los robos. \u00a0<\/p>\n<p>\u00a0 \u00a0\u00a0 \u00a0 \u00a0 \u00a0 \u00a0<\/p>\n<p>h. Los \u00a0 \u00a0 \u00a0 \u00a0 \u00a0miembros de la empresa y sus socios viajaban y transportaban los \u00a0 \u00a0 \u00a0 \u00a0 \u00a0diamantes, joyas, prendas, dinero en efectivo y otros bienes robados \u00a0 \u00a0 \u00a0 \u00a0 \u00a0a trav\u00e9s de fronteras estatales y hac\u00edan llamadas \u00a0 \u00a0 \u00a0 \u00a0 \u00a0telef\u00f3nicas en el comercio interestatal para promover los \u00a0 \u00a0 \u00a0 \u00a0 \u00a0objetivos de la empresa. \u00a0<\/p>\n<p>\u00a0 \u00a0\u00a0 \u00a0 \u00a0 \u00a0 \u00a0<\/p>\n<p>i. Los \u00a0 \u00a0 \u00a0 \u00a0 \u00a0miembros de la empresa y sus socios les vend\u00edan los \u00a0 \u00a0 \u00a0 \u00a0 \u00a0diamantes, joyas, prendas y otros bienes robados a personas que \u00a0 \u00a0 \u00a0 \u00a0 \u00a0compran y venden art\u00edculos robaos (\u201cperistas\u201d) en \u00a0 \u00a0 \u00a0 \u00a0 \u00a0Miami, Florida, y en otros lugares, y luego divid\u00edan las \u00a0 \u00a0 \u00a0 \u00a0 \u00a0ganancias de sus actividades ilegales. \u00a0<\/p>\n<p>\u00a0 \u00a0\u00a0 \u00a0 \u00a0 \u00a0 \u00a0<\/p>\n<p>j. Los \u00a0 \u00a0 \u00a0 \u00a0 \u00a0miembros de la empresa y sus socios lavaban las ganancias de sus \u00a0 \u00a0 \u00a0 \u00a0 \u00a0actividades il\u00edcitas, entre otros medios, utilizando las \u00a0 \u00a0 \u00a0 \u00a0 \u00a0ganancias de sus robos para comprar, arrendar, financiar y \u00a0 \u00a0 \u00a0 \u00a0 \u00a0transferir tel\u00e9fonos celulares, veh\u00edculos, veh\u00edculos \u00a0 \u00a0 \u00a0 \u00a0 \u00a0de alquiler, residencias y propiedades de alquiler en fomento de sus \u00a0 \u00a0 \u00a0 \u00a0 \u00a0actividades ilegales; y para pagar los gastos de viaje, como \u00a0 \u00a0 \u00a0 \u00a0 \u00a0habitaciones de hotel, comidas y gasolina, durante el curso de su \u00a0 \u00a0 \u00a0 \u00a0 \u00a0vigilancia y robo (\u2026). \u00a0<\/p>\n<p>\u00a0 \u00a0\u00a0 \u00a0 \u00a0 \u00a0 \u00a0<\/p>\n<p>k. Los \u00a0 \u00a0 \u00a0 \u00a0 \u00a0miembros de la empresa y sus socios obten\u00edan veh\u00edculos \u00a0 \u00a0 \u00a0 \u00a0 \u00a0de alquiler, boletos de avi\u00f3n, habitaciones de hotel y otras \u00a0 \u00a0 \u00a0 \u00a0 \u00a0viviendas a corto plazo, abr\u00edan cuentas bancarias y obten\u00edan \u00a0 \u00a0 \u00a0 \u00a0 \u00a0tarjetas bancarias y tarjetas de cr\u00e9dito utilizando \u00a0 \u00a0 \u00a0 \u00a0 \u00a0documentos de identificaci\u00f3n fraudulentos para facilitar los \u00a0 \u00a0 \u00a0 \u00a0 \u00a0robos y las operaciones de vigilancia. \u00a0<\/p>\n<p>\u00a0 \u00a0\u00a0 \u00a0 \u00a0 \u00a0 \u00a0<\/p>\n<p>l. Los \u00a0 \u00a0 \u00a0 \u00a0 \u00a0miembros de la empresa y sus socios cambiaban los veh\u00edculos y \u00a0 \u00a0 \u00a0 \u00a0 \u00a0las matr\u00edculas de los veh\u00edculos para evitar su \u00a0 \u00a0 \u00a0 \u00a0 \u00a0detecci\u00f3n durante el curso de los robos y las operaciones de \u00a0 \u00a0 \u00a0 \u00a0 \u00a0vigilancia. \u00a0<\/p>\n<p>(\u2026) \u00a0<\/p>\n<p>\u00a0 \u00a0\u00a0 \u00a0 \u00a0 \u00a0 \u00a0<\/p>\n<p>5. A \u00a0 \u00a0 \u00a0 \u00a0 \u00a0partir del 26 de septiembre de 2014, o alrededor de esa fecha, y \u00a0 \u00a0 \u00a0 \u00a0 \u00a0continuando hasta el 27 de enero de 2016, o alrededor de esa fecha, \u00a0 \u00a0 \u00a0 \u00a0 \u00a0siendo ambas fechas aproximadas e inclusivas, dentro del Distrito \u00a0 \u00a0 \u00a0 \u00a0 \u00a0Norte de Texas y en otros lugares, Zamora, Natour, Cavanna y Tobar, \u00a0 \u00a0 \u00a0 \u00a0 \u00a0los acusados, juntos unos con otros y con otras personas conocidas y \u00a0 \u00a0 \u00a0 \u00a0 \u00a0desconocidas por el Gran Jurado, siento estas personas empleadas por \u00a0 \u00a0 \u00a0 \u00a0 \u00a0y asociadas con la empresa que participaba en, y cuyas actividades \u00a0 \u00a0 \u00a0 \u00a0 \u00a0afectaban el comercio interestatal e internacional, concertaron a \u00a0 \u00a0 \u00a0 \u00a0 \u00a0sabiendas e intencionalmente para violar la secci\u00f3n 1962(c) \u00a0 \u00a0 \u00a0 \u00a0 \u00a0del T\u00edtulo 18 del C\u00f3digo de los Estados Unidos, es \u00a0 \u00a0 \u00a0 \u00a0 \u00a0decir, condujeron y participaron directa e indirectamente, en la \u00a0 \u00a0 \u00a0 \u00a0 \u00a0realizaci\u00f3n de los asuntos de la empresa por medio de un \u00a0 \u00a0 \u00a0 \u00a0 \u00a0patr\u00f3n de actividades de crimen organizado que consistieron \u00a0 \u00a0 \u00a0 \u00a0 \u00a0en m\u00faltiples actos punibles (\u2026). \u00a0<\/p>\n<p>Cargo \u00a0Dos \u00a0<\/p>\n<p>Concierto \u00a0para Interferir con el comercio por robo \u00a0<\/p>\n<p>(Infracci\u00f3n \u00a0de la Secc. 1951(a) del T\u00edtulo 18 del C\u00f3d. de los \u00a0EE.UU.) \u00a0<\/p>\n<p>Comenzando \u00a0el 26 de septiembre de 2014, o alrededor de esa fecha, y continuando \u00a0hasta el 27 de enero de 2016, o alrededor de esa fecha en el Distrito \u00a0Norte de Texas (NDTX, por sus siglas en ingl\u00e9s) y en otros \u00a0lugares (\u2026) Fabrizia Cavanna Sarmiento [alias Fabrizia \u00a0Cavanna] (en lo sucesivo \u201cCavanna\u201d) (\u2026), los \u00a0acusados y otras personas conocidas y desconocidas por el Gran \u00a0Jurando, a sabiendas, intencional e ilegalmente se juntaron, \u00a0concertaron, unieron y acordaron juntos y unos con otros, para \u00a0cometer ciertos delitos en contra de los Estados Unidos, a saber: \u00a0interferencia con el comercio por robo, en contra de la Secci\u00f3n \u00a01951(a) del T\u00edtulo 18 del C\u00f3digo de los EE.UU. \u00a0<\/p>\n<p>Objeto \u00a0del concierto \u00a0<\/p>\n<p>El \u00a0objeto del concierto fue tomar y obtener ilegalmente bienes muebles, \u00a0que consist\u00edan en diamantes y joyas, de personas y en \u00a0presencia de las personas enumeradas a continuaci\u00f3n en el \u00a0Cargo Dos de esta acusaci\u00f3n, que se cre\u00eda actuaban en \u00a0su calidad de vendedores de diamantes y joyas, y en contra de su \u00a0voluntad por medio de fuerza real y amenazada, violencia y temor de \u00a0lesiones inmediatas a sus personas. \u00a0<\/p>\n<p>Formas \u00a0y medios \u00a0<\/p>\n<p>\u00a0 \u00a0\u00a0 \u00a0 \u00a0 \u00a0 \u00a0<\/p>\n<p>1. Fue \u00a0 \u00a0 \u00a0 \u00a0 \u00a0parte del concierto que (\u2026) Cavanna (\u2026) los acusados, \u00a0 \u00a0 \u00a0 \u00a0 \u00a0y otras personas conocidas y desconocidas para el Gran Jurado \u00a0 \u00a0 \u00a0 \u00a0 \u00a0plantearon y planearon entre ellos, entre otras cosas, uno o m\u00e1s \u00a0 \u00a0 \u00a0 \u00a0 \u00a0de los siguientes robos: \u00a0<\/p>\n<p>\u00a0 \u00a0\u00a0 \u00a0 \u00a0 \u00a0 \u00a0 \u00a0 \u00a0 \u00a0 \u00a0 \u00a0 \u00a0 \u00a0 \u00a0 \u00a0 \u00a0 \u00a0 \u00a0 \u00a0 \u00a0 \u00a0 \u00a0 \u00a0 \u00a0 \u00a0 \u00a0 \u00a0 \u00a0 \u00a0 \u00a0 \u00a0 \u00a0 \u00a0 \u00a0 \u00a0 \u00a0 \u00a0 \u00a0 \u00a0 \u00a0 \u00a0 \u00a0 \u00a0 \u00a0 \u00a0 \u00a0 \u00a0<\/p>\n<p>Fecha \u00a0 \u00a0 \u00a0 \u00a0 \u00a0 \u00a0 \u00a0 \u00a0 \u00a0 \u00a0 \u00a0 \u00a0 \u00a0 \u00a0 \u00a0 \u00a0 \u00a0(exacta o aproximada) \u00a0 \u00a0 \u00a0 \u00a0 \u00a0 \u00a0 \u00a0 \u00a0 \u00a0 \u00a0 \u00a0 \u00a0 \u00a0 \u00a0 \u00a0 \u00a0 \u00a0 \u00a0 \u00a0 \u00a0 \u00a0 \u00a0 \u00a0 \u00a0 \u00a0 \u00a0 \u00a0 \u00a0 \u00a0 \u00a0 \u00a0 \u00a0 \u00a0 \u00a0 \u00a0 \u00a0 \u00a0 \u00a0 \u00a0 \u00a0 \u00a0 \u00a0 \u00a0 \u00a0 \u00a0 \u00a0 \u00a0<\/p>\n<p>V\u00edctima \u00a0 \u00a0 \u00a0 \u00a0 \u00a0 \u00a0 \u00a0 \u00a0 \u00a0 \u00a0 \u00a0 \u00a0 \u00a0 \u00a0 \u00a0 \u00a0 \u00a0del robo \u00a0 \u00a0 \u00a0 \u00a0 \u00a0 \u00a0 \u00a0 \u00a0 \u00a0 \u00a0 \u00a0 \u00a0 \u00a0 \u00a0 \u00a0 \u00a0 \u00a0 \u00a0 \u00a0 \u00a0 \u00a0 \u00a0 \u00a0 \u00a0 \u00a0 \u00a0 \u00a0 \u00a0 \u00a0 \u00a0 \u00a0 \u00a0 \u00a0 \u00a0 \u00a0 \u00a0 \u00a0 \u00a0 \u00a0 \u00a0 \u00a0 \u00a0 \u00a0 \u00a0 \u00a0 \u00a0 \u00a0<\/p>\n<p>Lugar \u00a0 \u00a0 \u00a0 \u00a0 \u00a0 \u00a0 \u00a0 \u00a0 \u00a0 \u00a0 \u00a0 \u00a0 \u00a0 \u00a0 \u00a0 \u00a0 \u00a0del robo \u00a0 \u00a0 \u00a0 \u00a0 \u00a0 \u00a0 \u00a0 \u00a0 \u00a0<\/p>\n<p>26 \u00a0 \u00a0 \u00a0 \u00a0 \u00a0 \u00a0 \u00a0 \u00a0 \u00a0 \u00a0 \u00a0 \u00a0 \u00a0 \u00a0 \u00a0 \u00a0 \u00a0de septiembre de 2014 \u00a0 \u00a0 \u00a0 \u00a0 \u00a0 \u00a0 \u00a0 \u00a0 \u00a0 \u00a0 \u00a0 \u00a0 \u00a0 \u00a0 \u00a0 \u00a0 \u00a0 \u00a0 \u00a0 \u00a0 \u00a0 \u00a0 \u00a0 \u00a0 \u00a0 \u00a0 \u00a0 \u00a0 \u00a0 \u00a0 \u00a0 \u00a0 \u00a0 \u00a0 \u00a0 \u00a0 \u00a0 \u00a0 \u00a0 \u00a0 \u00a0 \u00a0 \u00a0 \u00a0 \u00a0 \u00a0 \u00a0<\/p>\n<p>S.B. \u00a0 \u00a0 \u00a0 \u00a0 \u00a0 \u00a0 \u00a0 \u00a0 \u00a0 \u00a0 \u00a0 \u00a0 \u00a0 \u00a0 \u00a0 \u00a0 \u00a0 \u00a0 \u00a0 \u00a0 \u00a0 \u00a0 \u00a0 \u00a0 \u00a0 \u00a0 \u00a0 \u00a0 \u00a0 \u00a0 \u00a0 \u00a0 \u00a0 \u00a0 \u00a0 \u00a0 \u00a0 \u00a0 \u00a0 \u00a0 \u00a0 \u00a0 \u00a0 \u00a0 \u00a0 \u00a0 \u00a0<\/p>\n<p>9203 \u00a0 \u00a0 \u00a0 \u00a0 \u00a0 \u00a0 \u00a0 \u00a0 \u00a0 \u00a0 \u00a0 \u00a0 \u00a0 \u00a0 \u00a0 \u00a0 \u00a0North Pennsylvania Avennue, Oklahoma City, Oklahoma \u00a0 \u00a0 \u00a0 \u00a0 \u00a0 \u00a0 \u00a0 \u00a0 \u00a0<\/p>\n<p>30 \u00a0 \u00a0 \u00a0 \u00a0 \u00a0 \u00a0 \u00a0 \u00a0 \u00a0 \u00a0 \u00a0 \u00a0 \u00a0 \u00a0 \u00a0 \u00a0 \u00a0de enero de 2015 \u00a0 \u00a0 \u00a0 \u00a0 \u00a0 \u00a0 \u00a0 \u00a0 \u00a0 \u00a0 \u00a0 \u00a0 \u00a0 \u00a0 \u00a0 \u00a0 \u00a0 \u00a0 \u00a0 \u00a0 \u00a0 \u00a0 \u00a0 \u00a0 \u00a0 \u00a0 \u00a0 \u00a0 \u00a0 \u00a0 \u00a0 \u00a0 \u00a0 \u00a0 \u00a0 \u00a0 \u00a0 \u00a0 \u00a0 \u00a0 \u00a0 \u00a0 \u00a0 \u00a0 \u00a0 \u00a0 \u00a0<\/p>\n<p>H.B. \u00a0 \u00a0 \u00a0 \u00a0 \u00a0 \u00a0 \u00a0 \u00a0 \u00a0 \u00a0 \u00a0 \u00a0 \u00a0 \u00a0 \u00a0 \u00a0 \u00a0 \u00a0 \u00a0 \u00a0 \u00a0 \u00a0 \u00a0 \u00a0 \u00a0 \u00a0 \u00a0 \u00a0 \u00a0 \u00a0 \u00a0 \u00a0 \u00a0 \u00a0 \u00a0 \u00a0 \u00a0 \u00a0 \u00a0 \u00a0 \u00a0 \u00a0 \u00a0 \u00a0 \u00a0 \u00a0 \u00a0<\/p>\n<p>13340 \u00a0 \u00a0 \u00a0 \u00a0 \u00a0 \u00a0 \u00a0 \u00a0 \u00a0 \u00a0 \u00a0 \u00a0 \u00a0 \u00a0 \u00a0 \u00a0 \u00a0Dallas Parkway, Dallas, Texas \u00a0 \u00a0 \u00a0 \u00a0 \u00a0 \u00a0 \u00a0 \u00a0 \u00a0<\/p>\n<p>31 \u00a0 \u00a0 \u00a0 \u00a0 \u00a0 \u00a0 \u00a0 \u00a0 \u00a0 \u00a0 \u00a0 \u00a0 \u00a0 \u00a0 \u00a0 \u00a0 \u00a0de marzo de 2015 \u00a0 \u00a0 \u00a0 \u00a0 \u00a0 \u00a0 \u00a0 \u00a0 \u00a0 \u00a0 \u00a0 \u00a0 \u00a0 \u00a0 \u00a0 \u00a0 \u00a0 \u00a0 \u00a0 \u00a0 \u00a0 \u00a0 \u00a0 \u00a0 \u00a0 \u00a0 \u00a0 \u00a0 \u00a0 \u00a0 \u00a0 \u00a0 \u00a0 \u00a0 \u00a0 \u00a0 \u00a0 \u00a0 \u00a0 \u00a0 \u00a0 \u00a0 \u00a0 \u00a0 \u00a0 \u00a0 \u00a0<\/p>\n<p>I.M. \u00a0 \u00a0 \u00a0 \u00a0 \u00a0 \u00a0 \u00a0 \u00a0 \u00a0 \u00a0 \u00a0 \u00a0 \u00a0 \u00a0 \u00a0 \u00a0 \u00a0 \u00a0 \u00a0 \u00a0 \u00a0 \u00a0 \u00a0 \u00a0 \u00a0 \u00a0 \u00a0 \u00a0 \u00a0 \u00a0 \u00a0 \u00a0 \u00a0 \u00a0 \u00a0 \u00a0 \u00a0 \u00a0 \u00a0 \u00a0 \u00a0 \u00a0 \u00a0 \u00a0 \u00a0 \u00a0 \u00a0<\/p>\n<p>6225 \u00a0 \u00a0 \u00a0 \u00a0 \u00a0 \u00a0 \u00a0 \u00a0 \u00a0 \u00a0 \u00a0 \u00a0 \u00a0 \u00a0 \u00a0 \u00a0 \u00a067th Street, Miami Beach, Florida \u00a0 \u00a0 \u00a0 \u00a0 \u00a0 \u00a0 \u00a0 \u00a0 \u00a0<\/p>\n<p>8 \u00a0 \u00a0 \u00a0 \u00a0 \u00a0 \u00a0 \u00a0 \u00a0 \u00a0 \u00a0 \u00a0 \u00a0 \u00a0 \u00a0 \u00a0 \u00a0 \u00a0de julio de 2015 \u00a0 \u00a0 \u00a0 \u00a0 \u00a0 \u00a0 \u00a0 \u00a0 \u00a0 \u00a0 \u00a0 \u00a0 \u00a0 \u00a0 \u00a0 \u00a0 \u00a0 \u00a0 \u00a0 \u00a0 \u00a0 \u00a0 \u00a0 \u00a0 \u00a0 \u00a0 \u00a0 \u00a0 \u00a0 \u00a0 \u00a0 \u00a0 \u00a0 \u00a0 \u00a0 \u00a0 \u00a0 \u00a0 \u00a0 \u00a0 \u00a0 \u00a0 \u00a0 \u00a0 \u00a0 \u00a0 \u00a0<\/p>\n<p>O.K. \u00a0 \u00a0 \u00a0 \u00a0 \u00a0 \u00a0 \u00a0 \u00a0 \u00a0 \u00a0 \u00a0 \u00a0 \u00a0 \u00a0 \u00a0 \u00a0 \u00a0 \u00a0 \u00a0 \u00a0 \u00a0 \u00a0 \u00a0 \u00a0 \u00a0 \u00a0 \u00a0 \u00a0 \u00a0 \u00a0 \u00a0 \u00a0 \u00a0 \u00a0 \u00a0 \u00a0 \u00a0 \u00a0 \u00a0 \u00a0 \u00a0 \u00a0 \u00a0 \u00a0 \u00a0 \u00a0 \u00a0<\/p>\n<p>Un \u00a0 \u00a0 \u00a0 \u00a0 \u00a0 \u00a0 \u00a0 \u00a0 \u00a0 \u00a0 \u00a0 \u00a0 \u00a0 \u00a0 \u00a0 \u00a0 \u00a0lugar cerca del Aeropuerto Intercontinental George Bush en \u00a0 \u00a0 \u00a0 \u00a0 \u00a0 \u00a0 \u00a0 \u00a0 \u00a0 \u00a0 \u00a0 \u00a0 \u00a0 \u00a0 \u00a0 \u00a0 \u00a0Houston, Texas \u00a0 \u00a0 \u00a0 \u00a0 \u00a0 \u00a0 \u00a0 \u00a0 \u00a0<\/p>\n<p>3 \u00a0 \u00a0 \u00a0 \u00a0 \u00a0 \u00a0 \u00a0 \u00a0 \u00a0 \u00a0 \u00a0 \u00a0 \u00a0 \u00a0 \u00a0 \u00a0 \u00a0de septiembre de 2015 \u00a0 \u00a0 \u00a0 \u00a0 \u00a0 \u00a0 \u00a0 \u00a0 \u00a0 \u00a0 \u00a0 \u00a0 \u00a0 \u00a0 \u00a0 \u00a0 \u00a0 \u00a0 \u00a0 \u00a0 \u00a0 \u00a0 \u00a0 \u00a0 \u00a0 \u00a0 \u00a0 \u00a0 \u00a0 \u00a0 \u00a0 \u00a0 \u00a0 \u00a0 \u00a0 \u00a0 \u00a0 \u00a0 \u00a0 \u00a0 \u00a0 \u00a0 \u00a0 \u00a0 \u00a0 \u00a0 \u00a0<\/p>\n<p>R.S. \u00a0 \u00a0 \u00a0 \u00a0 \u00a0 \u00a0 \u00a0 \u00a0 \u00a0 \u00a0 \u00a0 \u00a0 \u00a0 \u00a0 \u00a0 \u00a0 \u00a0 \u00a0 \u00a0 \u00a0 \u00a0 \u00a0 \u00a0 \u00a0 \u00a0 \u00a0 \u00a0 \u00a0 \u00a0 \u00a0 \u00a0 \u00a0 \u00a0 \u00a0 \u00a0 \u00a0 \u00a0 \u00a0 \u00a0 \u00a0 \u00a0 \u00a0 \u00a0 \u00a0 \u00a0 \u00a0 \u00a0<\/p>\n<p>12900 \u00a0 \u00a0 \u00a0 \u00a0 \u00a0 \u00a0 \u00a0 \u00a0 \u00a0 \u00a0 \u00a0 \u00a0 \u00a0 \u00a0 \u00a0 \u00a0 \u00a0Preston Roadm Dallas, Texas \u00a0 \u00a0 \u00a0 \u00a0 \u00a0 \u00a0 \u00a0 \u00a0 \u00a0<\/p>\n<p>26 \u00a0 \u00a0 \u00a0 \u00a0 \u00a0 \u00a0 \u00a0 \u00a0 \u00a0 \u00a0 \u00a0 \u00a0 \u00a0 \u00a0 \u00a0 \u00a0 \u00a0de octubre de 2015 \u00a0 \u00a0 \u00a0 \u00a0 \u00a0 \u00a0 \u00a0 \u00a0 \u00a0 \u00a0 \u00a0 \u00a0 \u00a0 \u00a0 \u00a0 \u00a0 \u00a0 \u00a0 \u00a0 \u00a0 \u00a0 \u00a0 \u00a0 \u00a0 \u00a0 \u00a0 \u00a0 \u00a0 \u00a0 \u00a0 \u00a0 \u00a0 \u00a0 \u00a0 \u00a0 \u00a0 \u00a0 \u00a0 \u00a0 \u00a0 \u00a0 \u00a0 \u00a0 \u00a0 \u00a0 \u00a0 \u00a0<\/p>\n<p>J.D. \u00a0 \u00a0 \u00a0 \u00a0 \u00a0 \u00a0 \u00a0 \u00a0 \u00a0 \u00a0 \u00a0 \u00a0 \u00a0 \u00a0 \u00a0 \u00a0 \u00a0 \u00a0 \u00a0 \u00a0 \u00a0 \u00a0 \u00a0 \u00a0 \u00a0 \u00a0 \u00a0 \u00a0 \u00a0 \u00a0 \u00a0 \u00a0 \u00a0 \u00a0 \u00a0 \u00a0 \u00a0 \u00a0 \u00a0 \u00a0 \u00a0 \u00a0 \u00a0 \u00a0 \u00a0 \u00a0 \u00a0<\/p>\n<p>7917 \u00a0 \u00a0 \u00a0 \u00a0 \u00a0 \u00a0 \u00a0 \u00a0 \u00a0 \u00a0 \u00a0 \u00a0 \u00a0 \u00a0 \u00a0 \u00a0 \u00a0Westheimer Road, Houston, Texas \u00a0 \u00a0 \u00a0 \u00a0 \u00a0 \u00a0 \u00a0 \u00a0 \u00a0<\/p>\n<p>10 \u00a0 \u00a0 \u00a0 \u00a0 \u00a0 \u00a0 \u00a0 \u00a0 \u00a0 \u00a0 \u00a0 \u00a0 \u00a0 \u00a0 \u00a0 \u00a0 \u00a0de noviembre de 2015 \u00a0 \u00a0 \u00a0 \u00a0 \u00a0 \u00a0 \u00a0 \u00a0 \u00a0 \u00a0 \u00a0 \u00a0 \u00a0 \u00a0 \u00a0 \u00a0 \u00a0 \u00a0 \u00a0 \u00a0 \u00a0 \u00a0 \u00a0 \u00a0 \u00a0 \u00a0 \u00a0 \u00a0 \u00a0 \u00a0 \u00a0 \u00a0 \u00a0 \u00a0 \u00a0 \u00a0 \u00a0 \u00a0 \u00a0 \u00a0 \u00a0 \u00a0 \u00a0 \u00a0 \u00a0 \u00a0 \u00a0<\/p>\n<p>E.I. \u00a0 \u00a0 \u00a0 \u00a0 \u00a0 \u00a0 \u00a0 \u00a0 \u00a0 \u00a0 \u00a0 \u00a0 \u00a0 \u00a0 \u00a0 \u00a0 \u00a0 \u00a0 \u00a0 \u00a0 \u00a0 \u00a0 \u00a0 \u00a0 \u00a0 \u00a0 \u00a0 \u00a0 \u00a0 \u00a0 \u00a0 \u00a0 \u00a0 \u00a0 \u00a0 \u00a0 \u00a0 \u00a0 \u00a0 \u00a0 \u00a0 \u00a0 \u00a0 \u00a0 \u00a0 \u00a0 \u00a0<\/p>\n<p>4401 \u00a0 \u00a0 \u00a0 \u00a0 \u00a0 \u00a0 \u00a0 \u00a0 \u00a0 \u00a0 \u00a0 \u00a0 \u00a0 \u00a0 \u00a0 \u00a0 \u00a0Sheridan Street, Hollywood, Florida \u00a0 \u00a0 \u00a0 \u00a0 \u00a0 \u00a0 \u00a0 \u00a0 \u00a0<\/p>\n<p>15 \u00a0 \u00a0 \u00a0 \u00a0 \u00a0 \u00a0 \u00a0 \u00a0 \u00a0 \u00a0 \u00a0 \u00a0 \u00a0 \u00a0 \u00a0 \u00a0 \u00a0de noviembre de 2015 \u00a0 \u00a0 \u00a0 \u00a0 \u00a0 \u00a0 \u00a0 \u00a0 \u00a0 \u00a0 \u00a0 \u00a0 \u00a0 \u00a0 \u00a0 \u00a0 \u00a0 \u00a0 \u00a0 \u00a0 \u00a0 \u00a0 \u00a0 \u00a0 \u00a0 \u00a0 \u00a0 \u00a0 \u00a0 \u00a0 \u00a0 \u00a0 \u00a0 \u00a0 \u00a0 \u00a0 \u00a0 \u00a0 \u00a0 \u00a0 \u00a0 \u00a0 \u00a0 \u00a0 \u00a0 \u00a0 \u00a0<\/p>\n<p>L.D.B. \u00a0 \u00a0 \u00a0 \u00a0 \u00a0 \u00a0 \u00a0 \u00a0 \u00a0 \u00a0 \u00a0 \u00a0 \u00a0 \u00a0 \u00a0 \u00a0 \u00a0 \u00a0 \u00a0 \u00a0 \u00a0 \u00a0 \u00a0 \u00a0 \u00a0 \u00a0 \u00a0 \u00a0 \u00a0 \u00a0 \u00a0 \u00a0 \u00a0 \u00a0 \u00a0 \u00a0 \u00a0 \u00a0 \u00a0 \u00a0 \u00a0 \u00a0 \u00a0 \u00a0 \u00a0 \u00a0 \u00a0<\/p>\n<p>8468 \u00a0 \u00a0 \u00a0 \u00a0 \u00a0 \u00a0 \u00a0 \u00a0 \u00a0 \u00a0 \u00a0 \u00a0 \u00a0 \u00a0 \u00a0 \u00a0 \u00a0Union Chapel Road, Indianapolis, Indiana \u00a0 \u00a0 \u00a0 \u00a0 \u00a0 \u00a0 \u00a0 \u00a0 \u00a0<\/p>\n<p>6 \u00a0 \u00a0 \u00a0 \u00a0 \u00a0 \u00a0 \u00a0 \u00a0 \u00a0 \u00a0 \u00a0 \u00a0 \u00a0 \u00a0 \u00a0 \u00a0 \u00a0de diciembre de 2015 \u00a0 \u00a0 \u00a0 \u00a0 \u00a0 \u00a0 \u00a0 \u00a0 \u00a0 \u00a0 \u00a0 \u00a0 \u00a0 \u00a0 \u00a0 \u00a0 \u00a0 \u00a0 \u00a0 \u00a0 \u00a0 \u00a0 \u00a0 \u00a0 \u00a0 \u00a0 \u00a0 \u00a0 \u00a0 \u00a0 \u00a0 \u00a0 \u00a0 \u00a0 \u00a0 \u00a0 \u00a0 \u00a0 \u00a0 \u00a0 \u00a0 \u00a0 \u00a0 \u00a0 \u00a0 \u00a0 \u00a0<\/p>\n<p>B.H. \u00a0 \u00a0 \u00a0 \u00a0 \u00a0 \u00a0 \u00a0 \u00a0 \u00a0 \u00a0 \u00a0 \u00a0 \u00a0 \u00a0 \u00a0 \u00a0 \u00a0 \u00a0 \u00a0 \u00a0 \u00a0 \u00a0 \u00a0 \u00a0 \u00a0 \u00a0 \u00a0 \u00a0 \u00a0 \u00a0 \u00a0 \u00a0 \u00a0 \u00a0 \u00a0 \u00a0 \u00a0 \u00a0 \u00a0 \u00a0 \u00a0 \u00a0 \u00a0 \u00a0 \u00a0 \u00a0 \u00a0<\/p>\n<p>Gallows \u00a0 \u00a0 \u00a0 \u00a0 \u00a0 \u00a0 \u00a0 \u00a0 \u00a0 \u00a0 \u00a0 \u00a0 \u00a0 \u00a0 \u00a0 \u00a0 \u00a0Branch Road\/Old Gallows Road, Vienna, Virginia \u00a0 \u00a0 \u00a0 \u00a0 \u00a0 \u00a0 \u00a0 \u00a0 \u00a0<\/p>\n<p>21 \u00a0 \u00a0 \u00a0 \u00a0 \u00a0 \u00a0 \u00a0 \u00a0 \u00a0 \u00a0 \u00a0 \u00a0 \u00a0 \u00a0 \u00a0 \u00a0 \u00a0de enero de 2016 \u00a0 \u00a0 \u00a0 \u00a0 \u00a0 \u00a0 \u00a0 \u00a0 \u00a0 \u00a0 \u00a0 \u00a0 \u00a0 \u00a0 \u00a0 \u00a0 \u00a0 \u00a0 \u00a0 \u00a0 \u00a0 \u00a0 \u00a0 \u00a0 \u00a0 \u00a0 \u00a0 \u00a0 \u00a0 \u00a0 \u00a0 \u00a0 \u00a0 \u00a0 \u00a0 \u00a0 \u00a0 \u00a0 \u00a0 \u00a0 \u00a0 \u00a0 \u00a0 \u00a0 \u00a0 \u00a0 \u00a0<\/p>\n<p>E.A. \u00a0 \u00a0 \u00a0 \u00a0 \u00a0 \u00a0 \u00a0 \u00a0 \u00a0 \u00a0 \u00a0 \u00a0 \u00a0 \u00a0 \u00a0 \u00a0 \u00a0 \u00a0 \u00a0 \u00a0 \u00a0 \u00a0 \u00a0 \u00a0 \u00a0 \u00a0 \u00a0 \u00a0 \u00a0 \u00a0 \u00a0 \u00a0 \u00a0 \u00a0 \u00a0 \u00a0 \u00a0 \u00a0 \u00a0 \u00a0 \u00a0 \u00a0 \u00a0 \u00a0 \u00a0 \u00a0 \u00a0<\/p>\n<p>4255 \u00a0 \u00a0 \u00a0 \u00a0 \u00a0 \u00a0 \u00a0 \u00a0 \u00a0 \u00a0 \u00a0 \u00a0 \u00a0 \u00a0 \u00a0 \u00a0 \u00a0LBJ Freeway, Farmers Branch, Texas \u00a0 \u00a0 \u00a0 \u00a0 \u00a0 \u00a0 \u00a0 \u00a0 \u00a0<\/p>\n<p>27 \u00a0 \u00a0 \u00a0 \u00a0 \u00a0 \u00a0 \u00a0 \u00a0 \u00a0 \u00a0 \u00a0 \u00a0 \u00a0 \u00a0 \u00a0 \u00a0 \u00a0de enero de 2016 \u00a0 \u00a0 \u00a0 \u00a0 \u00a0 \u00a0 \u00a0 \u00a0 \u00a0 \u00a0 \u00a0 \u00a0 \u00a0 \u00a0 \u00a0 \u00a0 \u00a0 \u00a0 \u00a0 \u00a0 \u00a0 \u00a0 \u00a0 \u00a0 \u00a0 \u00a0 \u00a0 \u00a0 \u00a0 \u00a0 \u00a0 \u00a0 \u00a0 \u00a0 \u00a0 \u00a0 \u00a0 \u00a0 \u00a0 \u00a0 \u00a0 \u00a0 \u00a0 \u00a0 \u00a0 \u00a0 \u00a0<\/p>\n<p>FBI \u00a0 \u00a0 \u00a0 \u00a0 \u00a0 \u00a0 \u00a0 \u00a0 \u00a0 \u00a0 \u00a0 \u00a0 \u00a0 \u00a0 \u00a0 \u00a0 \u00a0\u2013 encubierto \u00a0 \u00a0 \u00a0 \u00a0 \u00a0 \u00a0 \u00a0 \u00a0 \u00a0 \u00a0 \u00a0 \u00a0 \u00a0 \u00a0 \u00a0 \u00a0 \u00a0 \u00a0 \u00a0 \u00a0 \u00a0 \u00a0 \u00a0 \u00a0 \u00a0 \u00a0 \u00a0 \u00a0 \u00a0 \u00a0 \u00a0 \u00a0 \u00a0 \u00a0 \u00a0 \u00a0 \u00a0 \u00a0 \u00a0 \u00a0 \u00a0 \u00a0 \u00a0 \u00a0 \u00a0 \u00a0 \u00a0<\/p>\n<p>14021 \u00a0 \u00a0 \u00a0 \u00a0 \u00a0 \u00a0 \u00a0 \u00a0 \u00a0 \u00a0 \u00a0 \u00a0 \u00a0 \u00a0 \u00a0 \u00a0 \u00a0Noel Road, Dallas, Texas \u00a0 \u00a0 \u00a0 \u00a0 \u00a0 \u00a0 \u00a0<\/p>\n<p>En \u00a0todo momento durante el curso y alcance del concierto, las personas \u00a0mencionadas anteriormente realizaron negocios en el comercio \u00a0interestatal, y el concierto habr\u00eda, de alguna forma o grado, \u00a0obstruido, retrasado y afectado el comercio o el movimiento de alg\u00fan \u00a0art\u00edculo o producto en el comercio, como se contempla en la \u00a0Secci\u00f3n 1951 del T\u00edtulo 18 del C\u00f3digo de los \u00a0Estados Unidos (\u2026).\u00bb \u00a0<\/p>\n<p>4.4.2. \u00a0De acuerdo con la documentaci\u00f3n anexa, las imputaciones \u00a0contenidas en la referida acusaci\u00f3n est\u00e1n sustentadas \u00a0en las siguientes disposiciones: \u00a0<\/p>\n<p>Secci\u00f3n \u00a01962 del T\u00edtulo 18 del C\u00f3digo de los Estados Unidos. \u00a0<\/p>\n<p>(c) \u00a0Ser\u00e1 ilegal que persona alguna empleada o asociada con \u00a0cualquier empresa que participe en, o cuyas actividades afecten, el \u00a0comercio interestatal o extranjero, emprenda o participe directa o \u00a0indirectamente en la conducci\u00f3n de los asuntos de dicha \u00a0empresa mediante un patr\u00f3n de actividades de crimen \u00a0organizado. \u00a0<\/p>\n<p>(d) \u00a0Ser\u00e1 ilegal que persona alguna concierte para infringir [\u2026] \u00a0las disposiciones del inciso [\u2026] (c) de esta secci\u00f3n. \u00a0<\/p>\n<p>Secci\u00f3n \u00a01951 del T\u00edtulo 18 del C\u00f3digo de los Estados Unidos. \u00a0<\/p>\n<p>\u00a0 \u00a0\u00a0 \u00a0 \u00a0 \u00a0 \u00a0<\/p>\n<p>a. Quienquiera \u00a0 \u00a0 \u00a0 \u00a0 \u00a0que en cualquier manera o grado, obstruya, retrase o afecte el \u00a0 \u00a0 \u00a0 \u00a0 \u00a0comercio o el movimiento de cualquier art\u00edculo o mercanc\u00eda \u00a0 \u00a0 \u00a0 \u00a0 \u00a0en el comercio, por medio de robo o extorsi\u00f3n, o bien haga la \u00a0 \u00a0 \u00a0 \u00a0 \u00a0tentativa o concierte para hacerlo, o bien cometa o amenace con \u00a0 \u00a0 \u00a0 \u00a0 \u00a0violencia f\u00edsica a cualquier persona o bien para adelantar un \u00a0 \u00a0 \u00a0 \u00a0 \u00a0plan con el prop\u00f3sito de hacer algo en contra de esta secci\u00f3n \u00a0 \u00a0 \u00a0 \u00a0 \u00a0 ser\u00e1 multado bajo este t\u00edtulo o ser\u00e1 \u00a0 \u00a0 \u00a0 \u00a0 \u00a0encarcelado por un m\u00e1ximo de veinte a\u00f1os, o recibir\u00e1 \u00a0 \u00a0 \u00a0 \u00a0 \u00a0ambas penas. \u00a0<\/p>\n<p>4.4.3. \u00a0En \u00a0la legislaci\u00f3n colombiana, tales conductas constituyen los \u00a0delitos de \u00a0concierto \u00a0para delinquir, hurto calificado y agravado, \u00a0tipificados \u00a0en los art\u00edculos 34024, \u00a0239, 240 inciso 2\u00b0 y 241:1025 \u00a0del \u00a0C\u00f3digo Penal, los cuales se transcriben a continuaci\u00f3n: \u00a0<\/p>\n<p>Art\u00edculo \u00a0340 \u00a0<\/p>\n<p>Cuando \u00a0varias personas se concierten con el fin de cometer delitos, cada una \u00a0de ellas ser\u00e1 \u00a0penada, \u00a0por esa sola conducta, con \u00a0prisi\u00f3n de cuarenta y ocho (48) a ciento ocho (108) meses. \u00a0<\/p>\n<p>(\u2026) \u00a0<\/p>\n<p>Art\u00edculo \u00a0239 \u00a0<\/p>\n<p>El \u00a0que se apodere de una cosa mueble ajena, con el prop\u00f3sito de \u00a0obtener provecho para s\u00ed o para otro, incurrir\u00e1 en \u00a0prisi\u00f3n de treinta y dos (32) a ciento ocho (108) meses. \u00a0<\/p>\n<p>(\u2026) \u00a0<\/p>\n<p>Art\u00edculo \u00a0240 \u00a0<\/p>\n<p>(\u2026) \u00a0<\/p>\n<p>La \u00a0pena ser\u00e1 de prisi\u00f3n de ocho (8) a diecis\u00e9is \u00a0(16) a\u00f1os, \u00a0cuando se cometiere con violencia sobre las \u00a0personas. \u00a0<\/p>\n<p>(\u2026) \u00a0<\/p>\n<p>Art\u00edculo \u00a0241 \u00a0<\/p>\n<p>La \u00a0pena imponible de acuerdo con los art\u00edculos anteriores se \u00a0aumentar\u00e1 de la mitad a las tres cuartas partes, si la \u00a0conducta se cometiere: \u00a0<\/p>\n<p>(\u2026) \u00a0<\/p>\n<p>10. \u00a0Con destreza, o arrebatando cosas u objetos que las personas lleven \u00a0consigo; o \u00a0por dos o m\u00e1s personas que se hubieren reunido o acordado para \u00a0cometer el hurto.\u00bb \u00a0\u2013Resalta \u00a0la Sala- \u00a0<\/p>\n<p>4.4.4. \u00a0De lo anterior se concluye que las conductas presuntamente \u00a0desplegadas por Fabrizia \u00a0Cavanna Sarmiento y \u00a0a las cuales se alude en la \u00a0referida tercera acusaci\u00f3n formal de reemplazo, \u00a0configuran delitos \u00a0tanto en Colombia como en ese pa\u00eds, y, adem\u00e1s, en ambos \u00a0sistemas normativos el Legislador dispuso la privaci\u00f3n de la \u00a0libertad del condenado como sanci\u00f3n principal, con penas \u00a0m\u00ednimas superiores a cuatro a\u00f1os. Se cumple as\u00ed \u00a0este presupuesto. \u00a0<\/p>\n<p>5. \u00a0Circunstancias que inhiben la procedencia de la solicitud de \u00a0extradici\u00f3n \u00a0<\/p>\n<p>Adem\u00e1s \u00a0de lo establecido en los art\u00edculos 502 y 493 del C\u00f3digo \u00a0de Procedimiento Penal, esta Corporaci\u00f3n habilit\u00f3 la \u00a0revisi\u00f3n de algunas circunstancias que inhiben la procedencia \u00a0de la solicitud, tales como, el \u00a0respeto del principio de \u00a0non \u00a0bis in \u00eddem26 \u00a0y la vigencia de la acci\u00f3n penal o la sanci\u00f3n que dio \u00a0lugar al pedido de extradici\u00f3n27. \u00a0<\/p>\n<p>Ninguno \u00a0de estos motivos concurre en el caso en estudio. \u00a0<\/p>\n<p>Lo \u00a0anterior, en tanto no se tiene informaci\u00f3n acerca del \u00a0procesamiento penal en Colombia de Fabrizia \u00a0Cavanna Sarmiento por \u00a0los mismos hechos, ni su juzgamiento o liberaci\u00f3n atendido el \u00a0cumplimiento de una pena. Adicionalmente, la solicitada ni su defensa \u00a0han hecho manifestaci\u00f3n alguna al respecto, de donde \u00a0fundadamente se infiere que ello no ha acaecido. \u00a0<\/p>\n<p>De \u00a0otro lado, los \u00a0hechos tuvieron lugar desde el 2014 hasta el 2016, por lo cual con \u00a0evidencia, no ha transcurrido ni siquiera el t\u00e9rmino m\u00ednimo \u00a0se\u00f1alado en los art\u00edculos \u00a083, 84 y 86 del C\u00f3digo Penal para la cesaci\u00f3n de la \u00a0facultad del Estado en la investigaci\u00f3n de esos delitos y \u00a0juzgamiento del responsable. \u00a0<\/p>\n<p>6. \u00a0Sobre \u00a0la notificaci\u00f3n de la cl\u00e1usula de extinci\u00f3n del \u00a0derecho de dominio contenida en la acusaci\u00f3n formal \u00a0<\/p>\n<p>Se \u00a0aclara que la notificaci\u00f3n referente a la cl\u00e1usula de \u00a0extinci\u00f3n del derecho de dominio no puede ser entendida, en \u00a0estricto sentido, como un cargo debido a que no comporta imputaci\u00f3n \u00a0alguna, sino el anuncio de la consecuencia patrimonial que la \u00a0declaratoria de responsabilidad acarrea respecto de los bienes \u00a0involucrados en los delitos, por cuya comisi\u00f3n se acusa a la \u00a0requerida, raz\u00f3n por la cual dicho tema es ajeno a la \u00a0solicitud de extradici\u00f3n, en concordancia, no se encuentra \u00a0comprendido dentro de los aspectos a analizar en el concepto a emitir \u00a0por parte de la Sala. \u00a0<\/p>\n<p>7. \u00a0Conclusi\u00f3n \u00a0<\/p>\n<p>La \u00a0Sala es del criterio que la petici\u00f3n de extradici\u00f3n de \u00a0la ciudadana colombiana Fabrizia \u00a0Cavanna Sarmiento, \u00a0formulada por el Gobierno de los Estados Unidos de Am\u00e9rica, es \u00a0conforme a derecho y, en consecuencia, se proceder\u00e1 a \u00a0conceptuar favorablemente a dicho pedido. \u00a0<\/p>\n<p>Sobre \u00a0los condicionamientos \u00a0<\/p>\n<p>Es \u00a0preciso \u00a0consignar que corresponde al \u00a0Gobierno Nacional condicionar \u00a0la entrega a que la reclamada en extradici\u00f3n no vaya a ser \u00a0condenada a pena de muerte, ni juzgada por hechos diversos a los que \u00a0motivaron la petici\u00f3n de extradici\u00f3n, ni sometida a \u00a0desaparici\u00f3n forzada, torturas, tratos o penas crueles, \u00a0inhumanas o degradantes, como tampoco a la sanci\u00f3n de \u00a0destierro, cadena perpetua o confiscaci\u00f3n, conforme lo \u00a0establecen los \u00a0art\u00edculos 11, 12 y 34 de la Carta Pol\u00edtica. \u00a0<\/p>\n<p>Tambi\u00e9n \u00a0debe condicionar la entrega al respeto, como a cualquier otro \u00a0nacional en las mismas condiciones, de todas las garant\u00edas \u00a0debidas en raz\u00f3n de su calidad de justiciable, en particular a \u00a0tener acceso a un proceso p\u00fablico sin dilaciones \u00a0injustificadas, a que se presuma su inocencia, a estar asistida por \u00a0un int\u00e9rprete, a contar con un defensor designado por ella o \u00a0por el Estado, a que se le conceda el tiempo y los medios adecuados \u00a0para preparar la defensa, a presentar pruebas y controvertir las que \u00a0se alleguen en su contra, a que su situaci\u00f3n de privaci\u00f3n \u00a0de la libertad se desarrolle en condiciones dignas y que la pena \u00a0privativa de la libertad tenga la finalidad esencial de reforma y \u00a0adaptaci\u00f3n social. \u00a0<\/p>\n<p>Lo \u00a0anterior, de conformidad con lo dispuesto en los art\u00edculos 9, \u00a010 y 11 de la Declaraci\u00f3n Universal de Derechos Humanos, 5, 7 \u00a0y 8 de la Convenci\u00f3n Americana de Derechos Humanos y 9, 10, 14 \u00a0y 15 del Pacto Internacional de Derechos Civiles y Pol\u00edticos. \u00a0<\/p>\n<p>La \u00a0Corte estima oportuno se\u00f1alar al Gobierno Nacional, con el \u00a0objetivo de salvaguardar los derechos fundamentales de la requerida, \u00a0que proceda a imponer al Estado requirente la obligaci\u00f3n de \u00a0facilitar los medios necesarios para garantizar su repatriaci\u00f3n \u00a0en condiciones de dignidad y respeto por la persona, en caso de \u00a0llegar a ser sobrese\u00edda, absuelta, declarada no culpable, o su \u00a0situaci\u00f3n jur\u00eddica resuelta definitivamente de manera \u00a0semejante en el pa\u00eds solicitante, incluso, con posterioridad a \u00a0su liberaci\u00f3n una vez cumpla la pena all\u00ed impuesta por \u00a0sentencia condenatoria originada en las imputaciones que motivan la \u00a0extradici\u00f3n. \u00a0<\/p>\n<p>Por \u00a0otra parte, al Gobierno Nacional le corresponde condicionar la \u00a0entrega a que el pa\u00eds reclamante, de acuerdo con sus pol\u00edticas \u00a0internas sobre la materia, ofrezca posibilidades racionales y reales \u00a0para que la requerida pueda tener contacto regular con sus familiares \u00a0m\u00e1s cercanos, considerando que el art\u00edculo 42 de la \u00a0Constituci\u00f3n Pol\u00edtica de 1991 reconoce a la familia \u00a0como n\u00facleo esencial de la sociedad, garantiza su protecci\u00f3n \u00a0y reconoce su honra, dignidad e intimidad, lo cual se refuerza con la \u00a0protecci\u00f3n que a ese n\u00facleo tambi\u00e9n prodigan la \u00a0Convenci\u00f3n Americana de Derechos Humanos y el Pacto \u00a0Internacional de Derechos Civiles y Pol\u00edticos en sus art\u00edculos \u00a017 y 23, respectivamente. \u00a0<\/p>\n<p>La \u00a0Sala se permite indicar \u00a0que, en virtud de lo dispuesto en el numeral 2\u00ba del art\u00edculo \u00a0189 de la Constituci\u00f3n Pol\u00edtica, le compete al Gobierno \u00a0en cabeza del se\u00f1or Presidente de la Rep\u00fablica como \u00a0supremo director de la pol\u00edtica exterior y de las relaciones \u00a0internacionales, realizar el respectivo seguimiento a los \u00a0condicionamientos impuestos al conceder la extradici\u00f3n, quien \u00a0a su vez es el encargado de determinar las consecuencias derivadas de \u00a0su eventual incumplimiento. \u00a0<\/p>\n<p>Por \u00a0lo dem\u00e1s, es resorte del Gobierno Nacional exigir al pa\u00eds \u00a0reclamante que, en caso de un fallo de condena, tenga en cuenta el \u00a0tiempo de privaci\u00f3n de la libertad soportado por la requerida \u00a0con ocasi\u00f3n de este tr\u00e1mite. \u00a0<\/p>\n<p>8. \u00a0El concepto. \u00a0<\/p>\n<p>En \u00a0m\u00e9rito de lo expuesto, la \u00a0Sala de Casaci\u00f3n Penal de la Corte Suprema de Justicia, \u00a0emite concepto \u00a0favorable a \u00a0la solicitud de extradici\u00f3n de la ciudadana colombiana \u00a0Fabrizia \u00a0Cavanna Sarmiento, \u00a0formulada \u00a0por el Gobierno de los Estados Unidos de Am\u00e9rica \u00a0por los cargos contenidos en la \u00a0tercera \u00a0acusaci\u00f3n formal de reemplazo No. 3:16-CR-056-L (tambi\u00e9n \u00a0relacionada como 3:16-CR-56L (07) y 3:16-cr-00056-L), dictada el 23 \u00a0de enero de 2018 en el Tribunal de Distrito de los Estados Unidos \u00a0para el Distrito Norte de Texas, Divisi\u00f3n de Dallas. \u00a0<\/p>\n<p>Por \u00a0la Secretar\u00eda de la Sala, comun\u00edquese esta \u00a0determinaci\u00f3n a la requerida, a su defensor, al representante \u00a0del Ministerio P\u00fablico y al Fiscal General de la Naci\u00f3n \u00a0para lo de su cargo. \u00a0<\/p>\n<p>Devu\u00e9lvase \u00a0el expediente al Ministerio de Justicia para los tr\u00e1mites \u00a0subsiguientes se\u00f1alados en la ley. \u00a0<\/p>\n<p>Comun\u00edquese \u00a0y c\u00famplase \u00a0<\/p>\n<p>LUIS \u00a0ANTONIO HERN\u00c1NDEZ BARBOSA \u00a0<\/p>\n<p>Magistrado \u00a0<\/p>\n<p>JOS\u00c9 \u00a0FRANCISCO ACU\u00d1A VIZCAYA \u00a0<\/p>\n<p>Magistrado \u00a0<\/p>\n<p>JOS\u00c9 \u00a0LUIS BARCEL\u00d3 CAMACHO \u00a0<\/p>\n<p>Magistrado \u00a0<\/p>\n<p>FERNANDO \u00a0ALBERTO CASTRO CABALLERO \u00a0<\/p>\n<p>Magistrado \u00a0<\/p>\n<p>EYDER \u00a0PATI\u00d1O CABRERA \u00a0<\/p>\n<p>Magistrado \u00a0<\/p>\n<p>EUGENIO \u00a0FERN\u00c1NDEZ CARLIER \u00a0<\/p>\n<p>Magistrado \u00a0<\/p>\n<p>PATRICIA \u00a0SALAZAR CU\u00c9LLAR \u00a0<\/p>\n<p>Magistrada \u00a0<\/p>\n<p>LUIS \u00a0GUILLERMO SALAZAR OTERO \u00a0<\/p>\n<p>Magistrado \u00a0<\/p>\n<p>NUBIA \u00a0YOLANDA NOVA GARC\u00cdA \u00a0<\/p>\n<p>Secretaria \u00a0<\/p>\n<p>1 \u00a0 \u00a0 \u00a0 \u00a0 \u00a0Folio \u00a0 \u00a0 \u00a0 \u00a0 \u00a046, Carpeta del Ministerio de Justicia y del Derecho. \u00a0<\/p>\n<p>2 \u00a0 \u00a0 \u00a0 \u00a0 \u00a0Folio \u00a0 \u00a0 \u00a0 \u00a0 \u00a02, ib\u00eddem. \u00a0<\/p>\n<p>3 \u00a0 \u00a0 \u00a0 \u00a0 \u00a0Folio \u00a0 \u00a0 \u00a0 \u00a0 \u00a0269, ib\u00eddem. \u00a0<\/p>\n<p>4 \u00a0 \u00a0 \u00a0 \u00a0 \u00a0Folio 194, ib\u00eddem. \u00a0<\/p>\n<p>5 \u00a0 \u00a0 \u00a0 \u00a0 \u00a0Folio 205, ib\u00eddem. \u00a0<\/p>\n<p>6 \u00a0 \u00a0 \u00a0 \u00a0 \u00a0Folio 332, ib\u00eddem. \u00a0<\/p>\n<p>7 \u00a0 \u00a0 \u00a0 \u00a0 \u00a0Folio 215 a 267, ib\u00eddem. \u00a0<\/p>\n<p>8 \u00a0 \u00a0 \u00a0 \u00a0 \u00a0Folio 337, ib\u00eddem. \u00a0<\/p>\n<p>9 \u00a0 \u00a0 \u00a0 \u00a0 \u00a0Folio \u00a0 \u00a0 \u00a0 \u00a0 \u00a0204, ib\u00eddem. \u00a0<\/p>\n<p>10 \u00a0 \u00a0 \u00a0 \u00a0 \u00a0Folio 203, \u00a0 \u00a0 \u00a0 \u00a0 \u00a0ib\u00eddem. \u00a0<\/p>\n<p>11 \u00a0 \u00a0 \u00a0 \u00a0 \u00a0Folio 65, \u00a0 \u00a0 \u00a0 \u00a0 \u00a0ib\u00eddem. \u00a0<\/p>\n<p>12 \u00a0 \u00a0 \u00a0 \u00a0 \u00a0\u00c1lvaro Echand\u00eda Dur\u00e1n, C\u00f3nsul General de \u00a0 \u00a0 \u00a0 \u00a0 \u00a0Colombia en Washington, cuyo cargo y funciones avala el Ministerio \u00a0 \u00a0 \u00a0 \u00a0 \u00a0de Relaciones Exteriores, certific\u00f3, a folio 64, la \u00a0 \u00a0 \u00a0 \u00a0 \u00a0autenticidad de la firma de la Funcionaria Auxiliar de \u00a0 \u00a0 \u00a0 \u00a0 \u00a0Autenticaciones del Departamento de Estado, Zelda \u00a0 \u00a0 \u00a0 \u00a0 \u00a0Daley, estampada en \u00a0 \u00a0 \u00a0 \u00a0 \u00a0el referido documento. \u00a0<\/p>\n<p>13 \u00a0 \u00a0 \u00a0 \u00a0 \u00a0Folio 1 a 2, Cuaderno de la Corte. \u00a0<\/p>\n<p>14 \u00a0 \u00a0 \u00a0 \u00a0 \u00a0Folio 18, ib\u00eddem. \u00a0<\/p>\n<p>15 \u00a0 \u00a0 \u00a0 \u00a0 \u00a0Folios 26 a 29, ib\u00eddem. \u00a0<\/p>\n<p>16Cfr. \u00a0 \u00a0 \u00a0 \u00a0 \u00a0Sentencias C-1106 de 2000; C-740 \u00a0 \u00a0 \u00a0 \u00a0 \u00a0de 2000 y C-780 \u00a0 \u00a0 \u00a0 \u00a0 \u00a0de 2004. \u00a0<\/p>\n<p>17 \u00a0 \u00a0 \u00a0 \u00a0 \u00a0Cfr. \u00a0 \u00a0 \u00a0 \u00a0 \u00a0Sentencia C-740 de 2000 y C-780 \u00a0 \u00a0 \u00a0 \u00a0 \u00a0de 2004. \u00a0<\/p>\n<p>18Sobre \u00a0 \u00a0 \u00a0 \u00a0 \u00a0el car\u00e1cter de delito pol\u00edtico esta Corporaci\u00f3n \u00a0 \u00a0 \u00a0 \u00a0 \u00a0ha se\u00f1alado lo siguiente: \u00abNi \u00a0 \u00a0 \u00a0 \u00a0 \u00a0la Constituci\u00f3n ni la ley definen qu\u00e9 es delito \u00a0 \u00a0 \u00a0 \u00a0 \u00a0pol\u00edtico ni especifican cu\u00e1les son los conexos con \u00a0 \u00a0 \u00a0 \u00a0 \u00a0\u00e9ste; sin embargo, esta Corte tiene sentado que el primero es \u00a0 \u00a0 \u00a0 \u00a0 \u00a0&#8220;aquella infracci\u00f3n penal cuya realizaci\u00f3n busca \u00a0 \u00a0 \u00a0 \u00a0 \u00a0el cambio de las instituciones o sistemas de gobierno para implantar \u00a0 \u00a0 \u00a0 \u00a0 \u00a0otros que el sujeto activo, generalmente caracterizado por su \u00a0 \u00a0 \u00a0 \u00a0 \u00a0esp\u00edritu altruista y generoso, considere m\u00e1s justos&#8221;, \u00a0 \u00a0 \u00a0 \u00a0 \u00a0por lo que se califican como tales los de rebeli\u00f3n, sedici\u00f3n, \u00a0 \u00a0 \u00a0 \u00a0 \u00a0conspiraci\u00f3n y seducci\u00f3n, usurpaci\u00f3n y \u00a0 \u00a0 \u00a0 \u00a0 \u00a0retenci\u00f3n ilegal de mando, es decir, los que atentan contra \u00a0 \u00a0 \u00a0 \u00a0 \u00a0el r\u00e9gimen constitucional y legal. (\u2026) Siendo eso as\u00ed, \u00a0 \u00a0 \u00a0 \u00a0 \u00a0como el legislador no ha se\u00f1alado con claridad y precisi\u00f3n \u00a0 \u00a0 \u00a0 \u00a0 \u00a0cu\u00e1l ser\u00eda la gama de conductas punibles que tendr\u00edan \u00a0 \u00a0 \u00a0 \u00a0 \u00a0esa particular e \u00edntima conexi\u00f3n con el delito \u00a0 \u00a0 \u00a0 \u00a0 \u00a0pol\u00edtico, puede decirse que mientras una solicitud de \u00a0 \u00a0 \u00a0 \u00a0 \u00a0extradici\u00f3n no verse por un delito t\u00edpicamente \u00a0 \u00a0 \u00a0 \u00a0 \u00a0pol\u00edtico, la misma ser\u00eda procedente, siempre y cuando \u00a0 \u00a0 \u00a0 \u00a0 \u00a0se re\u00fanan las dem\u00e1s condiciones previstas en la ley.\u00bb \u00a0 \u00a0 \u00a0 \u00a0 \u00a0CSJ CP, 24 noviembre 2004, rad. 22450 \u00a0<\/p>\n<p>19 \u00a0 \u00a0 \u00a0 \u00a0 \u00a0Folio \u00a0 \u00a0 \u00a0 \u00a0 \u00a0201, Carpeta del Ministerio de Justicia y del Derecho. \u00a0<\/p>\n<p>20 \u00a0 \u00a0 \u00a0 \u00a0 \u00a0Publicada en Gaceta Judicial: Tomo CLXXXVII-2 n.\u00b0 2426, p\u00e1g. \u00a0 \u00a0 \u00a0 \u00a0 \u00a0580-604 \u00a0<\/p>\n<p>21 \u00a0 \u00a0 \u00a0 \u00a0 \u00a0Art\u00edculo 495 de la ley 906 de 2004. \u00a0<\/p>\n<p>22 \u00a0 \u00a0 \u00a0 \u00a0 \u00a0Esta regulaci\u00f3n legal resulta aplicable al caso en virtud del \u00a0 \u00a0 \u00a0 \u00a0 \u00a0principio de integraci\u00f3n normativa previsto en el art\u00edculo \u00a0 \u00a0 \u00a0 \u00a0 \u00a023 del C\u00f3digo de Procedimiento Penal de 2004. \u00a0<\/p>\n<p>23 \u00a0 \u00a0 \u00a0 \u00a0 \u00a0Folio \u00a0 \u00a0 \u00a0 \u00a0 \u00a024, Carpeta del Ministerio de Justicia y del Derecho. \u00a0<\/p>\n<p>24 \u00a0 \u00a0 \u00a0 \u00a0 \u00a0Modificado \u00a0 \u00a0 \u00a0 \u00a0 \u00a0por la Ley 733 \u00a0 \u00a0 \u00a0 \u00a0 \u00a0de 2002. \u00a0<\/p>\n<p>25 \u00a0 \u00a0 \u00a0 \u00a0 \u00a0Modificado \u00a0 \u00a0 \u00a0 \u00a0 \u00a0por la Ley 1142 de 2007. \u00a0<\/p>\n<p>26 \u00a0 \u00a0 \u00a0 \u00a0 \u00a0Cfr. CSJ CP 30 may 2014, rad. 42951, CP068-2014; CP 12 nov 2014, \u00a0 \u00a0 \u00a0 \u00a0 \u00a0rad. 42711, CP188-2014 y 11 feb 2015, rad. 44786, CP012-2015, entre \u00a0 \u00a0 \u00a0 \u00a0 \u00a0otras. \u00a0<\/p>\n<p>27 \u00a0 \u00a0 \u00a0 \u00a0 \u00a0En la providencia CSJ, AP, 10 junio 2015, rad. 44912, \u00a0 \u00a0 \u00a0 \u00a0 \u00a0referida al tr\u00e1mite de una solicitud de extradici\u00f3n \u00a0 \u00a0 \u00a0 \u00a0 \u00a0formulada por el Gobierno de los Estados Unidos, la Sala advirti\u00f3 \u00a0 \u00a0 \u00a0 \u00a0 \u00a0que \u00absi la \u00a0 \u00a0 \u00a0 \u00a0 \u00a0pretensi\u00f3n del abogado apunta a acreditar el fen\u00f3meno \u00a0 \u00a0 \u00a0 \u00a0 \u00a0jur\u00eddico de la prescripci\u00f3n de la acci\u00f3n penal, \u00a0 \u00a0 \u00a0 \u00a0 \u00a0es claro que su eventual constataci\u00f3n no es un tema que \u00a0 \u00a0 \u00a0 \u00a0 \u00a0demande la pr\u00e1ctica de prueba alguna y, de ser el caso, \u00a0 \u00a0 \u00a0 \u00a0 \u00a0tendr\u00eda que ser objeto de pronunciamiento en el respectivo \u00a0 \u00a0 \u00a0 \u00a0 \u00a0concepto de fondo\u00bb. \u00a0 \u00a0 \u00a0<\/p>\n<p><\/p>\n","protected":false},"excerpt":{"rendered":"<p>\u00a0 \u00a0 \u00a0 \u00a0\u00a0 JOS\u00c9 \u00a0FRANCISCO ACU\u00d1A VIZCAYA \u00a0 Magistrado \u00a0Ponente \u00a0 CP066-2018 \u00a0 Radicaci\u00f3n \u00a0No. 52260 \u00a0 (Aprobado \u00a0acta No. \u00a0153) \u00a0 Bogot\u00e1 \u00a0D. C., diecis\u00e9is (16) de mayo de dos mil dieciocho (2018) \u00a0 VISTOS \u00a0 Corresponde \u00a0a la Corte establecer si la solicitud de extradici\u00f3n de la \u00a0ciudadana colombiana Fabrizia \u00a0Cavanna Sarmiento, [&hellip;]<\/p>\n","protected":false},"author":1,"featured_media":0,"comment_status":"open","ping_status":"open","sticky":false,"template":"","format":"standard","meta":{"footnotes":""},"categories":[27],"tags":[],"class_list":["post-37174","post","type-post","status-publish","format-standard","hentry","category-27"],"_links":{"self":[{"href":"https:\/\/dmsjuridica.com\/buscador_20179478954\/salapenalcronologico20230723\/wp-json\/wp\/v2\/posts\/37174","targetHints":{"allow":["GET"]}}],"collection":[{"href":"https:\/\/dmsjuridica.com\/buscador_20179478954\/salapenalcronologico20230723\/wp-json\/wp\/v2\/posts"}],"about":[{"href":"https:\/\/dmsjuridica.com\/buscador_20179478954\/salapenalcronologico20230723\/wp-json\/wp\/v2\/types\/post"}],"author":[{"embeddable":true,"href":"https:\/\/dmsjuridica.com\/buscador_20179478954\/salapenalcronologico20230723\/wp-json\/wp\/v2\/users\/1"}],"replies":[{"embeddable":true,"href":"https:\/\/dmsjuridica.com\/buscador_20179478954\/salapenalcronologico20230723\/wp-json\/wp\/v2\/comments?post=37174"}],"version-history":[{"count":0,"href":"https:\/\/dmsjuridica.com\/buscador_20179478954\/salapenalcronologico20230723\/wp-json\/wp\/v2\/posts\/37174\/revisions"}],"wp:attachment":[{"href":"https:\/\/dmsjuridica.com\/buscador_20179478954\/salapenalcronologico20230723\/wp-json\/wp\/v2\/media?parent=37174"}],"wp:term":[{"taxonomy":"category","embeddable":true,"href":"https:\/\/dmsjuridica.com\/buscador_20179478954\/salapenalcronologico20230723\/wp-json\/wp\/v2\/categories?post=37174"},{"taxonomy":"post_tag","embeddable":true,"href":"https:\/\/dmsjuridica.com\/buscador_20179478954\/salapenalcronologico20230723\/wp-json\/wp\/v2\/tags?post=37174"}],"curies":[{"name":"wp","href":"https:\/\/api.w.org\/{rel}","templated":true}]}}