{"id":369,"date":"2023-09-07T20:27:21","date_gmt":"2023-09-07T20:27:21","guid":{"rendered":"https:\/\/dmsjuridica.com\/buscador_20179478954\/salapenalcronologico20230723\/2023\/09\/07\/11325-22-02-96\/"},"modified":"2023-09-07T20:27:21","modified_gmt":"2023-09-07T20:27:21","slug":"11325-22-02-96","status":"publish","type":"post","link":"https:\/\/dmsjuridica.com\/buscador_20179478954\/salapenalcronologico20230723\/2023\/09\/07\/11325-22-02-96\/","title":{"rendered":"11325 (22-02-96)"},"content":{"rendered":"\n<p>\u00a0 \u00a0 CAMBIO \u00a0 \u00a0 DE \u00a0RADICACION \u00a0\u00a0<\/p>\n<p>Pese \u00a0 a \u00a0 que \u00a0 por \u00a0 regla \u00a0general, \u00a0las \u00a0disposiciones \u00a0que \u00a0distribuyen \u00a0la competencia por el factor territorial son de \u00a0ineludible \u00a0cumplimiento, \u00a0la ley regula para casos de excepci\u00f3n y en guarda ya \u00a0de \u00a0la \u00a0debida \u00a0imparcialidad \u00a0o publicidad del juzgamiento, ora de la seguridad \u00a0del \u00a0procesado o el respeto por sus garant\u00edas debidas, el cambio de radicaci\u00f3n \u00a0de \u00a0los \u00a0asuntos \u00a0penales \u00a0a \u00a0otra \u00a0ciudad \u00a0o \u00a0distrito \u00a0donde \u00a0esos derechos se \u00a0aseguren, \u00a0siempre \u00a0y \u00a0cuando \u00a0se \u00a0cumplan \u00a0las condiciones del art\u00edculo 83 del \u00a0C\u00f3digo de Procedimiento Penal. \u00a0\u00a0<\/p>\n<p>Proceso No. 11325 \u00a0<\/p>\n<p>\u00a0 \u00a0\u00a0 \u00a0\u00a0 \u00a0\u00a0CORTE SUPREMA DE JUSTICIA \u00a0\u00a0<\/p>\n<p>\u00a0 \u00a0\u00a0 \u00a0\u00a0 \u00a0\u00a0SALA DE CASACION PENAL \u00a0\u00a0<\/p>\n<p>\u00a0 \u00a0\u00a0 \u00a0\u00a0 \u00a0\u00a0 \u00a0\u00a0 \u00a0\u00a0 \u00a0\u00a0 \u00a0\u00a0 \u00a0\u00a0 \u00a0\u00a0 \u00a0 \u00a0\u00a0 \u00a0 \u00a0 \u00a0 \u00a0 \u00a0 \u00a0 \u00a0 \u00a0 \u00a0\u00a0Magistrado Ponente: \u00a0\u00a0<\/p>\n<p>\u00a0 \u00a0\u00a0 \u00a0\u00a0 \u00a0\u00a0 \u00a0\u00a0 \u00a0\u00a0 \u00a0\u00a0 \u00a0\u00a0 \u00a0\u00a0 \u00a0\u00a0 \u00a0 \u00a0\u00a0 \u00a0 \u00a0 \u00a0 \u00a0 \u00a0 \u00a0 \u00a0 \u00a0 \u00a0\u00a0JUAN MANUEL TORRES FRESNEDA \u00a0\u00a0<\/p>\n<p>\u00a0 \u00a0\u00a0 \u00a0\u00a0 \u00a0\u00a0 \u00a0\u00a0 \u00a0\u00a0 \u00a0\u00a0 \u00a0\u00a0 \u00a0\u00a0 \u00a0\u00a0 \u00a0 \u00a0\u00a0 \u00a0 \u00a0 \u00a0 \u00a0 \u00a0 \u00a0 \u00a0 \u00a0 \u00a0\u00a0Aprobado Acta No.26. \u00a0\u00a0<\/p>\n<p>\u00a0 \u00a0\u00a0 \u00a0\u00a0 \u00a0\u00a0 \u00a0\u00a0 \u00a0\u00a0 \u00a0\u00a0 \u00a0\u00a0 \u00a0\u00a0 \u00a0\u00a0 \u00a0 \u00a0\u00a0 \u00a0 \u00a0 \u00a0 \u00a0 \u00a0 \u00a0 \u00a0 \u00a0 \u00a0\u00a0Santaf\u00e9 \u00a0de \u00a0Bogot\u00e1 \u00a0D.C.,veintid\u00f3s \u00a0(22) de \u00a0febrero de mil novecientos noventa y seis (1996). \u00a0\u00a0<\/p>\n<p>\u00a0 \u00a0\u00a0 \u00a0\u00a0 \u00a0\u00a0V I S T O S: \u00a0\u00a0<\/p>\n<p>\u00a0 \u00a0\u00a0 \u00a0\u00a0 \u00a0\u00a0 \u00a0\u00a0 \u00a0\u00a0 \u00a0\u00a0 \u00a0\u00a0 \u00a0\u00a0 \u00a0\u00a0 \u00a0\u00a0 \u00a0\u00a0Se decide sobre la solicitud de \u00a0cambio \u00a0de \u00a0radicaci\u00f3n \u00a0del proceso que el Juzgado Noveno Penal del Circuito de \u00a0Barranquilla \u00a0adelanta \u00a0en \u00a0contra de Gerardo Augusto Ortega Otero como autor de \u00a0un delito de Homicidio. \u00a0\u00a0<\/p>\n<p>\u00a0 \u00a0\u00a0 \u00a0\u00a0 \u00a0\u00a0A N T E C E D E N T E S: \u00a0\u00a0<\/p>\n<p>\u00a0 \u00a0\u00a0 \u00a0\u00a0 \u00a0\u00a0 \u00a0\u00a0 \u00a0\u00a0 \u00a0\u00a0 \u00a0\u00a0 \u00a0\u00a0 \u00a0\u00a0 \u00a0\u00a0 \u00a0\u00a0El se\u00f1or Gerardo Augusto Ortega \u00a0Otero \u00a0fue \u00a0vinculado \u00a0al \u00a0proceso \u00a0seguido \u00a0a \u00a0cargo de la Fiscal\u00eda Doce de la \u00a0Unidad \u00a0de \u00a0Delitos Contra la Vida de la ciudad de Barranquilla y cobijado all\u00ed \u00a0por \u00a0resoluci\u00f3n \u00a0de \u00a0acusaci\u00f3n \u00a0del \u00a04 de agosto de 1995, en averiguaci\u00f3n del \u00a0homicidio cometido contra Leonardo Salas Castro. \u00a0\u00a0<\/p>\n<p>\u00a0 \u00a0\u00a0 \u00a0\u00a0 \u00a0\u00a0 \u00a0\u00a0 \u00a0\u00a0 \u00a0\u00a0 \u00a0\u00a0 \u00a0\u00a0 \u00a0\u00a0 \u00a0 \u00a0\u00a0 \u00a0 \u00a0En \u00a0 el \u00a0 decurso \u00a0 de \u00a0 la \u00a0investigaci\u00f3n, \u00a0el \u00a0procesado \u00a0solicit\u00f3 \u00a0con el apoyo de su defensor que se le \u00a0trasladara \u00a0de \u00a0la \u00a0C\u00e1rcel \u00a0Modelo \u00a0de \u00a0Barranquilla \u00a0a otro establecimiento de \u00a0reclusi\u00f3n, \u00a0 \u00a0por \u00a0 \u00a0cuanto \u00a0 en \u00a0 aquel \u00a0 corr\u00eda \u00a0 su \u00a0 vida \u00a0 un \u00a0 inminente \u00a0peligro. \u00a0\u00a0<\/p>\n<p>\u00a0 \u00a0\u00a0 \u00a0\u00a0 \u00a0\u00a0 \u00a0\u00a0 \u00a0\u00a0 \u00a0\u00a0 \u00a0\u00a0 \u00a0\u00a0 \u00a0\u00a0 \u00a0\u00a0 \u00a0\u00a0Tambi\u00e9n \u00a0la \u00a0Directora \u00a0de \u00a0la \u00a0c\u00e1rcel \u00a0de \u00a0Barranqui\u00adlla \u00a0requiri\u00f3 \u00a0autorizaci\u00f3n \u00a0del \u00a0fiscal instructor para trasladar a Ortega Otero a \u00a0otro \u00a0centro \u00a0carcelario \u00a0por \u00a0haber \u00a0tenido \u00a0noticia \u00a0de \u00a0que \u00a0se \u00a0ofrec\u00eda una \u00a0considerable \u00a0suma \u00a0de \u00a0dinero para atentar contra la vida del interno, hecho al \u00a0cual \u00a0se sum\u00f3 una informaci\u00f3n sobre el decomiso de una cantidad de cianuro que \u00a0tambi\u00e9n se dijo destinado a la eliminaci\u00f3n del recluso. \u00a0\u00a0<\/p>\n<p>\u00a0 \u00a0\u00a0 \u00a0\u00a0 \u00a0\u00a0 \u00a0\u00a0 \u00a0\u00a0 \u00a0\u00a0 \u00a0\u00a0 \u00a0\u00a0 \u00a0\u00a0 \u00a0\u00a0 \u00a0\u00a0El 15 de mayo de 1995 el INPEC, \u00a0mediante \u00a0Resoluci\u00f3n \u00a02806 dispuso el traslado del procesado Ortega Otero de la \u00a0c\u00e1rcel \u00a0del \u00a0Distrito \u00a0Judicial \u00a0de \u00a0Barranquilla \u00a0a la de Riohacha &#8220;extremando \u00a0medidas \u00a0 \u00a0 \u00a0 \u00a0de \u00a0 \u00a0 \u00a0 \u00a0seguridad&#8221;, \u00a0 \u00a0 \u00a0 \u00a0hall\u00e1ndose \u00a0 \u00a0 \u00a0 \u00a0final\u00admente \u00a0el \u00a0encausado \u00a0en la c\u00e1rcel de \u00a0Monter\u00eda. \u00a0\u00a0<\/p>\n<p>\u00a0 \u00a0\u00a0 \u00a0\u00a0 \u00a0L A\u00a0 P E T I C I O N: \u00a0\u00a0<\/p>\n<p>\u00a0 \u00a0\u00a0 \u00a0\u00a0 \u00a0\u00a0 \u00a0\u00a0 \u00a0\u00a0 \u00a0\u00a0 \u00a0\u00a0 \u00a0\u00a0 \u00a0\u00a0 \u00a0\u00a0 \u00a0\u00a0En \u00a0memorial \u00a0fechado \u00a0el 24 de \u00a0octubre \u00a0de \u00a01995, \u00a0cuando \u00a0el \u00a0defensor \u00a0del \u00a0procesado \u00a0utiliz\u00f3 \u00a0el \u00a0t\u00e9rmino \u00a0establecido \u00a0por \u00a0el \u00a0art\u00edculo \u00a0446 \u00a0del \u00a0C\u00f3digo \u00a0de \u00a0Procedimiento Penal para \u00a0solicitar \u00a0la pr\u00e1ctica de algunas pruebas, tambi\u00e9n pidi\u00f3 al Juez Noveno Penal \u00a0del \u00a0Circuito \u00a0de \u00a0Barranquilla \u00a0que \u00a0dispusiera \u00a0el \u00a0cambio \u00a0de radicaci\u00f3n del \u00a0proceso \u00a0a \u00a0la \u00a0ciudad \u00a0Monter\u00eda, \u00a0por \u00a0las \u00a0mismas \u00a0razones \u00a0de \u00a0seguridad que \u00a0motivaron \u00a0el \u00a0traslado \u00a0de su defendido a dicho lugar, dado el riesgo que corre \u00a0su \u00a0 seguridad \u00a0 personal \u00a0 cuando \u00a0se \u00a0haga \u00a0ineludible \u00a0el \u00a0traslado \u00a0para \u00a0su \u00a0juzga\u00admiento. \u00a0\u00a0<\/p>\n<p>\u00a0 \u00a0\u00a0 \u00a0\u00a0 \u00a0\u00a0 \u00a0\u00a0 \u00a0\u00a0 \u00a0\u00a0 \u00a0\u00a0 \u00a0\u00a0 \u00a0\u00a0 \u00a0\u00a0 \u00a0\u00a0La solicitud fue equivocadamente \u00a0enviada \u00a0al \u00a0Tribunal \u00a0Superior \u00a0de \u00a0Barranquilla, \u00a0pero \u00a0al \u00a0tiempo que este se \u00a0inhibi\u00f3 \u00a0de \u00a0resolverla de fondo, dispuso su remisi\u00f3n a esta Sala por tratarse \u00a0de traslado de un distrito judicial a otro. \u00a0\u00a0<\/p>\n<p>\u00a0 \u00a0\u00a0 \u00a0\u00a0 \u00a0\u00a0 \u00a0 \u00a0 \u00a0 \u00a0 \u00a0\u00a0<\/p>\n<p>\u00a0 \u00a0\u00a0 \u00a0 \u00a0C O N S I D E R A C I O N E S: \u00a0\u00a0<\/p>\n<p>\u00a0 \u00a0\u00a0 \u00a0\u00a0 \u00a0 \u00a0\u00a0 \u00a0\u00a0 \u00a0\u00a0 \u00a0\u00a0 \u00a0 \u00a0\u00a0 \u00a0\u00a0 \u00a0\u00a0Pese \u00a0a que por regla general, \u00a0las \u00a0disposiciones \u00a0que distribuyen la competencia por el factor territorial son \u00a0de \u00a0ineludible \u00a0cumplimiento, la ley regula para casos de excepci\u00f3n y en guarda \u00a0ya \u00a0de la debida imparcialidad o publicidad del juzgamiento, ora de la seguridad \u00a0del \u00a0procesado o el respeto por sus garant\u00edas debidas, el cambio de radicaci\u00f3n \u00a0de \u00a0los \u00a0asuntos \u00a0penales \u00a0a \u00a0otra \u00a0ciudad \u00a0o \u00a0distrito \u00a0donde \u00a0esos derechos se \u00a0aseguren, \u00a0siempre \u00a0y \u00a0cuando \u00a0se \u00a0cumplan \u00a0las condiciones del art\u00edculo 83 del \u00a0C\u00f3digo de Procedimiento Penal. \u00a0\u00a0<\/p>\n<p>\u00a0 \u00a0\u00a0 \u00a0\u00a0 \u00a0 \u00a0\u00a0 \u00a0\u00a0 \u00a0\u00a0 \u00a0\u00a0 \u00a0 \u00a0\u00a0 \u00a0\u00a0 \u00a0\u00a0Para \u00a0el \u00a0presente \u00a0asunto \u00a0la \u00a0defensa \u00a0argumenta \u00a0que \u00a0de \u00a0proseguir \u00a0la \u00a0causa \u00a0en contra del Gerardo Augusto \u00a0Ortega \u00a0Otero \u00a0en la ciudad de Barranquilla -pr\u00f3xima ya al tr\u00e1mite de la vista \u00a0p\u00fablica-, \u00a0la \u00a0vida \u00a0del \u00a0procesado \u00a0correr\u00eda \u00a0inminente peligro, seg\u00fan se ha \u00a0venido \u00a0a \u00a0descubrir \u00a0con \u00a0base \u00a0en repetidos episodios, y como ese motivo halla \u00a0respaldo \u00a0en \u00a0el \u00a0serio \u00a0rumor \u00a0de \u00a0oferta \u00a0de \u00a0un precio para segar la vida del \u00a0imputado \u00a0y el\u00a0 abortado plan de envenenarle, lo que ya motiv\u00f3 el traslado \u00a0del \u00a0preso \u00a0a \u00a0una \u00a0c\u00e1rcel m\u00e1s segura, se har\u00e1 operante el mecanismo invocado \u00a0para \u00a0que el juzgamien\u00adto \u00a0contin\u00fae \u00a0y \u00a0concluya \u00a0ante los jueces del Circuito Penal de Monter\u00eda, en cuya \u00a0C\u00e1rcel se viene prestando mejor seguridad al acusado. \u00a0\u00a0<\/p>\n<p>\u00a0 \u00a0\u00a0 \u00a0\u00a0 \u00a0 \u00a0\u00a0 \u00a0\u00a0 \u00a0\u00a0 \u00a0\u00a0 \u00a0 \u00a0\u00a0 \u00a0 \u00a0 \u00a0 \u00a0 \u00a0 \u00a0 \u00a0 \u00a0 \u00a0 \u00a0 \u00a0\u00a0Con \u00a0la medida adoptada quedan satisfechas las \u00a0justificadas \u00a0inquietudes \u00a0del \u00a0sujeto pasivo de la acci\u00f3n penal, y cumplido el \u00a0deber \u00a0que \u00a0a \u00a0las autoridades encomien\u00adda \u00a0la \u00a0Constituci\u00f3n Pol\u00edtica en su art\u00edculo 2, inciso segundo, \u00a0en guarda de la vida, derechos y libertades del recluso. \u00a0\u00a0<\/p>\n<p>\u00a0 \u00a0\u00a0 \u00a0\u00a0 \u00a0 \u00a0\u00a0 \u00a0\u00a0 \u00a0\u00a0 \u00a0\u00a0 \u00a0 \u00a0\u00a0 \u00a0\u00a0 \u00a0\u00a0En \u00a0m\u00e9rito de lo expuesto, la \u00a0Sala de Casaci\u00f3n Penal de la Corte Suprema de Justicia, \u00a0\u00a0<\/p>\n<p>\u00a0 \u00a0\u00a0 \u00a0 \u00a0R E S U E L V E: \u00a0\u00a0<\/p>\n<p>\u00a0 \u00a0\u00a0 \u00a0\u00a0 \u00a0 \u00a0\u00a0 \u00a0\u00a0 \u00a0\u00a0 \u00a0\u00a0 \u00a0 \u00a0\u00a0 \u00a0 \u00a0\u00a0 \u00a0 \u00a0\u00a0ORDENAR\u00a0 \u00a0el cambio de radicaci\u00f3n del proceso penal seguido en contra del \u00a0acusado \u00a0se\u00f1or \u00a0Gerardo \u00a0Augusto \u00a0Ortega Otero ante el Juzgado Noveno Penal del \u00a0Circuito \u00a0 \u00a0de \u00a0 \u00a0Barranquilla \u00a0 \u00a0por \u00a0 \u00a0el \u00a0 \u00a0delito \u00a0 \u00a0de \u00a0 homici\u00addio \u00a0 cometido \u00a0en \u00a0la \u00a0persona \u00a0de \u00a0Leonardo \u00a0Salas Castro, al Juzgado Penal del Circuito que corresponda en reparto \u00a0en \u00a0la ciudad de Monter\u00eda, en donde continuar\u00e1 y culminar\u00e1 el tr\u00e1mite propio \u00a0de la instancia. \u00a0\u00a0<\/p>\n<p>\u00a0 \u00a0\u00a0 \u00a0\u00a0 \u00a0 \u00a0\u00a0 \u00a0\u00a0 \u00a0\u00a0 \u00a0\u00a0 \u00a0 \u00a0\u00a0 \u00a0 \u00a0 \u00a0 \u00a0C\u00f3piese, \u00a0 notif\u00edquese \u00a0y \u00a0c\u00famplase. \u00a0\u00a0<\/p>\n<p>FERNANDO \u00a0E. \u00a0ARBOLEDA \u00a0RIPOLL \u00a0\u00a0 \u00a0\u00a0 \u00a0\u00a0 \u00a0\u00a0 \u00a0 \u00a0\u00a0 \u00a0 \u00a0 \u00a0\u00a0 \u00a0 \u00a0 \u00a0\u00a0RICARDO \u00a0 \u00a0 CALVETE \u00a0RANGEL \u00a0 \u00a0 \u00a0\u00a0 \u00a0\u00a0 \u00a0\u00a0 \u00a0\u00a0 \u00a0\u00a0 \u00a0\u00a0 \u00a0\u00a0 \u00a0 \u00a0\u00a0 \u00a0 \u00a0 \u00a0\u00a0<\/p>\n<p>JORGE \u00a0 \u00a0CORDOBA \u00a0 \u00a0POVEDA \u00a0\u00a0 \u00a0\u00a0 \u00a0\u00a0 \u00a0\u00a0 \u00a0 \u00a0\u00a0 \u00a0 \u00a0 \u00a0 \u00a0 \u00a0 \u00a0 \u00a0 \u00a0 \u00a0 \u00a0 \u00a0\u00a0CARLOS A. GALVEZ ARGOTE \u00a0\u00a0<\/p>\n<p>CARLOS \u00a0 E. \u00a0 MEJIA \u00a0 ESCOBAR \u00a0\u00a0 \u00a0\u00a0 \u00a0\u00a0 \u00a0\u00a0 \u00a0 \u00a0\u00a0 \u00a0 \u00a0 \u00a0 \u00a0 \u00a0 \u00a0 \u00a0 \u00a0 \u00a0 \u00a0 \u00a0\u00a0DIDIMO PAEZ VELANDIA \u00a0\u00a0<\/p>\n<p>NILSON \u00a0 \u00a0PINILLA \u00a0 PINILLA \u00a0\u00a0 \u00a0\u00a0 \u00a0\u00a0 \u00a0\u00a0 \u00a0 \u00a0\u00a0 \u00a0 \u00a0 \u00a0 \u00a0 \u00a0 \u00a0 \u00a0 \u00a0 \u00a0 \u00a0 \u00a0\u00a0JUAN MANUEL TORRES FRESNEDA \u00a0\u00a0<\/p>\n<p>\u00a0 \u00a0\u00a0 \u00a0 \u00a0PATRICIA SALAZAR CUELLAR \u00a0\u00a0<\/p>\n<p>\u00a0 \u00a0\u00a0 \u00a0 \u00a0Secretaria \u00a0\u00a0<\/p>\n<p>\u00a0 \u00a0 \u00a0<\/p>\n<p><\/p>\n","protected":false},"excerpt":{"rendered":"<p>\u00a0 \u00a0 CAMBIO \u00a0 \u00a0 DE \u00a0RADICACION \u00a0\u00a0 Pese \u00a0 a \u00a0 que \u00a0 por \u00a0 regla \u00a0general, \u00a0las \u00a0disposiciones \u00a0que \u00a0distribuyen \u00a0la competencia por el factor territorial son de \u00a0ineludible \u00a0cumplimiento, \u00a0la ley regula para casos de excepci\u00f3n y en guarda ya \u00a0de \u00a0la \u00a0debida \u00a0imparcialidad \u00a0o publicidad del juzgamiento, ora de la seguridad [&hellip;]<\/p>\n","protected":false},"author":1,"featured_media":0,"comment_status":"open","ping_status":"open","sticky":false,"template":"","format":"standard","meta":{"footnotes":""},"categories":[4],"tags":[],"class_list":["post-369","post","type-post","status-publish","format-standard","hentry","category-4"],"_links":{"self":[{"href":"https:\/\/dmsjuridica.com\/buscador_20179478954\/salapenalcronologico20230723\/wp-json\/wp\/v2\/posts\/369","targetHints":{"allow":["GET"]}}],"collection":[{"href":"https:\/\/dmsjuridica.com\/buscador_20179478954\/salapenalcronologico20230723\/wp-json\/wp\/v2\/posts"}],"about":[{"href":"https:\/\/dmsjuridica.com\/buscador_20179478954\/salapenalcronologico20230723\/wp-json\/wp\/v2\/types\/post"}],"author":[{"embeddable":true,"href":"https:\/\/dmsjuridica.com\/buscador_20179478954\/salapenalcronologico20230723\/wp-json\/wp\/v2\/users\/1"}],"replies":[{"embeddable":true,"href":"https:\/\/dmsjuridica.com\/buscador_20179478954\/salapenalcronologico20230723\/wp-json\/wp\/v2\/comments?post=369"}],"version-history":[{"count":0,"href":"https:\/\/dmsjuridica.com\/buscador_20179478954\/salapenalcronologico20230723\/wp-json\/wp\/v2\/posts\/369\/revisions"}],"wp:attachment":[{"href":"https:\/\/dmsjuridica.com\/buscador_20179478954\/salapenalcronologico20230723\/wp-json\/wp\/v2\/media?parent=369"}],"wp:term":[{"taxonomy":"category","embeddable":true,"href":"https:\/\/dmsjuridica.com\/buscador_20179478954\/salapenalcronologico20230723\/wp-json\/wp\/v2\/categories?post=369"},{"taxonomy":"post_tag","embeddable":true,"href":"https:\/\/dmsjuridica.com\/buscador_20179478954\/salapenalcronologico20230723\/wp-json\/wp\/v2\/tags?post=369"}],"curies":[{"name":"wp","href":"https:\/\/api.w.org\/{rel}","templated":true}]}}