{"id":36466,"date":"2023-09-13T21:42:03","date_gmt":"2023-09-13T21:42:03","guid":{"rendered":"https:\/\/dmsjuridica.com\/buscador_20179478954\/salapenalcronologico20230723\/2023\/09\/13\/ap780-201852172\/"},"modified":"2023-09-13T21:42:03","modified_gmt":"2023-09-13T21:42:03","slug":"ap780-201852172","status":"publish","type":"post","link":"https:\/\/dmsjuridica.com\/buscador_20179478954\/salapenalcronologico20230723\/2023\/09\/13\/ap780-201852172\/","title":{"rendered":"AP780-2018(52172)"},"content":{"rendered":"\n<p>\u00a0 \u00a0 \u00a0 \u00a0\u00a0<\/p>\n<p>FERNANDO \u00a0ALBERTO CASTRO CABALLERO \u00a0<\/p>\n<p>Magistrado \u00a0ponente \u00a0<\/p>\n<p>AP780-2018 \u00a0<\/p>\n<p>Radicaci\u00f3n \u00a0No. 52172 \u00a0<\/p>\n<p>(Aprobado \u00a0Acta No. 065) \u00a0<\/p>\n<p>Bogot\u00e1, \u00a0D.C., veintiocho (28) de febrero de dos mil dieciocho (2018). \u00a0<\/p>\n<p>ASUNTO \u00a0<\/p>\n<p>La \u00a0Sala define la competencia para conocer de la acusaci\u00f3n \u00a0formulada a SEBAST\u00cdAN \u00a0AROS \u00a0C\u00c1RDENAS, \u00a0por su presunta participaci\u00f3n en la conducta t\u00edpica de \u00a0fuga \u00a0de presos \u00a0y en el punible de hurto \u00a0calificado y agravado. \u00a0<\/p>\n<p>ANTECEDENTES \u00a0<\/p>\n<p>De \u00a0acuerdo con el escrito de acusaci\u00f3n, los siguientes son los \u00a0supuestos f\u00e1cticos objeto de investigaci\u00f3n en el asunto \u00a0en estudio: \u00a0<\/p>\n<p>\u00abEl \u00a0d\u00eda \u00a004 de octubre de 2017 a eso de las 19:55 horas una patrulla de \u00a0vigilancia de la Polic\u00eda del barrio San Francisco de \u00a0Bucaramanga, ante voces de auxilio de la ciudadan\u00eda, \u00a0captur\u00f3 \u00a0a los sujetos que instantes antes en la carrera 28 con calle 20 de la \u00a0ciudad hab\u00edan arrebatado un malet\u00edn que portaba la \u00a0joven LINDA NICOL RANGEL REYES de 12 a\u00f1os de edad, \u00a0en el que llevaba implementos para la pr\u00e1ctica de la \u00a0disciplina de \u201cKARATE\u201d avaluados en la suma de $600.000 \u00a0los cuales fueron recuperados; no obstante para arrebatarle el \u00a0malet\u00edn fue intimidada por los dos plagiarios y uno de ellos \u00a0para intimidarla se alz\u00f3 la camisa d\u00e1ndole a entender \u00a0que portaba un arma pero ella no le vio nada; los capturados fueron \u00a0identificados como SEBASTIAN \u00a0AROS CARDENAS \u00a0y ELKIN DARIO RUIZ SUAREZ, el \u00a0primero de los cuales se encontraba cumpliendo medida de \u00a0aseguramiento de detenci\u00f3n preventiva en su domicilio de la \u00a0calle 75 #37-07 int.102 del municipio de Medell\u00edn, \u00a0a quien se legaliz\u00f3 su captura, se le formul\u00f3 \u00a0imputaci\u00f3n e impuso medida de aseguramiento de detenci\u00f3n \u00a0preventiva por los delitos de FUGA DE PRESOS en concurso heterog\u00e9neo \u00a0y simult\u00e1neo con el delito de HURTO CALIFICADO Y AGRAVADO; \u00a0respecto del segundo capturado se procedi\u00f3 con ruptura de la \u00a0unidad procesal y se judicializ\u00f3 mediante el procedimiento \u00a0abreviado y en consecuencia se present\u00f3 el respectivo escrito \u00a0de acusaci\u00f3n.\u00bb \u00a0<\/p>\n<p>En \u00a0audiencia preliminar celebrada el 5 de octubre de 2017 ante el \u00a0Juzgado 9\u00ba Municipal con Funci\u00f3n de Control de Garant\u00edas \u00a0de Bucaramanga, la Fiscal\u00eda formul\u00f3 imputaci\u00f3n a \u00a0SEBAST\u00cdAN \u00a0AROS \u00a0C\u00c1RDENAS, \u00a0como autor de las conductas punibles de fuga de presos (art. 448 del \u00a0C.P) y hurto calificado y agravado ( inc. 2 del art. 239, Num. 2 del \u00a0art. 240 y Num.10 del art. 241 ejusdem). \u00a0<\/p>\n<p>Por \u00a0esos mismos cargos la Fiscal\u00eda radic\u00f3, el 4 de \u00a0diciembre de 2017, escrito de acusaci\u00f3n contra el prenombrado \u00a0ante el Centro de Servicios Judiciales de Bucaramanga. \u00a0<\/p>\n<p>El \u00a0asunto fue repartido al Juzgado Segundo Penal del Circuito con \u00a0funci\u00f3n de conocimiento de Bucaramanga, cuyo titular el pasado \u00a031 de enero manifest\u00f3 su incompetencia \u00a0para tramitar la \u00a0actuaci\u00f3n, pretextando, en s\u00edntesis, que \u00abel \u00a0proceder delictual presuntamente inicia en la ciudad de Medell\u00edn \u00a0donde\u2026 de manera primaria se consuma el relato (sic) \u00a0de fuga de presos y es con posterioridad que [SEBAST\u00cdAN \u00a0AROS \u00a0C\u00c1RDENAS, \u00a0en la capital de Santander,] comete \u00a0un atentado contra el patrimonio econ\u00f3mico\u00bb, \u00a0esto es, el punibe de hurto calificado y agravado, por tanto se\u00f1ala \u00a0que es su hom\u00f3logo de Medell\u00edn el llamado a conocer del \u00a0asunto subjudice por el \u00a0factor territorial. \u00a0<\/p>\n<p>El \u00a02 de febrero de 2018, se remitieron las presentes diligencias1 \u00a0a esta Corporaci\u00f3n judicial para que defina la autoridad \u00a0judicial que debe conocer de este caso en la fase de juicio. \u00a0<\/p>\n<p>CONSIDERACIONES \u00a0DE LA CORTE \u00a0<\/p>\n<p>El \u00a0numeral 4\u00ba del art\u00edculo 32 de la Ley 906 de 2004 dispone \u00a0que la Sala de Casaci\u00f3n Penal resuelve las definiciones de \u00a0competencia cuando se trata de tribunales o juzgados de diferentes \u00a0distritos, lo cual se presenta en el caso concreto, dado que los \u00a0juzgados involucrados en el tr\u00e1mite pertenecen a los distritos \u00a0judiciales de Bucaramanga y Medell\u00edn. \u00a0<\/p>\n<p>En \u00a0primer t\u00e9rmino, de conformidad con el numeral tercero del \u00a0art\u00edculo 51 de la Ley 906 de 2004, necesario resulta precisar \u00a0que los delitos imputados dentro de la presente causa tienen relaci\u00f3n \u00a0de conexidad entre s\u00ed, por cuanto, seg\u00fan la exposici\u00f3n \u00a0f\u00e1ctica de la Fiscal\u00eda, la \u00a0fuga de presos \u00a0le allan\u00f3 camino a SEBAST\u00cdAN \u00a0AROS \u00a0C\u00c1RDENAS \u00a0para incurrir en el hurto \u00a0calificado \u00a0y \u00a0agravado. \u00a0<\/p>\n<p>Como \u00a0los tipos penales que componen la acusaci\u00f3n fueron asignados \u00a0por el legislador a los juzgados penales del circuito, es decir, \u00a0funcionarios de similar jerarqu\u00eda, el factor atributivo de \u00a0competencia por conexidad es el territorio. \u00a0<\/p>\n<p>En \u00a0consecuencia, para definirlo debe determinarse en un primer momento \u00a0cu\u00e1l es el delito m\u00e1s grave por el que se procede (Art. \u00a052, ib\u00eddem). \u00a0<\/p>\n<p>Contrario \u00a0a lo considerado por el despacho de origen, en este caso corresponde \u00a0al hurto calificado y agravado; dado que el inciso \u00a02\u00ba del art. 239, el numeral 2\u00ba del art\u00edculo 240 y el \u00a0numeral 10 del art\u00edculo 241 de la Ley 599 de 2000, \u00a0sanciona esa conducta con pena de prisi\u00f3n que transita entre \u00a0108 y 288 meses, extremos ostensiblemente superiores a los \u00a0contemplados para la fuga de presos: 48 a 108 (Art. 448 ejusdem). \u00a0<\/p>\n<p>Dicha \u00a0conducta punible se cometi\u00f3 en la ciudad de Bucaramanga, mismo \u00a0lugar en el que fue capturado el hoy acusado. \u00a0<\/p>\n<p>Ante \u00a0tal panorama, sin mayor dificultad se verifica que el llamado a \u00a0conocer la actuaci\u00f3n es el Juzgado Segundo Penal del Circuito \u00a0con funci\u00f3n de conocimiento de Bucaramanga, al que hab\u00eda \u00a0sido previamente repartido. Se ordenar\u00e1, por tanto, la \u00a0remisi\u00f3n inmediata de las diligencias a dicho despacho \u00a0judicial. \u00a0<\/p>\n<p>En \u00a0m\u00e9rito de lo expuesto, la Corte Suprema de Justicia, Sala de \u00a0Casaci\u00f3n Penal, \u00a0<\/p>\n<p>RESUELVE: \u00a0<\/p>\n<p>Declarar \u00a0que el competente para conocer de la acusaci\u00f3n contra \u00a0SEBAST\u00cdAN \u00a0AROS \u00a0CARDENAS, \u00a0es el Juzgado Segundo Penal del Circuito con Funci\u00f3n de \u00a0Conocimiento de Bucaramanga. En consecuencia, la Secretar\u00eda de \u00a0la Sala deber\u00e1 enviar inmediatamente las diligencias a ese \u00a0despacho judicial y efectuar las respectivas comunicaciones a las \u00a0partes e intervinientes. \u00a0<\/p>\n<p>Comun\u00edquese \u00a0y c\u00famplase. \u00a0<\/p>\n<p>LUIS \u00a0ANTONIO HERN\u00c1NDEZ BARBOSA \u00a0<\/p>\n<p>JOS\u00c9 \u00a0FRANCISCO ACU\u00d1A VIZCAYA \u00a0<\/p>\n<p>JOS\u00c9 \u00a0LUIS BARCEL\u00d3 CAMACHO \u00a0<\/p>\n<p>FERNANDO \u00a0LE\u00d3N BOLA\u00d1OS PALACIOS \u00a0<\/p>\n<p>FERNANDO \u00a0ALBERTO CASTRO CABALLERO \u00a0<\/p>\n<p>EUGENIO \u00a0FERN\u00c1NDEZ CARLIER \u00a0<\/p>\n<p>EYDER \u00a0PATI\u00d1O CABRERA \u00a0<\/p>\n<p>PATRICIA \u00a0SALAZAR CU\u00c9LLAR \u00a0<\/p>\n<p>LUIS \u00a0GUILLERMO SALAZAR OTERO \u00a0<\/p>\n<p>NUBIA \u00a0YOLANDA NOVA GARC\u00cdA \u00a0<\/p>\n<p>SECRETARIA \u00a0<\/p>\n<p>1 \u00a0 \u00a0 \u00a0 \u00a0 \u00a0Arribando la actuaci\u00f3n \u00a0 \u00a0 \u00a0 \u00a0 \u00a0a este despacho el d\u00eda 15 de ese mismo mes y a\u00f1o. \u00a0 \u00a0 \u00a0<\/p>\n<p><\/p>\n","protected":false},"excerpt":{"rendered":"<p>\u00a0 \u00a0 \u00a0 \u00a0\u00a0 FERNANDO \u00a0ALBERTO CASTRO CABALLERO \u00a0 Magistrado \u00a0ponente \u00a0 AP780-2018 \u00a0 Radicaci\u00f3n \u00a0No. 52172 \u00a0 (Aprobado \u00a0Acta No. 065) \u00a0 Bogot\u00e1, \u00a0D.C., veintiocho (28) de febrero de dos mil dieciocho (2018). \u00a0 ASUNTO \u00a0 La \u00a0Sala define la competencia para conocer de la acusaci\u00f3n \u00a0formulada a SEBAST\u00cdAN \u00a0AROS \u00a0C\u00c1RDENAS, \u00a0por su presunta [&hellip;]<\/p>\n","protected":false},"author":1,"featured_media":0,"comment_status":"open","ping_status":"open","sticky":false,"template":"","format":"standard","meta":{"footnotes":""},"categories":[27],"tags":[],"class_list":["post-36466","post","type-post","status-publish","format-standard","hentry","category-27"],"_links":{"self":[{"href":"https:\/\/dmsjuridica.com\/buscador_20179478954\/salapenalcronologico20230723\/wp-json\/wp\/v2\/posts\/36466","targetHints":{"allow":["GET"]}}],"collection":[{"href":"https:\/\/dmsjuridica.com\/buscador_20179478954\/salapenalcronologico20230723\/wp-json\/wp\/v2\/posts"}],"about":[{"href":"https:\/\/dmsjuridica.com\/buscador_20179478954\/salapenalcronologico20230723\/wp-json\/wp\/v2\/types\/post"}],"author":[{"embeddable":true,"href":"https:\/\/dmsjuridica.com\/buscador_20179478954\/salapenalcronologico20230723\/wp-json\/wp\/v2\/users\/1"}],"replies":[{"embeddable":true,"href":"https:\/\/dmsjuridica.com\/buscador_20179478954\/salapenalcronologico20230723\/wp-json\/wp\/v2\/comments?post=36466"}],"version-history":[{"count":0,"href":"https:\/\/dmsjuridica.com\/buscador_20179478954\/salapenalcronologico20230723\/wp-json\/wp\/v2\/posts\/36466\/revisions"}],"wp:attachment":[{"href":"https:\/\/dmsjuridica.com\/buscador_20179478954\/salapenalcronologico20230723\/wp-json\/wp\/v2\/media?parent=36466"}],"wp:term":[{"taxonomy":"category","embeddable":true,"href":"https:\/\/dmsjuridica.com\/buscador_20179478954\/salapenalcronologico20230723\/wp-json\/wp\/v2\/categories?post=36466"},{"taxonomy":"post_tag","embeddable":true,"href":"https:\/\/dmsjuridica.com\/buscador_20179478954\/salapenalcronologico20230723\/wp-json\/wp\/v2\/tags?post=36466"}],"curies":[{"name":"wp","href":"https:\/\/api.w.org\/{rel}","templated":true}]}}