{"id":36403,"date":"2023-09-13T21:44:04","date_gmt":"2023-09-13T21:44:04","guid":{"rendered":"https:\/\/dmsjuridica.com\/buscador_20179478954\/salapenalcronologico20230723\/2023\/09\/13\/ap5537-201850444\/"},"modified":"2023-09-13T21:44:04","modified_gmt":"2023-09-13T21:44:04","slug":"ap5537-201850444","status":"publish","type":"post","link":"https:\/\/dmsjuridica.com\/buscador_20179478954\/salapenalcronologico20230723\/2023\/09\/13\/ap5537-201850444\/","title":{"rendered":"AP5537-2018(50444)"},"content":{"rendered":"\n<p>\u00a0 \u00a0 \u00a0 \u00a0\u00a0<\/p>\n<p>CORTE \u00a0SUPREMA DE JUSTICIA \u00a0<\/p>\n<p>SALA \u00a0DE CASACI\u00d3N PENAL \u00a0<\/p>\n<p>JOS\u00c9 \u00a0FRANCISCO ACU\u00d1A VIZCAYA \u00a0<\/p>\n<p>Magistrado \u00a0Ponente \u00a0<\/p>\n<p>AP5537-2018 \u00a0<\/p>\n<p>Radicaci\u00f3n \u00a0N\u00b0 50444 \u00a0<\/p>\n<p>(Aprobado \u00a0Acta No.405) \u00a0<\/p>\n<p>Bogot\u00e1, \u00a0D.C., \u00a0once (11) de diciembre de dos mil dieciocho (2018). \u00a0<\/p>\n<p>La \u00a0Sala de Casaci\u00f3n Penal se pronuncia sobre la solicitud de \u00a0desistimiento de la demanda de casaci\u00f3n presentada por el \u00a0defensor de JORGE \u00a0BAYARDO CORAL CAMPA\u00d1A. \u00a0<\/p>\n<p>ANTECEDENTES \u00a0<\/p>\n<p>El \u00a011 de diciembre de 2015 el Juzgado Quinto Penal del Circuito con \u00a0Funciones de Conocimiento de San Juan de Pasto, conden\u00f3 a \u00a0JORGE \u00a0BAYARDO CORAL CAMPA\u00d1A, \u00a0a la pena principal de \u00a0cincuenta y nueve meses (59) meses de prisi\u00f3n \u00a0y a la sanci\u00f3n accesoria de inhabilitaci\u00f3n para el \u00a0ejercicio de derechos y funciones p\u00fablicas por el mismo \u00a0t\u00e9rmino, al hallarlo penalmente responsable a t\u00edtulo de \u00a0autor, del delito de falsificaci\u00f3n de moneda nacional o \u00a0extranjera1. \u00a0<\/p>\n<p>La \u00a0anterior decisi\u00f3n fue \u00edntegramente confirmada por el \u00a0Tribunal Superior del Distrito Judicial de Pasto, el 23 de marzo de \u00a020172, \u00a0fallo que fue impugnado mediante el ejercicio del recurso \u00a0extraordinario de casaci\u00f3n por el defensor del \u00a0procesado3. \u00a0<\/p>\n<p>Cumplidos \u00a0los traslados de rigor, la actuaci\u00f3n se remiti\u00f3 a la \u00a0Sala de Casaci\u00f3n Penal de la Corte Suprema de Justicia, para \u00a0conocer del medio extraordinario de impugnaci\u00f3n aludido4. \u00a0<\/p>\n<p>Estando \u00a0el asunto en la Corte para resolver acerca de la admisibilidad de la \u00a0demanda de casaci\u00f3n, el defensor, mediante memorial allegado a \u00a0la secretar\u00eda de la Sala, manifest\u00f3 que desist\u00eda \u00a0del recurso de casaci\u00f3n elevado contra la sentencia de segunda \u00a0instancia de fecha 23 de marzo de 2017 del Tribunal del Distrito \u00a0Judicial de Pasto, confirmatoria de la de primer grado del 1\u00ba \u00a0de febrero de 2013 proferida por el Juzgado Quinto Penal del Circuito \u00a0con Funciones de Conocimiento de San Juan de Pasto. \u00a0<\/p>\n<p>. \u00a0<\/p>\n<p>CONSIDERACIONES \u00a0<\/p>\n<p>Por \u00a0ser procedente la Sala aceptar\u00e1 la declinaci\u00f3n del \u00a0recurso de casaci\u00f3n presentado por defensor del procesado, al \u00a0advertirse voluntario y expresarse antes de que la Sala lo decidiera, \u00a0de conformidad con lo establecido en el art\u00edculo 199 de la Ley \u00a0906 de 2004 que prev\u00e9 que \u00abPodr\u00e1 \u00a0desistirse del recurso de casaci\u00f3n y de la acci\u00f3n de \u00a0revisi\u00f3n antes de que la Sala las decida\u00bb. \u00a0<\/p>\n<p>En \u00a0estas condiciones, ya que las presentes diligencias se encontraban en \u00a0estudio de los requisitos formales de admisibilidad del libelo de \u00a0casaci\u00f3n al momento de recibirse el escrito en el cual el \u00a0defensor de JORGE \u00a0BAYARDO CORAL CAMPA\u00d1A \u00a0manifest\u00f3 \u00a0que desist\u00eda de la demanda interpuesta, se acceder\u00e1 al \u00a0pedimento conforme el precepto trascrito, en tanto no se ha adoptado \u00a0una decisi\u00f3n sobre el particular y as\u00ed se dispondr\u00e1 \u00a0en la parte resolutiva de esta determinaci\u00f3n. \u00a0<\/p>\n<p>En \u00a0m\u00e9rito de lo expuesto, la Corte Suprema de Justicia, Sala de \u00a0Casaci\u00f3n Penal; \u00a0<\/p>\n<p>RESUELVE \u00a0<\/p>\n<p>Primero: \u00a0Aceptar el \u00a0desistimiento del recurso extraordinario de casaci\u00f3n \u00a0presentado por el defensor de \u00a0JORGE \u00a0BAYARDO CORAL CAMPA\u00d1A. \u00a0<\/p>\n<p>Segundo: \u00a0Contra la anterior \u00a0decisi\u00f3n procede recurso de reposici\u00f3n. \u00a0<\/p>\n<p>Notif\u00edquese \u00a0y devu\u00e9lvase el expediente al Tribunal de origen. \u00a0<\/p>\n<p>LUIS \u00a0ANTONIO HERN\u00c1NDEZ BARBOSA \u00a0<\/p>\n<p>Presidente \u00a0<\/p>\n<p>JOS\u00c9 \u00a0FRANCISCO ACU\u00d1A VIZCAYA \u00a0<\/p>\n<p>JOS\u00c9 \u00a0LUIS BARCEL\u00d3 CAMACHO \u00a0<\/p>\n<p>FERNANDO \u00a0ALBERTO CASTRO CABALLERO \u00a0<\/p>\n<p>EUGENIO \u00a0FERN\u00c1NDEZ CARLIER \u00a0<\/p>\n<p>EYDER \u00a0PATI\u00d1O CABRERA \u00a0<\/p>\n<p>PATRICIA \u00a0SALAZAR CU\u00c9LLAR \u00a0<\/p>\n<p>LUIS \u00a0GUILLERMO SALAZAR OTERO \u00a0<\/p>\n<p>NUBIA \u00a0YOLANDA NOVA GARC\u00cdA \u00a0<\/p>\n<p>Secretaria \u00a0<\/p>\n<p>1 \u00a0 \u00a0 \u00a0 \u00a0 \u00a0Cfr. \u00a0 \u00a0 \u00a0 \u00a0 \u00a0Folios 57 y siguientes del cuaderno del Tribunal. \u00a0<\/p>\n<p>2 \u00a0 \u00a0 \u00a0 \u00a0 \u00a0Cfr. \u00a0 \u00a0 \u00a0 \u00a0 \u00a0Folios 40 y siguientes del cuaderno del Tribunal. \u00a0<\/p>\n<p>3 \u00a0 \u00a0 \u00a0 \u00a0 \u00a0Cfr. \u00a0 \u00a0 \u00a0 \u00a0 \u00a0Folios y siguientes del Cuaderno del Tribunal (demanda de casaci\u00f3n). \u00a0<\/p>\n<p>4 \u00a0 \u00a0 \u00a0 \u00a0 \u00a0Cfr. \u00a0 \u00a0 \u00a0 \u00a0 \u00a0Folios 1 del cuaderno de la Corte. \u00a0<\/p>\n<p>\u00a0 \u00a0 \u00a0\u00a0<\/p>\n<p><\/p>\n","protected":false},"excerpt":{"rendered":"<p>\u00a0 \u00a0 \u00a0 \u00a0\u00a0 CORTE \u00a0SUPREMA DE JUSTICIA \u00a0 SALA \u00a0DE CASACI\u00d3N PENAL \u00a0 JOS\u00c9 \u00a0FRANCISCO ACU\u00d1A VIZCAYA \u00a0 Magistrado \u00a0Ponente \u00a0 AP5537-2018 \u00a0 Radicaci\u00f3n \u00a0N\u00b0 50444 \u00a0 (Aprobado \u00a0Acta No.405) \u00a0 Bogot\u00e1, \u00a0D.C., \u00a0once (11) de diciembre de dos mil dieciocho (2018). \u00a0 La \u00a0Sala de Casaci\u00f3n Penal se pronuncia sobre la solicitud de [&hellip;]<\/p>\n","protected":false},"author":1,"featured_media":0,"comment_status":"open","ping_status":"open","sticky":false,"template":"","format":"standard","meta":{"footnotes":""},"categories":[27],"tags":[],"class_list":["post-36403","post","type-post","status-publish","format-standard","hentry","category-27"],"_links":{"self":[{"href":"https:\/\/dmsjuridica.com\/buscador_20179478954\/salapenalcronologico20230723\/wp-json\/wp\/v2\/posts\/36403","targetHints":{"allow":["GET"]}}],"collection":[{"href":"https:\/\/dmsjuridica.com\/buscador_20179478954\/salapenalcronologico20230723\/wp-json\/wp\/v2\/posts"}],"about":[{"href":"https:\/\/dmsjuridica.com\/buscador_20179478954\/salapenalcronologico20230723\/wp-json\/wp\/v2\/types\/post"}],"author":[{"embeddable":true,"href":"https:\/\/dmsjuridica.com\/buscador_20179478954\/salapenalcronologico20230723\/wp-json\/wp\/v2\/users\/1"}],"replies":[{"embeddable":true,"href":"https:\/\/dmsjuridica.com\/buscador_20179478954\/salapenalcronologico20230723\/wp-json\/wp\/v2\/comments?post=36403"}],"version-history":[{"count":0,"href":"https:\/\/dmsjuridica.com\/buscador_20179478954\/salapenalcronologico20230723\/wp-json\/wp\/v2\/posts\/36403\/revisions"}],"wp:attachment":[{"href":"https:\/\/dmsjuridica.com\/buscador_20179478954\/salapenalcronologico20230723\/wp-json\/wp\/v2\/media?parent=36403"}],"wp:term":[{"taxonomy":"category","embeddable":true,"href":"https:\/\/dmsjuridica.com\/buscador_20179478954\/salapenalcronologico20230723\/wp-json\/wp\/v2\/categories?post=36403"},{"taxonomy":"post_tag","embeddable":true,"href":"https:\/\/dmsjuridica.com\/buscador_20179478954\/salapenalcronologico20230723\/wp-json\/wp\/v2\/tags?post=36403"}],"curies":[{"name":"wp","href":"https:\/\/api.w.org\/{rel}","templated":true}]}}