{"id":36396,"date":"2023-09-13T21:44:03","date_gmt":"2023-09-13T21:44:03","guid":{"rendered":"https:\/\/dmsjuridica.com\/buscador_20179478954\/salapenalcronologico20230723\/2023\/09\/13\/ap5479-201854257\/"},"modified":"2023-09-13T21:44:03","modified_gmt":"2023-09-13T21:44:03","slug":"ap5479-201854257","status":"publish","type":"post","link":"https:\/\/dmsjuridica.com\/buscador_20179478954\/salapenalcronologico20230723\/2023\/09\/13\/ap5479-201854257\/","title":{"rendered":"AP5479-2018(54257)"},"content":{"rendered":"\n<p>\u00a0 \u00a0 \u00a0 \u00a0\u00a0<\/p>\n<p>EUGENIO \u00a0FERN\u00c1NDEZ CARLIER \u00a0<\/p>\n<p>Magistrado \u00a0Ponente \u00a0<\/p>\n<p>AP5479-2018 \u00a0<\/p>\n<p>Radicaci\u00f3n \u00a0N\u00b0 54.257 \u00a0<\/p>\n<p>Aprobado \u00a0Acta No. 409 \u00a0<\/p>\n<p>Bogot\u00e1 \u00a0D.C., trece (13) de diciembre de dos mil dieciocho (2018). \u00a0<\/p>\n<p>ASUNTO \u00a0<\/p>\n<p>Ser\u00eda \u00a0del caso decidir el \u00a0recurso de apelaci\u00f3n presentado, \u00a0en subsidio, \u00a0por el ex Senador N\u00c9STOR IV\u00c1N MORENO ROJAS contra el \u00a0auto de 30 de agosto de 2018, adoptado por el Juzgado \u00a0Primero de Ejecuci\u00f3n de Penas y Medidas de Seguridad de San \u00a0Gil, mediante \u00a0el cual revoc\u00f3 \u00a0al condenado el beneficio administrativo de permiso hasta por setenta \u00a0y dos horas para salir, sin vigilancia, del Establecimiento \u00a0Carcelario y Penitenciario de mediana seguridad de ese municipio, en \u00a0el que purga condena impuesta por esta Corporaci\u00f3n, de no \u00a0advertirse que la competencia para desatar la impugnaci\u00f3n ha \u00a0variado. \u00a0<\/p>\n<p>1. \u00a0Con la promulgaci\u00f3n1 \u00a0del Acto Legislativo 01 de 2018, \u00a0la garant\u00eda de la doble instancia fue incorporada a nuestro \u00a0ordenamiento, en aquellos procesos penales adelantados por esta \u00a0Corporaci\u00f3n en contra de aforados. \u00a0<\/p>\n<p>La \u00a0reforma constitucional hizo realidad tal modificaci\u00f3n a trav\u00e9s \u00a0de la creaci\u00f3n de la Sala Especial de Juzgamiento de Primera \u00a0Instancia de la Sala Penal de la Corte, la cual, en la actualidad, ya \u00a0se encuentra en total funcionamiento y recibi\u00f3, el pasado mes \u00a0de noviembre, los procesos de su competencia. \u00a0<\/p>\n<p>De \u00a0conformidad con la enmienda constitucional corresponde a la Corte \u00a0Suprema de Justicia juzgar, a trav\u00e9s de la \u00a0Sala Especial de Primera Instancia, entre otros, a los miembros del \u00a0Congreso, mientras que a la Sala de Casaci\u00f3n Penal le compete \u00a0resolver los recursos de apelaci\u00f3n que se interpongan contra \u00a0las decisiones proferidas por aquella, en asuntos de la mencionada \u00a0naturaleza. \u00a0<\/p>\n<p>F\u00e1cil \u00a0resulta entonces advertir que la funci\u00f3n de juzgar \u00a0Representantes a la C\u00e1mara y Senadores fue radicada en una \u00a0nueva Sala y, por lo tanto, es \u00e9sta la que ostenta en la \u00a0actualidad la calidad de juez natural de conocimiento de los procesos \u00a0penales adelantados contra parlamentarios. \u00a0<\/p>\n<p>2. \u00a0De \u00a0conformidad con lo establecido en el par\u00e1grafo del art\u00edculo \u00a038 de la Ley 906 de 2004, aplicable a las actuaciones regidas por la \u00a0Ley 600 de 2000, en virtud del principio de favorabilidad2, \u00a0cuando se trate de condenados que gocen de fuero constitucional o \u00a0legal, la competencia para la ejecuci\u00f3n de las sanciones \u00a0penales corresponder\u00e1, en primera instancia, a los jueces de \u00a0ejecuci\u00f3n de penas y medidas de seguridad del lugar donde se \u00a0encuentre cumpliendo la pena. La segunda instancia corresponder\u00e1 \u00a0al respectivo juez \u00a0de conocimiento. \u00a0\u00a0 \u00a0<\/p>\n<p>3. \u00a0En los t\u00e9rminos del art\u00edculo 235 Superior, trat\u00e1ndose \u00a0de aforados constitucionales, es la Corte Suprema de Justicia, el \u00a0juez natural de conocimiento, competencia que, como se vio, ha sido \u00a0asignada expresamente a la Sala Especial de Primera Instancia, motivo \u00a0por el cual las presentes diligencias se remitir\u00e1 a esa \u00a0Corporaci\u00f3n para que sea resuelto el recurso de apelaci\u00f3n \u00a0presentado en contra de la decisi\u00f3n del Juez Primero de \u00a0Ejecuci\u00f3n de Penas y Medidas de Seguridad de San Gil, dado que \u00a0por virtud del Acto Legislativo 01 de 2018, la Sala de Casaci\u00f3n \u00a0Penal ya no funge como juez de conocimiento de los congresistas, sino \u00a0como segunda instancia de las decisiones adoptadas por la Sala \u00a0Especial de Juzgamiento. \u00a0<\/p>\n<p>En \u00a0raz\u00f3n y m\u00e9rito de lo expuesto, la Sala de Casaci\u00f3n \u00a0Penal de la Corte Suprema de Justicia, \u00a0<\/p>\n<p>RESUELVE \u00a0<\/p>\n<p>Remitir \u00a0por \u00a0competencia la presente actuaci\u00f3n a la Sala Especial de \u00a0Juzgamiento de Primera Instancia, de conformidad con la anterior \u00a0motivaci\u00f3n. \u00a0<\/p>\n<p>Contra \u00a0esta providencia no procede recurso alguno. \u00a0<\/p>\n<p>Comun\u00edquese \u00a0y c\u00famplase. \u00a0<\/p>\n<p>LUIS \u00a0ANTONIO HERN\u00c1NDEZ BARBOSA \u00a0<\/p>\n<p>JOS\u00c9 \u00a0FRANCISCO ACU\u00d1A VIZCAYA \u00a0<\/p>\n<p>JOS\u00c9 \u00a0LUIS BARCEL\u00d3 CAMACHO \u00a0<\/p>\n<p>FERNANDO \u00a0ALBERTO CASTRO CABALLERO \u00a0<\/p>\n<p>EUGENIO \u00a0FERN\u00c1NDEZ CARLIER \u00a0<\/p>\n<p>EYDER \u00a0PATI\u00d1O CABRERA \u00a0<\/p>\n<p>PATRICIA \u00a0SALAZAR CU\u00c9LLAR \u00a0<\/p>\n<p>LUIS \u00a0GUILLERMO SALAZAR OTERO \u00a0<\/p>\n<p>NUBIA YOLANDA NOVA \u00a0GARC\u00cdA \u00a0<\/p>\n<p>Secretari \u00a0<\/p>\n<p>1 \u00a0 \u00a0 \u00a0 \u00a0 \u00a018 \u00a0 \u00a0 \u00a0 \u00a0 \u00a0de enero de 2018. \u00a0<\/p>\n<p>2 \u00a0 \u00a0 \u00a0 \u00a0 \u00a0Ley \u00a0 \u00a0 \u00a0 \u00a0 \u00a0600 de 2000, art\u00edculo 6. \u201c\u2026 La ley procesal de \u00a0 \u00a0 \u00a0 \u00a0 \u00a0efectos sustanciales permisiva o favorable, aun cuando sea posterior \u00a0 \u00a0 \u00a0 \u00a0 \u00a0a la actuaci\u00f3n, se aplicar\u00e1 de preferencia a la \u00a0 \u00a0 \u00a0 \u00a0 \u00a0restrictiva o desfavorable\u201d. CSJ, \u00a0 \u00a0 \u00a0 \u00a0 \u00a0AP3580-2016, \u00a0 \u00a0 \u00a0 \u00a0 \u00a0Rad. 47.984, junio 8 de 2016 \u201ccomo lo ha precisado la Sala en \u00a0 \u00a0 \u00a0 \u00a0 \u00a0anteriores oportunidades, aun cuando los procesos se hayan \u00a0 \u00a0 \u00a0 \u00a0 \u00a0consolidado bajo el sistema de la Ley 600 de 2000, aplica la \u00a0 \u00a0 \u00a0 \u00a0 \u00a0disposici\u00f3n pertinente de la Ley 906 de 2004, por resultar \u00a0 \u00a0 \u00a0 \u00a0 \u00a0favorable al condenado en tanto prev\u00e9 una segunda instancia, \u00a0 \u00a0 \u00a0 \u00a0 \u00a0a diferencia de lo normado en el \u00faltimo inciso del art\u00edculo \u00a0 \u00a0 \u00a0 \u00a0 \u00a079 de la primera normatividad en cita\u201d. \u00a0<\/p>\n<p>\u00a0 \u00a0 \u00a0\u00a0<\/p>\n<p><\/p>\n","protected":false},"excerpt":{"rendered":"<p>\u00a0 \u00a0 \u00a0 \u00a0\u00a0 EUGENIO \u00a0FERN\u00c1NDEZ CARLIER \u00a0 Magistrado \u00a0Ponente \u00a0 AP5479-2018 \u00a0 Radicaci\u00f3n \u00a0N\u00b0 54.257 \u00a0 Aprobado \u00a0Acta No. 409 \u00a0 Bogot\u00e1 \u00a0D.C., trece (13) de diciembre de dos mil dieciocho (2018). \u00a0 ASUNTO \u00a0 Ser\u00eda \u00a0del caso decidir el \u00a0recurso de apelaci\u00f3n presentado, \u00a0en subsidio, \u00a0por el ex Senador N\u00c9STOR IV\u00c1N MORENO ROJAS [&hellip;]<\/p>\n","protected":false},"author":1,"featured_media":0,"comment_status":"open","ping_status":"open","sticky":false,"template":"","format":"standard","meta":{"footnotes":""},"categories":[27],"tags":[],"class_list":["post-36396","post","type-post","status-publish","format-standard","hentry","category-27"],"_links":{"self":[{"href":"https:\/\/dmsjuridica.com\/buscador_20179478954\/salapenalcronologico20230723\/wp-json\/wp\/v2\/posts\/36396","targetHints":{"allow":["GET"]}}],"collection":[{"href":"https:\/\/dmsjuridica.com\/buscador_20179478954\/salapenalcronologico20230723\/wp-json\/wp\/v2\/posts"}],"about":[{"href":"https:\/\/dmsjuridica.com\/buscador_20179478954\/salapenalcronologico20230723\/wp-json\/wp\/v2\/types\/post"}],"author":[{"embeddable":true,"href":"https:\/\/dmsjuridica.com\/buscador_20179478954\/salapenalcronologico20230723\/wp-json\/wp\/v2\/users\/1"}],"replies":[{"embeddable":true,"href":"https:\/\/dmsjuridica.com\/buscador_20179478954\/salapenalcronologico20230723\/wp-json\/wp\/v2\/comments?post=36396"}],"version-history":[{"count":0,"href":"https:\/\/dmsjuridica.com\/buscador_20179478954\/salapenalcronologico20230723\/wp-json\/wp\/v2\/posts\/36396\/revisions"}],"wp:attachment":[{"href":"https:\/\/dmsjuridica.com\/buscador_20179478954\/salapenalcronologico20230723\/wp-json\/wp\/v2\/media?parent=36396"}],"wp:term":[{"taxonomy":"category","embeddable":true,"href":"https:\/\/dmsjuridica.com\/buscador_20179478954\/salapenalcronologico20230723\/wp-json\/wp\/v2\/categories?post=36396"},{"taxonomy":"post_tag","embeddable":true,"href":"https:\/\/dmsjuridica.com\/buscador_20179478954\/salapenalcronologico20230723\/wp-json\/wp\/v2\/tags?post=36396"}],"curies":[{"name":"wp","href":"https:\/\/api.w.org\/{rel}","templated":true}]}}