{"id":36188,"date":"2023-09-13T21:43:49","date_gmt":"2023-09-13T21:43:49","guid":{"rendered":"https:\/\/dmsjuridica.com\/buscador_20179478954\/salapenalcronologico20230723\/2023\/09\/13\/ap4949-201853883\/"},"modified":"2023-09-13T21:43:49","modified_gmt":"2023-09-13T21:43:49","slug":"ap4949-201853883","status":"publish","type":"post","link":"https:\/\/dmsjuridica.com\/buscador_20179478954\/salapenalcronologico20230723\/2023\/09\/13\/ap4949-201853883\/","title":{"rendered":"AP4949-2018(53883)"},"content":{"rendered":"\n<p>\u00a0 \u00a0 \u00a0 \u00a0\u00a0<\/p>\n<p>LUIS \u00a0ANTONIO HERN\u00c1NDEZ BARBOSA \u00a0<\/p>\n<p>Magistrado \u00a0ponente \u00a0<\/p>\n<p>AP4949-2018 \u00a0<\/p>\n<p>Radicaci\u00f3n \u00a0n\u00b0 53883 \u00a0<\/p>\n<p>(Aprobado \u00a0Acta No. 371) \u00a0<\/p>\n<p>Bogot\u00e1 \u00a0D.C., treinta y uno (31) de octubre de dos mil dieciocho (2018). \u00a0<\/p>\n<p>ASUNTO: \u00a0<\/p>\n<p>Define \u00a0la Corte cu\u00e1l es la autoridad judicial competente para conocer \u00a0de la actuaci\u00f3n seguida en contra de \u00a0YIBINSON \u00a0ARIAS MAR\u00cdN, por los delitos de concierto para delinquir \u00a0agravado y fabricaci\u00f3n, tr\u00e1fico y porte de armas y \u00a0municiones de uso privativo de las fuerzas armadas agravado. \u00a0<\/p>\n<p>ANTECEDENTES \u00a0Y CONSIDERACIONES: \u00a0<\/p>\n<p>\u00a0 \u00a0\u00a0 \u00a0 \u00a0 \u00a0 \u00a0<\/p>\n<p>1. De \u00a0 \u00a0 \u00a0 \u00a0 \u00a0la actuaci\u00f3n se establece que a partir de informes de \u00a0 \u00a0 \u00a0 \u00a0 \u00a0inteligencia, el Ej\u00e9rcito Nacional tuvo conocimiento de que \u00a0 \u00a0 \u00a0 \u00a0 \u00a0alias Rodrigo Cadete y aproximadamente 30 miembros no desmovilizados \u00a0 \u00a0 \u00a0 \u00a0 \u00a0de las Fuerzas Armadas Revolucionarias de Colombia Ej\u00e9rcito \u00a0 \u00a0 \u00a0 \u00a0 \u00a0del Pueblo \u2013FARC EP-, se encontraban en un campamento ubicado \u00a0 \u00a0 \u00a0 \u00a0 \u00a0en la vereda R\u00edo \u00c1guila, jurisdicci\u00f3n del \u00a0 \u00a0 \u00a0 \u00a0 \u00a0municipio de Puerto Guzm\u00e1n (Putumayo). \u00a0<\/p>\n<p>Por \u00a0tal motivo, el 16 de mayo de 2018 se ejecut\u00f3 una operaci\u00f3n \u00a0militar en dicha localidad, en curso de la cual fue capturado en \u00a0flagrancia YIBINSON ARIAS MAR\u00cdN, en posesi\u00f3n de \u00a0cartillas y manuscritos alusivos a las FARC-EP, computadores, \u00a0memorias USB y material b\u00e9lico de uso privativo de las fuerzas \u00a0militares (fusiles M4 y M16, proveedores, municiones, granadas y \u00a0lanza granadas). \u00a0<\/p>\n<p>\u00a0 \u00a0\u00a0 \u00a0 \u00a0 \u00a0 \u00a0<\/p>\n<p>2. Al \u00a0 \u00a0 \u00a0 \u00a0 \u00a0d\u00eda siguiente, ante el Juzgado 1\u00ba Penal Municipal de \u00a0 \u00a0 \u00a0 \u00a0 \u00a0Florencia con Funci\u00f3n de Control de Garant\u00edas, se \u00a0 \u00a0 \u00a0 \u00a0 \u00a0adelantaron las audiencias preliminares de legalizaci\u00f3n de \u00a0 \u00a0 \u00a0 \u00a0 \u00a0captura, formulaci\u00f3n de imputaci\u00f3n e imposici\u00f3n \u00a0 \u00a0 \u00a0 \u00a0 \u00a0de medida de aseguramiento de detenci\u00f3n preventiva en \u00a0 \u00a0 \u00a0 \u00a0 \u00a0establecimiento carcelario, como coautor de los delitos de \u00a0 \u00a0 \u00a0 \u00a0 \u00a0concierto para delinquir agravado y fabricaci\u00f3n, tr\u00e1fico \u00a0 \u00a0 \u00a0 \u00a0 \u00a0y porte de armas y municiones de uso privativo de las fuerzas \u00a0 \u00a0 \u00a0 \u00a0 \u00a0armadas agravado, \u00a0 \u00a0 \u00a0 \u00a0 \u00a0los cuales no acept\u00f31. \u00a0<\/p>\n<p>\u00a0 \u00a0\u00a0 \u00a0 \u00a0 \u00a0 \u00a0<\/p>\n<p>3. Radicado \u00a0 \u00a0 \u00a0 \u00a0 \u00a0el escrito de acusaci\u00f3n el 13 de septiembre de 2018, le \u00a0 \u00a0 \u00a0 \u00a0 \u00a0correspondi\u00f3 por reparto al Juzgado 1\u00ba Penal del \u00a0 \u00a0 \u00a0 \u00a0 \u00a0Circuito Especializado de Florencia que, en auto del 18 de \u00a0 \u00a0 \u00a0 \u00a0 \u00a0septiembre siguiente, se declar\u00f3 incompetente para conocer de \u00a0 \u00a0 \u00a0 \u00a0 \u00a0la actuaci\u00f3n y remiti\u00f3 el expediente a esta Corte para \u00a0 \u00a0 \u00a0 \u00a0 \u00a0que se decida sobre el particular. \u00a0<\/p>\n<p>Argument\u00f3 \u00a0que, conforme con el art\u00edculo 43 de la Ley 906 de 2004, le \u00a0corresponde adelantar el juicio al Juzgado Penal del Circuito \u00a0Especializado de Mocoa, por cuanto los hechos delictivos objeto de \u00a0acusaci\u00f3n tuvieron lugar en el municipio de Puerto Guzm\u00e1n, \u00a0perteneciente a ese distrito judicial. \u00a0<\/p>\n<p>CONSIDERACIONES \u00a0DE LA CORTE: \u00a0<\/p>\n<p>De \u00a0conformidad con lo dispuesto en el numeral 4\u00ba del art\u00edculo \u00a032 de la Ley 906 de 2004, la Sala est\u00e1 facultada para resolver \u00a0la definici\u00f3n de competencia entre juzgados de diferentes \u00a0distritos. \u00a0<\/p>\n<p>En \u00a0orden a resolver la controversia planteada, se advierte inicialmente \u00a0que, seg\u00fan la narraci\u00f3n de la Fiscal\u00eda, el \u00a0porte de armas atribuido a YIBINSON \u00a0ARIAS MAR\u00cdN resulta \u00a0consustancial a su pertenencia a un grupo armado ilegal, esto es, al \u00a0concierto para delinquir. \u00a0Por ende, a la luz del art\u00edculo 51-3 de la Ley 906 de 2004, se \u00a0trata de conductas punibles conexas que deben ser juzgadas en un \u00a0mismo proceso. \u00a0<\/p>\n<p>Ahora \u00a0bien, por la naturaleza del asunto, la competencia para conocer de \u00a0los punibles de concierto para delinquir agravado y fabricaci\u00f3n, \u00a0tr\u00e1fico y porte de armas y municiones de uso privativo de las \u00a0fuerzas armadas agravado, descritos \u00a0en los art\u00edculos 340, inciso 2\u00ba y 366 de la Ley 599 de \u00a02000, est\u00e1 \u00a0legalmente atribuida a los jueces penales del circuito especializado \u00a0(Art. 35-17 y 23 de la Ley 906 de 2004). \u00a0<\/p>\n<p>A \u00a0su turno, el art\u00edculo 52 del mismo estatuto dispone que el \u00a0juzgamiento de delitos conexos le corresponde al juez de mayor \u00a0jerarqu\u00eda, pero si los funcionarios enfrentados son del mismo \u00a0nivel el factor determinante es el territorio, de forma excluyente y \u00a0preferente, en el siguiente orden: i) donde se haya cometido el \u00a0delito m\u00e1s grave, ii) donde se haya realizado el mayor n\u00famero \u00a0de delitos, iii) donde se haya producido la primera captura o iv) \u00a0donde se haya formulado la primera imputaci\u00f3n. \u00a0<\/p>\n<p>En \u00a0cuanto al factor territorial, la primera regla rese\u00f1ada indica \u00a0que el juicio debe adelantarse en el lugar donde se cometi\u00f3 la \u00a0conducta punible m\u00e1s grave, para el caso, la de fabricaci\u00f3n, \u00a0tr\u00e1fico, porte o tenencia de armas de fuego, accesorios, \u00a0partes o municiones agravado \u00a0que contempla una pena de 22 a 30 a\u00f1os de prisi\u00f3n. Ello \u00a0en raz\u00f3n a que, cotejados los extremos previstos para el \u00a0concierto \u00a0para delinquir agravado (8 a 18 a\u00f1os), es \u00a0manifiesto que el legislador sanciona de manera m\u00e1s severa el \u00a0mencionado delito contra la seguridad p\u00fablica. \u00a0<\/p>\n<p>Ahora \u00a0bien, como dicha conducta tuvo lugar en la vereda R\u00edo \u00c1guila, \u00a0zona rural de Puerto Guzm\u00e1n (Putumayo), donde \u00a0fue capturado el hoy imputado en posesi\u00f3n de elementos b\u00e9licos \u00a0de uso privativo de las Fuerzas Armadas, emerge \u00a0evidente que el conocimiento del presente asunto corresponde a los \u00a0Juzgados Penales del Circuito Especializado de Mocoa, a donde se \u00a0remitir\u00e1 el expediente de inmediato. La presente decisi\u00f3n \u00a0se comunicar\u00e1 al Juzgado 1\u00ba Penal del Circuito \u00a0Especializado de Florencia. \u00a0<\/p>\n<p>En \u00a0m\u00e9rito de lo expuesto, la Corte Suprema de Justicia, Sala de \u00a0Casaci\u00f3n Penal, \u00a0<\/p>\n<p>RESUELVE: \u00a0<\/p>\n<p>\u00a0 \u00a0\u00a0 \u00a0 \u00a0 \u00a0 \u00a0<\/p>\n<p>1. DECLARAR \u00a0 \u00a0 \u00a0 \u00a0 \u00a0que \u00a0 \u00a0 \u00a0 \u00a0 \u00a0la competencia para conocer de la actuaci\u00f3n seguida en contra \u00a0 \u00a0 \u00a0 \u00a0 \u00a0de YIBINSON \u00a0 \u00a0 \u00a0 \u00a0 \u00a0ARIAS MAR\u00cdN \u00a0 \u00a0 \u00a0 \u00a0 \u00a0corresponde \u00a0 \u00a0 \u00a0 \u00a0 \u00a0a los Juzgados Penales del Circuito Especializado de Mocoa. \u00a0<\/p>\n<p>\u00a0 \u00a0\u00a0 \u00a0 \u00a0 \u00a0 \u00a0<\/p>\n<p>2. REMITIR \u00a0 \u00a0 \u00a0 \u00a0 \u00a0inmediatamente la actuaci\u00f3n al despacho en menci\u00f3n. \u00a0<\/p>\n<p>3. \u00a0 \u00a0 \u00a0 \u00a0COMUNICAR \u00a0la \u00a0presente decisi\u00f3n al Juzgado 1\u00ba Penal del Circuito \u00a0Especializado de Florencia. \u00a0<\/p>\n<p>Contra \u00a0esta decisi\u00f3n no proceden recursos. \u00a0<\/p>\n<p>C\u00daMPLASE. \u00a0<\/p>\n<p>LUIS \u00a0ANTONIO HERN\u00c1NDEZ BARBOSA \u00a0<\/p>\n<p>EUGENIO \u00a0FERN\u00c1NDEZ CARLIER \u00a0<\/p>\n<p>JOS\u00c9 \u00a0FRANCISCO ACU\u00d1A VIZCAYA \u00a0<\/p>\n<p>JOS\u00c9 \u00a0LUIS BARCEL\u00d3 CAMACHO \u00a0<\/p>\n<p>FERNANDO \u00a0ALBERTO CASTRO CABALLERO \u00a0<\/p>\n<p>EYDER \u00a0PATI\u00d1O CABRERA \u00a0<\/p>\n<p>PATRICIA \u00a0SALAZAR CUELLAR \u00a0<\/p>\n<p>LUIS \u00a0GUILLERMO SALAZAR OTERO \u00a0<\/p>\n<p>NUBIA YOLANDA \u00a0NOVA GARC\u00cdA \u00a0<\/p>\n<p>Secretaria \u00a0<\/p>\n<p>1 \u00a0 \u00a0 \u00a0 \u00a0 \u00a0P\u00e1gina \u00a0 \u00a0 \u00a0 \u00a0 \u00a03 del escrito de acusaci\u00f3n. \u00a0<\/p>\n<p>4 \u00a0 \u00a0 \u00a0<\/p>\n<p><\/p>\n","protected":false},"excerpt":{"rendered":"<p>\u00a0 \u00a0 \u00a0 \u00a0\u00a0 LUIS \u00a0ANTONIO HERN\u00c1NDEZ BARBOSA \u00a0 Magistrado \u00a0ponente \u00a0 AP4949-2018 \u00a0 Radicaci\u00f3n \u00a0n\u00b0 53883 \u00a0 (Aprobado \u00a0Acta No. 371) \u00a0 Bogot\u00e1 \u00a0D.C., treinta y uno (31) de octubre de dos mil dieciocho (2018). \u00a0 ASUNTO: \u00a0 Define \u00a0la Corte cu\u00e1l es la autoridad judicial competente para conocer \u00a0de la actuaci\u00f3n seguida en [&hellip;]<\/p>\n","protected":false},"author":1,"featured_media":0,"comment_status":"open","ping_status":"open","sticky":false,"template":"","format":"standard","meta":{"footnotes":""},"categories":[27],"tags":[],"class_list":["post-36188","post","type-post","status-publish","format-standard","hentry","category-27"],"_links":{"self":[{"href":"https:\/\/dmsjuridica.com\/buscador_20179478954\/salapenalcronologico20230723\/wp-json\/wp\/v2\/posts\/36188","targetHints":{"allow":["GET"]}}],"collection":[{"href":"https:\/\/dmsjuridica.com\/buscador_20179478954\/salapenalcronologico20230723\/wp-json\/wp\/v2\/posts"}],"about":[{"href":"https:\/\/dmsjuridica.com\/buscador_20179478954\/salapenalcronologico20230723\/wp-json\/wp\/v2\/types\/post"}],"author":[{"embeddable":true,"href":"https:\/\/dmsjuridica.com\/buscador_20179478954\/salapenalcronologico20230723\/wp-json\/wp\/v2\/users\/1"}],"replies":[{"embeddable":true,"href":"https:\/\/dmsjuridica.com\/buscador_20179478954\/salapenalcronologico20230723\/wp-json\/wp\/v2\/comments?post=36188"}],"version-history":[{"count":0,"href":"https:\/\/dmsjuridica.com\/buscador_20179478954\/salapenalcronologico20230723\/wp-json\/wp\/v2\/posts\/36188\/revisions"}],"wp:attachment":[{"href":"https:\/\/dmsjuridica.com\/buscador_20179478954\/salapenalcronologico20230723\/wp-json\/wp\/v2\/media?parent=36188"}],"wp:term":[{"taxonomy":"category","embeddable":true,"href":"https:\/\/dmsjuridica.com\/buscador_20179478954\/salapenalcronologico20230723\/wp-json\/wp\/v2\/categories?post=36188"},{"taxonomy":"post_tag","embeddable":true,"href":"https:\/\/dmsjuridica.com\/buscador_20179478954\/salapenalcronologico20230723\/wp-json\/wp\/v2\/tags?post=36188"}],"curies":[{"name":"wp","href":"https:\/\/api.w.org\/{rel}","templated":true}]}}