{"id":36132,"date":"2023-09-13T21:43:46","date_gmt":"2023-09-13T21:43:46","guid":{"rendered":"https:\/\/dmsjuridica.com\/buscador_20179478954\/salapenalcronologico20230723\/2023\/09\/13\/ap4803-201852786\/"},"modified":"2023-09-13T21:43:46","modified_gmt":"2023-09-13T21:43:46","slug":"ap4803-201852786","status":"publish","type":"post","link":"https:\/\/dmsjuridica.com\/buscador_20179478954\/salapenalcronologico20230723\/2023\/09\/13\/ap4803-201852786\/","title":{"rendered":"AP4803-2018(52786)"},"content":{"rendered":"\n<p>\u00a0 \u00a0 \u00a0 Extradici\u00f3n \u00a0 \u00a0 \u00a0 \u00a0 \u00a052786 \u00a0 \u00a0 \u00a0 \u00a0 \u00a0<\/p>\n<p>JHON \u00a0 \u00a0 \u00a0 \u00a0 \u00a0KENNER OROBIO GUERRERO \u00a0 \u00a0 \u00a0 \u00a0 \u00a0<\/p>\n<p>\u00a0 \u00a0\u00a0<\/p>\n<p>EUGENIO \u00a0 \u00a0 \u00a0 \u00a0 \u00a0FERN\u00c1NDEZ CARLIER \u00a0 \u00a0 \u00a0 \u00a0 \u00a0<\/p>\n<p>Magistrado \u00a0 \u00a0 \u00a0 \u00a0 \u00a0Ponente \u00a0 \u00a0 \u00a0 \u00a0 \u00a0<\/p>\n<p>\u00a0\u00a0 \u00a0 \u00a0 \u00a0 \u00a0<\/p>\n<p>\u00a0\u00a0 \u00a0 \u00a0 \u00a0 \u00a0<\/p>\n<p>AP4803-2018 \u00a0 \u00a0 \u00a0 \u00a0 \u00a0<\/p>\n<p>Radicaci\u00f3n \u00a0 \u00a0 \u00a0 \u00a0 \u00a0N\u00ba 52786 \u00a0 \u00a0 \u00a0 \u00a0 \u00a0<\/p>\n<p>Aprobado \u00a0 \u00a0 \u00a0 \u00a0 \u00a0en Acta 377 \u00a0 \u00a0 \u00a0 \u00a0 \u00a0<\/p>\n<p>\u00a0\u00a0 \u00a0 \u00a0 \u00a0 \u00a0<\/p>\n<p>Bogot\u00e1, \u00a0 \u00a0 \u00a0 \u00a0 \u00a0D.C., siete (7) de noviembre de dos mil dieciocho (2018). \u00a0 \u00a0 \u00a0 \u00a0 \u00a0<\/p>\n<p>\u00a0\u00a0 \u00a0 \u00a0 \u00a0 \u00a0<\/p>\n<p>La \u00a0 \u00a0 \u00a0 \u00a0 \u00a0Sala decide el recurso de reposici\u00f3n interpuesto por el \u00a0 \u00a0 \u00a0 \u00a0 \u00a0defensor de JHON KENER OROBIO GUERRERO contra el auto de 26 de \u00a0 \u00a0 \u00a0 \u00a0 \u00a0septiembre de 2018, por el cual se pronunci\u00f3 sobre las \u00a0 \u00a0 \u00a0 \u00a0 \u00a0solicitudes probatorias en el tr\u00e1mite de extradici\u00f3n \u00a0 \u00a0 \u00a0 \u00a0 \u00a0que sigue contra el nombrado, con ocasi\u00f3n del requerimiento \u00a0 \u00a0 \u00a0 \u00a0 \u00a0elevado por el gobierno de los Estados Unidos de Am\u00e9rica. \u00a0 \u00a0 \u00a0 \u00a0 \u00a0<\/p>\n<p>\u00a0\u00a0 \u00a0 \u00a0 \u00a0 \u00a0<\/p>\n<p>ANTECEDENTES \u00a0 \u00a0 \u00a0 \u00a0 \u00a0<\/p>\n<p>\u00a0\u00a0 \u00a0 \u00a0 \u00a0 \u00a0<\/p>\n<p>1. \u00a0 \u00a0 \u00a0 \u00a0 \u00a0Mediante \u00a0 \u00a0 \u00a0 \u00a0 \u00a0Nota Verbal No. 0150 de 26 de enero de 20181, \u00a0 \u00a0 \u00a0 \u00a0 \u00a0el \u00a0 \u00a0 \u00a0 \u00a0 \u00a0gobierno de los Estados Unidos de Am\u00e9rica solicit\u00f3 la \u00a0 \u00a0 \u00a0 \u00a0 \u00a0detenci\u00f3n provisional con fines de extradici\u00f3n del \u00a0 \u00a0 \u00a0 \u00a0 \u00a0ciudadano colombiano JHON KENNER OROBIO GUERRERO, quien es requerido \u00a0 \u00a0 \u00a0 \u00a0 \u00a0por \u00a0 \u00a0 \u00a0 \u00a0 \u00a0la Corte Distrital de los Estados Unidos para el Distrito del Sur de \u00a0 \u00a0 \u00a0 \u00a0 \u00a0California para \u00a0 \u00a0 \u00a0 \u00a0 \u00a0comparecer a juicio por delitos federales de tr\u00e1fico de \u00a0 \u00a0 \u00a0 \u00a0 \u00a0narc\u00f3ticos, seg\u00fan la acusaci\u00f3n formal No. \u00a0 \u00a0 \u00a0 \u00a0 \u00a018CR0196 CAB de \u00a0 \u00a0 \u00a0 \u00a0 \u00a09 de enero de 20182. \u00a0 \u00a0 \u00a0 \u00a0 \u00a0<\/p>\n<p>\u00a0\u00a0 \u00a0 \u00a0 \u00a0 \u00a0<\/p>\n<p>2. \u00a0 \u00a0 \u00a0 \u00a0 \u00a0Con \u00a0 \u00a0 \u00a0 \u00a0 \u00a0fundamento en lo anterior, el Fiscal General de la Naci\u00f3n, \u00a0 \u00a0 \u00a0 \u00a0 \u00a0mediante Resoluci\u00f3n de 14 de marzo del presente a\u00f1o, \u00a0 \u00a0 \u00a0 \u00a0 \u00a0orden\u00f3 \u00a0 \u00a0 \u00a0 \u00a0 \u00a0la \u00a0 \u00a0 \u00a0 \u00a0 \u00a0detenci\u00f3n con fines de extradici\u00f3n de OROBIO \u00a0 \u00a0 \u00a0 \u00a0 \u00a0GUERRERO3, \u00a0 \u00a0 \u00a0 \u00a0 \u00a0la \u00a0 \u00a0 \u00a0 \u00a0 \u00a0cual se materializ\u00f3 el 8 de marzo de 2018 por miembros del \u00a0 \u00a0 \u00a0 \u00a0 \u00a0CTI, en cumplimiento de la notificaci\u00f3n roja de INTERPOL \u00a0 \u00a0 \u00a0 \u00a0 \u00a0N\u00b0A-A581\/1-2018 expedida el 18 de enero de 20184. \u00a0 \u00a0 \u00a0 \u00a0 \u00a0<\/p>\n<p>\u00a0\u00a0 \u00a0 \u00a0 \u00a0 \u00a0<\/p>\n<p>3. \u00a0 \u00a0 \u00a0 \u00a0 \u00a0A \u00a0 \u00a0 \u00a0 \u00a0 \u00a0trav\u00e9s de Nota Verbal No. 0702 \u00a0 \u00a0 \u00a0 \u00a0 \u00a0de 4 de mayo de 2018, la representaci\u00f3n diplom\u00e1tica \u00a0 \u00a0 \u00a0 \u00a0 \u00a0formaliz\u00f3 \u00a0 \u00a0 \u00a0 \u00a0 \u00a0el requerimiento de extradici\u00f3n de JHON KENNER OROBIO \u00a0 \u00a0 \u00a0 \u00a0 \u00a0GUERRERO y aport\u00f3 la documentaci\u00f3n pertinente \u00a0 \u00a0 \u00a0 \u00a0 \u00a0para tal efecto. \u00a0 \u00a0 \u00a0 \u00a0 \u00a0<\/p>\n<p>\u00a0\u00a0 \u00a0 \u00a0 \u00a0 \u00a0<\/p>\n<p>4. \u00a0 \u00a0 \u00a0 \u00a0 \u00a0Remitida \u00a0 \u00a0 \u00a0 \u00a0 \u00a0a esta Corporaci\u00f3n la solicitud de extradici\u00f3n por \u00a0 \u00a0 \u00a0 \u00a0 \u00a0el Director de Asuntos International del Ministerio de Justicia5, \u00a0 \u00a0 \u00a0 \u00a0 \u00a0la Sala, mediante auto de 26 de junio de 2018, corri\u00f3 \u00a0 \u00a0 \u00a0 \u00a0 \u00a0traslado a las partes para que, de conformidad con el art\u00edculo \u00a0 \u00a0 \u00a0 \u00a0 \u00a0500 de la Ley 906 de 2004, pidieran las pruebas que estimaren \u00a0 \u00a0 \u00a0 \u00a0 \u00a0pertinentes6. \u00a0 \u00a0 \u00a0 \u00a0 \u00a0<\/p>\n<p>\u00a0\u00a0 \u00a0 \u00a0 \u00a0 \u00a0<\/p>\n<p>Mientras \u00a0 \u00a0 \u00a0 \u00a0 \u00a0el Ministerio P\u00fablico guard\u00f3 silencio, el mandatario \u00a0 \u00a0 \u00a0 \u00a0 \u00a0judicial del requerido solicit\u00f3: \u00a0 \u00a0 \u00a0 \u00a0 \u00a0<\/p>\n<p>\u00a0\u00a0 \u00a0 \u00a0 \u00a0 \u00a0<\/p>\n<p>i) \u00a0 \u00a0 \u00a0 \u00a0 \u00a0Oficiar a la Corte Distrital de los Estados Unidos para el Distrito \u00a0 \u00a0 \u00a0 \u00a0 \u00a0Sur de California para que \u00abmodifique, \u00a0 \u00a0 \u00a0 \u00a0 \u00a0aclare o anule, la acusaci\u00f3n presentada por el se\u00f1or \u00a0 \u00a0 \u00a0 \u00a0 \u00a0Fiscal JOSHUA P. JONES Fiscal Auxiliar de los Estados Unidos (\u2026)\u00bb7. \u00a0 \u00a0 \u00a0 \u00a0 \u00a0<\/p>\n<p>\u00a0\u00a0 \u00a0 \u00a0 \u00a0 \u00a0<\/p>\n<p>ii) \u00a0 \u00a0 \u00a0 \u00a0 \u00a0Requerir a la Corte de los Estados Unidos del Sur de California para \u00a0 \u00a0 \u00a0 \u00a0 \u00a0que \u00abaclare, \u00a0 \u00a0 \u00a0 \u00a0 \u00a0la fecha exacta en que se vincul\u00f3 al se\u00f1or Jhon Kener \u00a0 \u00a0 \u00a0 \u00a0 \u00a0Orobio Guerrero, por narcotr\u00e1fico\u00bb. \u00a0 \u00a0 \u00a0 \u00a0 \u00a0<\/p>\n<p>\u00a0\u00a0 \u00a0 \u00a0 \u00a0 \u00a0<\/p>\n<p>iii) \u00a0 \u00a0 \u00a0 \u00a0 \u00a0Pedir a la oficina del Alto Comisionado para la Paz para que \u00a0 \u00a0 \u00a0 \u00a0 \u00a0certifique si JHON KENER OROBIO fue reconocido y aceptado como \u00a0 \u00a0 \u00a0 \u00a0 \u00a0miembro de las Fuerzas Armadas Revolucionarias de Colombia- FARC-EP \u00a0 \u00a0 \u00a0 \u00a0 \u00a0y si le fue otorgada la amnist\u00eda prevista en la Ley 1820 de \u00a0 \u00a0 \u00a0 \u00a0 \u00a02016. \u00a0 \u00a0 \u00a0 \u00a0 \u00a0<\/p>\n<p>\u00a0\u00a0 \u00a0 \u00a0 \u00a0 \u00a0<\/p>\n<p>iv) \u00a0 \u00a0 \u00a0 \u00a0 \u00a0Al \u00abRepresentante especial del secretariado especial\u00bb y \u00a0 \u00a0 \u00a0 \u00a0 \u00a0jefe de la misi\u00f3n de Naciones Unidas que certifique si JHON \u00a0 \u00a0 \u00a0 \u00a0 \u00a0KENER OROBIO GUERRERO entreg\u00f3 y complet\u00f3 la dejaci\u00f3n \u00a0 \u00a0 \u00a0 \u00a0 \u00a0del arma 002763 con su respectiva munici\u00f3n. \u00a0 \u00a0 \u00a0 \u00a0 \u00a0<\/p>\n<p>\u00a0\u00a0 \u00a0 \u00a0 \u00a0 \u00a0<\/p>\n<p>v) \u00a0 \u00a0 \u00a0 \u00a0 \u00a0Peticionar al Ministerio de Justicia y del Derecho para que remita \u00a0 \u00a0 \u00a0 \u00a0 \u00a0el Decreto 1096 de 27 de junio de 2017, por medio del cual se \u00a0 \u00a0 \u00a0 \u00a0 \u00a0concede una amnist\u00eda en los t\u00e9rminos de la Ley 1820 de \u00a0 \u00a0 \u00a0 \u00a0 \u00a02016. \u00a0 \u00a0 \u00a0 \u00a0 \u00a0<\/p>\n<p>\u00a0\u00a0 \u00a0 \u00a0 \u00a0 \u00a0<\/p>\n<p>5. \u00a0 \u00a0 \u00a0 \u00a0 \u00a0En \u00a0 \u00a0 \u00a0 \u00a0 \u00a0auto de 26 de septiembre resolvi\u00f3 las postulaciones \u00a0 \u00a0 \u00a0 \u00a0 \u00a0probatorias. \u00a0 \u00a0 \u00a0 \u00a0 \u00a0<\/p>\n<p>\u00a0\u00a0 \u00a0 \u00a0 \u00a0 \u00a0<\/p>\n<p>\u00a0\u00a0 \u00a0 \u00a0 \u00a0 \u00a0<\/p>\n<p>\u00a0\u00a0 \u00a0 \u00a0 \u00a0 \u00a0<\/p>\n<p>LA \u00a0 \u00a0 \u00a0 \u00a0 \u00a0DECISI\u00d3N RECURRIDA \u00a0 \u00a0 \u00a0 \u00a0 \u00a0<\/p>\n<p>\u00a0\u00a0 \u00a0 \u00a0 \u00a0 \u00a0<\/p>\n<p>En \u00a0 \u00a0 \u00a0 \u00a0 \u00a0lo atinente a las peticiones probatorias destinadas a requerir a la \u00a0 \u00a0 \u00a0 \u00a0 \u00a0Fiscal\u00eda Auxiliar del Distrito Sur de California de Estados \u00a0 \u00a0 \u00a0 \u00a0 \u00a0Unidos para que efectuara algunas precisiones, la Sala las rechaz\u00f3 \u00a0 \u00a0 \u00a0 \u00a0 \u00a0por improcedentes, advirtiendo que el tr\u00e1mite de extradici\u00f3n \u00a0 \u00a0 \u00a0 \u00a0 \u00a0no es el espacio para ventilar debates f\u00e1cticos, probatorios \u00a0 \u00a0 \u00a0 \u00a0 \u00a0o de responsabilidad. \u00a0 \u00a0 \u00a0 \u00a0 \u00a0<\/p>\n<p>\u00a0\u00a0 \u00a0 \u00a0 \u00a0 \u00a0<\/p>\n<p>De \u00a0 \u00a0 \u00a0 \u00a0 \u00a0otra parte, frente a la incorporaci\u00f3n de certificaciones \u00a0 \u00a0 \u00a0 \u00a0 \u00a0tendientes a demostrar que el requerido fue reconocido como miembro \u00a0 \u00a0 \u00a0 \u00a0 \u00a0de las FARC \u2013EP, la Sala accedi\u00f3 solamente a la \u00a0 \u00a0 \u00a0 \u00a0 \u00a0incorporaci\u00f3n del Decreto 1096 de 27 de junio de 2017, a fin \u00a0 \u00a0 \u00a0 \u00a0 \u00a0de establecer si a OROBIO GUERRERO se le concedi\u00f3 amnist\u00eda \u00a0 \u00a0 \u00a0 \u00a0 \u00a0y, se requiri\u00f3 a la Oficina del Alto Comisionado para la Paz \u00a0 \u00a0 \u00a0 \u00a0 \u00a0para que certificara si aqu\u00e9l fue reconocido y aceptado como \u00a0 \u00a0 \u00a0 \u00a0 \u00a0miembro de las FARC-EP a fin de determinar las circunstancias de \u00a0 \u00a0 \u00a0 \u00a0 \u00a0tiempo, modo y lugar que dieron lugar a ello. \u00a0 \u00a0 \u00a0 \u00a0 \u00a0<\/p>\n<p>\u00a0\u00a0 \u00a0 \u00a0 \u00a0 \u00a0<\/p>\n<p>EL \u00a0 \u00a0 \u00a0 \u00a0 \u00a0RECURSO \u00a0 \u00a0 \u00a0 \u00a0 \u00a0<\/p>\n<p>\u00a0\u00a0 \u00a0 \u00a0 \u00a0 \u00a0<\/p>\n<p>El \u00a0 \u00a0 \u00a0 \u00a0 \u00a0apoderado de JHON KENER OROBIO GUERRERO solicit\u00f3 la \u00a0 \u00a0 \u00a0 \u00a0 \u00a0reposici\u00f3n del auto por medio del cual fueron rechazadas \u00a0 \u00a0 \u00a0 \u00a0 \u00a0algunas pruebas. \u00a0 \u00a0 \u00a0 \u00a0 \u00a0<\/p>\n<p>\u00a0\u00a0 \u00a0 \u00a0 \u00a0 \u00a0<\/p>\n<p>Advirti\u00f3 \u00a0 \u00a0 \u00a0 \u00a0 \u00a0que por medio de las pruebas solicitadas se pretende cuestionar la \u00a0 \u00a0 \u00a0 \u00a0 \u00a0jurisdicci\u00f3n del Estado reclamante, pues se se\u00f1ala en \u00a0 \u00a0 \u00a0 \u00a0 \u00a0la acusaci\u00f3n que su defendido integraba una red de suministro \u00a0 \u00a0 \u00a0 \u00a0 \u00a0y transporte de coca\u00edna para ser distribuida desde Colombia a \u00a0 \u00a0 \u00a0 \u00a0 \u00a0Centro Am\u00e9rica, para su posterior distribuci\u00f3n en \u00a0 \u00a0 \u00a0 \u00a0 \u00a0Estados Unidos, sin que ello implique que el estupefaciente fue \u00a0 \u00a0 \u00a0 \u00a0 \u00a0introducido por los colombianos. En esas condiciones, la autoridad \u00a0 \u00a0 \u00a0 \u00a0 \u00a0requirente no tiene competencia para juzgar a su defendido. \u00a0 \u00a0 \u00a0 \u00a0 \u00a0<\/p>\n<p>\u00a0\u00a0 \u00a0 \u00a0 \u00a0 \u00a0<\/p>\n<p>As\u00ed \u00a0 \u00a0 \u00a0 \u00a0 \u00a0mismo, se\u00f1al\u00f3 que las normas internacionales que rigen \u00a0 \u00a0 \u00a0 \u00a0 \u00a0la extradici\u00f3n establecen que la acusaci\u00f3n debe ser \u00a0 \u00a0 \u00a0 \u00a0 \u00a0clara, precisa y concisa, no basada en supuestos ni en \u00a0 \u00a0 \u00a0 \u00a0 \u00a0imprecisiones, en tanto que esto afecta el debido proceso, de suerte \u00a0 \u00a0 \u00a0 \u00a0 \u00a0que se hace necesario oficiar a la Corte del Distrito Sur de \u00a0 \u00a0 \u00a0 \u00a0 \u00a0California de Estados Unidos para que aclare la fecha exacta y el \u00a0 \u00a0 \u00a0 \u00a0 \u00a0cargo concreto con el que se vincula a OROBIO GUERRERO. \u00a0 \u00a0 \u00a0 \u00a0 \u00a0<\/p>\n<p>\u00a0\u00a0 \u00a0 \u00a0 \u00a0 \u00a0<\/p>\n<p>Insisti\u00f3 \u00a0 \u00a0 \u00a0 \u00a0 \u00a0en que la petici\u00f3n de extradici\u00f3n se soport\u00f3 en \u00a0 \u00a0 \u00a0 \u00a0 \u00a0la declaraci\u00f3n jurada del Agente Especial de la \u00a0 \u00a0 \u00a0 \u00a0 \u00a0Administraci\u00f3n para el control de Drogas (DEA), sin que \u00a0 \u00a0 \u00a0 \u00a0 \u00a0aporte autorizaci\u00f3n de la Fiscal\u00eda para ejercer esas \u00a0 \u00a0 \u00a0 \u00a0 \u00a0funciones investigativas en Colombia, por lo que tal actuaci\u00f3n \u00a0 \u00a0 \u00a0 \u00a0 \u00a0se torna ilegal. \u00a0 \u00a0 \u00a0 \u00a0 \u00a0<\/p>\n<p>\u00a0\u00a0 \u00a0 \u00a0 \u00a0 \u00a0<\/p>\n<p>Advirti\u00f3 \u00a0 \u00a0 \u00a0 \u00a0 \u00a0que la acusaci\u00f3n viola tajantemente el debido proceso y el \u00a0 \u00a0 \u00a0 \u00a0 \u00a0derecho de defensa pues \u00abla \u00a0 \u00a0 \u00a0 \u00a0 \u00a0Fiscal\u00eda de los Estados Unidos de manera irregular en su \u00a0 \u00a0 \u00a0 \u00a0 \u00a0acusaci\u00f3n condena de manera radical al se\u00f1or JHON \u00a0 \u00a0 \u00a0 \u00a0 \u00a0KENER OROBIO GUERRERO, sin haberse iniciado el juicio\u00bb, \u00a0 \u00a0 \u00a0 \u00a0 \u00a0por ello, se debe oficiar a la Fiscal\u00eda del Estado requirente \u00a0 \u00a0 \u00a0 \u00a0 \u00a0para que enmiende, anule o corrija los vicios de fondo indicados, \u00a0 \u00a0 \u00a0 \u00a0 \u00a0tales como las imprecisiones en las fechas de ocurrencia de los \u00a0 \u00a0 \u00a0 \u00a0 \u00a0hechos. \u00a0 \u00a0 \u00a0 \u00a0 \u00a0<\/p>\n<p>\u00a0\u00a0 \u00a0 \u00a0 \u00a0 \u00a0<\/p>\n<p>CONSIDERACIONES \u00a0 \u00a0 \u00a0 \u00a0 \u00a0DE LA CORTE \u00a0 \u00a0 \u00a0 \u00a0 \u00a0<\/p>\n<p>\u00a0\u00a0 \u00a0 \u00a0 \u00a0 \u00a0<\/p>\n<p>1. \u00a0 \u00a0 \u00a0 \u00a0 \u00a0El \u00a0 \u00a0 \u00a0 \u00a0 \u00a0recurso de reposici\u00f3n tiene como prop\u00f3sito que el \u00a0 \u00a0 \u00a0 \u00a0 \u00a0mismo funcionario que emiti\u00f3 una decisi\u00f3n la revoque, \u00a0 \u00a0 \u00a0 \u00a0 \u00a0modifique o adicione. Para tal fin, el impugnante tiene la carga de \u00a0 \u00a0 \u00a0 \u00a0 \u00a0demostrar razonadamente que la providencia atacada es equivocada, \u00a0 \u00a0 \u00a0 \u00a0 \u00a0incompleta o imprecisa y, en ese entendido, le corresponde exponer \u00a0 \u00a0 \u00a0 \u00a0 \u00a0suficientemente los motivos de orden f\u00e1ctico, jur\u00eddico \u00a0 \u00a0 \u00a0 \u00a0 \u00a0y probatorio que as\u00ed lo acrediten. \u00a0 \u00a0 \u00a0 \u00a0 \u00a0<\/p>\n<p>\u00a0\u00a0 \u00a0 \u00a0 \u00a0 \u00a0<\/p>\n<p>2. \u00a0 \u00a0 \u00a0 \u00a0 \u00a0La \u00a0 \u00a0 \u00a0 \u00a0 \u00a0Sala anticipa que no repondr\u00e1 la decisi\u00f3n censurada, \u00a0 \u00a0 \u00a0 \u00a0 \u00a0porque el defensor de OROBIO GUERRERO no prob\u00f3 que aqu\u00e9lla \u00a0 \u00a0 \u00a0 \u00a0 \u00a0sea equivocada y deba ser reformada, por el contrario, se limit\u00f3 \u00a0 \u00a0 \u00a0 \u00a0 \u00a0a insistir en los argumentos expuestos inicialmente en las \u00a0 \u00a0 \u00a0 \u00a0 \u00a0solicitudes probatorias. \u00a0 \u00a0 \u00a0 \u00a0 \u00a0<\/p>\n<p>\u00a0\u00a0 \u00a0 \u00a0 \u00a0 \u00a0<\/p>\n<p>En \u00a0 \u00a0 \u00a0 \u00a0 \u00a0efecto, al cuestionar que no se haya requerido a la Fiscal\u00eda \u00a0 \u00a0 \u00a0 \u00a0 \u00a0del Distrito Sur de California para aclarar aspectos de la \u00a0 \u00a0 \u00a0 \u00a0 \u00a0acusaci\u00f3n, se limit\u00f3 a indicar que la misma es \u00a0 \u00a0 \u00a0 \u00a0 \u00a0imprecisa y con ello se afecta el debido proceso y el derecho de \u00a0 \u00a0 \u00a0 \u00a0 \u00a0defensa, sin indicar el yerro en el que Sala incurri\u00f3 al \u00a0 \u00a0 \u00a0 \u00a0 \u00a0negar esta pretensi\u00f3n. \u00a0 \u00a0 \u00a0 \u00a0 \u00a0<\/p>\n<p>\u00a0\u00a0 \u00a0 \u00a0 \u00a0 \u00a0<\/p>\n<p>Debe \u00a0 \u00a0 \u00a0 \u00a0 \u00a0se\u00f1alarse que frente a la pretensi\u00f3n de la defensa, \u00a0 \u00a0 \u00a0 \u00a0 \u00a0por medio de la cual solicita que la Fiscal\u00eda del Distrito \u00a0 \u00a0 \u00a0 \u00a0 \u00a0Sur de California precise el lugar de ocurrencia de los hechos por \u00a0 \u00a0 \u00a0 \u00a0 \u00a0los cuales su asistido fue requerido en extradici\u00f3n, se \u00a0 \u00a0 \u00a0 \u00a0 \u00a0insiste que con la informaci\u00f3n aportada por el Estado \u00a0 \u00a0 \u00a0 \u00a0 \u00a0requirente, para la Sala resulta suficiente para establecer que el \u00a0 \u00a0 \u00a0 \u00a0 \u00a0il\u00edcito tuvo ocurrencia, cuando menos parcialmente, en el \u00a0 \u00a0 \u00a0 \u00a0 \u00a0exterior. As\u00ed se consign\u00f3 en la acusaci\u00f3n \u00a0 \u00a0 \u00a0 \u00a0 \u00a0formal: \u00a0 \u00a0 \u00a0 \u00a0 \u00a0<\/p>\n<p>\u00a0\u00a0 \u00a0 \u00a0 \u00a0 \u00a0<\/p>\n<p>CARGO \u00a0 \u00a0 \u00a0 \u00a0 \u00a01 \u00a0 \u00a0 \u00a0 \u00a0 \u00a0<\/p>\n<p>\u00a0\u00a0 \u00a0 \u00a0 \u00a0 \u00a0<\/p>\n<p>(\u2026) \u00a0 \u00a0 \u00a0 \u00a0 \u00a0Los acusados (\u2026) y JHON KENNER OROBIO GUERRERO, alias \u201cWifi\u201d, \u00a0 \u00a0 \u00a0 \u00a0 \u00a0alias \u201cMalo\u201d, quienes ingresar\u00e1n primero a los \u00a0 \u00a0 \u00a0 \u00a0 \u00a0Estados Unidos en el Distrito Meridional de California, \u00a0 \u00a0 \u00a0 \u00a0 \u00a0efectivamente a sabiendas y voluntariamente conspiraron entre s\u00ed \u00a0 \u00a0 \u00a0 \u00a0 \u00a0con terceros (\u2026) a fin de poseer con la intenci\u00f3n de \u00a0 \u00a0 \u00a0 \u00a0 \u00a0distribuir 5 kilogramos o m\u00e1s de coca\u00edna, una \u00a0 \u00a0 \u00a0 \u00a0 \u00a0sustancia controlada categor\u00eda II, a bordo de una nave sujeta \u00a0 \u00a0 \u00a0 \u00a0 \u00a0a la jurisdicci\u00f3n de los Estados Unidos (\u2026) \u00a0 \u00a0 \u00a0 \u00a0 \u00a0<\/p>\n<p>\u00a0\u00a0 \u00a0 \u00a0 \u00a0 \u00a0<\/p>\n<p>(\u2026) \u00a0 \u00a0 \u00a0 \u00a0 \u00a0<\/p>\n<p>\u00a0\u00a0 \u00a0 \u00a0 \u00a0 \u00a0<\/p>\n<p>CARGO \u00a0 \u00a0 \u00a0 \u00a0 \u00a02 \u00a0 \u00a0 \u00a0 \u00a0 \u00a0<\/p>\n<p>\u00a0\u00a0 \u00a0 \u00a0 \u00a0 \u00a0<\/p>\n<p>(\u2026) \u00a0 \u00a0 \u00a0 \u00a0 \u00a0En los pa\u00edses de Colombia, Guatemala, Costa Rica, M\u00e9xico \u00a0 \u00a0 \u00a0 \u00a0 \u00a0y otros, los acusados (\u2026) y JHON KENER OROBIO GUERRERO alias \u00a0 \u00a0 \u00a0 \u00a0 \u00a0\u201cWifi\u201d, alias \u201cMalo\u201d, quienes ingresar\u00e1n \u00a0 \u00a0 \u00a0 \u00a0 \u00a0primero a los Estados Unidos en el Distrito Meridional de \u00a0 \u00a0 \u00a0 \u00a0 \u00a0California, a sabiendas e intencionalmente conspiraron entre s\u00ed \u00a0 \u00a0 \u00a0 \u00a0 \u00a0(\u2026) a fin de distribuir y facilitar la distribuci\u00f3n de \u00a0 \u00a0 \u00a0 \u00a0 \u00a0una sustancia controlada, a saber: 5 kilogramos y m\u00e1s de una \u00a0 \u00a0 \u00a0 \u00a0 \u00a0mezcla y sustancia que contiene una cantidad detectable de coca\u00edna \u00a0 \u00a0 \u00a0 \u00a0 \u00a0(\u2026) a sabiendas y teniendo causa razonable para creer que \u00a0 \u00a0 \u00a0 \u00a0 \u00a0dicha coca\u00edna ser\u00eda importada il\u00edcitamente a \u00a0 \u00a0 \u00a0 \u00a0 \u00a0los Estados Unidos (\u2026)8 \u00a0 \u00a0 \u00a0 \u00a0 \u00a0<\/p>\n<p>\u00a0\u00a0 \u00a0 \u00a0 \u00a0 \u00a0<\/p>\n<p>Y \u00a0 \u00a0 \u00a0 \u00a0 \u00a0en todo caso, esta Corporaci\u00f3n ha se\u00f1alado de manera \u00a0 \u00a0 \u00a0 \u00a0 \u00a0reiterada que los aspectos \u00a0 \u00a0 \u00a0 \u00a0 \u00a0\u00abrelacionados \u00a0 \u00a0 \u00a0 \u00a0 \u00a0con el lugar donde se materializ\u00f3 el injusto sobre el que se \u00a0 \u00a0 \u00a0 \u00a0 \u00a0funda el pedido de extradici\u00f3n, son temas que la Sala debe \u00a0 \u00a0 \u00a0 \u00a0 \u00a0abordar al momento de emitir el concepto de rigor\u00bb9. \u00a0 \u00a0 \u00a0 \u00a0 \u00a0<\/p>\n<p>\u00a0\u00a0 \u00a0 \u00a0 \u00a0 \u00a0<\/p>\n<p>Aunado \u00a0 \u00a0 \u00a0 \u00a0 \u00a0a ello, si de cuestionar la jurisdicci\u00f3n del Estado \u00a0 \u00a0 \u00a0 \u00a0 \u00a0requirente para juzgar a JHON KENER OROBIO GUERRERO, valga resaltar \u00a0 \u00a0 \u00a0 \u00a0 \u00a0el pac\u00edfico criterio jurisprudencial que esta Sala ha \u00a0 \u00a0 \u00a0 \u00a0 \u00a0mantenido, al afirmar: \u00a0 \u00a0 \u00a0 \u00a0 \u00a0<\/p>\n<p>\u00a0\u00a0 \u00a0 \u00a0 \u00a0 \u00a0<\/p>\n<p>Lo \u00a0 \u00a0 \u00a0 \u00a0 \u00a0anterior pone en evidencia la inviabilidad de decretar la prueba \u00a0 \u00a0 \u00a0 \u00a0 \u00a0reclamada por la defensa, pues incluso de admitirse, en gracia de \u00a0 \u00a0 \u00a0 \u00a0 \u00a0discusi\u00f3n, que el concierto il\u00edcito por el cual \u00a0 \u00a0 \u00a0 \u00a0 \u00a0ESTUPI\u00d1\u00c1N MICOLTA fue acusado se configur\u00f3 en \u00a0 \u00a0 \u00a0 \u00a0 \u00a0Colombia \u00a0\u2013 hip\u00f3tesis por dem\u00e1s puramente \u00a0 \u00a0 \u00a0 \u00a0 \u00a0especulativa, para cuyo sustento el abogado no ofreci\u00f3 \u00a0 \u00a0 \u00a0 \u00a0 \u00a0ninguna informaci\u00f3n o soporte argumentativo -, ello de \u00a0 \u00a0 \u00a0 \u00a0 \u00a0ninguna manera comportar\u00eda el menoscabo de la potestad \u00a0 \u00a0 \u00a0 \u00a0 \u00a0jurisdiccional del Estado requirente, pues los efectos de dicho \u00a0 \u00a0 \u00a0 \u00a0 \u00a0acuerdo \u2013 esto es, el efectivo despacho de estupefacientes \u2013 \u00a0 \u00a0 \u00a0 \u00a0 \u00a0habr\u00edan trascendido a su territorio. \u00a0 \u00a0 \u00a0 \u00a0 \u00a0<\/p>\n<p>\u00a0\u00a0 \u00a0 \u00a0 \u00a0 \u00a0<\/p>\n<p>(\u2026) \u00a0 \u00a0 \u00a0 \u00a0 \u00a0<\/p>\n<p>\u00a0\u00a0 \u00a0 \u00a0 \u00a0 \u00a0<\/p>\n<p>En \u00a0 \u00a0 \u00a0 \u00a0 \u00a0ese orden de cosas, y con independencia de que el delito de \u00a0 \u00a0 \u00a0 \u00a0 \u00a0concierto para delinquir sea aut\u00f3nomo respecto de los delitos \u00a0 \u00a0 \u00a0 \u00a0 \u00a0cuya comisi\u00f3n se acuerda, es evidente que la documentaci\u00f3n \u00a0 \u00a0 \u00a0 \u00a0 \u00a0allegada junto con la solicitud de extradici\u00f3n indica con \u00a0 \u00a0 \u00a0 \u00a0 \u00a0claridad que los efectos de ese il\u00edcito s\u00ed se habr\u00edan \u00a0 \u00a0 \u00a0 \u00a0 \u00a0perfeccionado y extendido m\u00e1s all\u00e1 del territorio \u00a0 \u00a0 \u00a0 \u00a0 \u00a0colombiano, lo cual pone en mayor evidencia la improcedencia del \u00a0 \u00a0 \u00a0 \u00a0 \u00a0debate planteado por la defensa sobre el lugar de comisi\u00f3n de \u00a0 \u00a0 \u00a0 \u00a0 \u00a0la conducta punible.10 \u00a0 \u00a0 \u00a0 \u00a0 \u00a0<\/p>\n<p>\u00a0\u00a0 \u00a0 \u00a0 \u00a0 \u00a0<\/p>\n<p>De \u00a0 \u00a0 \u00a0 \u00a0 \u00a0otra parte, ante la petici\u00f3n de la defensa a partir de la \u00a0 \u00a0 \u00a0 \u00a0 \u00a0cual se debe requerir al Gobierno de los Estados Unidos para que se \u00a0 \u00a0 \u00a0 \u00a0 \u00a0precise la fecha de los hechos, la Sala tambi\u00e9n advierte que \u00a0 \u00a0 \u00a0 \u00a0 \u00a0de la informaci\u00f3n que soporta la petici\u00f3n de \u00a0 \u00a0 \u00a0 \u00a0 \u00a0extradici\u00f3n ello se encuentra acreditado y, en todo caso, se \u00a0 \u00a0 \u00a0 \u00a0 \u00a0reitera que lo que pretende la defensa es cuestionar aspectos \u00a0 \u00a0 \u00a0 \u00a0 \u00a0propios del debate de responsabilidad, lo que desnaturaliza el \u00a0 \u00a0 \u00a0 \u00a0 \u00a0acto mismo de la extradici\u00f3n, pues \u00e9ste, no lleva \u00a0 \u00a0 \u00a0 \u00a0 \u00a0consigo ning\u00fan tipo de an\u00e1lisis sobre tal aspecto, \u00a0 \u00a0 \u00a0 \u00a0 \u00a0pues de lo contrario, supondr\u00eda una controversia de orden \u00a0 \u00a0 \u00a0 \u00a0 \u00a0jur\u00eddico que implicar\u00eda el desconocimiento de la \u00a0 \u00a0 \u00a0 \u00a0 \u00a0soberan\u00eda del pa\u00eds requirente. \u00a0 \u00a0 \u00a0 \u00a0 \u00a0<\/p>\n<p>\u00a0\u00a0 \u00a0 \u00a0 \u00a0 \u00a0<\/p>\n<p>En \u00a0 \u00a0 \u00a0 \u00a0 \u00a0ese entendido, como el censor no demostr\u00f3 que la decisi\u00f3n \u00a0 \u00a0 \u00a0 \u00a0 \u00a0adoptada presentara imprecisiones o inaplicara los precedentes \u00a0 \u00a0 \u00a0 \u00a0 \u00a0invocados al caso concreto, o demostrara que, contrario a lo \u00a0 \u00a0 \u00a0 \u00a0 \u00a0razonado por la Sala, la documentaci\u00f3n allegada al expediente \u00a0 \u00a0 \u00a0 \u00a0 \u00a0resulta insuficiente para establecer de manera seria el lugar y \u00a0 \u00a0 \u00a0 \u00a0 \u00a0fecha de ocurrencia de la aludida conducta punible, se confirmar\u00e1 \u00a0 \u00a0 \u00a0 \u00a0 \u00a0el auto de 26 de septiembre de 2018. \u00a0 \u00a0 \u00a0 \u00a0 \u00a0<\/p>\n<p>\u00a0\u00a0 \u00a0 \u00a0 \u00a0 \u00a0<\/p>\n<p>En \u00a0 \u00a0 \u00a0 \u00a0 \u00a0esas condiciones, necesariamente debe mantenerse, en este punto, el \u00a0 \u00a0 \u00a0 \u00a0 \u00a0auto censurado. \u00a0 \u00a0 \u00a0 \u00a0 \u00a0<\/p>\n<p>\u00a0\u00a0 \u00a0 \u00a0 \u00a0 \u00a0<\/p>\n<p>Finalmente, \u00a0 \u00a0 \u00a0 \u00a0 \u00a0como quiera que se hace necesario para garantizar los derechos del \u00a0 \u00a0 \u00a0 \u00a0 \u00a0requerido en extradici\u00f3n, conocer si existen antecedentes en \u00a0 \u00a0 \u00a0 \u00a0 \u00a0contra JHON KENER OROBIO GUERRERO, se adiciona la pr\u00e1ctica \u00a0 \u00a0 \u00a0 \u00a0 \u00a0probatoria, en el sentido de solicitar a la Fiscal\u00eda General \u00a0 \u00a0 \u00a0 \u00a0 \u00a0de la Naci\u00f3n, a la Polic\u00eda Nacional y a la oficina \u00a0 \u00a0 \u00a0 \u00a0 \u00a0encargada del Sistema de Informaci\u00f3n de Antecedentes de la \u00a0 \u00a0 \u00a0 \u00a0 \u00a0Fiscal\u00eda General -SIAN- para que informen si en contra de \u00a0 \u00a0 \u00a0 \u00a0 \u00a0\u00e9ste se adelant\u00f3 o se adelantan investigaciones o \u00a0 \u00a0 \u00a0 \u00a0 \u00a0aparecen antecedentes en su contra por la comisi\u00f3n de \u00a0 \u00a0 \u00a0 \u00a0 \u00a0cualquier conducta delictiva. \u00a0 \u00a0 \u00a0 \u00a0 \u00a0<\/p>\n<p>\u00a0\u00a0 \u00a0 \u00a0 \u00a0 \u00a0<\/p>\n<p>En \u00a0 \u00a0 \u00a0 \u00a0 \u00a0m\u00e9rito de lo expuesto, la Corte Suprema de Justicia, Sala de \u00a0 \u00a0 \u00a0 \u00a0 \u00a0Casaci\u00f3n Penal, \u00a0 \u00a0 \u00a0 \u00a0 \u00a0<\/p>\n<p>\u00a0\u00a0 \u00a0 \u00a0 \u00a0 \u00a0<\/p>\n<p>RESUELVE \u00a0 \u00a0 \u00a0 \u00a0 \u00a0<\/p>\n<p>\u00a0\u00a0 \u00a0 \u00a0 \u00a0 \u00a0<\/p>\n<p>1. \u00a0 \u00a0 \u00a0 \u00a0 \u00a0NO \u00a0 \u00a0 \u00a0 \u00a0 \u00a0REPONER el \u00a0 \u00a0 \u00a0 \u00a0 \u00a0auto de 26 de septiembre de 2018, por el cual se decidieron las \u00a0 \u00a0 \u00a0 \u00a0 \u00a0solicitudes probatorias elevadas por el defensor de JHON KENER \u00a0 \u00a0 \u00a0 \u00a0 \u00a0OROBIO GUERRERO. \u00a0 \u00a0 \u00a0 \u00a0 \u00a0<\/p>\n<p>2. \u00a0 \u00a0 \u00a0 \u00a0 \u00a0ADICIONAR \u00a0 \u00a0 \u00a0 \u00a0 \u00a0la decisi\u00f3n objeto del presente recurso, en el sentido de \u00a0 \u00a0 \u00a0 \u00a0 \u00a0solicitar \u00a0 \u00a0 \u00a0 \u00a0 \u00a0a la Fiscal\u00eda General de la Naci\u00f3n, a la Polic\u00eda \u00a0 \u00a0 \u00a0 \u00a0 \u00a0Nacional y a la oficina encargada del Sistema de Informaci\u00f3n \u00a0 \u00a0 \u00a0 \u00a0 \u00a0de Antecedentes de la Fiscal\u00eda General -SIAN- para que \u00a0 \u00a0 \u00a0 \u00a0 \u00a0informen si en contra de JHON KENER OROBIO GUERRERO se adelant\u00f3 \u00a0 \u00a0 \u00a0 \u00a0 \u00a0o se adelantan investigaciones o aparecen antecedentes en su contra \u00a0 \u00a0 \u00a0 \u00a0 \u00a0por la comisi\u00f3n de cualquier conducta delictiva, seg\u00fan \u00a0 \u00a0 \u00a0 \u00a0 \u00a0el caso, remitan copia de la decisi\u00f3n de fondo. \u00a0 \u00a0 \u00a0 \u00a0 \u00a0<\/p>\n<p>\u00a0\u00a0 \u00a0 \u00a0 \u00a0 \u00a0<\/p>\n<p>3. \u00a0 \u00a0 \u00a0 \u00a0 \u00a0 \u00a0 \u00a0 \u00a0 \u00a0 \u00a0Contra \u00a0 \u00a0 \u00a0 \u00a0 \u00a0este auto no procede recurso alguno \u00a0 \u00a0 \u00a0 \u00a0 \u00a0<\/p>\n<p>\u00a0\u00a0 \u00a0 \u00a0 \u00a0 \u00a0<\/p>\n<p>Notif\u00edquese \u00a0 \u00a0 \u00a0 \u00a0 \u00a0y c\u00famplase, \u00a0 \u00a0 \u00a0 \u00a0 \u00a0<\/p>\n<p>\u00a0\u00a0 \u00a0 \u00a0 \u00a0 \u00a0<\/p>\n<p>\u00a0\u00a0 \u00a0 \u00a0 \u00a0 \u00a0<\/p>\n<p>\u00a0\u00a0 \u00a0 \u00a0 \u00a0 \u00a0<\/p>\n<p>LUIS \u00a0 \u00a0 \u00a0 \u00a0 \u00a0ANTONIO HERN\u00c1NDEZ BARBOSA \u00a0 \u00a0 \u00a0 \u00a0 \u00a0<\/p>\n<p>\u00a0\u00a0 \u00a0 \u00a0 \u00a0 \u00a0<\/p>\n<p>\u00a0\u00a0 \u00a0 \u00a0 \u00a0 \u00a0<\/p>\n<p>\u00a0\u00a0 \u00a0 \u00a0 \u00a0 \u00a0<\/p>\n<p>JOS\u00c9 \u00a0 \u00a0 \u00a0 \u00a0 \u00a0FRANCISCO ACU\u00d1A VIZCAYA \u00a0 \u00a0 \u00a0 \u00a0 \u00a0<\/p>\n<p>\u00a0\u00a0 \u00a0 \u00a0 \u00a0 \u00a0<\/p>\n<p>\u00a0\u00a0 \u00a0 \u00a0 \u00a0 \u00a0<\/p>\n<p>\u00a0\u00a0 \u00a0 \u00a0 \u00a0 \u00a0<\/p>\n<p>JOS\u00c9 \u00a0 \u00a0 \u00a0 \u00a0 \u00a0LUIS BARCEL\u00d3 CAMACHO \u00a0 \u00a0 \u00a0 \u00a0 \u00a0<\/p>\n<p>\u00a0\u00a0 \u00a0 \u00a0 \u00a0 \u00a0<\/p>\n<p>\u00a0\u00a0 \u00a0 \u00a0 \u00a0 \u00a0<\/p>\n<p>\u00a0\u00a0 \u00a0 \u00a0 \u00a0 \u00a0<\/p>\n<p>FERNANDO \u00a0 \u00a0 \u00a0 \u00a0 \u00a0ALBERTO CASTRO CABALLERO \u00a0 \u00a0 \u00a0 \u00a0 \u00a0<\/p>\n<p>\u00a0\u00a0 \u00a0 \u00a0 \u00a0 \u00a0<\/p>\n<p>\u00a0\u00a0 \u00a0 \u00a0 \u00a0 \u00a0<\/p>\n<p>\u00a0\u00a0 \u00a0 \u00a0 \u00a0 \u00a0<\/p>\n<p>EUGENIO \u00a0 \u00a0 \u00a0 \u00a0 \u00a0FERN\u00c1NDEZ CARLIER \u00a0 \u00a0 \u00a0 \u00a0 \u00a0<\/p>\n<p>\u00a0\u00a0 \u00a0 \u00a0 \u00a0 \u00a0<\/p>\n<p>\u00a0\u00a0 \u00a0 \u00a0 \u00a0 \u00a0<\/p>\n<p>\u00a0\u00a0 \u00a0 \u00a0 \u00a0 \u00a0<\/p>\n<p>EYDER \u00a0 \u00a0 \u00a0 \u00a0 \u00a0PATI\u00d1O CABRERA \u00a0 \u00a0 \u00a0 \u00a0 \u00a0<\/p>\n<p>\u00a0\u00a0 \u00a0 \u00a0 \u00a0 \u00a0<\/p>\n<p>\u00a0\u00a0 \u00a0 \u00a0 \u00a0 \u00a0<\/p>\n<p>\u00a0\u00a0 \u00a0 \u00a0 \u00a0 \u00a0<\/p>\n<p>PATRICIA \u00a0 \u00a0 \u00a0 \u00a0 \u00a0SALAZAR CU\u00c9LLAR \u00a0 \u00a0 \u00a0 \u00a0 \u00a0<\/p>\n<p>\u00a0\u00a0 \u00a0 \u00a0 \u00a0 \u00a0<\/p>\n<p>\u00a0\u00a0 \u00a0 \u00a0 \u00a0 \u00a0<\/p>\n<p>\u00a0\u00a0 \u00a0 \u00a0 \u00a0 \u00a0<\/p>\n<p>LUIS \u00a0 \u00a0 \u00a0 \u00a0 \u00a0GUILLERMO SALAZAR OTERO \u00a0 \u00a0 \u00a0 \u00a0 \u00a0<\/p>\n<p>\u00a0\u00a0 \u00a0 \u00a0 \u00a0 \u00a0<\/p>\n<p>\u00a0\u00a0 \u00a0 \u00a0 \u00a0 \u00a0<\/p>\n<p>NUBIA \u00a0 \u00a0 \u00a0 \u00a0 \u00a0YOLANDA NOVA GARC\u00cdA \u00a0 \u00a0 \u00a0 \u00a0 \u00a0<\/p>\n<p>Secretaria \u00a0<\/p>\n<p>1 \u00a0 \u00a0 \u00a0 \u00a0 \u00a0Fls \u00a0 \u00a0 \u00a0 \u00a0 \u00a07 a 13 carpeta adjunta. \u00a0<\/p>\n<p>2 \u00a0 \u00a0 \u00a0 \u00a0 \u00a0Fls. 73 a 76 carpeta adjunta 2 \u00a0<\/p>\n<p>3 \u00a0 \u00a0 \u00a0 \u00a0 \u00a0Fls. 2 a 5 carpeta adjunta 2 \u00a0<\/p>\n<p>4 \u00a0 \u00a0 \u00a0 \u00a0 \u00a0Fls. 23 a 49 carpeta adjunta 2 \u00a0<\/p>\n<p>5 \u00a0 \u00a0 \u00a0 \u00a0 \u00a0Fls. \u00a0 \u00a0 \u00a0 \u00a0 \u00a01 Y 2., C. de la Corte. \u00a0<\/p>\n<p>6 \u00a0 \u00a0 \u00a0 \u00a0 \u00a0Fl. \u00a0 \u00a0 \u00a0 \u00a0 \u00a015, C. de la Corte. \u00a0<\/p>\n<p>7 \u00a0 \u00a0 \u00a0 \u00a0 \u00a0Folios \u00a0 \u00a0 \u00a0 \u00a0 \u00a018-19 ib\u00eddem. \u00a0<\/p>\n<p>8 \u00a0 \u00a0 \u00a0 \u00a0 \u00a0Fls 46 y 77 carpeta adjunta 2 \u00a0<\/p>\n<p>9 \u00a0 \u00a0 \u00a0 \u00a0 \u00a0CSJ AP, 14 mar. 2018, rad. 51903. As\u00ed mismo, CSJ AP8334 \u2013 \u00a0 \u00a0 \u00a0 \u00a0 \u00a02017. \u00a0<\/p>\n<p>10 \u00a0 \u00a0 \u00a0 \u00a0 \u00a0AP3354-2018 \u00a0<\/p>\n<p>7 \u00a0 \u00a0 \u00a0<\/p>\n<p><\/p>\n","protected":false},"excerpt":{"rendered":"<p>\u00a0 \u00a0 \u00a0 Extradici\u00f3n \u00a0 \u00a0 \u00a0 \u00a0 \u00a052786 \u00a0 \u00a0 \u00a0 \u00a0 \u00a0 JHON \u00a0 \u00a0 \u00a0 \u00a0 \u00a0KENNER OROBIO GUERRERO \u00a0 \u00a0 \u00a0 \u00a0 \u00a0 \u00a0 \u00a0\u00a0 EUGENIO \u00a0 \u00a0 \u00a0 \u00a0 \u00a0FERN\u00c1NDEZ CARLIER \u00a0 \u00a0 \u00a0 \u00a0 \u00a0 Magistrado \u00a0 \u00a0 \u00a0 \u00a0 \u00a0Ponente \u00a0 \u00a0 \u00a0 \u00a0 \u00a0 \u00a0\u00a0 \u00a0 \u00a0 [&hellip;]<\/p>\n","protected":false},"author":1,"featured_media":0,"comment_status":"open","ping_status":"open","sticky":false,"template":"","format":"standard","meta":{"footnotes":""},"categories":[27],"tags":[],"class_list":["post-36132","post","type-post","status-publish","format-standard","hentry","category-27"],"_links":{"self":[{"href":"https:\/\/dmsjuridica.com\/buscador_20179478954\/salapenalcronologico20230723\/wp-json\/wp\/v2\/posts\/36132","targetHints":{"allow":["GET"]}}],"collection":[{"href":"https:\/\/dmsjuridica.com\/buscador_20179478954\/salapenalcronologico20230723\/wp-json\/wp\/v2\/posts"}],"about":[{"href":"https:\/\/dmsjuridica.com\/buscador_20179478954\/salapenalcronologico20230723\/wp-json\/wp\/v2\/types\/post"}],"author":[{"embeddable":true,"href":"https:\/\/dmsjuridica.com\/buscador_20179478954\/salapenalcronologico20230723\/wp-json\/wp\/v2\/users\/1"}],"replies":[{"embeddable":true,"href":"https:\/\/dmsjuridica.com\/buscador_20179478954\/salapenalcronologico20230723\/wp-json\/wp\/v2\/comments?post=36132"}],"version-history":[{"count":0,"href":"https:\/\/dmsjuridica.com\/buscador_20179478954\/salapenalcronologico20230723\/wp-json\/wp\/v2\/posts\/36132\/revisions"}],"wp:attachment":[{"href":"https:\/\/dmsjuridica.com\/buscador_20179478954\/salapenalcronologico20230723\/wp-json\/wp\/v2\/media?parent=36132"}],"wp:term":[{"taxonomy":"category","embeddable":true,"href":"https:\/\/dmsjuridica.com\/buscador_20179478954\/salapenalcronologico20230723\/wp-json\/wp\/v2\/categories?post=36132"},{"taxonomy":"post_tag","embeddable":true,"href":"https:\/\/dmsjuridica.com\/buscador_20179478954\/salapenalcronologico20230723\/wp-json\/wp\/v2\/tags?post=36132"}],"curies":[{"name":"wp","href":"https:\/\/api.w.org\/{rel}","templated":true}]}}