{"id":36030,"date":"2023-09-13T21:43:11","date_gmt":"2023-09-13T21:43:11","guid":{"rendered":"https:\/\/dmsjuridica.com\/buscador_20179478954\/salapenalcronologico20230723\/2023\/09\/13\/ap4346-201852737\/"},"modified":"2023-09-13T21:43:11","modified_gmt":"2023-09-13T21:43:11","slug":"ap4346-201852737","status":"publish","type":"post","link":"https:\/\/dmsjuridica.com\/buscador_20179478954\/salapenalcronologico20230723\/2023\/09\/13\/ap4346-201852737\/","title":{"rendered":"AP4346-2018(52737)"},"content":{"rendered":"\n<p>\u00a0 \u00a0 \u00a0 \u00a0\u00a0<\/p>\n<p>JOS\u00c9 \u00a0FRANCISCO ACU\u00d1A VIZCAYA \u00a0<\/p>\n<p>Magistrado \u00a0ponente \u00a0<\/p>\n<p>AP4346- \u00a02018 \u00a0<\/p>\n<p>Radicaci\u00f3n \u00a0N\u00b0 52737 \u00a0<\/p>\n<p>(Aprobado \u00a0Acta No.351) \u00a0<\/p>\n<p>Bogot\u00e1 \u00a0D.C., tres (3) de octubre de dos mil dieciocho (2018). \u00a0<\/p>\n<p>1. \u00a0Corresponde a la Sala pronunciarse sobre el impedimento manifestado \u00a0por los Honorables Magistrados \u00a0JOS\u00c9 LUIS BARCEL\u00d3 CAMACHO, FERNANDO ALBERTO CASTRO \u00a0CABALLERO, EUGENIO FERN\u00c1NDEZ CARLIER, EYDER PATI\u00d1O \u00a0CABRERA, PATRICIA SALAZAR CU\u00c9LLAR y LUIS GUILLERMO SALAZAR \u00a0OTERO \u00a0con fundamento en \u00a0lo dispuesto en los art\u00edculos 56 -ordinal 6\u00b0- y 197 de la \u00a0Ley 906 de 2004. \u00a0<\/p>\n<p>2. \u00a0Los mencionados Magistrados indicaron \u00a0que, \u00a0como integrantes de la Sala de Casaci\u00f3n Penal de la Corte \u00a0Suprema de Justicia, suscribieron \u00a0la providencia del 11 de marzo de 2015 CSJ SP2751-2015 (Rad. 47642), \u00a0mediante la cual la Corporaci\u00f3n cas\u00f3 oficiosa y \u00a0parcialmente la sentencia proferida el 4 de abril de 2014 por la Sala \u00a0Penal del Tribunal Superior de Neiva, para fijar en 266 meses la pena \u00a0de prisi\u00f3n impuesta a Eustaquio Dar\u00edo R\u00edos \u00a0Tovar, mientras que en los dem\u00e1s aspectos permaneci\u00f3 \u00a0inc\u00f3lume el fallo. \u00a0<\/p>\n<p>3. \u00a0En ese orden de ideas, como quiera que la referida decisi\u00f3n \u00a0\u00ab(\u2026) \u00a0conforma un todo con aquellas sentencias que han sido objeto de la \u00a0acci\u00f3n de revisi\u00f3n\u00bb (CSJ \u00a0AP, 21 Ene 2016, Rad. 46433, CSJ AP, 12 Ene 2016, Rad. 46818) resulta \u00a0procedente la aceptaci\u00f3n del impedimento y la consecuente \u00a0separaci\u00f3n del asunto de los Magistrados que as\u00ed lo \u00a0exteriorizaron, porque, en efecto, les est\u00e1 vedado decidir en \u00a0esta instancia extraordinaria acerca de una providencia sobre la \u00a0cual, al pronunciarse respecto de la demanda de casaci\u00f3n, \u00a0consideraron que en lo concerniente al ahora libelista Humberto \u00a0Matta Grey, \u00a0estaba ajustada a la legalidad. \u00a0<\/p>\n<p>En \u00a0m\u00e9rito de lo expuesto, la Sala de Casaci\u00f3n Penal de la \u00a0Corte Suprema de Justicia, \u00a0<\/p>\n<p>RESUELVE \u00a0<\/p>\n<p>1. \u00a0 \u00a0 \u00a0 \u00a0ACEPTAR \u00a0el impedimento manifestado por los Honorables Magistrados JOS\u00c9 \u00a0LUIS BARCEL\u00d3 CAMACHO, FERNANDO ALBERTO CASTRO CABALLERO, \u00a0EUGENIO FERN\u00c1NDEZ CARLIER, EYDER PATI\u00d1O CABRERA, \u00a0PATRICIA SALAZAR CU\u00c9LLAR y LUIS GUILLERMO SALAZAR OTERO, \u00a0de conformidad con las razones consignadas. \u00a0<\/p>\n<p>2. \u00a0 \u00a0 \u00a0 \u00a0SEPARAR, \u00a0en \u00a0consecuencia, del conocimiento del presente asunto, a los Honorables \u00a0Magistrados cuyo impedimento se acepta. \u00a0<\/p>\n<p>Contra \u00a0este prove\u00eddo no procede recurso alguno. \u00a0<\/p>\n<p>Comun\u00edquese \u00a0y c\u00famplase. \u00a0<\/p>\n<p>LUIS \u00a0ANTONIO HERN\u00c1NDEZ BARBOSA \u00a0<\/p>\n<p>Magistrado \u00a0<\/p>\n<p>JOS\u00c9 \u00a0FRANCISCO ACU\u00d1A VIZCAYA \u00a0<\/p>\n<p>Magistrado \u00a0<\/p>\n<p>FRANCISCO \u00a0BERNATE OCHOA \u00a0<\/p>\n<p>Conjuez \u00a0<\/p>\n<p>JULIO \u00a0ANDR\u00c9S SAMPEDRO ARRUBLA \u00a0<\/p>\n<p>Conjuez \u00a0<\/p>\n<p>PEDRO \u00a0ENRIQUE AGUILAR LE\u00d3N \u00a0<\/p>\n<p>Conjuez \u00a0<\/p>\n<p>JUAN \u00a0DAVID RIVEROS BARRAG\u00c1N \u00a0<\/p>\n<p>Conjuez \u00a0<\/p>\n<p>RICARDO \u00a0POSADA MAYA \u00a0<\/p>\n<p>Conjuez \u00a0<\/p>\n<p>NUBIA \u00a0YOLANDA NOVA GARC\u00cdA \u00a0<\/p>\n<p>Secretaria \u00a0<\/p>\n<p>4 \u00a0 \u00a0 \u00a0<\/p>\n<p><\/p>\n","protected":false},"excerpt":{"rendered":"<p>\u00a0 \u00a0 \u00a0 \u00a0\u00a0 JOS\u00c9 \u00a0FRANCISCO ACU\u00d1A VIZCAYA \u00a0 Magistrado \u00a0ponente \u00a0 AP4346- \u00a02018 \u00a0 Radicaci\u00f3n \u00a0N\u00b0 52737 \u00a0 (Aprobado \u00a0Acta No.351) \u00a0 Bogot\u00e1 \u00a0D.C., tres (3) de octubre de dos mil dieciocho (2018). \u00a0 1. \u00a0Corresponde a la Sala pronunciarse sobre el impedimento manifestado \u00a0por los Honorables Magistrados \u00a0JOS\u00c9 LUIS BARCEL\u00d3 CAMACHO, FERNANDO ALBERTO [&hellip;]<\/p>\n","protected":false},"author":1,"featured_media":0,"comment_status":"open","ping_status":"open","sticky":false,"template":"","format":"standard","meta":{"footnotes":""},"categories":[27],"tags":[],"class_list":["post-36030","post","type-post","status-publish","format-standard","hentry","category-27"],"_links":{"self":[{"href":"https:\/\/dmsjuridica.com\/buscador_20179478954\/salapenalcronologico20230723\/wp-json\/wp\/v2\/posts\/36030","targetHints":{"allow":["GET"]}}],"collection":[{"href":"https:\/\/dmsjuridica.com\/buscador_20179478954\/salapenalcronologico20230723\/wp-json\/wp\/v2\/posts"}],"about":[{"href":"https:\/\/dmsjuridica.com\/buscador_20179478954\/salapenalcronologico20230723\/wp-json\/wp\/v2\/types\/post"}],"author":[{"embeddable":true,"href":"https:\/\/dmsjuridica.com\/buscador_20179478954\/salapenalcronologico20230723\/wp-json\/wp\/v2\/users\/1"}],"replies":[{"embeddable":true,"href":"https:\/\/dmsjuridica.com\/buscador_20179478954\/salapenalcronologico20230723\/wp-json\/wp\/v2\/comments?post=36030"}],"version-history":[{"count":0,"href":"https:\/\/dmsjuridica.com\/buscador_20179478954\/salapenalcronologico20230723\/wp-json\/wp\/v2\/posts\/36030\/revisions"}],"wp:attachment":[{"href":"https:\/\/dmsjuridica.com\/buscador_20179478954\/salapenalcronologico20230723\/wp-json\/wp\/v2\/media?parent=36030"}],"wp:term":[{"taxonomy":"category","embeddable":true,"href":"https:\/\/dmsjuridica.com\/buscador_20179478954\/salapenalcronologico20230723\/wp-json\/wp\/v2\/categories?post=36030"},{"taxonomy":"post_tag","embeddable":true,"href":"https:\/\/dmsjuridica.com\/buscador_20179478954\/salapenalcronologico20230723\/wp-json\/wp\/v2\/tags?post=36030"}],"curies":[{"name":"wp","href":"https:\/\/api.w.org\/{rel}","templated":true}]}}