{"id":35759,"date":"2023-09-13T21:41:54","date_gmt":"2023-09-13T21:41:54","guid":{"rendered":"https:\/\/dmsjuridica.com\/buscador_20179478954\/salapenalcronologico20230723\/2023\/09\/13\/ap364-201849988\/"},"modified":"2023-09-13T21:41:54","modified_gmt":"2023-09-13T21:41:54","slug":"ap364-201849988","status":"publish","type":"post","link":"https:\/\/dmsjuridica.com\/buscador_20179478954\/salapenalcronologico20230723\/2023\/09\/13\/ap364-201849988\/","title":{"rendered":"AP364-2018(49988)"},"content":{"rendered":"\n<p>\u00a0 \u00a0 \u00a0 \u00a0\u00a0<\/p>\n<p>Magistrado Ponente \u00a0<\/p>\n<p>LUIS ANTONIO HERN\u00c1NDEZ \u00a0BARBOSA \u00a0<\/p>\n<p>AP364-2018 \u00a0<\/p>\n<p>Radicaci\u00f3n 49988 \u00a0<\/p>\n<p>Aprobado Acta No. 25 \u00a0<\/p>\n<p>Bogot\u00e1, D.C., treinta y \u00a0uno (31) de enero de dos mil dieciocho (2018). \u00a0<\/p>\n<p>VISTOS: \u00a0<\/p>\n<p>Resuelve la Corte la solicitud \u00a0de desistimiento expresada por el Gobierno del Reino de los Pa\u00edses \u00a0Bajos, mediante Nota Verbal BOGNL\/2017\/540 del 21 de diciembre de \u00a02017, respecto de la solicitud de extradici\u00f3n del ciudadano \u00a0colombiano MANUEL ENRIQUE P\u00c9REZ CABRERA. \u00a0<\/p>\n<p>ANTECEDENTES: \u00a0<\/p>\n<p>Mediante Notas Verbales \u00a0BOGNL\/2017\/042 y BOGNL\/2017\/045 del 1\u00ba y 2 de febrero de 2017, \u00a0respectivamente, el Gobierno del Reino de los Pa\u00edses Bajos \u00a0solicit\u00f3 la detenci\u00f3n provisional con fines de \u00a0extradici\u00f3n del ciudadano colombiano MANUEL ENRIQUE P\u00c9REZ \u00a0CABRERA, \u00a0quien es requerido por la Fiscal\u00eda Nacional, Unidad del Norte \u00a0y Este de los Pa\u00edses Bajos Fugitive \u00a0Active Search Team, \u00a0para que termine de cumplir la sentencia abreviada dictada el 29 de \u00a0noviembre de 2005, por el Tribunal del Distrito Judicial de Harlem \u00a0(Pa\u00edses Bajos). \u00a0<\/p>\n<p>Con fundamento en esa petici\u00f3n, \u00a0la Fiscal\u00eda General de la Naci\u00f3n, decret\u00f3, \u00a0mediante Resoluci\u00f3n de 6 de febrero de 2017, la captura de \u00a0MANUEL ENRIQUE P\u00c9REZ CABRERA, quien \u00a0fue capturado el 30 de enero del mismo a\u00f1o en virtud de la \u00a0Circular Roja de la Interpol A-9617\/10-2016. \u00a0<\/p>\n<p>Por medio de la Nota Verbal \u00a0BOGNL\/2017\/109 del 13 de marzo de 2017, la Representaci\u00f3n \u00a0Diplom\u00e1tica del Reino de los Pa\u00edses Bajos formaliz\u00f3 \u00a0la solicitud de extradici\u00f3n de MANUEL ENRIQUE P\u00c9REZ \u00a0CABRERA. \u00a0<\/p>\n<p>A su vez, el Ministerio de \u00a0Relaciones Exteriores, con oficio DIAJI 0581 del 15 de febrero de \u00a02017, dirigido a la Cartera de Justicia y del Derecho, conceptu\u00f3: \u00a0<\/p>\n<p>\u00abConforme lo \u00a0establecido en nuestra legislaci\u00f3n procesal penal interna, se \u00a0informa que es del caso proceder con sujeci\u00f3n a las \u00a0convenciones de las cuales son parte la Rep\u00fablica de Colombia \u00a0y el Reino de los Pa\u00edses Bajos: La Convenci\u00f3n de la \u00a0Naciones Unidas contra el tr\u00e1fico il\u00edcito de \u00a0estupefacientes y sustancias psicotr\u00f3picas, suscrita en Viena \u00a0el 20 de diciembre de 1988. En ese sentido, el art\u00edculo 6 \u00a0numerales 4 y 5 del precitado tratado disponen lo siguiente: \u00a0<\/p>\n<p>4. Las partes que no \u00a0supediten la extradici\u00f3n a la existencia de un tratado \u00a0reconocer\u00e1n los delitos a los que se aplica el presente \u00a0art\u00edculo como casos de extradici\u00f3n entre ellas. \u00a0<\/p>\n<p>5. La extradici\u00f3n \u00a0estar\u00e1 sujeta a las condiciones previstas por la legislaci\u00f3n \u00a0de la Parte requerida o por los tratados de extradici\u00f3n \u00a0aplicables, incluidos los motivos por los que la Parte requerida \u00a0puede denegar la extradici\u00f3n. \u00a0<\/p>\n<p>Por su parte, el Jefe de la \u00a0Oficina de Asuntos Internacionales del Ministerio de Justicia y del \u00a0Derecho, con oficio OFI17-0007583-OAI-1100 del 17 de marzo de 2017, \u00a0remiti\u00f3 a esta Corte la solicitud de extradici\u00f3n con \u00a0la documentaci\u00f3n reunida. \u00a0<\/p>\n<p>Garantizado el derecho a la \u00a0defensa de MANUEL ENRIQUE P\u00c9REZ CABRERA, la Sala en auto \u00a0del AP5865-2017 del 6 de septiembre de 2017, neg\u00f3 la \u00a0pr\u00e1ctica de pruebas solicitada por su apoderado y, a la par, \u00a0dispuso que de oficio se aclare una inconsistencia plasmada en la \u00a0traducci\u00f3n oficial, respecto del tiempo que el requerido \u00a0estuvo privado de la libertad. \u00a0<\/p>\n<p>Encontr\u00e1ndose el \u00a0expediente al despacho, la Directora de Asuntos Jur\u00eddicos \u00a0Internacionales del Ministerio de Justicia y del Derecho, a trav\u00e9s \u00a0de oficio DIAJI 2996 del 21 diciembre de 2017, alleg\u00f3 Nota \u00a0Verbal BOGNL\/2017\/540 del 21 de diciembre de 2017, proferida por el \u00a0Gobierno del Reino de los Pa\u00edses Bajos, en la que se\u00f1ala \u00a0que desisten y retiran la solicitud de extradici\u00f3n: \u00a0<\/p>\n<p>\u00abLa Embajada del Reino \u00a0de los pa\u00edses Bajos saluda muy atentamente al Honorable \u00a0Ministerio de Relaciones Exteriores, Direcci\u00f3n de Asuntos \u00a0Jur\u00eddicos Internacionales con referencia a la Nota \u00a0BOGNL\/2017\/515 del 30 de noviembre de 2017 por la presente tiene el \u00a0honor de solicitar hacer entrega de esta nota a la doctora Alejandra \u00a0Valencia Gartner, Directora de Asuntos Jur\u00eddicos \u00a0Internacionales. \u00a0<\/p>\n<p>Con relaci\u00f3n a la \u00a0nota arriba mencionada se informa, que con conformidad con las \u00a0instrucciones recibidas en (sic) d\u00eda de hoy de las autoridades \u00a0competentes holandesas, desisten y retiran la solicitud de \u00a0extradici\u00f3n del se\u00f1or Manuel Enrique P\u00e9rez \u00a0Cabrera con fecha de nacimiento 24 de marzo de 1960 en Bogot\u00e1 \u00a0Colombia y c\u00e9dula de ciudadan\u00eda 19.417.260\u00bb. \u00a0<\/p>\n<p>La solicitud de extradici\u00f3n \u00a0se desiste teniendo en cuenta que \u00a0el se\u00f1or P\u00c9REZ \u00a0CABRERA ha pasado m\u00e1s tiempo en detenci\u00f3n para ser \u00a0extraditado de lo que deber\u00eda estar en los Pa\u00edses Bajos \u00a0con una solicitud de interrupci\u00f3n de la pena\u00bb. \u00a0<\/p>\n<p>CONSIDERACIONES DE LA CORTE: \u00a0<\/p>\n<p>Visto el contenido de la Nota \u00a0Verbal BOGNL\/2017\/540 del 21 de diciembre de 2017 \u00a0proveniente del Gobierno \u00a0del Reino de los Pa\u00edses Bajos, \u00a0allegada regularmente por la v\u00eda diplom\u00e1tica, a la Sala \u00a0de Casaci\u00f3n Penal de la Corte Suprema de Justicia no le asiste \u00a0duda en cuanto que el Gobierno del pa\u00eds reclamante ha \u00a0declinado expresamente de la solicitud de entrega en extradici\u00f3n \u00a0del ciudadano colombiano MANUEL ENRIQUE P\u00c9REZ CABRERA. \u00a0<\/p>\n<p>As\u00ed las cosas, se dar\u00e1 \u00a0por terminado el tr\u00e1mite de extradici\u00f3n seguido en \u00a0relaci\u00f3n con el referido ciudadano y, en consecuencia, \u00a0dispondr\u00e1 la \u00a0devoluci\u00f3n de la actuaci\u00f3n al Ministerio de Justicia y \u00a0del Derecho, previa comunicaci\u00f3n al requerido, su defensor y a \u00a0la Fiscal\u00eda General de la Naci\u00f3n para \u00a0los fines propios de su conocimiento, en particular para que se \u00a0pronuncie respecto de la privaci\u00f3n de la libertad del \u00a0reclamado P\u00c9REZ CABRERA. \u00a0<\/p>\n<p>En m\u00e9rito \u00a0de lo expuesto, la Corte Suprema de Justicia, en Sala de Casaci\u00f3n \u00a0Penal, \u00a0<\/p>\n<p>RESUELVE: \u00a0<\/p>\n<p>\u00a0 \u00a0\u00a0 \u00a0 \u00a0 \u00a0 \u00a0<\/p>\n<p>1. DECLARAR TERMINADO \u00a0 \u00a0 \u00a0 \u00a0 \u00a0el tr\u00e1mite de extradici\u00f3n adelantado por solicitud del \u00a0 \u00a0 \u00a0 \u00a0 \u00a0Gobierno del Reino de \u00a0 \u00a0 \u00a0 \u00a0 \u00a0los Pa\u00edses Bajos \u00a0 \u00a0 \u00a0 \u00a0 \u00a0en relaci\u00f3n con el ciudadano colombiano MANUEL ENRIQUE P\u00c9REZ \u00a0 \u00a0 \u00a0 \u00a0 \u00a0CABRERA por las razones \u00a0 \u00a0 \u00a0 \u00a0 \u00a0expuestas. \u00a0<\/p>\n<p>\u00a0 \u00a0\u00a0 \u00a0 \u00a0 \u00a0 \u00a0<\/p>\n<p>2. REMITIR \u00a0 \u00a0 \u00a0 \u00a0 \u00a0de manera inmediata \u00a0 \u00a0 \u00a0 \u00a0 \u00a0copia de esta decisi\u00f3n al \u00a0 \u00a0 \u00a0 \u00a0 \u00a0ciudadano MANUEL \u00a0 \u00a0 \u00a0 \u00a0 \u00a0ENRIQUE P\u00c9REZ CABRERA, a su \u00a0 \u00a0 \u00a0 \u00a0 \u00a0defensor, a \u00a0 \u00a0 \u00a0 \u00a0 \u00a0los Ministerios de Relaciones Exteriores, de Justicia y del Derecho \u00a0 \u00a0 \u00a0 \u00a0 \u00a0para su conocimiento y fines pertinentes, as\u00ed como al Fiscal \u00a0 \u00a0 \u00a0 \u00a0 \u00a0General de la Naci\u00f3n, a quien se le informar\u00e1 que el \u00a0 \u00a0 \u00a0 \u00a0 \u00a0solicitado se encuentra privado de la libertad, a su disposici\u00f3n. \u00a0<\/p>\n<p>\u00a0 \u00a0\u00a0 \u00a0 \u00a0 \u00a0 \u00a0<\/p>\n<p>3. DEVOLVER \u00a0 \u00a0 \u00a0 \u00a0 \u00a0el expediente al Ministerio de Justicia y del Derecho. \u00a0<\/p>\n<p>LUIS ANTONIO HERN\u00c1NDEZ \u00a0BARBOSA \u00a0<\/p>\n<p>JOS\u00c9 FRANCISCO ACU\u00d1A \u00a0VISCAYA \u00a0<\/p>\n<p>JOS\u00c9 LUIS BARCEL\u00d3 \u00a0CAMACHO \u00a0<\/p>\n<p>FERNANDO LE\u00d3N BOLA\u00d1OS \u00a0PALACIOS \u00a0<\/p>\n<p>FERNANDO ALBERTO CASTRO \u00a0CABALLERO \u00a0<\/p>\n<p>EUGENIO FERN\u00c1NDEZ \u00a0CARLIER \u00a0<\/p>\n<p>EYDER PATI\u00d1O CABRERA \u00a0<\/p>\n<p>PATRICIA SALAZAR CUELLAR \u00a0<\/p>\n<p>LUIS GUILLERMO SALAZAR OTERO \u00a0<\/p>\n<p>NUBIA \u00a0YOLANDA NOVA GARC\u00cdA \u00a0<\/p>\n<p>Secretaria \u00a0<\/p>\n<p>4 \u00a0 \u00a0 \u00a0<\/p>\n<p><\/p>\n","protected":false},"excerpt":{"rendered":"<p>\u00a0 \u00a0 \u00a0 \u00a0\u00a0 Magistrado Ponente \u00a0 LUIS ANTONIO HERN\u00c1NDEZ \u00a0BARBOSA \u00a0 AP364-2018 \u00a0 Radicaci\u00f3n 49988 \u00a0 Aprobado Acta No. 25 \u00a0 Bogot\u00e1, D.C., treinta y \u00a0uno (31) de enero de dos mil dieciocho (2018). \u00a0 VISTOS: \u00a0 Resuelve la Corte la solicitud \u00a0de desistimiento expresada por el Gobierno del Reino de los Pa\u00edses \u00a0Bajos, [&hellip;]<\/p>\n","protected":false},"author":1,"featured_media":0,"comment_status":"open","ping_status":"open","sticky":false,"template":"","format":"standard","meta":{"footnotes":""},"categories":[27],"tags":[],"class_list":["post-35759","post","type-post","status-publish","format-standard","hentry","category-27"],"_links":{"self":[{"href":"https:\/\/dmsjuridica.com\/buscador_20179478954\/salapenalcronologico20230723\/wp-json\/wp\/v2\/posts\/35759","targetHints":{"allow":["GET"]}}],"collection":[{"href":"https:\/\/dmsjuridica.com\/buscador_20179478954\/salapenalcronologico20230723\/wp-json\/wp\/v2\/posts"}],"about":[{"href":"https:\/\/dmsjuridica.com\/buscador_20179478954\/salapenalcronologico20230723\/wp-json\/wp\/v2\/types\/post"}],"author":[{"embeddable":true,"href":"https:\/\/dmsjuridica.com\/buscador_20179478954\/salapenalcronologico20230723\/wp-json\/wp\/v2\/users\/1"}],"replies":[{"embeddable":true,"href":"https:\/\/dmsjuridica.com\/buscador_20179478954\/salapenalcronologico20230723\/wp-json\/wp\/v2\/comments?post=35759"}],"version-history":[{"count":0,"href":"https:\/\/dmsjuridica.com\/buscador_20179478954\/salapenalcronologico20230723\/wp-json\/wp\/v2\/posts\/35759\/revisions"}],"wp:attachment":[{"href":"https:\/\/dmsjuridica.com\/buscador_20179478954\/salapenalcronologico20230723\/wp-json\/wp\/v2\/media?parent=35759"}],"wp:term":[{"taxonomy":"category","embeddable":true,"href":"https:\/\/dmsjuridica.com\/buscador_20179478954\/salapenalcronologico20230723\/wp-json\/wp\/v2\/categories?post=35759"},{"taxonomy":"post_tag","embeddable":true,"href":"https:\/\/dmsjuridica.com\/buscador_20179478954\/salapenalcronologico20230723\/wp-json\/wp\/v2\/tags?post=35759"}],"curies":[{"name":"wp","href":"https:\/\/api.w.org\/{rel}","templated":true}]}}