{"id":35514,"date":"2023-09-13T21:42:34","date_gmt":"2023-09-13T21:42:34","guid":{"rendered":"https:\/\/dmsjuridica.com\/buscador_20179478954\/salapenalcronologico20230723\/2023\/09\/13\/ap2670-201852594\/"},"modified":"2023-09-13T21:42:34","modified_gmt":"2023-09-13T21:42:34","slug":"ap2670-201852594","status":"publish","type":"post","link":"https:\/\/dmsjuridica.com\/buscador_20179478954\/salapenalcronologico20230723\/2023\/09\/13\/ap2670-201852594\/","title":{"rendered":"AP2670-2018(52594)"},"content":{"rendered":"\n<p>\u00a0 \u00a0 \u00a0 \u00a0\u00a0<\/p>\n<p>JOS\u00c9 \u00a0LUIS BARCEL\u00d3 CAMACHO \u00a0<\/p>\n<p>Magistrado \u00a0Ponente \u00a0<\/p>\n<p>AP2670-2018 \u00a0<\/p>\n<p>Radicado n.\u00ba \u00a052594 \u00a0<\/p>\n<p>(Acta n.\u00ba \u00a0211) \u00a0<\/p>\n<p>Bogot\u00e1, D. \u00a0C., veintisiete (27) de junio de dos mil dieciocho (2018). \u00a0<\/p>\n<p>La \u00a0Corte se pronuncia acerca de las solicitudes de desistimiento de los \u00a0recursos de apelaci\u00f3n impetrados en las diligencias de la \u00a0referencia. \u00a0<\/p>\n<p>A \u00a0N T E C E D E N T E S \u00a0<\/p>\n<p>1. El Tribunal \u00a0Superior del Distrito Judicial de Villavicencio, el 24 de agosto de \u00a02017, aprob\u00f3 el preacuerdo al que arribaron la Fiscal\u00eda \u00a0y MISAEL \u00a0ANTONIO GALINDO HURTADO, \u00a0Fiscal Segundo Delegado ante la Sala Penal de esa Corporaci\u00f3n \u00a0y, en consecuencia, dict\u00f3 \u00a0sentencia el 15 de marzo \u00a0de \u00a02018, \u00a0a \u00a0trav\u00e9s \u00a0de \u00a0la \u00a0cual \u00a0 le \u00a0impuso \u00a0la \u00a0pena principal \u00a0de \u00a0prisi\u00f3n \u00a0por \u00a0ciento \u00a0ocho \u00a0 (108) \u00a0meses \u00a0y \u00a0la accesoria de inhabilitaci\u00f3n para el \u00a0ejercicio de derechos y funciones p\u00fablicas por ese lapso, como \u00a0autor responsable del delito de acto sexual violento (art\u00edculo \u00a0206 del C\u00f3digo Penal). Le neg\u00f3 la suspensi\u00f3n \u00a0condicional de la ejecuci\u00f3n de la pena y la prisi\u00f3n \u00a0domiciliaria. \u00a0<\/p>\n<p>2. Frente a esta \u00a0determinaci\u00f3n, el procesado y su defensa t\u00e9cnica \u00a0interpusieron y sustentaron sendos recursos de apelaci\u00f3n. Las \u00a0impugnaciones fueron remitidas a la Corte, siendo repartidas el 18 de \u00a0abril de 2018. \u00a0<\/p>\n<p>3. No obstante, \u00a0mediante memoriales recibidos el 18 de mayo y el 18 de junio del \u00a0mismo a\u00f1o, respectivamente, GALINDO \u00a0HURTADO y \u00a0la profesional del derecho que lo asiste manifestaron que era su \u00a0deseo desistir de la alzada. \u00a0<\/p>\n<p>CONSIDERACIONES \u00a0DE LA CORTE \u00a0<\/p>\n<p>El art\u00edculo \u00a0179 F de la Ley 906 de 2004, adicionado por el 97 de la Ley 1395 de \u00a02010, prev\u00e9 que \u201cpodr\u00e1 \u00a0desistirse de los recursos antes de que el funcionario judicial los \u00a0decida\u201d. \u00a0<\/p>\n<p>En ese orden, se \u00a0tiene que al momento de allegarse las peticiones de desistimiento, la \u00a0actuaci\u00f3n se encontraba en estudio de los recursos de \u00a0apelaci\u00f3n formulados en contra del prove\u00eddo de primera \u00a0instancia, le\u00eddo en audiencia del 15 de marzo de los \u00a0corrientes. Este contexto, seg\u00fan el precepto trascrito, \u00a0conlleva, entonces, a acceder a la solicitud, porque a\u00fan no se \u00a0ha adoptado una pronunciamiento sobre el particular y as\u00ed se \u00a0dispondr\u00e1 en la parte resolutiva de esta providencia. \u00a0<\/p>\n<p>En m\u00e9rito \u00a0de lo expuesto, la CORTE \u00a0SUPREMA DE JUSTICIA, \u00a0SALA \u00a0DE CASACI\u00d3N PENAL, \u00a0<\/p>\n<p>R \u00a0E S U E L V E \u00a0<\/p>\n<p>ACEPTAR el \u00a0desistimiento de los recursos de apelaci\u00f3n presentados por \u00a0MISAEL \u00a0ANTONIO GALINDO HURTADO y \u00a0su defensa. \u00a0En consecuencia, rem\u00edtase la actuaci\u00f3n al Tribunal de \u00a0origen. \u00a0<\/p>\n<p>Contra esta \u00a0decisi\u00f3n no procede ning\u00fan recurso. \u00a0<\/p>\n<p>Comun\u00edquese \u00a0y c\u00famplase. \u00a0<\/p>\n<p>LUIS \u00a0ANTONIO HERN\u00c1NDEZ BARBOSA \u00a0<\/p>\n<p>Presidente \u00a0<\/p>\n<p>JOS\u00c9 \u00a0FRANCISCO ACU\u00d1A VIZCAYA \u00a0<\/p>\n<p>JOS\u00c9 \u00a0LUIS BARCEL\u00d3 CAMACHO \u00a0<\/p>\n<p>FERNANDO \u00a0ALBERTO CASTRO CABALLERO \u00a0<\/p>\n<p>EUGENIO \u00a0FERN\u00c1NDEZ CARLIER \u00a0<\/p>\n<p>EYDER PATI\u00d1O \u00a0CABRERA \u00a0<\/p>\n<p>PATRICIA \u00a0SALAZAR CU\u00c9LLAR \u00a0<\/p>\n<p>LUIS GUILLERMO \u00a0SALAZAR OTERO \u00a0<\/p>\n<p>NUBIA \u00a0YOLANDA NOVA GARC\u00cdA \u00a0<\/p>\n<p>Secretaria \u00a0<\/p>\n<p>\u00a0 \u00a0 \u00a0\u00a0<\/p>\n<p><\/p>\n","protected":false},"excerpt":{"rendered":"<p>\u00a0 \u00a0 \u00a0 \u00a0\u00a0 JOS\u00c9 \u00a0LUIS BARCEL\u00d3 CAMACHO \u00a0 Magistrado \u00a0Ponente \u00a0 AP2670-2018 \u00a0 Radicado n.\u00ba \u00a052594 \u00a0 (Acta n.\u00ba \u00a0211) \u00a0 Bogot\u00e1, D. \u00a0C., veintisiete (27) de junio de dos mil dieciocho (2018). \u00a0 La \u00a0Corte se pronuncia acerca de las solicitudes de desistimiento de los \u00a0recursos de apelaci\u00f3n impetrados en las diligencias de [&hellip;]<\/p>\n","protected":false},"author":1,"featured_media":0,"comment_status":"open","ping_status":"open","sticky":false,"template":"","format":"standard","meta":{"footnotes":""},"categories":[27],"tags":[],"class_list":["post-35514","post","type-post","status-publish","format-standard","hentry","category-27"],"_links":{"self":[{"href":"https:\/\/dmsjuridica.com\/buscador_20179478954\/salapenalcronologico20230723\/wp-json\/wp\/v2\/posts\/35514","targetHints":{"allow":["GET"]}}],"collection":[{"href":"https:\/\/dmsjuridica.com\/buscador_20179478954\/salapenalcronologico20230723\/wp-json\/wp\/v2\/posts"}],"about":[{"href":"https:\/\/dmsjuridica.com\/buscador_20179478954\/salapenalcronologico20230723\/wp-json\/wp\/v2\/types\/post"}],"author":[{"embeddable":true,"href":"https:\/\/dmsjuridica.com\/buscador_20179478954\/salapenalcronologico20230723\/wp-json\/wp\/v2\/users\/1"}],"replies":[{"embeddable":true,"href":"https:\/\/dmsjuridica.com\/buscador_20179478954\/salapenalcronologico20230723\/wp-json\/wp\/v2\/comments?post=35514"}],"version-history":[{"count":0,"href":"https:\/\/dmsjuridica.com\/buscador_20179478954\/salapenalcronologico20230723\/wp-json\/wp\/v2\/posts\/35514\/revisions"}],"wp:attachment":[{"href":"https:\/\/dmsjuridica.com\/buscador_20179478954\/salapenalcronologico20230723\/wp-json\/wp\/v2\/media?parent=35514"}],"wp:term":[{"taxonomy":"category","embeddable":true,"href":"https:\/\/dmsjuridica.com\/buscador_20179478954\/salapenalcronologico20230723\/wp-json\/wp\/v2\/categories?post=35514"},{"taxonomy":"post_tag","embeddable":true,"href":"https:\/\/dmsjuridica.com\/buscador_20179478954\/salapenalcronologico20230723\/wp-json\/wp\/v2\/tags?post=35514"}],"curies":[{"name":"wp","href":"https:\/\/api.w.org\/{rel}","templated":true}]}}