{"id":35123,"date":"2023-09-13T21:41:23","date_gmt":"2023-09-13T21:41:23","guid":{"rendered":"https:\/\/dmsjuridica.com\/buscador_20179478954\/salapenalcronologico20230723\/2023\/09\/13\/ap1282-201851857\/"},"modified":"2023-09-13T21:41:23","modified_gmt":"2023-09-13T21:41:23","slug":"ap1282-201851857","status":"publish","type":"post","link":"https:\/\/dmsjuridica.com\/buscador_20179478954\/salapenalcronologico20230723\/2023\/09\/13\/ap1282-201851857\/","title":{"rendered":"AP1282-2018(51857)"},"content":{"rendered":"\n<p>\u00a0 \u00a0 \u00a0 \u00a0\u00a0<\/p>\n<p>CORTE \u00a0SUPREMA DE JUSTICIA \u00a0<\/p>\n<p>SALA \u00a0DE CASACI\u00d3N PENAL \u00a0<\/p>\n<p>LUIS ANTONIO \u00a0HERN\u00c1NDEZ BARBOSA \u00a0<\/p>\n<p>Magistrado \u00a0ponente \u00a0<\/p>\n<p>AP1282-2018 \u00a0<\/p>\n<p>Radicado \u00a0N\u00b0 51857. \u00a0<\/p>\n<p>Acta \u00a0103. \u00a0<\/p>\n<p>Bogot\u00e1, \u00a0D.C., cuatro (4) de abril de dos mil dieciocho (2018). \u00a0<\/p>\n<p>V \u00a0I S T O S \u00a0<\/p>\n<p>Decide \u00a0la Corte sobre \u00a0el impedimento presentado, de manera conjunta, por los H. Magistrados \u00a0Jos\u00e9 \u00a0Luis Barcel\u00f3 Camacho, Fernando \u00a0Alberto Castro Caballero y \u00a0Luis \u00a0Guillermo Salazar Otero, para conocer de la acci\u00f3n de revisi\u00f3n \u00a0presentada por el apoderado especial de Giovanni \u00a0V\u00e9lez Valencia, Alex\u00e1nder Giraldo Parra y H\u00e9ctor \u00a0Fabio L\u00f3pez. \u00a0<\/p>\n<p>A \u00a0N T E C E D E N T E S \u00a0<\/p>\n<p>El \u00a013 de diciembre de 2017, el apoderado de Giovanni V\u00e9lez \u00a0Valencia, Alex\u00e1nder Giraldo Parra y H\u00e9ctor Fabio L\u00f3pez, \u00a0quienes fueron condenados como coautores del delito de Secuestro \u00a0extorsivo agravado en concurso heterog\u00e9neo con porte ilegal de \u00a0armas de fuego agravado, \u00a0present\u00f3 demanda con el fin de promover acci\u00f3n de \u00a0revisi\u00f3n, fundada en la causal 3\u00aa del art\u00edculo 192 \u00a0de la ley 906 de 2004 (prueba nueva), en contra de las decisiones que \u00a0pusieron fin al proceso adelantado en contra de aqu\u00e9llos, a \u00a0saber: sentencia de \u00a0primer \u00a0grado con sentido condenatorio, dictada por el Juzgado \u00danico \u00a0Penal del Circuito Especializado de Conocimiento de Santa Marta, el \u00a022 de enero de 2010; fallo de segunda instancia de car\u00e1cter \u00a0absolutorio, proferido el 19 de octubre del mismo a\u00f1o por el \u00a0Tribunal Superior del Distrito Judicial de Santa Marta y fallo de \u00a0casaci\u00f3n emitido por \u00a0esta Corte el 14 de diciembre de 2011, en el que se cas\u00f3 la \u00a0\u00faltima de las decisiones mencionadas y, en su lugar, se \u00a0confirm\u00f3 el prove\u00eddo de primera instancia. \u00a0<\/p>\n<p>El \u00a0\u00faltimo de los pronunciamientos tra\u00eddo a colaci\u00f3n \u00a0fue firmado por los H. Magistrados Jos\u00e9 \u00a0Luis Barcel\u00f3 Camacho, Fernando \u00a0Alberto Castro Caballero y \u00a0Luis \u00a0Guillermo Salazar Otero, \u00a0integrantes de la Sala de Casaci\u00f3n Penal, quienes en \u00a0manifestaci\u00f3n efectuada el 22 de enero del 2018, se declararon \u00a0impedidos conjuntamente, para conocer del presente asunto, cimentados \u00a0en el art\u00edculo 197 de la Ley 906 de 2004, esto es, por haber \u00a0suscrito la sentencia objeto de la acci\u00f3n de revisi\u00f3n. \u00a0<\/p>\n<p>CONSIDERACIONES \u00a0<\/p>\n<p>De \u00a0entrada se evidencia que los H. Magistrados que han manifestado su \u00a0impedimento para conocer del presente asunto, suscribieron el fallo \u00a0mediante la cual se cas\u00f3 el de segundo grado mencionado en \u00a0p\u00e1rrafos anteriores, en la que se dispuso \u201ccasar \u00a0la sentencia impugnada, y en su lugar confirmar la sentencia \u00a0proferida por el Juzgado \u00danico Penal del Circuito \u00a0Especializado con Funciones de Conocimiento de Santa Marta que \u00a0conden\u00f3 a los se\u00f1ores Giovanni V\u00e9lez Valencia, \u00a0Alex\u00e1nder Giraldo Parra y H\u00e9ctor Fabio L\u00f3pez, \u00a0por los delitos de secuestro extorsivo agravado, en concurso \u00a0heterog\u00e9neo, con porte fabricaci\u00f3n y tr\u00e1fico de \u00a0armas de fuego agravado, tal como qued\u00f3 plasmado en la parte \u00a0motiva (\u2026)\u201d. \u00a0<\/p>\n<p>Aduciendo \u00a0la causal 3\u00aa prevista en el art\u00edculo 192 del C\u00f3digo \u00a0de Procedimiento Penal de 2004, el apoderado de Giovanni \u00a0V\u00e9lez Valencia, Alex\u00e1nder Giraldo Parra y H\u00e9ctor \u00a0Fabio L\u00f3pez, \u00a0incoa la presente acci\u00f3n de revisi\u00f3n. \u00a0<\/p>\n<p>As\u00ed \u00a0las cosas, como est\u00e1 claro que la acci\u00f3n se dirige en \u00a0contra del prove\u00eddo por medio del cual la Corte cas\u00f3 el \u00a0fallo de segundo grado y, en su lugar, se confirm\u00f3 el emitido \u00a0por el juzgado de primera instancia, mediante el cual se conden\u00f3 \u00a0a V\u00e9lez \u00a0Valencia, Giraldo Parra y L\u00f3pez \u00a0como coautores penalmente responsables de los delitos de secuestro \u00a0extorsivo, agravado, en concurso heterog\u00e9neo, con porte \u00a0fabricaci\u00f3n y tr\u00e1fico de armas de fuego, agravado, \u00a0se configura la causal de impedimento especial prevista en el \u00a0art\u00edculo 197 de la citada normatividad, acorde con la cual \u201cno \u00a0podr\u00e1 intervenir en el tr\u00e1mite y decisi\u00f3n de \u00a0esta acci\u00f3n ning\u00fan Magistrado que haya suscrito la \u00a0decisi\u00f3n objeto de la misma\u201d. \u00a0<\/p>\n<p>Lo \u00a0anterior significa que les asiste raz\u00f3n a los H. Magistrados \u00a0que han exteriorizado su impedimento para conocer de la presente \u00a0acci\u00f3n de revisi\u00f3n, situaci\u00f3n que, por lo tanto, \u00a0impone aceptar la declaraci\u00f3n que en tal sentido ha emitido, \u00a0con base en los citados preceptos y, de contera, separarlos del \u00a0conocimiento del asunto. \u00a0<\/p>\n<p>En \u00a0m\u00e9rito de lo expuesto, la Corte \u00a0Suprema de Justicia, Sala de Casaci\u00f3n Penal, \u00a0<\/p>\n<p>R \u00a0E S U E L V E \u00a0<\/p>\n<p>ACEPTAR \u00a0el impedimento expresado por los H. Magistrados Jos\u00e9 \u00a0Luis Barcel\u00f3 Camacho, Fernando \u00a0Alberto Castro Caballero y \u00a0Luis \u00a0Guillermo Salazar Otero, a quienes, en consecuencia, se le separa del \u00a0conocimiento del asunto. \u00a0<\/p>\n<p>Comun\u00edquese \u00a0y c\u00famplase. \u00a0<\/p>\n<p>LUIS \u00a0ANTONIO HERN\u00c1NDEZ BARBOSA \u00a0<\/p>\n<p>JOS\u00c9 \u00a0FRANCISCO ACU\u00d1A VIZCAYA \u00a0<\/p>\n<p>EUGENIO \u00a0FERN\u00c1NDEZ CARLIER \u00a0<\/p>\n<p>EYDER PATI\u00d1O \u00a0CABRERA \u00a0<\/p>\n<p>PATRICIA \u00a0SALAZAR CU\u00c9LLAR \u00a0<\/p>\n<p>Nubia Yolanda Nova \u00a0Garc\u00eda \u00a0<\/p>\n<p>Secretaria \u00a0<\/p>\n<p>5 \u00a0 \u00a0 \u00a0<\/p>\n<p><\/p>\n","protected":false},"excerpt":{"rendered":"<p>\u00a0 \u00a0 \u00a0 \u00a0\u00a0 CORTE \u00a0SUPREMA DE JUSTICIA \u00a0 SALA \u00a0DE CASACI\u00d3N PENAL \u00a0 LUIS ANTONIO \u00a0HERN\u00c1NDEZ BARBOSA \u00a0 Magistrado \u00a0ponente \u00a0 AP1282-2018 \u00a0 Radicado \u00a0N\u00b0 51857. \u00a0 Acta \u00a0103. \u00a0 Bogot\u00e1, \u00a0D.C., cuatro (4) de abril de dos mil dieciocho (2018). \u00a0 V \u00a0I S T O S \u00a0 Decide \u00a0la Corte sobre \u00a0el [&hellip;]<\/p>\n","protected":false},"author":1,"featured_media":0,"comment_status":"open","ping_status":"open","sticky":false,"template":"","format":"standard","meta":{"footnotes":""},"categories":[27],"tags":[],"class_list":["post-35123","post","type-post","status-publish","format-standard","hentry","category-27"],"_links":{"self":[{"href":"https:\/\/dmsjuridica.com\/buscador_20179478954\/salapenalcronologico20230723\/wp-json\/wp\/v2\/posts\/35123","targetHints":{"allow":["GET"]}}],"collection":[{"href":"https:\/\/dmsjuridica.com\/buscador_20179478954\/salapenalcronologico20230723\/wp-json\/wp\/v2\/posts"}],"about":[{"href":"https:\/\/dmsjuridica.com\/buscador_20179478954\/salapenalcronologico20230723\/wp-json\/wp\/v2\/types\/post"}],"author":[{"embeddable":true,"href":"https:\/\/dmsjuridica.com\/buscador_20179478954\/salapenalcronologico20230723\/wp-json\/wp\/v2\/users\/1"}],"replies":[{"embeddable":true,"href":"https:\/\/dmsjuridica.com\/buscador_20179478954\/salapenalcronologico20230723\/wp-json\/wp\/v2\/comments?post=35123"}],"version-history":[{"count":0,"href":"https:\/\/dmsjuridica.com\/buscador_20179478954\/salapenalcronologico20230723\/wp-json\/wp\/v2\/posts\/35123\/revisions"}],"wp:attachment":[{"href":"https:\/\/dmsjuridica.com\/buscador_20179478954\/salapenalcronologico20230723\/wp-json\/wp\/v2\/media?parent=35123"}],"wp:term":[{"taxonomy":"category","embeddable":true,"href":"https:\/\/dmsjuridica.com\/buscador_20179478954\/salapenalcronologico20230723\/wp-json\/wp\/v2\/categories?post=35123"},{"taxonomy":"post_tag","embeddable":true,"href":"https:\/\/dmsjuridica.com\/buscador_20179478954\/salapenalcronologico20230723\/wp-json\/wp\/v2\/tags?post=35123"}],"curies":[{"name":"wp","href":"https:\/\/api.w.org\/{rel}","templated":true}]}}