{"id":34240,"date":"2023-09-13T19:43:20","date_gmt":"2023-09-13T19:43:20","guid":{"rendered":"https:\/\/dmsjuridica.com\/buscador_20179478954\/salapenalcronologico20230723\/2023\/09\/13\/cp158-201648527\/"},"modified":"2023-09-13T19:43:20","modified_gmt":"2023-09-13T19:43:20","slug":"cp158-201648527","status":"publish","type":"post","link":"https:\/\/dmsjuridica.com\/buscador_20179478954\/salapenalcronologico20230723\/2023\/09\/13\/cp158-201648527\/","title":{"rendered":"CP158-2016(48527)"},"content":{"rendered":"\n<p>\u00a0 \u00a0 CORTE SUPREMA DE JUSTICIA \u00a0<\/p>\n<p>SALA DE CASACI\u00d3N PENAL \u00a0<\/p>\n<p>EUGENIO FERN\u00c1NDEZ CARLIER \u00a0<\/p>\n<p>Magistrado Ponente \u00a0<\/p>\n<p>CP158-2016 \u00a0<\/p>\n<p>Radicaci\u00f3n N\u00ba 48527 \u00a0<\/p>\n<p>(Aprobado mediante Acta N\u00ba 330) \u00a0<\/p>\n<p>Bogot\u00e1 D.C., diecinueve (19) octubre de dos \u00a0mil diecis\u00e9is (2016). \u00a0\u00a0<\/p>\n<p>Atendiendo \u00a0lo dispuesto en el art\u00edculo 502 \u00a0de \u00a0la \u00a0Ley \u00a0906 \u00a0de \u00a02004, \u00a0procede la Sala a rendir el concepto que en derecho \u00a0corresponda \u00a0en relaci\u00f3n con el pedido de extradici\u00f3n del ciudadano colombiano \u00a0JAIRO \u00a0VALENCIA \u00a0MINA, \u00a0efectuada \u00a0por \u00a0el \u00a0Gobierno \u00a0de \u00a0los \u00a0Estados Unidos de \u00a0Am\u00e9rica. \u00a0\u00a0<\/p>\n<p>ANTECEDENTES \u00a0<\/p>\n<p>1. \u00a0Mediante \u00a0Nota \u00a0Diplom\u00e1tica \u00a0No. 0337 de 29\u00a0 de febrero de 20161, \u00a0la \u00a0Embajada \u00a0de los Estados \u00a0Unidos \u00a0de Am\u00e9rica impetr\u00f3 la detenci\u00f3n provisional con fines de extradici\u00f3n \u00a0del \u00a0 \u00a0 \u00a0ciudadano \u00a0 \u00a0 \u00a0colombiano \u00a0 \u00a0 \u00a0JAIRO \u00a0 \u00a0 \u00a0VALENCIA \u00a0 \u00a0 MINA, requerido por la Corte Distrital de los \u00a0Estados \u00a0Unidos \u00a0para el Distrito Medio de Florida, para comparecer a juicio por \u00a0delitos \u00a0 federales \u00a0 de \u00a0 narc\u00f3ticos, \u00a0 seg\u00fan \u00a0 la \u00a0 Acusaci\u00f3n \u00a0 formal \u00a0No. \u00a08:13CR-609-T-26TBM, \u00a0tambi\u00e9n identificada como No. 8:13-cr-00609-RAL-TBM, de 18 \u00a0de \u00a0 \u00a0 \u00a0 \u00a0 \u00a0diciembre \u00a0 \u00a0 \u00a0 \u00a0 de \u00a0 \u00a0 \u00a0 \u00a0 20132, \u00a0por cuyo medio se le hizo la \u00a0siguiente imputaci\u00f3n: \u00a0\u00a0<\/p>\n<p>&#8212; \u00a0Cargo \u00a0Uno: \u00a0Concierto \u00a0para distribuir \u00a0cinco \u00a0kilogramos \u00a0o \u00a0m\u00e1s \u00a0de \u00a0coca\u00edna, a sabiendas y con la intenci\u00f3n de que \u00a0dicha \u00a0 coca\u00edna \u00a0ser\u00eda \u00a0importada \u00a0il\u00edcitamente \u00a0a \u00a0los \u00a0Estados \u00a0Unidos, \u00a0en \u00a0violaci\u00f3n \u00a0del \u00a0T\u00edtulo \u00a021, Secciones 959, 960 (b)(1)(B)(ii) y 963 del C\u00f3digo \u00a0de los Estados Unidos; y \u00a0\u00a0<\/p>\n<p>&#8212; \u00a0Cargo Dos: Concierto para poseer con la \u00a0intenci\u00f3n \u00a0de \u00a0distribuir \u00a0cinco \u00a0kilogramos \u00a0o \u00a0m\u00e1s \u00a0de coca\u00edna, mientras se \u00a0encontraba \u00a0a bordo de una embarcaci\u00f3n sujeta a la jurisdicci\u00f3n de los Estados \u00a0Unidos, \u00a0en \u00a0violaci\u00f3n \u00a0del \u00a0T\u00edtulo 46, Secciones 70503 (a), 70506 (a) y 70506 \u00a0(b) \u00a0del \u00a0C\u00f3digo \u00a0de \u00a0los \u00a0Estados \u00a0Unidos, \u00a0y \u00a0del \u00a0T\u00edtulo \u00a021, \u00a0Secci\u00f3n 960 \u00a0(b)(1)(B)(ii) del C\u00f3digo de los Estados Unidos. \u00a0\u00a0<\/p>\n<p>2. \u00a0La \u00a0Fiscal\u00eda \u00a0General \u00a0de \u00a0la \u00a0Naci\u00f3n mediante Resoluci\u00f3n de 11 de marzo de 20163, \u00a0dispuso \u00a0la \u00a0captura \u00a0 con \u00a0 fines \u00a0de \u00a0extradici\u00f3n \u00a0de \u00a0JAIRO \u00a0VALENCIA \u00a0MINA, \u00a0la \u00a0que \u00a0se \u00a0materializ\u00f3 \u00a0el \u00a017 de mayo de 2016 por miembros de la Polic\u00eda Nacional en las \u00a0instalaciones \u00a0del Laboratorio Regional de Criminal\u00edstica No. 4 de la ciudad de \u00a0Cali4. \u00a0\u00a0<\/p>\n<p>3. \u00a0Por medio de la \u00a0Nota \u00a0Verbal \u00a0No. \u00a01222 \u00a0de \u00a015 \u00a0de \u00a0julio \u00a0de \u00a020165, \u00a0la \u00a0Embajada \u00a0de los Estados \u00a0Unidos \u00a0de \u00a0Am\u00e9rica \u00a0formaliz\u00f3 \u00a0la solicitud de extradici\u00f3n de JAIRO VALENCIA \u00a0MINA por los cargos ya mencionados. \u00a0\u00a0<\/p>\n<p>Para \u00a0el efecto, se aportaron los siguientes \u00a0documentos \u00a0con su correspondiente autenticaci\u00f3n por el Gobierno reclamante, la \u00a0traducci\u00f3n \u00a0necesaria \u00a0y \u00a0su \u00a0legalizaci\u00f3n \u00a0ante \u00a0el \u00a0Ministerio de Relaciones \u00a0Exteriores, seg\u00fan el caso: \u00a0\u00a0<\/p>\n<p>\u00a0 \u00a0 \u00a0 \u00a0 \u00a0<\/p>\n<p>\u00a0 \u00a0\u00a0 \u00a0\u00a0 \u00a0\u00a03.1. \u00a0Declaraciones \u00a0juradas \u00a0rendidas \u00a0en \u00a0apoyo \u00a0 el \u00a0 5 \u00a0 de \u00a0julio \u00a0de \u00a02016 \u00a0por \u00a0Joseph \u00a0K. \u00a0Ruddy, \u00a0Fiscal \u00a0Federal Auxiliar de los Estados Unidos \u00a0en \u00a0la \u00a0Fiscal\u00eda \u00a0para \u00a0el Distrito Medio de Florida6 \u00a0y \u00a0Kerri \u00a0L. \u00a0Cavanaugh, Agente Especial de la Oficina de \u00a0Seguridad \u00a0 \u00a0Nacional \u00a0 de \u00a0 los \u00a0 Estados \u00a0 Unidos7, \u00a0 quienes \u00a0 se \u00a0refieren \u00a0al \u00a0procedimiento \u00a0del \u00a0Gran Jurado para dictar acusaci\u00f3n, describen los hechos que \u00a0dieron \u00a0lugar a la petici\u00f3n de extradici\u00f3n, concretan y precisan los elementos \u00a0integrantes \u00a0de \u00a0los cargos, las pruebas recaudadas y la acusaci\u00f3n formal en la \u00a0cual se imputan infracciones penales a VALENCIA MINA. \u00a0\u00a0<\/p>\n<p>3.2. Certificaci\u00f3n \u00a0de \u00a0Jason \u00a0Carter, Director \u00a0Asociado \u00a0de \u00a0la \u00a0Oficina \u00a0de \u00a0Asuntos \u00a0Internacionales, \u00a0Divisi\u00f3n de lo Penal, \u00a0Departamento \u00a0de \u00a0Justicia \u00a0de \u00a0los \u00a0Estados \u00a0Unidos \u00a0de \u00a0Am\u00e9rica, \u00a0en \u00a0la cual \u00a0manifiesta \u00a0que \u00a0las \u00a0declaraciones juramentadas de los mencionados funcionarios \u00a0fueron \u00a0proporcionadas \u00a0en \u00a0apoyo \u00a0de \u00a0la \u00a0solicitud \u00a0de \u00a0extradici\u00f3n formal de \u00a0Colombia \u00a0a \u00a0ese \u00a0pa\u00eds de JAIRO VALENCIA MINA, y copias fieles de las mismas se \u00a0conservan \u00a0 en \u00a0 los \u00a0 archivos \u00a0 oficiales \u00a0 de \u00a0dicha \u00a0oficina \u00a0en \u00a0Washington \u00a0D.C.8. \u00a0\u00a0<\/p>\n<p>\u00a0 \u00a0\u00a0 \u00a0\u00a0 \u00a0\u00a03.3. \u00a0Transcripci\u00f3n \u00a0de las disposiciones \u00a0penales \u00a0 sustantivas \u00a0 supuestamente \u00a0 transgredidas \u00a0 por \u00a0 el \u00a0 requerido \u00a0en \u00a0extradici\u00f3n, \u00a0esto \u00a0es, \u00a0T\u00edtulo \u00a021, Secciones 959, 960 (b)(1)(B) (ii) y 963 y \u00a0T\u00edtulo \u00a046, \u00a0Secciones \u00a070503 \u00a0(a), \u00a070506 \u00a0(a) \u00a0y 70506 (b) del C\u00f3digo de los \u00a0Estados \u00a0Unidos, \u00a0debidamente \u00a0traducidas \u00a0al \u00a0espa\u00f1ol, entre otras9. \u00a0\u00a0<\/p>\n<p>3.4. \u00a0Acusaci\u00f3n \u00a0Formal \u00a0 \u00a0 No. \u00a0 \u00a08:13CR-609-T-26TBM, \u00a0 \u00a0tambi\u00e9n \u00a0 \u00a0identificada \u00a0 \u00a0como \u00a0 \u00a0No. \u00a08:13-cr-00609-RAL-TBM, \u00a0de \u00a018 \u00a0de \u00a0diciembre de 201310, \u00a0emitida \u00a0por el Tribunal de \u00a0Distrito \u00a0de \u00a0los \u00a0Estados \u00a0Unidos \u00a0para \u00a0el Distrito Medio de Florida, donde se \u00a0reitera la mencionada imputaci\u00f3n de cargos. \u00a0\u00a0<\/p>\n<p>\u00a0 \u00a0\u00a0 \u00a0\u00a0 \u00a0\u00a03.5. \u00a0Orden \u00a0de \u00a0arresto expedida el 19 de \u00a0diciembre \u00a0 \u00a0de \u00a0 \u00a02013 \u00a0 \u00a0en \u00a0 \u00a0contra \u00a0 \u00a0del \u00a0 \u00a0requerido \u00a0 \u00a0por \u00a0 la \u00a0 citada \u00a0Corporaci\u00f3n11. \u00a0\u00a0<\/p>\n<p>\u00a0 \u00a0\u00a0 \u00a0\u00a0 \u00a0\u00a03.6. \u00a0 Fotocopia \u00a0 de \u00a0 la \u00a0 tarjeta \u00a0 de \u00a0preparaci\u00f3n \u00a0de \u00a0la \u00a0c\u00e9dula \u00a0de \u00a0ciudadan\u00eda \u00a0expedida \u00a0por \u00a0la Registradur\u00eda \u00a0Nacional \u00a0del \u00a0Estado Civil de Colombia a nombre de JAIRO VALENCIA MINA, c\u00e9dula \u00a0de \u00a0 \u00a0 \u00a0 ciudadan\u00eda \u00a0 \u00a0 \u00a0 No. \u00a0 \u00a0 \u00a0 16.503.95312. \u00a0\u00a0<\/p>\n<p>3.7. Certificaci\u00f3n \u00a0expedida \u00a0 \u00a0 por \u00a0 \u00a0 Mar\u00eda \u00a0 \u00a0Fernanda \u00a0 \u00a0Cuellar \u00a0Botero, \u00a0Vicec\u00f3nsul \u00a0de \u00a0Colombia en Washington en la \u00a0que \u00a0se indica que es aut\u00e9ntica la firma de Patrick O \u00a0Hatchett, \u00a0quien \u00a0para \u00a0el \u00a07 \u00a0de \u00a0julio \u00a0de \u00a02016 \u00a0se \u00a0desempe\u00f1aba \u00a0como \u00a0Auxiliar \u00a0de \u00a0Autenticaciones del Departamento de Estado, la \u00a0cual \u00a0aparece al pie de los documentos anexos relacionados con documento soporte \u00a0de \u00a0 \u00a0 \u00a0 \u00a0 \u00a0 \u00a0 \u00a0 \u00a0 \u00a0 \u00a0extradici\u00f3n13. \u00a0\u00a0<\/p>\n<p>3.8 \u00a0Documentos con \u00a0sus \u00a0respectivos \u00a0sellos \u00a0y \u00a0cintas \u00a0de \u00a0seguridad, debidamente suscritos por el \u00a0Secretario \u00a0 de \u00a0 Estado \u00a0John \u00a0F. \u00a0Kerry \u00a0 y \u00a0 la \u00a0 Procuradora \u00a0 de \u00a0 los \u00a0 Estados \u00a0 Unidos \u00a0 Loretta \u00a0 \u00a0 \u00a0 E. \u00a0 \u00a0 \u00a0 Lynch14. \u00a0\u00a0<\/p>\n<p>4. \u00a0La Directora de \u00a0Asuntos \u00a0Internacionales \u00a0del \u00a0Ministerio \u00a0de \u00a0Relaciones \u00a0Exteriores con oficio \u00a0DIAJI \u00a0 No \u00a0 1582 \u00a0 de \u00a0 18 \u00a0 de \u00a0 julio \u00a0 de \u00a0 201615, \u00a0dirigido a su hom\u00f3loga de \u00a0la \u00a0Cartera \u00a0de Justicia y del Derecho, conceptu\u00f3 que para el caso \u00ab\u2026 \u00a0se \u00a0encuentra \u00a0vigente para las partes, la \u201cConvenci\u00f3n de \u00a0Naciones \u00a0Unidas \u00a0contra \u00a0el \u00a0tr\u00e1fico \u00a0il\u00edcito de estupefacientes y sustancias \u00a0psicotr\u00f3picas\u201d, \u00a0suscrita \u00a0en \u00a0Viena \u00a0el \u00a020 \u00a0de \u00a0diciembre \u00a0de \u00a01988. En ese \u00a0sentido, \u00a0el \u00a0art\u00edculo \u00a06, \u00a0numerales \u00a04 \u00a0y 5 del precitado tratado disponen lo \u00a0siguiente: \u00a0 (\u2026)\u00bb; \u00a0 as\u00ed \u00a0 como \u00a0la \u00a0\u00ab\u201cConvenci\u00f3n \u00a0de \u00a0las \u00a0Naciones \u00a0Unidas \u00a0contra la Delincuencia \u00a0Organizada \u00a0Transnacional\u201d, \u00a0adoptada \u00a0en \u00a0New \u00a0York, \u00a0el \u00a027 \u00a0de noviembre de \u00a02000\u00bb, \u00a0seg\u00fan \u00a0lo \u00a0dispuesto \u00a0en \u00a0su \u00a0art\u00edculo \u00a016, \u00a0numerales 6\u00ba y 7\u00ba. \u00a0\u00a0<\/p>\n<p>De igual manera se\u00f1al\u00f3 que en los aspectos \u00a0no \u00a0regulados \u00a0por \u00a0esa Convenci\u00f3n, de conformidad con los art\u00edculos 491 y 496 \u00a0de \u00a0la \u00a0Ley \u00a0906 \u00a0de \u00a02004, \u00a0el \u00a0tr\u00e1mite \u00a0se \u00a0regir\u00e1 \u00a0por \u00a0lo \u00a0previsto \u00a0en el \u00a0ordenamiento jur\u00eddico colombiano. \u00a0\u00a0<\/p>\n<p>5. \u00a0La \u00a0Oficina de \u00a0Asuntos \u00a0Internacionales \u00a0del \u00a0Ministerio \u00a0de Justicia y del Derecho, consider\u00f3 \u00a0completo \u00a0 el \u00a0 expediente \u00a0 y \u00a0 lo \u00a0 remiti\u00f3 \u00a0 a \u00a0esta \u00a0Sala \u00a0con \u00a0oficio \u00a0No. \u00a0OFI16-0019662-OAI-1100 \u00a0 de \u00a022 \u00a0de \u00a0julio \u00a0de \u00a0201616, \u00a0transcribiendo el concepto \u00a0emitido por su hom\u00f3logo de Relaciones Exteriores. \u00a0\u00a0<\/p>\n<p>\u00a0 \u00a0\u00a0 \u00a0\u00a0 \u00a0\u00a06. \u00a0El \u00a01\u00ba \u00a0de \u00a0agosto de 2016, esta Sala \u00a0reconoci\u00f3 \u00a0personer\u00eda para actuar al abogado Ricardo \u00a0Ortega \u00a0Hern\u00e1ndez, \u00a0como \u00a0defensor \u00a0de \u00a0confianza del \u00a0requerido \u00a0en \u00a0extradici\u00f3n \u00a0y se orden\u00f3 correr el traslado com\u00fan de que trata \u00a0el \u00a0 art\u00edculo \u00a0 500 \u00a0 de \u00a0 la \u00a0 Ley \u00a0 906 \u00a0de \u00a0200417, \u00a0sin que se haya presentado \u00a0solicitud \u00a0probatoria, \u00a0raz\u00f3n \u00a0por la que el 30 de agosto se dispuso o\u00edr a las \u00a0partes \u00a0 \u00a0 \u00a0 \u00a0 \u00a0 \u00a0en \u00a0 \u00a0 \u00a0 \u00a0 \u00a0 \u00a0alegaciones18. \u00a0\u00a0<\/p>\n<p>ALEGATOS DE CONCLUSI\u00d3N \u00a0<\/p>\n<p>1. \u00a0La Procuradora \u00a0Tercera \u00a0Delegada \u00a0para \u00a0la \u00a0Casaci\u00f3n \u00a0Penal luego de sintetizar la actuaci\u00f3n, \u00a0exponer \u00a0consideraciones \u00a0generales \u00a0sobre \u00a0la \u00a0procedencia \u00a0de la extradici\u00f3n, \u00a0citar \u00a0la \u00a0normatividad \u00a0aplicable \u00a0y \u00a0precisar \u00a0cu\u00e1les son los fundamentos del \u00a0concepto \u00a0a \u00a0cargo \u00a0de la Corte, expuso las razones por las que estima cumplidos \u00a0los \u00a0 requisitos \u00a0 para \u00a0su \u00a0concesi\u00f3n: \u00a0a) \u00a0que \u00a0el \u00a0delito \u00a0se \u00a0cometi\u00f3 \u00a0con \u00a0posterioridad \u00a0al \u00a0Acto \u00a0Legislativo \u00a0No \u00a001 de 1997, y sobrepas\u00f3 las fronteras \u00a0nacionales; \u00a0b) \u00a0que \u00a0no \u00a0existe tratado de extradici\u00f3n vigente con los Estados \u00a0Unidos \u00a0de \u00a0Am\u00e9rica, \u00a0por \u00a0lo que rige la ley colombiana; c) que los documentos \u00a0aportados \u00a0satisfacen \u00a0las \u00a0exigencias \u00a0de \u00a0validez \u00a0formal; d) que en las Notas \u00a0Verbales \u00a0y \u00a0en \u00a0el \u00a0procedimiento \u00a0de \u00a0captura \u00a0se estableci\u00f3 la identidad del \u00a0requerido; \u00a0e) \u00a0que \u00a0los \u00a0hechos \u00a0que \u00a0motivan \u00a0la solicitud de extradici\u00f3n, se \u00a0encuentran \u00a0previstos \u00a0tambi\u00e9n \u00a0en \u00a0Colombia \u00a0como \u00a0delitos \u00a0y \u00a0tienen una pena \u00a0privativa \u00a0de \u00a0la \u00a0libertad cuyo m\u00ednimo es superior a 4 a\u00f1os (art\u00edculos 340 y \u00a0376 \u00a0C.P.); \u00a0y, \u00a0f) \u00a0que \u00a0el \u00a0pronunciamiento \u00a0judicial \u00a0del pa\u00eds requirente es \u00a0asimilable a una acusaci\u00f3n en la legislaci\u00f3n nacional. \u00a0\u00a0<\/p>\n<p>Por ende, solicit\u00f3 a esta Corporaci\u00f3n, que \u00a0concept\u00fae \u00a0de \u00a0forma \u00a0favorable \u00a0a la extradici\u00f3n de JAIRO VALENCIA MINA, pero \u00a0pide \u00a0que \u00a0se exhorte al Gobierno Nacional, con el prop\u00f3sito de que advierta al \u00a0pa\u00eds \u00a0requirente \u00a0que \u00a0juzgue \u00a0al reclamado por las conductas que originaron la \u00a0solicitud, \u00a0adem\u00e1s, \u00a0que \u00a0no \u00a0se \u00a0le \u00a0someta \u00a0a \u00a0pena \u00a0de muerte, desaparici\u00f3n \u00a0forzada, \u00a0torturas, \u00a0tratos \u00a0o penas crueles, inhumanos o degradantes, o a penas \u00a0de \u00a0destierro, \u00a0prisi\u00f3n \u00a0perpetua \u00a0y confiscaci\u00f3n y se le reconozcan todos los \u00a0derechos \u00a0y \u00a0garant\u00edas inherentes al ser humano, contenidos en la Constituci\u00f3n \u00a0y el bloque de constitucionalidad. \u00a0\u00a0<\/p>\n<p>2. \u00a0La \u00a0defensa \u00a0solicit\u00f3 \u00a0conceptuar \u00a0desfavorablemente, al considerar que la acusaci\u00f3n formal \u00a0elevada \u00a0por \u00a0el \u00a0Gobierno \u00a0de \u00a0los \u00a0Estados \u00a0Unidos no presenta pruebas claras, \u00a0di\u00e1fanas \u00a0y concretas sobre las situaciones f\u00e1cticas reales de c\u00f3mo, cu\u00e1ndo, \u00a0con \u00a0qui\u00e9n \u00a0y en d\u00f3nde se infringieron las leyes penales y constitucionales de \u00a0los Estados Unidos. \u00a0\u00a0<\/p>\n<p>En \u00a0ese \u00a0sentido \u00a0se \u00a0dedica \u00a0a \u00a0se\u00f1alar en \u00a0extenso \u00a0lo que el ordenamiento jur\u00eddico colombiano, as\u00ed como la constituci\u00f3n \u00a0Pol\u00edtica \u00a0y \u00a0la \u00a0jurisprudencia \u00a0casacional han se\u00f1alado sobre la garant\u00eda de \u00a0motivar \u00a0las \u00a0decisiones \u00a0judiciales, \u00a0aspecto \u00a0que insiste no se cumpli\u00f3 en el \u00a0tr\u00e1mite \u00a0de \u00a0extradici\u00f3n, pues ni siquiera la acusaci\u00f3n permite determinar si \u00a0los \u00a0supuestos cargamentos de droga incautados realmente ten\u00edan como destino el \u00a0territorio \u00a0norteamericano \u00a0o \u00a0por \u00a0el \u00a0contrario, \u00a0las \u00a0conductas delictivas se \u00a0desarrollaron y se consumaron en Colombia. \u00a0\u00a0<\/p>\n<p>CONSIDERACIONES \u00a0<\/p>\n<p>\u00a0 \u00a0\u00a0 \u00a0\u00a0 \u00a0\u00a01. Aspectos generales \u00a0\u00a0<\/p>\n<p>El art\u00edculo 502 del C\u00f3digo de Procedimiento \u00a0Penal \u00a0(Ley \u00a0906 \u00a0de \u00a02004), \u00a0estatuto \u00a0aplicable al caso en virtud de la ausencia de convenio con los Estados \u00a0Unidos \u00a0de Am\u00e9rica, establece que el concepto que corresponde emitir a la Corte \u00a0debe fundamentarse, en los siguientes aspectos: \u00a0\u00a0<\/p>\n<p>\u00a0 \u00a0 \u00a0<\/p>\n<p>i. La validez formal de la documentaci\u00f3n presentada, \u00a0\u00a0<\/p>\n<p>ii. La \u00a0 demostraci\u00f3n \u00a0 plena \u00a0 de \u00a0 la \u00a0 identidad \u00a0 del \u00a0 solicitado, \u00a0\u00a0<\/p>\n<p>iii. El principio de la doble incriminaci\u00f3n, \u00a0\u00a0<\/p>\n<p>iv. La \u00a0equivalencia de la providencia proferida en el pa\u00eds extranjero, \u00a0y \u00a0\u00a0<\/p>\n<p>v. El \u00a0cumplimiento \u00a0de \u00a0lo previsto en los tratados p\u00fablicos si fuere \u00a0el caso. \u00a0 \u00a0\u00a0<\/p>\n<p>Adem\u00e1s, \u00a0 los \u00a0 art\u00edculos \u00a0 35 \u00a0 de \u00a0 la \u00a0Constituci\u00f3n \u00a0Pol\u00edtica, 490 y 493 de la Ley 906 de 2004, se\u00f1alan que la Corte \u00a0debe \u00a0verificar \u00a0que \u00a0los \u00a0hechos \u00a0imputados \u00a0al solicitado ciudadano colombiano \u00a0hayan \u00a0sido \u00a0cometidos \u00a0en el exterior y con posterioridad al 17 de diciembre de \u00a01997; \u00a0que \u00a0no \u00a0se trate de delitos pol\u00edticos y se encuentren sancionados en el \u00a0ordenamiento \u00a0jur\u00eddico \u00a0interno con pena privativa de la libertad no inferior a \u00a0cuatro a\u00f1os. \u00a0\u00a0<\/p>\n<p>Asimismo, \u00a0 en \u00a0 garant\u00eda \u00a0 del \u00a0 derecho \u00a0fundamental \u00a0al \u00a0debido \u00a0proceso, \u00a0se \u00a0debe constatar que contra el requerido la \u00a0justicia \u00a0colombiana \u00a0no \u00a0haya \u00a0ejercido \u00a0jurisdicci\u00f3n \u00a0sobre \u00a0los \u00a0hechos \u00a0que \u00a0fundamentan el pedido de extradici\u00f3n. \u00a0\u00a0<\/p>\n<p>Por \u00a0lo \u00a0que el cumplimiento de los aspectos \u00a0indicados se examinar\u00e1 en los siguientes ac\u00e1pites. \u00a0\u00a0<\/p>\n<p>\u00a0 \u00a0\u00a0 \u00a0\u00a0 \u00a0\u00a02. Validez formal de la documentaci\u00f3n presentada \u00a0\u00a0<\/p>\n<p>\u00a0 \u00a0\u00a0 \u00a0\u00a0 \u00a0\u00a0Seg\u00fan \u00a0lo \u00a0establece \u00a0el \u00a0art\u00edculo \u00a0495 \u00a0de la Ley 906 de 2004, la \u00a0solicitud \u00a0de extradici\u00f3n debe efectuarse por la v\u00eda diplom\u00e1tica y, de manera \u00a0excepcional, \u00a0por \u00a0la \u00a0consular \u00a0o \u00a0de \u00a0gobierno \u00a0a \u00a0gobierno, \u00a0adjuntando copia \u00a0aut\u00e9ntica \u00a0del \u00a0fallo \u00a0o \u00a0de \u00a0la \u00a0acusaci\u00f3n \u00a0proferida \u00a0en \u00a0el extranjero, con \u00a0indicaci\u00f3n \u00a0de \u00a0los \u00a0actos \u00a0que \u00a0determinan la petici\u00f3n, as\u00ed como del lugar y \u00a0fecha \u00a0en \u00a0que \u00a0fueron \u00a0ejecutados, \u00a0los \u00a0datos que permitan establecer la plena \u00a0identidad \u00a0del \u00a0reclamado \u00a0y \u00a0la \u00a0copia \u00a0aut\u00e9ntica de las disposiciones penales \u00a0aplicables \u00a0al \u00a0caso, documentos que deben ser expedidos en la forma prevista en \u00a0la \u00a0legislaci\u00f3n \u00a0del \u00a0pa\u00eds \u00a0requirente \u00a0y \u00a0traducidos \u00a0al \u00a0castellano, \u00a0de ser \u00a0necesario. \u00a0\u00a0<\/p>\n<p>\u00a0 \u00a0 \u00a0 \u00a0 \u00a0<\/p>\n<p>\u00a0 \u00a0\u00a0 \u00a0\u00a0 \u00a0El \u00a0art\u00edculo \u00a0251 \u00a0del \u00a0C\u00f3digo \u00a0General \u00a0del \u00a0Proceso \u00a0(Ley \u00a01564 de 2012), prescribe que los \u00a0documentos \u00a0p\u00fablicos \u00a0otorgados \u00a0en pa\u00eds \u00a0 extranjero \u00a0 por \u00a0 funcionarios \u00a0de \u00a0\u00e9ste \u00a0 \u00a0o \u00a0 \u00a0con \u00a0 \u00a0su \u00a0 \u00a0intervenci\u00f3n, \u00a0 se \u00a0 aportar\u00e1n \u00a0 apostillados \u00a0de \u00a0conformidad \u00a0con \u00a0lo establecido en los tratados internacionales ratificados por \u00a0Colombia. \u00a0En \u00a0el evento de que el pa\u00eds extranjero no \u00a0sea \u00a0 \u00a0parte \u00a0 \u00a0de \u00a0 \u00a0dicho \u00a0 instrumento \u00a0 internacional, \u00a0 los \u00a0 mencionados \u00a0 \u00a0 \u00a0 \u00a0 \u00a0 documentos \u00a0deber\u00e1n \u00a0presentarse debidamente autenticados por el \u00a0c\u00f3nsul \u00a0 \u00a0 o \u00a0 \u00a0 agente \u00a0 \u00a0 diplom\u00e1tico \u00a0de \u00a0la \u00a0Rep\u00fablica \u00a0de Colombia en \u00a0dicho \u00a0 pa\u00eds, \u00a0y \u00a0en \u00a0su \u00a0defecto \u00a0por \u00a0el \u00a0de \u00a0una \u00a0naci\u00f3n \u00a0 amiga. \u00a0 La \u00a0 firma \u00a0de \u00a0aqu\u00e9l \u00a0se \u00a0abonar\u00e1 \u00a0por \u00a0el \u00a0Ministerio \u00a0de \u00a0Relaciones \u00a0Exteriores \u00a0de \u00a0Colombia, \u00a0y \u00a0si \u00a0se \u00a0trata \u00a0de \u00a0servidores \u00a0consulares \u00a0de \u00a0un pa\u00eds \u00a0amigo, se autenticar\u00e1 previamente por \u00a0el \u00a0empleado \u00a0competente \u00a0del mismo y los de \u00e9ste con \u00a0el c\u00f3nsul colombiano. \u00a0\u00a0<\/p>\n<p>\u00a0 \u00a0\u00a0 \u00a0\u00a0 \u00a0\u00a0En \u00a0este \u00a0sentido, \u00a0encuentra \u00a0la \u00a0Sala \u00a0que \u00a0dicho \u00a0presupuesto fue \u00a0observado \u00a0por el Gobierno de los Estados Unidos al demandar la extradici\u00f3n del \u00a0ciudadano \u00a0colombiano \u00a0JAIRO \u00a0VALENCIA \u00a0MINA, \u00a0por \u00a0conducto \u00a0de \u00a0su Embajada en \u00a0Colombia. \u00a0\u00a0<\/p>\n<p>\u00a0 \u00a0\u00a0 \u00a0\u00a0 \u00a0\u00a0En \u00a0efecto, \u00a0la \u00a0solicitud se hizo por la v\u00eda diplom\u00e1tica y a ella \u00a0se \u00a0acompa\u00f1\u00f3 \u00a0copia \u00a0de \u00a0la Acusaci\u00f3n Formal No. 8:13CR-609-T-26TBM, tambi\u00e9n \u00a0identificada \u00a0como \u00a0No. \u00a08:13-cr-00609-RAL-TBM, \u00a0de \u00a018 \u00a0de \u00a0diciembre \u00a0de 2013, \u00a0emitida \u00a0por \u00a0el \u00a0Tribunal \u00a0de \u00a0Distrito \u00a0de los Estados Unidos para el Distrito \u00a0Medio \u00a0de Florida, as\u00ed como la orden de arresto librada por esa Corte contra el \u00a0requerido; \u00a0decisiones \u00a0donde se indican los actos que sustentan la petici\u00f3n de \u00a0entrega, \u00a0el \u00a0lugar y las fechas de su ejecuci\u00f3n, mientras que en los restantes \u00a0documentos \u00a0son \u00a0precisados \u00a0tales \u00a0datos \u00a0y se ofrece la informaci\u00f3n necesaria \u00a0para establecer la plena identidad de la persona requerida. \u00a0\u00a0<\/p>\n<p>\u00a0 \u00a0\u00a0 \u00a0\u00a0 \u00a0Lo \u00a0 anterior \u00a0se \u00a0corrobora \u00a0al \u00a0confrontar \u00a0el \u00a0contenido \u00a0de \u00a0las \u00a0declaraciones \u00a0juradas rendidas en apoyo a la extradici\u00f3n el 5 de julio de 2016 \u00a0por \u00a0Joseph K. Ruddy, Fiscal \u00a0Federal \u00a0Auxiliar \u00a0de \u00a0los Estados Unidos en la Fiscal\u00eda para el Distrito Medio \u00a0de \u00a0 Florida \u00a0 y \u00a0 Kerri \u00a0 L. \u00a0Cavanaugh, \u00a0Agente \u00a0Especial \u00a0de \u00a0la \u00a0Oficina \u00a0de \u00a0Seguridad \u00a0Nacional de los \u00a0Estados \u00a0Unidos, \u00a0ya referidas en este concepto, quienes rese\u00f1an los pormenores \u00a0de \u00a0la \u00a0investigaci\u00f3n \u00a0y \u00a0posterior acusaci\u00f3n, la relaci\u00f3n de los cargos y la \u00a0normatividad \u00a0aplicable \u00a0al \u00a0caso, los cuales est\u00e1n contenidos en el C\u00f3digo de \u00a0los Estados Unidos. \u00a0\u00a0<\/p>\n<p>\u00a0 \u00a0\u00a0 \u00a0\u00a0 \u00a0Dichos \u00a0documentos \u00a0a \u00a0su \u00a0vez obran certificados y autenticados por \u00a0las \u00a0autoridades del Estado requirente y est\u00e1n traducidos al espa\u00f1ol. Adem\u00e1s, \u00a0aparece \u00a0 la \u00a0 refrendaci\u00f3n \u00a0 efectuada \u00a0por \u00a0la \u00a0Vicec\u00f3nsul \u00a0de \u00a0Colombia \u00a0en \u00a0Washington, \u00a0 \u00a0 \u00a0Mar\u00eda \u00a0 \u00a0 \u00a0Fernanda \u00a0 \u00a0 Cuellar \u00a0Botero, \u00a0cuya \u00a0firma \u00a0fue \u00a0abonada \u00a0por \u00a0el \u00a0Jefe \u00a0de \u00a0Legalizaciones \u00a0del \u00a0Ministerio \u00a0de \u00a0Relaciones \u00a0Exteriores \u00a0el \u00a011 \u00a0de julio de \u00a0201619, \u00a0lo \u00a0que \u00a0de \u00a0conformidad con el art\u00edculo 251 del C\u00f3digo General \u00a0del \u00a0Proceso, \u00a0permite \u00a0suponer que se expidieron conforme a las leyes del pa\u00eds \u00a0solicitante, por tanto este requisito se satisface. \u00a0\u00a0<\/p>\n<p>\u00a0 \u00a0\u00a0 \u00a0\u00a0 \u00a03. Plena identidad del requerido en extradici\u00f3n \u00a0\u00a0<\/p>\n<p>Esta exigencia se contrae a constatar si la \u00a0persona \u00a0requerida \u00a0(acusada \u00a0o \u00a0condenada) \u00a0en el pa\u00eds extranjero, es la misma \u00a0sometida \u00a0al \u00a0tr\u00e1mite \u00a0de \u00a0extradici\u00f3n, \u00a0lo \u00a0cual implica conocer su verdadera \u00a0identidad; \u00a0 por \u00a0 lo \u00a0 tanto, \u00a0el \u00a0requisito \u00a0se \u00a0cumple \u00a0cuando \u00a0existe \u00a0plena \u00a0coincidencia \u00a0entre \u00a0el \u00a0individuo solicitado y aqu\u00e9l cuya entrega se encuentra \u00a0en curso de resolver. \u00a0\u00a0<\/p>\n<p>\u00a0 \u00a0\u00a0 \u00a0\u00a0 \u00a0De \u00a0acuerdo \u00a0con \u00a0las Notas Diplom\u00e1ticas Nos. 0337 y 1222 del 29 de \u00a0febrero \u00a0y \u00a015 \u00a0de julio de 2016, de la Embajada de los Estados Unidos, por cuyo \u00a0medio \u00a0se \u00a0solicit\u00f3 \u00a0la \u00a0detenci\u00f3n \u00a0provisional \u00a0y \u00a0se formaliz\u00f3 el pedido de \u00a0extradici\u00f3n \u00a0de JAIRO VALENCIA MINA, respectivamente, se inform\u00f3 al Ministerio \u00a0de \u00a0Relaciones Exteriores que la persona requerida naci\u00f3 el 8 de agosto de 1972 \u00a0en \u00a0Colombia y es portador de la c\u00e9dula de ciudadan\u00eda N\u00b0 16.503.953, tambi\u00e9n \u00a0conocido como \u00abPipillo\u00bb. \u00a0\u00a0<\/p>\n<p>Ahora, \u00a0de \u00a0la \u00a0documentaci\u00f3n \u00a0reunida \u00a0en \u00a0Colombia \u00a0se \u00a0infiere \u00a0que \u00a0se \u00a0trata \u00a0de \u00a0la \u00a0misma persona a que alude aquella \u00a0petici\u00f3n, \u00a0sin \u00a0que \u00a0haya lugar a cuestionar los dem\u00e1s datos exigidos para dar \u00a0por \u00a0acreditada \u00a0la \u00a0exigencia \u00a0bajo \u00a0examen. \u00a0Tal \u00a0supuesto \u00a0de coincidencia de \u00a0identidad, \u00a0se constata con los datos registrados en el acta de los derechos del \u00a0capturado \u00a0de \u00a0fecha \u00a017 \u00a0de \u00a0mayo \u00a0de 2016, cuya aprehensi\u00f3n fue realizada con \u00a0fines \u00a0de \u00a0extradici\u00f3n \u00a0(folios 6-7 carpeta adjunta) \u00a0y \u00a0 \u00a0 \u00a0en \u00a0la \u00a0fotocopia \u00a0de \u00a0la \u00a0c\u00e9dula \u00a0de ciudadan\u00eda que presentara al \u00a0momento \u00a0 \u00a0de \u00a0 \u00a0su \u00a0 \u00a0aprehensi\u00f3n \u00a0 \u00a0(folio \u00a0 \u00a013 \u00a0ib\u00eddem). \u00a0\u00a0<\/p>\n<p>Adem\u00e1s, \u00a0un \u00a0funcionario \u00a0de \u00a0la \u00a0Polic\u00eda \u00a0Nacional \u00a0\u2013Laboratorio de \u00a0Dactiloscopia \u00a0Forense \u00a0&#8211; constat\u00f3 la plena identidad de JAIRO VALENCIA MINA, a \u00a0trav\u00e9s \u00a0de \u00a0confrontaci\u00f3n \u00a0dactilosc\u00f3pica \u00a0hecha entre las huellas tomadas al \u00a0momento \u00a0de su captura y las obrantes en el informe de consulta web expedido por \u00a0la \u00a0 Registradur\u00eda \u00a0 Nacional \u00a0 del \u00a0 Estado \u00a0Civil20. \u00a0\u00a0<\/p>\n<p>\u00a0 \u00a0\u00a0 \u00a0\u00a0 \u00a0En \u00a0esa medida, no hay duda alguna en cuanto a la plena identidad de \u00a0la \u00a0persona \u00a0pedida en extradici\u00f3n, y su correspondencia con quien se encuentra \u00a0privado \u00a0de \u00a0la libertad por cuenta de esta actuaci\u00f3n jur\u00eddico administrativa, \u00a0m\u00e1xime \u00a0cuando \u00a0durante \u00a0el \u00a0presente \u00a0tr\u00e1mite nunca fue cuestionada la misma. \u00a0\u00a0<\/p>\n<p>\u00a0 \u00a0\u00a0 \u00a0\u00a0 \u00a04. \u00a0Equivalencia \u00a0de \u00a0la \u00a0providencia \u00a0proferida \u00a0en \u00a0el \u00a0extranjero \u00a0\u00a0<\/p>\n<p>\u00a0 \u00a0\u00a0 \u00a0\u00a0 \u00a0Como \u00a0lo ha reiterado en diversas oportunidades la Sala de Casaci\u00f3n \u00a0Penal \u00a0de \u00a0la \u00a0Corte Suprema de Justicia, se cumple con el requisito en menci\u00f3n \u00a0acatando \u00a0lo \u00a0previsto en el numeral 2\u00b0 art\u00edculo 493 de la Ley 906 de 2004, el \u00a0cual \u00a0requiere \u00a0\u00abque por lo menos se haya dictado en \u00a0el exterior resoluci\u00f3n de acusaci\u00f3n o su equivalente\u00bb. \u00a0\u00a0<\/p>\n<p>\u00a0 \u00a0\u00a0 \u00a0\u00a0 \u00a0En \u00a0el \u00a0presente \u00a0evento, \u00a0el \u00a018 \u00a0diciembre \u00a0de 2013 el Tribunal de \u00a0Distrito \u00a0de \u00a0los Estados Unidos para el Distrito Medio de Florida, profiri\u00f3 la \u00a0Acusaci\u00f3n \u00a0 Formal \u00a0No. \u00a08:13CR-609-T-26TBM, \u00a0tambi\u00e9n \u00a0identificada \u00a0como \u00a0No. \u00a08:13-cr-00609-RAL-TBM \u00a0contra \u00a0JAIRO VALENCIA MINA, entre otros, para comparecer \u00a0a \u00a0juicio \u00a0por delitos federales de narc\u00f3ticos, acto que en el sistema procesal \u00a0penal \u00a0colombiano equivale al escrito de acusaci\u00f3n previsto en el art\u00edculo 337 \u00a0de \u00a0la \u00a0Ley \u00a0906 \u00a0de \u00a02004, \u00a0con lo cual el requisito legal en estudio se estima \u00a0acreditado. \u00a0\u00a0<\/p>\n<p>En \u00a0efecto, \u00a0si bien dichas providencias no \u00a0son \u00a0id\u00e9nticas, guardan similitudes que las tornan equivalentes, pues contienen \u00a0un \u00a0pliego \u00a0de cargos del cual se debe defender el acusado en juicio y a su vez, \u00a0constituye \u00a0presupuesto procesal para la iniciaci\u00f3n de la etapa de juzgamiento, \u00a0que \u00a0culmina \u00a0con \u00a0el \u00a0respectivo \u00a0fallo \u00a0de \u00a0m\u00e9rito. \u00a0En \u00e9ste se consigna una \u00a0relaci\u00f3n \u00a0detallada \u00a0de los hechos con especificaci\u00f3n de las circunstancias de \u00a0tiempo, \u00a0modo \u00a0y \u00a0lugar \u00a0en \u00a0que \u00a0ocurrieron \u00a0y la calificaci\u00f3n jur\u00eddica de la \u00a0conducta, \u00a0 \u00a0 con \u00a0 \u00a0 indicaci\u00f3n \u00a0 \u00a0 de \u00a0 \u00a0las \u00a0 \u00a0disposiciones \u00a0 \u00a0sustanciales \u00a0aplicables. \u00a0\u00a0<\/p>\n<p>Ahora, \u00a0que en la acusaci\u00f3n for\u00e1nea no se \u00a0hayan \u00a0enumerado la totalidad de las pruebas que obran en contra del requerido o \u00a0que \u00a0no se encuentran plenamente establecidas las circunstancias de tiempo, modo \u00a0y \u00a0lugar \u00a0en que ocurrieron los hechos por los cuales es solicitado, no por ello \u00a0se \u00a0podr\u00eda \u00a0se\u00f1alar \u00a0como lo considera la defensa, que dicho presupuesto no se \u00a0cumple, \u00a0pues \u00a0ello \u00a0es \u00a0un \u00a0tema \u00a0que \u00a0le \u00a0compete \u00a0resolverlo \u00a0al \u00abjuez \u00a0natural\u00bb, \u00a0esto \u00a0es, al Tribunal \u00a0estadounidense. As\u00ed lo ha venido reiterado la Corte: \u00a0\u00a0<\/p>\n<p>Debido \u00a0precisamente \u00a0a que en Colombia el \u00a0tr\u00e1mite \u00a0de \u00a0extradici\u00f3n \u00a0no \u00a0corresponde \u00a0a \u00a0la \u00a0noci\u00f3n \u00a0estricta de proceso \u00a0judicial, \u00a0en \u00a0el \u00a0que \u00a0se \u00a0juzgue \u00a0la \u00a0conducta \u00a0de aquel a quien se reclama en \u00a0extradici\u00f3n, \u00a0en \u00a0su \u00a0curso \u00a0no tienen cabida cuestionamientos relativos, entre \u00a0otros, \u00a0la \u00a0validez \u00a0o m\u00e9rito de la prueba recaudada \u00a0por \u00a0las \u00a0autoridades \u00a0extranjeras \u00a0respecto \u00a0a \u00a0la forma de participaci\u00f3n o el \u00a0grado \u00a0 \u00a0de \u00a0 \u00a0responsabilidad \u00a0 \u00a0del \u00a0 encausado\u2026 \u00a0o \u00a0 la \u00a0vigencia \u00a0de \u00a0la \u00a0acci\u00f3n \u00a0penal, \u00a0pues \u00a0tales \u00a0aspectos \u00a0corresponden \u00a0a \u00a0la \u00a0\u00f3rbita \u00a0exclusiva y \u00a0excluyente \u00a0 de \u00a0 las \u00a0autoridades \u00a0del \u00a0pa\u00eds \u00a0que \u00a0eleva \u00a0la \u00a0solicitud \u00a0y \u00a0su \u00a0postulaci\u00f3n \u00a0o \u00a0controversia \u00a0debe \u00a0hacerse al interior del respectivo proceso, \u00a0utilizando \u00a0al efecto los instrumentos que prev\u00e9 la legislaci\u00f3n del Estado que \u00a0formula \u00a0 \u00a0 \u00a0 \u00a0 \u00a0 \u00a0 el \u00a0 \u00a0 \u00a0 \u00a0 \u00a0 \u00a0 pedido21.\u00a0 \u00a0 Negrillas \u00a0de \u00a0la \u00a0Sala \u00a0\u00a0<\/p>\n<p>\u00a0 \u00a0\u00a0 \u00a0\u00a0 \u00a0Por \u00a0lo anterior, este presupuesto contrario a lo considerado por el \u00a0defensor tambi\u00e9n se cumple a cabalidad. \u00a0\u00a0<\/p>\n<p>\u00a0 \u00a0\u00a0 \u00a0\u00a0 \u00a05. Principio de doble incriminaci\u00f3n \u00a0\u00a0<\/p>\n<p>\u00a0 \u00a0\u00a0 \u00a0 \u00a0De \u00a0acuerdo \u00a0con \u00a0lo estipulado en el numeral 1\u00ba del art\u00edculo 493 \u00a0de \u00a0la \u00a0Ley \u00a0906 \u00a0de 2004, para conceder la extradici\u00f3n es indispensable que el \u00a0hecho \u00a0que \u00a0la \u00a0motiva \u00a0est\u00e9 previsto en Colombia como delito y que el mismo se \u00a0encuentre \u00a0reprimido \u00a0con \u00a0una sanci\u00f3n privativa de la libertad cuyo m\u00ednimo no \u00a0sea inferior a cuatro a\u00f1os. \u00a0\u00a0<\/p>\n<p>La Corte tiene dicho que para establecer si \u00a0la \u00a0conducta \u00a0que \u00a0se \u00a0le \u00a0imputa \u00a0al \u00a0requerido \u00a0en \u00a0el \u00a0pa\u00eds \u00a0solicitante \u00a0es \u00a0considerada \u00a0como \u00a0delito \u00a0en \u00a0Colombia, debe hacerse una comparaci\u00f3n entre las \u00a0normas \u00a0que \u00a0all\u00ed \u00a0sustentan \u00a0la \u00a0sindicaci\u00f3n, \u00a0con \u00a0las de orden interno para \u00a0establecer \u00a0si \u00a0\u00e9stas \u00a0tambi\u00e9n \u00a0recogen los comportamientos contenidos en cada \u00a0uno de los cargos. \u00a0\u00a0<\/p>\n<p>Tal \u00a0 confrontaci\u00f3n \u00a0 se \u00a0 hace \u00a0con \u00a0la \u00a0normatividad \u00a0que est\u00e1 en vigor al momento de rendir el concepto, puesto que lo \u00a0emite \u00a0dentro del tr\u00e1mite de un mecanismo de cooperaci\u00f3n internacional, raz\u00f3n \u00a0por \u00a0la cual la aplicaci\u00f3n del principio de favorabilidad que podr\u00eda arg\u00fcirse \u00a0como \u00a0producto \u00a0natural \u00a0de \u00a0la \u00a0sucesi\u00f3n \u00a0de \u00a0leyes no entrar\u00eda en juego, por \u00a0cuanto \u00a0las \u00a0dom\u00e9sticas no son las que operar\u00e1n en el extranjero.\u00a0 Lo que \u00a0a \u00a0este \u00a0prop\u00f3sito \u00a0determina el concepto es que, sin importar la denominaci\u00f3n \u00a0jur\u00eddica, \u00a0el \u00a0acto \u00a0desarrollado por el ciudadano cuya extradici\u00f3n se demanda \u00a0sea igualmente considerado como delictuoso en el territorio patrio. \u00a0\u00a0<\/p>\n<p>\u00a0 \u00a0\u00a0 \u00a0 \u00a0En \u00a0 este \u00a0 sentido, \u00a0se \u00a0tiene \u00a0que \u00a0el \u00a0ciudadano \u00a0colombiano \u00a0JAIRO VALENCIA MINA \u00a0es \u00a0requerido \u00a0para \u00a0que \u00a0comparezca \u00a0en juicio ante Tribunal \u00a0de \u00a0Distrito \u00a0de \u00a0los \u00a0Estados \u00a0Unidos \u00a0para \u00a0el Distrito \u00a0Medio \u00a0 \u00a0de \u00a0 Florida, \u00a0donde \u00a0 es \u00a0 sujeto \u00a0de \u00a0la \u00a0Acusaci\u00f3n \u00a0Formal \u00a0No. \u00a08:13CR-609-T-26TBM, \u00a0 \u00a0 \u00a0 \u00a0 \u00a0 \u00a0tambi\u00e9n \u00a0identificada \u00a0como \u00a0No. \u00a08:13-cr-00609-RAL-TBM, del 18 de \u00a0diciembre de 2013. \u00a0\u00a0<\/p>\n<p>\u00a0 \u00a0\u00a0 \u00a0 \u00a0De \u00a0 \u00a0 acuerdo \u00a0 \u00a0 con \u00a0 \u00a0 el \u00a0 \u00a0citado \u00a0 \u00a0escrito, \u00a0 \u00a0los \u00a0 \u00a0 \u00a0 \u00a0 \u00a0 cargos \u00a0 \u00a0 \u00a0 \u00a0 por \u00a0 \u00a0 \u00a0 \u00a0los \u00a0 \u00a0 \u00a0 \u00a0 \u00a0 cuales \u00a0 es \u00a0 procesado \u00a0 y \u00a0 requerido \u00a0se \u00a0resumen \u00a0de \u00a0la \u00a0siguiente \u00a0manera: \u00a0\u00a0<\/p>\n<p>ACUSACI\u00d3N FORMAL \u00a0<\/p>\n<p>El \u00a0 \u00a0 Gran \u00a0 \u00a0Jurado \u00a0 \u00a0acusa \u00a0 \u00a0lo \u00a0siguiente: \u00a0\u00a0<\/p>\n<p>Cargo Uno \u00a0<\/p>\n<p>Desde una fecha desconocida, y continuando \u00a0a \u00a0partir \u00a0de entonces hasta e incluyendo la fecha de esta Acusaci\u00f3n Formal, en \u00a0el \u00a0 Distrito \u00a0 Medio \u00a0 de \u00a0 la \u00a0 Florida \u00a0 y \u00a0 en \u00a0otros \u00a0lugares, \u00a0el \u00a0acusado \u00a0[sic] \u00a0\u00a0<\/p>\n<p>[\u2026] \u00a0<\/p>\n<p>JAIRO \u00a0 \u00a0 VALENCIA \u00a0 \u00a0 \u2013MINA \u00a0\u00a0<\/p>\n<p>alias Pipillo y \u00a0<\/p>\n<p>[\u2026] \u00a0<\/p>\n<p>voluntariamente \u00a0y a sabiendas se unieron, \u00a0conspiraron \u00a0y \u00a0llegaron \u00a0a \u00a0un \u00a0acuerdo \u00a0con \u00a0otras \u00a0personas cuyos nombres son \u00a0conocidos \u00a0y \u00a0desconocidos \u00a0por \u00a0el \u00a0Gran \u00a0Jurado, \u00a0para \u00a0distribuir \u00a0cinco \u00a0(5) \u00a0kilogramos \u00a0o \u00a0m\u00e1s \u00a0de \u00a0una \u00a0mezcla \u00a0o sustancia con un contenido detectable de \u00a0coca\u00edna, \u00a0una \u00a0sustancia controlada categor\u00eda II, sabiendo y con la intenci\u00f3n \u00a0de \u00a0que \u00a0tal \u00a0sustancia \u00a0ser\u00eda \u00a0importada il\u00edcitamente a los Estados Unidos en \u00a0violaci\u00f3n \u00a0de \u00a0la \u00a0Secci\u00f3n \u00a0959 \u00a0del \u00a0T\u00edtulo \u00a021 \u00a0del \u00a0C\u00f3digo de los Estados \u00a0Unidos. \u00a0\u00a0<\/p>\n<p>Todo \u00a0en violaci\u00f3n de las Secciones 963 y \u00a0960 (b)(1)(B)(ii) del T\u00edtulo 21 del C\u00f3digo de los Estados Unidos. \u00a0\u00a0<\/p>\n<p>Cargo Dos \u00a0<\/p>\n<p>Desde una fecha desconocida, y continuando \u00a0a \u00a0partir \u00a0de entonces hasta e incluyendo la fecha de esta Acusaci\u00f3n Formal, en \u00a0el Distrito Medio de la Florida y en otros lugares, los acusados \u00a0\u00a0<\/p>\n<p>[\u2026] \u00a0<\/p>\n<p>JAIRO \u00a0 \u00a0 VALENCIA \u00a0 \u00a0 \u2013MINA \u00a0\u00a0<\/p>\n<p>alias Pipillo y \u00a0<\/p>\n<p>[\u2026] \u00a0<\/p>\n<p>voluntariamente \u00a0y a sabiendas se unieron, \u00a0conspiraron \u00a0y llegaron a un acuerdo con otras personas conocidas y desconocidas \u00a0por \u00a0el \u00a0Gran \u00a0Jurado, \u00a0para \u00a0poseer \u00a0con \u00a0la intenci\u00f3n de distribuir cinco (5) \u00a0kilogramos \u00a0o \u00a0m\u00e1s \u00a0de \u00a0una \u00a0mezcla \u00a0o sustancia con un contenido detectable de \u00a0coca\u00edna, \u00a0una \u00a0sustancia \u00a0controlada categor\u00eda II, a bordo de una embarcaci\u00f3n \u00a0sujeta \u00a0a \u00a0la \u00a0jurisdicci\u00f3n \u00a0de \u00a0los Estados Unidos, en violaci\u00f3n\u00a0 de las \u00a0Secciones \u00a070503 (a) y 70506 (a) y (b) del T\u00edtulo 46 del C\u00f3digo de los Estados \u00a0Unidos \u00a0y \u00a0la \u00a0Secci\u00f3n \u00a0960 \u00a0(b)(1)(B)(ii) \u00a0del \u00a0T\u00edtulo \u00a021 del C\u00f3digo de los \u00a0Estados Unidos. \u00a0\u00a0<\/p>\n<p>En \u00a0soporte \u00a0al \u00a0pliego \u00a0 \u00a0de \u00a0 \u00a0cargos \u00a0 figura \u00a0 la \u00a0 declaraci\u00f3n \u00a0 jurada \u00a0 de \u00a0 Kerri \u00a0L. \u00a0Cavanaugh, Agente Especial del \u00a0Departamento \u00a0de Seguridad Nacional de los Estados Unidos, quien no solo relev\u00f3 \u00a0datos \u00a0acerca \u00a0de \u00a0la \u00a0existencia de una organizaci\u00f3n transnacional dedicada al \u00a0tr\u00e1fico \u00a0 de \u00a0 estupefacientes, \u00a0 sino \u00a0 que \u00a0adicionalmente \u00a0inform\u00f3 \u00a0que \u00a0la \u00a0investigaci\u00f3n \u00a0dej\u00f3 \u00a0entrever \u00a0que \u00a0el \u00a0aqu\u00ed \u00a0requerido en extradici\u00f3n JAIRO \u00a0VALENCIA MINA, era parte de la misma. Textualmente se\u00f1al\u00f3: \u00a0\u00a0<\/p>\n<p>I. \u00a0 \u00a0 \u00a0 \u00a0 \u00a0 Antecedentes \u00a0\u00a0<\/p>\n<p>6. \u00a0 \u00a0La \u00a0investigaci\u00f3n \u00a0ha revelado que Valencia Mina, [\u2026] y \u00a0el \u00a0coacusado [\u2026], son miembros de una organizaci\u00f3n \u00a0de \u00a0narcotr\u00e1fico (en lo adelante DTO, por sus siglas \u00a0en \u00a0ingl\u00e9s) \u00a0con \u00a0sede \u00a0en \u00a0Colombia, responsable de \u00a0transportar \u00a0 env\u00edos \u00a0 de \u00a0 varios \u00a0 kilogramos \u00a0 de \u00a0 coca\u00edna \u00a0por \u00a0medio \u00a0de \u00a0semisumergibles \u00a0de \u00a0autopropulsi\u00f3n \u00a0(en lo adelante \u00a0SPSS, \u00a0por sus siglas en ingl\u00e9s) y lanchas r\u00e1pidas a \u00a0trav\u00e9s \u00a0de \u00a0las \u00a0aguas \u00a0internacionales \u00a0del Oc\u00e9ano Pac\u00edfico desde Colombia a \u00a0Centroam\u00e9rica \u00a0y \u00a0M\u00e9xico, para su final distribuci\u00f3n \u00a0 final \u00a0en \u00a0los \u00a0Estados \u00a0Unidos. \u00a0Varios \u00a0testigos dispuestos a cooperar (en lo adelante, los CW, por sus \u00a0siglas \u00a0en \u00a0ingl\u00e9s) \u00a0han \u00a0descrito \u00a0los papeles de Valencia Mina, [\u2026] y [\u2026] \u00a0desempe\u00f1an en la DTO. \u00a0\u00a0<\/p>\n<p>II. \u00a0 Pruebas \u00a0\u00a0<\/p>\n<p>7. \u00a0El \u00a031 \u00a0de \u00a0diciembre \u00a0de 2008 el Servicio de Guardacostas de EE.UU (en lo adelante el USCG, \u00a0por \u00a0sus \u00a0siglas \u00a0en \u00a0ingl\u00e9s) interceptaron una SPSS en aguas internacionales a \u00a0aproximadamente \u00a0200 \u00a0millas \u00a0n\u00e1uticas \u00a0al \u00a0noreste \u00a0de \u00a0Manta, \u00a0Ecuador, en el \u00a0oc\u00e9ano \u00a0Pac\u00edfico \u00a0Oriental. La tripulaci\u00f3n del SPSS hundi\u00f3 la embarcaci\u00f3n y \u00a0no se recuper\u00f3 nada. \u00a0\u00a0<\/p>\n<p>8. \u00a0 Un \u00a0 CW, \u00a0 el \u00a0 CW-1, \u00a0dijo \u00a0a \u00a0los \u00a0investigadores \u00a0de \u00a0EE.UU. \u00a0que \u00a0desde 2007 al 2009, Valencia Mina, [\u2026] y otro \u00a0miembro \u00a0de \u00a0la \u00a0DTO \u00a0ordenaron y le pagaron a CW-1 por la construcci\u00f3n de tres \u00a0SPSS \u00a0y \u00a0una \u00a0lancha r\u00e1pida con el prop\u00f3sito de transportar grandes cantidades \u00a0de \u00a0coca\u00edna. \u00a0El \u00a0CW-1 \u00a0dijo \u00a0que \u00a0uno \u00a0de \u00a0los \u00a0SPSS \u00a0que \u00a0\u00e9l \u00a0construy\u00f3 fue \u00a0interceptado \u00a0por \u00a0el \u00a0USCG \u00a0el \u00a031 \u00a0de \u00a0diciembre de 2008. El CW-1 dijo que \u00e9l \u00a0contrat\u00f3 \u00a0y \u00a0le \u00a0pago \u00a0a \u00a0[\u2026] \u00a0para \u00a0que \u00a0instalar\u00e1 \u00a0el \u00a0motor \u00a0en \u00a0el \u00a0SPSS \u00a0interceptado \u00a0y [\u2026] contrato al mec\u00e1nico para que viajar a bordo del SPSS. El \u00a0CW-1 \u00a0dijo \u00a0que \u00a0[\u2026] \u00a0estuvo \u00a0presente \u00a0cuando el SPSS fue despachado. \u00a0\u00a0<\/p>\n<p>9. \u00a0Un \u00a0segundo \u00a0CW, \u00a0el CW-2, dijo a los \u00a0investigadores \u00a0de \u00a0EE.UU. \u00a0que \u00a0el SPSS interceptado el 31 de diciembre de 2008 \u00a0llevaba \u00a02.300 \u00a0kilogramos de coca\u00edna antes de que la tripulaci\u00f3n lo hundiera. \u00a0El \u00a0CW-2 \u00a0dijo \u00a0que \u00a0Valencia \u00a0Mina \u00a0tambi\u00e9n estuvo presente cuando el SPSS fue \u00a0despachado \u00a0y \u00a0ten\u00eda \u00a0la \u00a0responsabilidad \u00a0de \u00a0asegurarse que la coca\u00edna fuese \u00a0cargada al SPSS. \u00a0\u00a0<\/p>\n<p>10. \u00a0Un \u00a0tercer \u00a0CW, \u00a0el CW-3, dijo a los \u00a0investigadores \u00a0de \u00a0EE.UU. que, en el a\u00f1o 2009, el CW-3 ayud\u00f3 a Valencia Mina, \u00a0[\u2026] \u00a0y a otro miembro de la DTO a organizar y despachar una lancha r\u00e1pida que \u00a0logr\u00f3 \u00a0 transportar \u00a0 1.200 \u00a0 kilogramos \u00a0 de \u00a0 coca\u00edna \u00a0 desde \u00a0 Colombia \u00a0 a \u00a0M\u00e9xico. \u00a0\u00a0<\/p>\n<p>El \u00a0 CW-3 \u00a0 dijo \u00a0 que, \u00a0debido \u00a0a \u00a0esa \u00a0transacci\u00f3n \u00a0exitosa, \u00a0el \u00a0grupo \u00a0plane\u00f3 \u00a0otra \u00a0operaci\u00f3n de contrabando para \u00a0transportar \u00a01.200 \u00a0kilogramos \u00a0de \u00a0coca\u00edna \u00a0por medio de una lancha r\u00e1pida de \u00a0Colombia \u00a0a M\u00e9xico. Sin embargo, la coca\u00edna y la lancha r\u00e1pida posteriormente \u00a0fueron incautadas por las \u00a0autoridades de Colombia. \u00a0\u00a0<\/p>\n<p>11. \u00a0El \u00a02 \u00a0de \u00a0mayo \u00a0de 2010, \u00a0el \u00a0USCG \u00a0intercept\u00f3 \u00a0a \u00a0un \u00a0SPSS \u00a0a aproximadamente 47 millas \u00a0n\u00e1uticas \u00a0al \u00a0sureste \u00a0en \u00a0la isla de Coca, Costa Rica, en el oc\u00e9ano Pac\u00edfico \u00a0Oriental \u00a0y \u00a0recuper\u00f3 \u00a0un total de 1.434 kil\u00f3gramos de coca\u00edna desde el SPSS. \u00a0[\u2026]. \u00a0\u00a0<\/p>\n<p>Por \u00a0 \u00a0 su \u00a0 \u00a0 parte, \u00a0 \u00a0Joseph \u00a0 K. \u00a0 Ruddy \u00a0Fiscal \u00a0Auxiliar \u00a0de \u00a0Distrito \u00a0de los Estados Unidos en la Fiscal\u00eda de Distrito Medio de la Florida, \u00a0no \u00a0solo \u00a0refiri\u00f3 al procedimiento del Gran Jurado para dictar acusaci\u00f3n, sino \u00a0que adicionalmente precis\u00f3: \u00a0\u00a0<\/p>\n<p>[\u2026] \u00a0En \u00a0los \u00a0cargos \u00a0Uno \u00a0al \u00a0Dos de la \u00a0acusaci\u00f3n \u00a0 formal \u00a0 se \u00a0 acusa \u00a0 a \u00a0 Valencia \u00a0 Mina \u00a0y \u00a0[\u2026] \u00a0de \u00a0conspirar, \u00a0voluntariamente \u00a0y \u00a0a \u00a0sabiendas \u00a0para \u00a0distribuir \u00a0cinco \u00a0o \u00a0m\u00e1s kilogramos de \u00a0coca\u00edna, \u00a0sabiendo \u00a0y \u00a0con \u00a0la intenci\u00f3n de que tal sustancia ser\u00eda importada \u00a0il\u00edcitamente \u00a0a \u00a0los \u00a0Estados \u00a0Unidos, \u00a0y \u00a0de \u00a0poseer, \u00a0con \u00a0la \u00a0intenci\u00f3n \u00a0de \u00a0distribuir, \u00a0cinco \u00a0kilogramos \u00a0o \u00a0m\u00e1s \u00a0de \u00a0coca\u00edna, \u00a0estando \u00a0a \u00a0bordo de una \u00a0embarcaci\u00f3n \u00a0sujeta \u00a0a la jurisdicci\u00f3n de los Estados Unidos, respectivamente. \u00a0Seg\u00fan \u00a0las \u00a0Leyes \u00a0de \u00a0los \u00a0EE.UU. \u00a0un concierto es simplemente un acuerdo para \u00a0violar \u00a0otra \u00a0ley \u00a0penal, \u00a0en \u00a0el \u00a0caso de los cargos uno y dos de la acusaci\u00f3n \u00a0formal, \u00a0las \u00a0leyes \u00a0que \u00a0proh\u00edben \u00a0la \u00a0distribuci\u00f3n de sustancias controladas \u00a0sabiendo \u00a0que \u00a0\u00e9stas \u00a0ser\u00e1n importadas a los Estados Unidos, con la intenci\u00f3n \u00a0de \u00a0distribuir, \u00a0sustancias \u00a0controladas \u00a0estando \u00a0a \u00a0bordo \u00a0en una embarcaci\u00f3n \u00a0sujeta \u00a0a \u00a0la \u00a0jurisdicci\u00f3n \u00a0de \u00a0los \u00a0Estados Unidos, respectivamente. En otras \u00a0palabras, \u00a0seg\u00fan las leyes de los EE.UU., el acto de unirse y acordar con una o \u00a0m\u00e1s \u00a0personas para violar una ley de los Estados Unidos constituye en s\u00ed mismo \u00a0un \u00a0delito. No es necesario que el acuerdo sea formal y puede ser simplemente un \u00a0entendimiento \u00a0verbal. \u00a0Se \u00a0considera \u00a0que \u00a0un \u00a0concierto es una asociaci\u00f3n con \u00a0prop\u00f3sitos \u00a0delictivos, \u00a0en la cual cada miembro o participante se convierte en \u00a0el \u00a0agente \u00a0o \u00a0socio de\u00a0 los dem\u00e1s miembros. Una persona puede convertirse \u00a0en \u00a0miembro \u00a0del concierto sin tener conocimiento completo de todos los detalles \u00a0de \u00a0 la \u00a0trama \u00a0il\u00edcita \u00a0o \u00a0los \u00a0nombres \u00a0o \u00a0identidades \u00a0de \u00a0todos \u00a0los \u00a0otros \u00a0conspiradores. [\u2026]. \u00a0\u00a0<\/p>\n<p>16. \u00a0A \u00a0fin \u00a0de condenar a Valencia Mina y \u00a0[\u2026] \u00a0por \u00a0el \u00a0delito imputado en el cargo Uno de la acusaci\u00f3n formal, Estados \u00a0Unidos \u00a0tendr\u00e1 \u00a0que probar durante un juicio que tanto Valencia Mina como [\u2026] \u00a0entraron \u00a0en \u00a0un \u00a0acuerdo \u00a0con una o m\u00e1s personas para cumplir un plan il\u00edcito \u00a0com\u00fan, \u00a0como se imputa en ese cargo, y que ellos voluntariamente y a sabiendas, \u00a0se convirtieron en miembros de tal concierto. [\u2026]. \u00a0\u00a0<\/p>\n<p>17. \u00a0A \u00a0fin \u00a0de condenar a Valencia Mina y \u00a0[\u2026] \u00a0por \u00a0el \u00a0delito imputado en el cargo Dos de la acusaci\u00f3n formal, Estados \u00a0Unidos \u00a0tendr\u00e1 \u00a0que probar durante un juicio que tanto Valencia Mina como [\u2026] \u00a0entraron \u00a0en \u00a0un \u00a0acuerdo \u00a0con una o m\u00e1s personas para cumplir un plan il\u00edcito \u00a0com\u00fan, \u00a0como se imputa en ese cargo, y que ellos voluntariamente y a sabiendas, \u00a0se convirtieron en miembros de tal concierto. [\u2026]. \u00a0\u00a0<\/p>\n<p>18. \u00a0Estados \u00a0Unidos \u00a0probar\u00e1 \u00a0su caso en \u00a0contra \u00a0de \u00a0Valencia \u00a0Mina \u00a0y \u00a0[\u2026] \u00a0por \u00a0medio \u00a0de \u00a0varios \u00a0tipos \u00a0de pruebas, \u00a0incluyendo \u00a0las \u00a0pruebas \u00a0f\u00edsicas y el testimonio de testigos. Toda la conducta \u00a0delictiva \u00a0de \u00a0los acusados, imputada en la acusaci\u00f3n formal, ocurri\u00f3 despu\u00e9s \u00a0del 17 de diciembre de 1997. \u00a0\u00a0<\/p>\n<p>As\u00ed, debe tenerse en cuenta que del relato \u00a0f\u00e1ctico \u00a0 descrito \u00a0 en \u00a0 la \u00a0 citada \u00a0 acusaci\u00f3n \u00a0como \u00a0en \u00a0las \u00a0declaraciones \u00a0 juradas \u00a0 rendidas \u00a0 en \u00a0apoyo \u00a0a \u00a0la \u00a0extradici\u00f3n, \u00a0se deduce la presunta participaci\u00f3n de VALENCIA MINA \u00a0en \u00a0una \u00a0organizaci\u00f3n \u00a0transnacional \u00a0dedicada al tr\u00e1fico de narc\u00f3ticos, cuya \u00a0finalidad \u00a0era la importaci\u00f3n y distribuci\u00f3n de coca\u00edna en los Estados Unidos \u00a0de Am\u00e9rica. \u00a0\u00a0<\/p>\n<p>Ahora, \u00a0 textualmente \u00a0 prev\u00e9n \u00a0 las \u00a0disposiciones \u00a0del \u00a0C\u00f3digo \u00a0de \u00a0los \u00a0Estados \u00a0Unidos \u00a0(Penas) por las cuales es \u00a0solicitado \u00a0 \u00a0en \u00a0 \u00a0extradici\u00f3n \u00a0 JAIRO \u00a0 VALENCIA \u00a0MINA: \u00a0\u00a0<\/p>\n<p>T\u00edtulo 21, Secci\u00f3n 959 \u00a0<\/p>\n<p>\u00a0 \u00a0\u00a0 \u00a0 \u00a0Posesi\u00f3n, \u00a0 Fabricaci\u00f3n, \u00a0 o \u00a0 Distribuci\u00f3n \u00a0 de \u00a0una \u00a0Sustancia \u00a0Controlada. \u00a0\u00a0<\/p>\n<p>\u00a0 \u00a0\u00a0 \u00a0 \u00a0(a) \u00a0 Fabricaci\u00f3n \u00a0 o \u00a0distribuci\u00f3n \u00a0con \u00a0fines \u00a0de \u00a0importaci\u00f3n \u00a0il\u00edcita. \u00a0 Ser\u00e1 \u00a0ilegal \u00a0que \u00a0cualquier \u00a0persona \u00a0fabrique \u00a0o \u00a0distribuya \u00a0una \u00a0sustancia \u00a0controlada \u00a0de la Tabla I o II, o flunitrazepam, o sustancia qu\u00edmica \u00a0listada. \u00a0\u00a0<\/p>\n<p>T\u00edtulo 21, Secci\u00f3n 960 \u00a0<\/p>\n<p>Actos Prohibidos \u00a0<\/p>\n<p>(a) Actos Il\u00edcitos. \u00a0<\/p>\n<p>Toda \u00a0 \u00a0persona \u00a0 \u00a0que \u00a0 \u2013 \u00a0\u00a0<\/p>\n<p>(1) \u00a0En \u00a0contra \u00a0de \u00a0lo \u00a0dispuesto \u00a0en la \u00a0secci\u00f3n \u00a0952, 953 o 957 de este t\u00edtulo, a sabiendas o intencionalmente importe \u00a0o \u00a0exporte \u00a0una \u00a0sustancia \u00a0controlada ser\u00e1 penada conforme a lo previsto en la \u00a0subsecci\u00f3n (b) de esa secci\u00f3n. \u00a0\u00a0<\/p>\n<p>(b) penas \u00a0<\/p>\n<p>(1) \u00a0En \u00a0el \u00a0caso de una violaci\u00f3n de la \u00a0subsecci\u00f3n (a) de esta secci\u00f3n que involucre: \u00a0\u00a0<\/p>\n<p>(A) \u00a01 \u00a0kilogramo \u00a0o m\u00e1s de una mezcla o \u00a0sustancia \u00a0conteniendo \u00a0una \u00a0cantidad \u00a0detectable de hero\u00edna;\u2026 la persona que \u00a0cometa \u00a0la \u00a0violaci\u00f3n \u00a0ser\u00e1 \u00a0condenada a una termino de prisi\u00f3n no menor a 10 \u00a0a\u00f1os y no mayor que de por vida. \u00a0\u00a0<\/p>\n<p>(2) \u00a0En \u00a0el \u00a0caso de una violaci\u00f3n de la \u00a0subsecci\u00f3n (a) de esta secci\u00f3n que involucre \u00a0\u00a0<\/p>\n<p>(A) \u00a0100 \u00a0gramos \u00a0o \u00a0m\u00e1s de una mezcla o \u00a0sustancia conteniendo una cantidad detectable de hero\u00edna. \u00a0\u00a0<\/p>\n<p>(B) \u00a0500 \u00a0gramos \u00a0o \u00a0m\u00e1s de una mezcla o \u00a0sustancia \u00a0 \u00a0 conteniendo \u00a0 \u00a0una \u00a0 \u00a0cantidad \u00a0 \u00a0detectable \u00a0 \u00a0de \u00a0 \u00a0\u2013 \u00a0\u00a0<\/p>\n<p>(II) \u00a0coca\u00edna, \u00a0sus \u00a0sales, \u00a0is\u00f3meros \u00a0\u00f3pticos y geom\u00e9tricos, y sales o is\u00f3meros. \u00a0\u00a0<\/p>\n<p>La persona que cometa tal violaci\u00f3n ser\u00e1 \u00a0condenada \u00a0a \u00a0un \u00a0t\u00e9rmino \u00a0de \u00a0prisi\u00f3n \u00a0no \u00a0menor \u00a0a \u00a05 \u00a0a\u00f1os y no mayor a 40 \u00a0a\u00f1os. \u00a0\u00a0<\/p>\n<p>T\u00edtulo \u00a021, \u00a0Secci\u00f3n \u00a0963 \u00a0\u00a0<\/p>\n<p>Tentativa \u00a0 \u00a0 \u00a0y \u00a0 \u00a0 \u00a0asociaci\u00f3n \u00a0il\u00edcita. \u00a0\u00a0<\/p>\n<p>Toda \u00a0persona \u00a0que \u00a0intente \u00a0o \u00a0se asocie \u00a0il\u00edcitamente \u00a0para \u00a0cometer \u00a0cualquier \u00a0delito \u00a0definido \u00a0en \u00a0este subcap\u00edtulo \u00a0estar\u00e1 \u00a0sujeta \u00a0a \u00a0las \u00a0mismas penas que aquellas previstas para el delito cuya \u00a0comisi\u00f3n sea objeto de la tentativa o de la asociaci\u00f3n il\u00edcita. \u00a0\u00a0<\/p>\n<p>\u00a0 \u00a0\u00a0 \u00a0 \u00a0T\u00edtulo 46, Secci\u00f3n 70503 \u00a0\u00a0<\/p>\n<p>(a) \u00a0Se proh\u00edbe que una persona, de forma \u00a0consciente \u00a0o \u00a0intencional, \u00a0posea, \u00a0con intenci\u00f3n de distribuir, una sustancia \u00a0controlada a bordo de: \u00a0\u00a0<\/p>\n<p>(1) \u00a0una nave de los Estados Unidos, o que \u00a0est\u00e9 sujeta a la jurisdicci\u00f3n de los Estados Unidos. [\u2026]. \u00a0\u00a0<\/p>\n<p>T\u00edtulo 46, Secci\u00f3n 70506 \u00a0<\/p>\n<p>Penas \u00a0<\/p>\n<p>(a) \u00a0Una \u00a0persona que infrinja la Secci\u00f3n \u00a070503 \u00a0de \u00a0este \u00a0t\u00edtulo ser\u00e1 penalizada seg\u00fan lo disponga la Secci\u00f3n 1010 de \u00a0la \u00a0Ley \u00a0Integral de Prevenci\u00f3n y Control de Abuso de Drogas. (Secci\u00f3n 960 del \u00a0T\u00edtulo 21, del C\u00f3digo de los Estados Unidos). \u00a0\u00a0<\/p>\n<p>(b) \u00a0Tentativas \u00a0y conciertos. Una persona \u00a0que \u00a0intente \u00a0o \u00a0confabule para violar la Secci\u00f3n 70503 de este t\u00edtulo estar\u00e1 \u00a0sujeta \u00a0a \u00a0las mismas infracciones (sic) que se proveen para la violaci\u00f3n de la \u00a0Secci\u00f3n 70503. \u00a0\u00a0<\/p>\n<p>Precisada la imputaci\u00f3n de la que es objeto \u00a0JAIRO \u00a0 \u00a0VALENCIA \u00a0 \u00a0MINA \u00a0 \u00a0se \u00a0 \u00a0tiene \u00a0 que \u00a0 el \u00a0 cargo\u00a0 \u00a0 UNO \u00a0atribuido en la Acusaci\u00f3n Formal No. \u00a08:13CR-609-T-26TBM, \u00a0tambi\u00e9n \u00a0identificada \u00a0como No. 8:13-cr-00609-RAL-TBM, del \u00a018 \u00a0de \u00a0diciembre de 2013, concretados en la conspiraci\u00f3n entre varias personas \u00a0para \u00a0cometer \u00a0delitos \u00a0(importar \u00a0a territorio de los Estados Unidos cantidades \u00a0perceptibles \u00a0 de \u00a0 coca\u00edna \u00a0 para \u00a0 distribuirla), \u00a0encuentra \u00a0correspondencia \u00a0jur\u00eddica \u00a0en \u00a0el inciso 2\u00b0 art\u00edculo 340 (modificado \u00a0por \u00a0los \u00a0art\u00edculos 8\u00b0 de la Ley 733 de 2002, 14 de la Ley 890 de 2004 y 19 de \u00a0la \u00a0 Ley \u00a01121 \u00a0de \u00a02006) \u00a0del \u00a0actual \u00a0C\u00f3digo \u00a0Penal \u00a0colombiano, \u00a0bajo \u00a0la \u00a0denominaci\u00f3n \u00a0de concierto para \u00a0delinquir, el cual establece: \u00a0\u00a0<\/p>\n<p>\u00a0 \u00a0\u00a0 \u00a0 \u00a0Art\u00edculo \u00a0340. Cuando varias personas se \u00a0concierten \u00a0con \u00a0el \u00a0fin de cometer delitos, cada una de ellas ser\u00e1 penada, por \u00a0esa sola conducta, con prisi\u00f3n de cuatro (4) a nueve (9) a\u00f1os. \u00a0\u00a0<\/p>\n<p>\u00a0 \u00a0\u00a0 \u00a0 \u00a0Cuando \u00a0el concierto sea para cometer delitos de (\u2026) tr\u00e1fico \u00a0 de \u00a0 drogas \u00a0 t\u00f3xicas, \u00a0estupefacientes \u00a0o \u00a0sustancias \u00a0sicotr\u00f3picas \u00a0(\u2026) la pena ser\u00e1 de prisi\u00f3n de ocho \u00a0(8) \u00a0a dieciocho (18) a\u00f1os y multa de dos mil setecientos (2.700) hasta treinta \u00a0mil (30.000) salarios m\u00ednimos legales mensuales. \u00a0\u00a0<\/p>\n<p>\u00a0 \u00a0\u00a0 \u00a0\u00a0 \u00a0Y \u00a0es \u00a0que \u00a0los \u00a0actos de conspirar o concertar envuelven la idea de \u00a0acordar \u00a0voluntades \u00a0para \u00a0adelantar \u00a0precisas \u00a0actividades y obtener un fin, el \u00a0cual ser\u00eda, en este caso, el de cometer delitos de narcotr\u00e1fico. \u00a0\u00a0<\/p>\n<p>\u00a0 \u00a0\u00a0 \u00a0\u00a0 \u00a0Adem\u00e1s, \u00a0 \u00a0el \u00a0 \u00a0cargo \u00a0 DOS \u00a0relacionado \u00a0con \u00a0la \u00a0concreta importaci\u00f3n de la sustancia vedada \u00a0\u2013coca\u00edna-\u00a0 \u00a0 al \u00a0territorio \u00a0de \u00a0los \u00a0Estados \u00a0Unidos \u00a0y \u00a0su \u00a0distribuci\u00f3n, en cualquiera de sus \u00a0modalidades, \u00a0tiene \u00a0correspondencia \u00a0en la legislaci\u00f3n penal colombiana con el \u00a0art\u00edculo \u00a0376 \u00a0(modificado por el art\u00edculo 11 de la \u00a0Ley \u00a01453 \u00a0de \u00a02011) del C\u00f3digo Penal, que tipifica el \u00a0delito \u00a0 de \u00a0 tr\u00e1fico, \u00a0 fabricaci\u00f3n \u00a0 o \u00a0porte \u00a0de \u00a0estupefacientes \u00a0 agravado, \u00a0el cual prev\u00e9: \u00a0\u00a0<\/p>\n<p>\u00a0 \u00a0\u00a0 \u00a0 \u00a0Art\u00edculo \u00a0376. \u00a0El \u00a0que \u00a0sin permiso de \u00a0autoridad \u00a0competente, \u00a0introduzca \u00a0al \u00a0pa\u00eds, \u00a0as\u00ed sea en tr\u00e1nsito o saque de \u00a0\u00e9l, \u00a0transporte, \u00a0lleve \u00a0consigo, \u00a0almacene, conserve, elabore, venda, ofrezca, \u00a0adquiera, \u00a0financie \u00a0o \u00a0suministre a cualquier t\u00edtulo sustancia estupefaciente, \u00a0sicotr\u00f3pica \u00a0o drogas sint\u00e9ticas que se encuentren contempladas en los cuadros \u00a0uno, \u00a0dos, \u00a0tres \u00a0y \u00a0cuatro \u00a0del Convenio de la Naciones Unidas sobre sustancias \u00a0sicotr\u00f3picas, \u00a0incurrir\u00e1 \u00a0en prisi\u00f3n de ciento veintiocho (128) a trescientos \u00a0sesenta \u00a0(360) \u00a0meses \u00a0y \u00a0multa \u00a0de \u00a0mil \u00a0trescientos treinta y cuatro (1.334) a \u00a0cincuenta \u00a0 \u00a0 mil \u00a0 \u00a0 (50.000) \u00a0 \u00a0 salarios \u00a0 \u00a0 m\u00ednimos \u00a0 \u00a0legales \u00a0 \u00a0mensuales \u00a0vigentes. \u00a0\u00a0<\/p>\n<p>\u00a0 \u00a0 \u00a0 \u00a0Si \u00a0la \u00a0cantidad \u00a0de \u00a0droga \u00a0no \u00a0excede \u00a0de \u00a0mil \u00a0(1.000) gramos de \u00a0marihuana, \u00a0doscientos \u00a0(200) gramos de hach\u00eds, cien (100) gramos de coca\u00edna o \u00a0de \u00a0sustancia \u00a0estupefaciente \u00a0a \u00a0base \u00a0de \u00a0coca\u00edna \u00a0o \u00a0veinte \u00a0(20) \u00a0gramos de \u00a0derivados \u00a0de \u00a0la \u00a0amapola, doscientos (200) gramos de droga sint\u00e9tica, sesenta \u00a0(60) \u00a0gramos de nitrato de amilo, sesenta (60) gramos de ketamina y GHB, la pena \u00a0ser\u00e1 \u00a0de sesenta y cuatro (64) a ciento ocho (108) meses de prisi\u00f3n y multa de \u00a0dos \u00a0 (2) \u00a0 a \u00a0 ciento \u00a0cincuenta \u00a0(150) \u00a0salarios \u00a0m\u00ednimos \u00a0legales \u00a0mensuales \u00a0vigentes. \u00a0\u00a0<\/p>\n<p>\u00a0 \u00a0 \u00a0 \u00a0Si \u00a0la \u00a0cantidad de droga excede los l\u00edmites m\u00e1ximos previstos en \u00a0el \u00a0inciso anterior sin pasar de diez mil (10.000) gramos de marihuana, tres mil \u00a0(3.000) \u00a0gramos \u00a0de \u00a0hach\u00eds, \u00a0dos mil (2.000) gramos de coca\u00edna o de sustancia \u00a0estupefaciente \u00a0a \u00a0base \u00a0de \u00a0coca\u00edna \u00a0o \u00a0sesenta (60) gramos de derivados de la \u00a0amapola, \u00a0cuatro mil (4.000) gramos de droga sint\u00e9tica, quinientos (500) gramos \u00a0de \u00a0nitrato \u00a0de \u00a0amilo, quinientos (500) gramos de ketamina y GHB, la pena ser\u00e1 \u00a0de \u00a0noventa \u00a0y \u00a0seis \u00a0(96) \u00a0a ciento cuarenta y cuatro (144) meses de prisi\u00f3n y \u00a0multa \u00a0de \u00a0ciento \u00a0veinte \u00a0y \u00a0cuatro \u00a0(124) \u00a0a \u00a0mil \u00a0quinientos (1.500) salarios \u00a0m\u00ednimos legales mensuales vigentes.\u00bb \u00a0\u00a0<\/p>\n<p>\u00a0 \u00a0\u00a0 \u00a0 \u00a0Art\u00edculo \u00a0 \u00a0384. \u00a0 \u00a0Circunstancias \u00a0 \u00a0de \u00a0 agravaci\u00f3n \u00a0 punitiva. \u00a0El \u00a0m\u00ednimo \u00a0de las penas previstas en los art\u00edculos \u00a0anteriores se duplicar\u00e1 en los siguientes casos: \u00a0\u00a0<\/p>\n<p>\u00a0 \u00a0\u00a0 \u00a0 \u00a0[\u2026] \u00a03. \u00a0Cuando \u00a0la cantidad incautada sea superior a mil (1.000) \u00a0kilos \u00a0si \u00a0se \u00a0trata \u00a0de \u00a0marihuana; a cien (100) kilos si se trata de marihuana \u00a0hach\u00eds; \u00a0y \u00a0a \u00a0cinco \u00a0(5) kilos si se trata de coca\u00edna o metacualona o dos (2) \u00a0kilos si se trata de sustancia derivada de la amapola. \u00a0\u00a0<\/p>\n<p>\u00a0 \u00a0\u00a0 \u00a0\u00a0 \u00a0En \u00a0 esa \u00a0medida, \u00a0queda \u00a0demostrado \u00a0que \u00a0los \u00a0cargos \u00a0UNO \u00a0 \u00a0 \u00a0 \u00a0 y \u00a0 \u00a0 \u00a0 \u00a0 DOS atribuidos al requerido, contenidos en \u00a0la \u00a0Acusaci\u00f3n \u00a0Formal \u00a0No. \u00a08:13CR-609-T-26TBM, \u00a0tambi\u00e9n identificada como No. \u00a08:13-cr-00609-RAL-TBM, \u00a0del \u00a018 de diciembre de 2013, emitida por el Tribunal de \u00a0Distrito \u00a0de \u00a0los \u00a0Estados \u00a0Unidos \u00a0para el Distrito Medio de Florida, cumple el \u00a0requisito \u00a0establecido \u00a0en los art\u00edculos 493 y 502 del C\u00f3digo de Procedimiento \u00a0Penal, \u00a0relativo \u00a0a \u00a0la \u00a0doble incriminaci\u00f3n, por cuanto describe conductas que \u00a0son \u00a0delictivas \u00a0en \u00a0Colombia, \u00a0las \u00a0cuales \u00a0tienen una sanci\u00f3n privativa de la \u00a0libertad cuyo m\u00ednimo no es inferior a cuatro a\u00f1os. \u00a0\u00a0<\/p>\n<p>\u00a0 \u00a0 \u00a0 \u00a0 \u00a0<\/p>\n<p>\u00a0 \u00a0 \u00a0 \u00a06. Cuestiones adicionales \u00a0\u00a0<\/p>\n<p>\u00a0 \u00a0\u00a0 \u00a0\u00a0 \u00a06.1. \u00a0Obs\u00e9rvese que las imputaciones y su \u00a0sustento \u00a0dejan \u00a0entrever \u00a0con \u00a0facilidad \u00a0que \u00a0los \u00a0actos \u00a0desplegados \u00a0por \u00a0el \u00a0requerido \u00a0y \u00a0por \u00a0la organizaci\u00f3n delincuencial de la que hac\u00eda parte, seg\u00fan \u00a0las \u00a0autoridades \u00a0norteamericanas, \u00a0traspasaron ontol\u00f3gica y jur\u00eddicamente las \u00a0fronteras \u00a0nacionales, \u00a0ya \u00a0que \u00a0el \u00a0cometido de la conspiraci\u00f3n no solo era la \u00a0importaci\u00f3n \u00a0de \u00a0narc\u00f3ticos \u00a0en \u00a0los \u00a0Estados \u00a0Unidos, \u00a0sino adicionalmente su \u00a0distribuci\u00f3n en dicho pa\u00eds. \u00a0\u00a0<\/p>\n<p>En efecto, de lo expuesto en los Cargos que \u00a0se \u00a0le \u00a0atribuyen al reclamado en la acusaci\u00f3n No. 8:13CR-609-T-26TBM, tambi\u00e9n \u00a0identificada \u00a0 como \u00a0No. \u00a08:13-cr-00609-RAL-TBM,\u00a0 \u00a0se \u00a0evidencia \u00a0que, \u00a0las \u00a0conductas \u00a0imputadas a VALENCIA MINA habr\u00edan ocurrido no solo en Colombia, sino \u00a0adicionalmente \u00a0en \u00a0altamar \u00a0y \u00a0en otros lugares, toda vez que se concert\u00f3 para \u00a0ingresar \u00a0y\/o \u00a0importar il\u00edcitamente coca\u00edna a los Estados Unidos a trav\u00e9s de \u00a0Sur \u00a0y \u00a0Centroam\u00e9rica, \u00a0\u2013 \u00a0Ecuador, \u00a0 \u00a0Costa \u00a0 \u00a0Rica \u00a0 y \u00a0 M\u00e9xico- \u00a0 seg\u00fan \u00a0 lo \u00a0 indica \u00a0en \u00a0su \u00a0declaraci\u00f3n \u00a0jurada \u00a0Kerri \u00a0L. Covanaugh, Agente Especial de la \u00a0Oficina de Investigaciones de Seguridad Nacional. \u00a0\u00a0<\/p>\n<p>En \u00a0efecto, \u00a0el \u00a0citado agente se\u00f1al\u00f3 que \u00a0VALENCIA \u00a0MINA \u00a0particip\u00f3 \u00a0en \u00a0el env\u00edo de varios kilogramos de coca\u00edna hacia \u00a0los \u00a0Estados \u00a0Unidos, pues de manera expresa indic\u00f3 que \u00e9ste pertenec\u00eda a una \u00a0organizaci\u00f3n \u00a0delincuencial \u00a0internacional, \u00a0siendo \u00a0el encargo de coordinar el \u00a0transporte \u00a0del \u00a0estupefaciente \u00a0a \u00a0trav\u00e9s \u00a0de \u00a0las \u00a0lanchas r\u00e1pidas, pues fue \u00a0reconocido \u00a0por \u00a0uno los testigos como una de las personas que se aseguraban que \u00a0la \u00a0coca\u00edna \u00a0fuera \u00a0despachada \u00a0de \u00a0en \u00a0las \u00a0lanchas \u00a0r\u00e1pidas \u00a0para \u00a0que fuera \u00a0transportado \u00a0\u00aba trav\u00e9s de las aguas internacionales \u00a0del \u00a0oc\u00e9ano \u00a0Pac\u00edfico desde Colombia a Centroam\u00e9rica y M\u00e9xico, para su final \u00a0distribuci\u00f3n en los Estados Unidos\u00bb. \u00a0\u00a0<\/p>\n<p>As\u00ed, \u00a0 cualquiera \u00a0 de \u00a0 las \u00a0hip\u00f3tesis \u00a0identificadas \u00a0dogm\u00e1tica \u00a0y \u00a0doctrinariamente como instrumentos jur\u00eddicos para \u00a0establecer \u00a0el \u00a0sitio \u00a0de \u00a0la \u00a0ocurrencia \u00a0del \u00a0hecho \u00a0(art\u00edculo 14 del C\u00f3digo \u00a0Penal), \u00a0tales \u00a0como \u00a0el \u00a0lugar de realizaci\u00f3n de la acci\u00f3n, seg\u00fan el cual el \u00a0hecho \u00a0se \u00a0entiende \u00a0cometido \u00a0en \u00a0el \u00a0lugar \u00a0donde \u00a0se \u00a0llev\u00f3 \u00a0a \u00a0cabo total o \u00a0parcialmente \u00a0la \u00a0exteriorizaci\u00f3n de la voluntad; la del resultado, que concibe \u00a0realizado \u00a0el \u00a0hecho \u00a0donde se produjo el efecto de la conducta; y la teor\u00eda de \u00a0la \u00a0ubicuidad \u00a0o mixta, la cual se\u00f1ala el lugar donde se efectu\u00f3 la acci\u00f3n de \u00a0manera \u00a0total \u00a0o \u00a0parcial, \u00a0como \u00a0en \u00a0el \u00a0sitio \u00a0donde se llev\u00f3 a cabo o debi\u00f3 \u00a0producirse \u00a0el \u00a0resultado, \u00a0lo cierto es que en el presente caso, de acuerdo con \u00a0la \u00a0Acusaci\u00f3n \u00a0Formal \u00a0No. \u00a08:13CR-609-T-26TBM, \u00a0tambi\u00e9n identificada como No. \u00a08:13-cr-00609-RAL-TBM, \u00a0del \u00a018 de diciembre de 2013, emitida por el Tribunal de \u00a0Distrito \u00a0de \u00a0los \u00a0Estados \u00a0Unidos \u00a0para \u00a0el \u00a0Distrito \u00a0Medio \u00a0de \u00a0Florida, y lo \u00a0se\u00f1alado \u00a0 por \u00a0 las \u00a0pruebas \u00a0aportadas, \u00a0las \u00a0conductas \u00a0atribuidas \u00a0por \u00a0las \u00a0autoridades \u00a0judiciales de los Estados Unidos de Am\u00e9rica a JAIRO VALENCIA MINA, \u00a0satisfacen \u00a0la \u00a0condicionante \u00a0constitucional de que el hecho haya sido cometido \u00a0en el exterior. \u00a0\u00a0<\/p>\n<p>De \u00a0la \u00a0misma \u00a0manera, \u00a0es \u00a0claro \u00a0que \u00a0la \u00a0acusaci\u00f3n \u00a0hace \u00a0expresa indicaci\u00f3n de los actos que determinaron la solicitud \u00a0de \u00a0extradici\u00f3n, as\u00ed como de las circunstancias de tiempo, modo y lugar en que \u00a0se \u00a0cometieron \u00a0los \u00a0delitos, \u00a0los \u00a0cuales, \u00a0presuntamente, \u00a0se \u00a0ejecutaron \u00a0con \u00a0posterioridad \u00a0al \u00a017 \u00a0de \u00a0diciembre de 1997, as\u00ed como que no son de naturaleza \u00a0pol\u00edtica, \u00a0por \u00a0tanto no aparece motivo constitucional o legal impediente de la \u00a0misma. \u00a0\u00a0<\/p>\n<p>6.2. Ahora, como la \u00a0Acusaci\u00f3n \u00a0 Formal \u00a0No. \u00a08:13CR-609-T-26TBM, \u00a0tambi\u00e9n \u00a0identificada \u00a0como \u00a0No. \u00a08:13-cr-00609-RAL-TBM, \u00a0del \u00a018 de diciembre de 2013, emitida por el Tribunal de \u00a0Distrito \u00a0de \u00a0los \u00a0Estados \u00a0Unidos \u00a0para \u00a0el Distrito Medio de Florida, tambi\u00e9n \u00a0incluye \u00a0 \u00a0el \u00a0 decomiso, \u00a0 al \u00a0 se\u00f1alar: \u00a0 \u00ab[\u2026] \u00a0DECOMISO \u00a0[\u2026] \u00a02. Por su \u00a0participaci\u00f3n \u00a0en \u00a0cualquiera y todas las violaciones imputadas en el cargo uno \u00a0(y \u00a0dos) de esta Acusaci\u00f3n Formal, en violaci\u00f3n de las Secciones 960 y 963 del \u00a0T\u00edtulo \u00a021 \u00a0del \u00a0C\u00f3digo \u00a0de \u00a0los \u00a0estados Unidos, castigable con un periodo de \u00a0prisi\u00f3n \u00a0 de \u00a0 m\u00e1s \u00a0de \u00a0un \u00a0a\u00f1o, \u00a0el \u00a0acusado \u00a0(sic), \u00a0[\u2026] \u00a0JAIRO \u00a0VALENCIA \u00a0\u2013MINA, \u00a0alias \u00a0Pipillo y \u00a0[\u2026]. \u00a0ceder\u00e1 \u00a0a \u00a0los \u00a0Estados \u00a0Unidos, de conformidad con la Secci\u00f3n 970 del \u00a0t\u00edtulo \u00a021 del C\u00f3digo de los Estados Unidos, incorporando las disposiciones de \u00a0la \u00a0Secci\u00f3n \u00a0853 \u00a0del \u00a0T\u00edtulo \u00a021 \u00a0del \u00a0C\u00f3digo \u00a0de \u00a0los estados Unidos, toda: \u00a0a) propiedad que constituya \u00a0o \u00a0 se \u00a0 derive \u00a0 de \u00a0cualquier \u00a0ganancia \u00a0que \u00a0el \u00a0acusado \u00a0obtuvo, \u00a0directa \u00a0o \u00a0indirectamente, \u00a0 como \u00a0 resultado \u00a0 de \u00a0 tales \u00a0 violaciones; \u00a0 y \u00a0b) \u00a0propiedad \u00a0utilizada \u00a0o \u00a0que se haya \u00a0pretendido \u00a0utilizar \u00a0de \u00a0cualquier \u00a0manera \u00a0o parte para cometer o facilitar la \u00a0comisi\u00f3n \u00a0 \u00a0de \u00a0 \u00a0tales \u00a0 \u00a0violaciones \u00a0 \u00a0[\u2026]\u00bb22, \u00a0 \u00a0 \u00a0 \u00a0debe \u00a0 precisar \u00a0la \u00a0Sala \u00a0que \u00a0tales \u00a0afirmaciones \u00a0no \u00a0pueden \u00a0ser \u00a0entendidas \u00a0en \u00a0estricto \u00a0sentido \u00a0como \u00a0un \u00a0cargo \u00a0al \u00a0no comportar imputaci\u00f3n \u00a0alguna, \u00a0sino \u00a0el \u00a0anuncio de la consecuencia patrimonial que la declaratoria de \u00a0responsabilidad \u00a0acarrea respecto de los bienes involucrados en los delitos, por \u00a0cuya \u00a0comisi\u00f3n \u00a0se \u00a0acusa \u00a0al requerido, siendo por tanto dicho tema ajeno a la \u00a0solicitud \u00a0de \u00a0extradici\u00f3n, \u00a0raz\u00f3n \u00a0por \u00a0la \u00a0cual, no se encuentra comprendido \u00a0dentro \u00a0de \u00a0los \u00a0aspectos \u00a0a \u00a0analizar \u00a0en \u00a0el concepto a emitir por parte de la \u00a0Sala. \u00a0\u00a0<\/p>\n<p>7. Alegaciones \u00a0del defensor \u00a0\u00a0<\/p>\n<p>Como \u00a0 ya \u00a0se \u00a0mencion\u00f3, \u00a0el \u00a0 \u00a0 \u00a0 \u00a0 apoderado \u00a0 del \u00a0requerido \u00a0mediante \u00a0escrito \u00a0present\u00f3 \u00a0 alegatos \u00a0 de \u00a0conclusi\u00f3n, \u00a0no \u00a0obstante, \u00a0la \u00a0Sala \u00a0no \u00a0acoge \u00a0sus \u00a0pretensiones, \u00a0pues \u00a0la \u00a0competencia que atribuy\u00f3 la Ley 906 de 2004 a la Corte \u00a0Suprema \u00a0de \u00a0Justicia \u00a0en \u00a0el \u00a0tr\u00e1mite \u00a0de \u00a0extradici\u00f3n, \u00a0radica en revisar el \u00a0cumplimiento \u00a0de \u00a0los \u00a0postulados \u00a0contemplados en el art\u00edculo 502 de la citada \u00a0norma, \u00a0quedando \u00a0por \u00a0fuera \u00a0lo \u00a0referente \u00a0a comprobar si los hechos imputados \u00a0realmente \u00a0materializaron \u00a0 \u00a0en \u00a0 los \u00a0 Estados \u00a0Unidos, \u00a0si el solicitado es responsable o inocente, \u00a0si \u00a0 los \u00a0medios \u00a0probatorios \u00a0acopiados \u00a0son \u00a0suficientes \u00a0para \u00a0construir \u00a0una \u00a0decisi\u00f3n \u00a0 desfavorable, \u00a0 en \u00a0tanto, \u00a0dichos \u00a0aspectos \u00a0deben ser reivindicados en el proceso penal base \u00a0de la solicitud. \u00a0\u00a0<\/p>\n<p>Al \u00a0respecto \u00a0la Corte Suprema de Justicia, \u00a0Sala de Casaci\u00f3n ha se\u00f1alado: \u00a0\u00a0<\/p>\n<p>Por \u00a0raz\u00f3n \u00a0de \u00a0ello, \u00a0en \u00a0su tr\u00e1mite no \u00a0tienen \u00a0cabida \u00a0cuestionamientos \u00a0relativos \u00a0a la validez o m\u00e9rito de la prueba \u00a0recaudada \u00a0por \u00a0las \u00a0autoridades \u00a0extranjeras \u00a0sobre la ocurrencia del hecho, la \u00a0forma \u00a0de \u00a0participaci\u00f3n \u00a0o \u00a0el \u00a0grado \u00a0de \u00a0responsabilidad \u00a0del \u00a0encausado; la \u00a0normatividad \u00a0que \u00a0proh\u00edbe \u00a0y \u00a0sanciona la conducta delictiva; la calificaci\u00f3n \u00a0jur\u00eddica \u00a0correspondiente; \u00a0la competencia del \u00f3rgano jurisdicente; la validez \u00a0del \u00a0tr\u00e1mite \u00a0en \u00a0el \u00a0cual se le acusa; o la pena que le corresponder\u00eda purgar \u00a0para \u00a0el \u00a0caso \u00a0de \u00a0ser \u00a0declarado \u00a0penalmente \u00a0responsable; pues tales aspectos \u00a0corresponden \u00a0a \u00a0la \u00a0\u00f3rbita exclusiva y excluyente de las autoridades del pa\u00eds \u00a0que \u00a0eleva \u00a0la \u00a0solicitud, \u00a0y \u00a0su \u00a0postulaci\u00f3n \u00a0debe \u00a0hacerse \u00a0al \u00a0interior del \u00a0respectivo \u00a0proceso \u00a0utilizando \u00a0al \u00a0efecto los instrumentos de controversia que \u00a0prevea \u00a0 la \u00a0 legislaci\u00f3n \u00a0 del \u00a0 Estado \u00a0 que \u00a0formula \u00a0el \u00a0pedido23.\u00a0\u00a0 \u00a0\u00a0<\/p>\n<p>En \u00a0 \u00a0 el \u00a0 \u00a0mismo \u00a0 \u00a0sentido \u00a0 \u00a0se \u00a0pronunci\u00f3 \u00a0la \u00a0Corte \u00a0Constitucional, para decir en \u00a0sentencia CC C-1106\/00 lo siguiente: \u00a0\u00a0<\/p>\n<p>[\u2026] la Corte Suprema de Justicia en este \u00a0caso \u00a0no \u00a0act\u00faa \u00a0como \u00a0juez, \u00a0en cuanto no realiza un acto jurisdiccional, como \u00a0quiera \u00a0que no le corresponde a ella en ejercicio de esta funci\u00f3n establecer la \u00a0cuesti\u00f3n \u00a0f\u00e1ctica \u00a0sobre \u00a0la ocurrencia o no de los hechos que se le imputan a \u00a0la \u00a0persona cuya extradici\u00f3n se solicita, ni las circunstancias de modo, tiempo \u00a0y \u00a0lugar \u00a0en \u00a0que \u00a0pudieron \u00a0ocurrir, \u00a0ni \u00a0tampoco la adecuaci\u00f3n t\u00edpica de esa \u00a0conducta \u00a0a la norma jur\u00eddico-penal que la define como delito, pues si la labor \u00a0de \u00a0la \u00a0Corte \u00a0fuera \u00a0esa, \u00a0ser\u00eda \u00a0ella \u00a0y no el juez extranjero quien estar\u00eda \u00a0realizando la labor de juzgamiento. \u00a0\u00a0<\/p>\n<p>Por \u00a0 \u00a0 \u00a0esto \u00a0 \u00a0 \u00a0\u2013y \u00a0no \u00a0por \u00a0otra raz\u00f3n-, es que la \u00a0intervenci\u00f3n \u00a0de la Corte Suprema de Justicia en estos casos, se circunscribe a \u00a0emitir \u00a0un \u00a0concepto \u00a0en \u00a0relaci\u00f3n con el cumplimiento del Estado requirente de \u00a0unos \u00a0requisitos \u00a0m\u00ednimos \u00a0que \u00a0ha \u00a0de \u00a0contener \u00a0la \u00a0solicitud, \u00a0los cuales se \u00a0se\u00f1alan en el C\u00f3digo de Procedimiento Penal. \u00a0\u00a0<\/p>\n<p>En \u00a0ese \u00a0orden, \u00a0como \u00a0la \u00a0petici\u00f3n \u00a0de la \u00a0defensa \u00a0sobre \u00a0la \u00a0ausencia \u00a0de \u00a0elementos \u00a0materiales \u00a0de \u00a0prueba que permitan \u00a0determinar \u00a0las \u00a0circunstancias de tiempo, modo y lugar en que se materializaron \u00a0los \u00a0 hechos \u00a0 por \u00a0 los \u00a0 cuales \u00a0 es \u00a0 solicitado \u00a0 en \u00a0extradici\u00f3n \u00a0VALENCIA \u00a0MINA, \u00a0 hacen \u00a0 parte \u00a0de \u00a0generalidades \u00a0que \u00a0considera \u00a0relevantes \u00a0para la demostraci\u00f3n de la inocencia \u00a0del \u00a0requerido \u00a0en \u00a0el \u00a0asunto penal por el que es solicitado por el Gobierno de \u00a0los \u00a0Estados \u00a0Unidos, \u00a0es \u00a0un aspecto ajeno de pronunciamiento por parte de esta \u00a0Sala, \u00a0ya \u00a0que \u00a0ello \u00a0implicar\u00eda \u00a0una \u00a0intromisi\u00f3n \u00a0indebida \u00a0en \u00a0la \u00a0autonom\u00eda \u00a0de \u00a0la \u00a0justicia \u00a0de otro pa\u00eds y de la soberan\u00eda \u00a0estatal \u00a0 \u00a0del \u00a0 \u00a0mismo \u00a0 \u00a0y, \u00a0 \u00a0por \u00a0 lo \u00a0 tanto, \u00a0 tal \u00a0 pretensi\u00f3n \u00a0 resulta \u00a0improcedente. \u00a0\u00a0<\/p>\n<p>8. Concepto \u00a0<\/p>\n<p>Los anteriores razonamientos permiten tener \u00a0por \u00a0acreditadas \u00a0las \u00a0exigencias legales para conceptuar de manera favorable \u00a0a \u00a0la solicitud de extradici\u00f3n \u00a0formalizada \u00a0por \u00a0el \u00a0Gobierno de los Estados Unidos de Am\u00e9rica a trav\u00e9s de su \u00a0Embajada \u00a0en \u00a0nuestro \u00a0pa\u00eds, \u00a0respecto \u00a0del \u00a0ciudadano \u00a0colombiano JAIRO \u00a0 VALENCIA \u00a0 MINA \u00a0por \u00a0los \u00a0cargos \u00a0UNO \u00a0y \u00a0DOS atribuidos en la \u00a0Acusaci\u00f3n \u00a0 Formal \u00a0No. \u00a08:13CR-609-T-26TBM, \u00a0tambi\u00e9n \u00a0identificada \u00a0como \u00a0No. \u00a08:13-cr-00609-RAL-TBM, \u00a0del \u00a018 de diciembre de 2013, emitida por el Tribunal de \u00a0Distrito de los Estados Unidos para el Distrito Medio de Florida. \u00a0\u00a0<\/p>\n<p>En \u00a0 este \u00a0momento, \u00a0considera \u00a0la \u00a0Corte \u00a0pertinente, \u00a0en \u00a0orden \u00a0a \u00a0proteger \u00a0los \u00a0derechos \u00a0fundamentales del requerido, \u00a0prevenir \u00a0al \u00a0Gobierno \u00a0Nacional, \u00a0para \u00a0que \u00a0en \u00a0el \u00a0evento \u00a0en que acceda a la \u00a0extradici\u00f3n \u00a0de \u00a0VALENCIA \u00a0MINA, \u00a0advierta al Estado solicitante garantizarle a \u00a0\u00e9ste \u00a0la \u00a0permanencia \u00a0en \u00a0el \u00a0pa\u00eds \u00a0extranjero \u00a0y \u00a0el retorno al de origen en \u00a0condiciones \u00a0de \u00a0dignidad y respeto por la persona humana, cuando el extraditado \u00a0llegare \u00a0a ser sobrese\u00eddo, absuelto, declarado no culpable o eventos similares, \u00a0incluso \u00a0despu\u00e9s \u00a0de \u00a0su \u00a0liberaci\u00f3n \u00a0por \u00a0haber cumplido la pena que le fuere \u00a0impuesta \u00a0 en \u00a0 raz\u00f3n \u00a0 de \u00a0 los \u00a0 cargos \u00a0 que \u00a0 motivaron \u00a0 la \u00a0solicitud \u00a0de \u00a0extradici\u00f3n. \u00a0\u00a0<\/p>\n<p>Del \u00a0mismo modo, atendiendo lo dispuesto en \u00a0el \u00a0art\u00edculo \u00a0494 \u00a0de la Ley 906 de 2004, el Gobierno Nacional puede subordinar \u00a0la \u00a0concesi\u00f3n \u00a0de \u00a0la \u00a0extradici\u00f3n \u00a0a las condiciones consideradas oportunas y \u00a0exigir \u00a0que \u00a0el \u00a0solicitado \u00a0no \u00a0sea \u00a0juzgado \u00a0por \u00a0hechos \u00a0diversos \u00a0de los que \u00a0motivaron \u00a0la \u00a0solicitud \u00a0de \u00a0extradici\u00f3n, ni sometido a sanciones distintas de \u00a0las \u00a0impuestas en la eventual condena, ni a penas de muerte, destierro, prisi\u00f3n \u00a0perpetua \u00a0o \u00a0confiscaci\u00f3n, \u00a0desaparici\u00f3n \u00a0forzada, \u00a0torturas, \u00a0tratos crueles, \u00a0inhumanos \u00a0o \u00a0degradantes, \u00a0por \u00a0el \u00a0pa\u00eds \u00a0solicitante, \u00a0de \u00a0conformidad con lo \u00a0dispuesto \u00a0por \u00a0los \u00a0art\u00edculos \u00a012 \u00a0y \u00a034 \u00a0de \u00a0la \u00a0Constituci\u00f3n \u00a0Pol\u00edtica \u00a0de \u00a0Colombia. \u00a0\u00a0<\/p>\n<p>De \u00a0igual \u00a0forma, \u00a0debe \u00a0condicionarse \u00a0la \u00a0entrega \u00a0 de \u00a0 JAIRO \u00a0 VALENCIA \u00a0 MINA \u00a0 a \u00a0 que \u00a0se \u00a0le \u00a0respeten \u00a0\u2013como \u00a0a cualquier otro nacional en las \u00a0mismas \u00a0situaciones \u2013 todas \u00a0las \u00a0garant\u00edas \u00a0debidas \u00a0a \u00a0su \u00a0condici\u00f3n \u00a0de justiciable, en particular a que \u00a0tenga \u00a0acceso a un proceso p\u00fablico sin dilaciones injustificadas, se presuma su \u00a0inocencia, \u00a0cuente con un int\u00e9rprete, tenga un defensor designado por \u00e9l o por \u00a0el \u00a0Estado, \u00a0se \u00a0le conceda el tiempo y los medios adecuados para que prepare la \u00a0defensa, \u00a0presente pruebas y controvierta las que se aduzcan en contra, a que su \u00a0situaci\u00f3n \u00a0de \u00a0privaci\u00f3n de la libertad se desarrolle en condiciones dignas, a \u00a0que \u00a0la \u00a0eventual \u00a0pena \u00a0que se le imponga no trascienda de su persona, a que la \u00a0sentencia \u00a0pueda \u00a0ser apelada ante un tribunal superior, a que la pena privativa \u00a0de \u00a0la \u00a0libertad \u00a0tenga \u00a0la finalidad esencial de reforma y readaptaci\u00f3n social \u00a0(Art\u00edculos \u00a029 \u00a0de la Constituci\u00f3n; 9 y 10 de la Declaraci\u00f3n Universal de los \u00a0Derechos \u00a0Humanos; \u00a05-3.6, 7-2.5, 8-1.2 (a) (b) (c) (d) (e) (f) (g) (h).3.4.5, 9 \u00a0de \u00a0la Convenci\u00f3n Americana de Derechos Humanos; 9-2.3, 10-1.2.3, 14-1.2.3,5, y \u00a015 del Pacto Internacional de Derechos Civiles y Pol\u00edticos). \u00a0\u00a0<\/p>\n<p>Adem\u00e1s, \u00a0de que no puede ser condenado dos \u00a0veces \u00a0por \u00a0el \u00a0mismo \u00a0hecho, por mandato de la Carta Pol\u00edtica, ni d\u00e1rsele una \u00a0denominaci\u00f3n jur\u00eddica distinta a la misma circunstancia f\u00e1ctica. \u00a0\u00a0<\/p>\n<p>Igualmente, el Gobierno debe condicionar la \u00a0entrega \u00a0a que el pa\u00eds solicitante, conforme a sus pol\u00edticas internas sobre la \u00a0materia, \u00a0le \u00a0ofrezca \u00a0posibilidades racionales y reales para que el extraditado \u00a0pueda \u00a0tener \u00a0contacto \u00a0regular \u00a0con sus familiares m\u00e1s cercanos, habida cuenta \u00a0que \u00a0la \u00a0Constituci\u00f3n \u00a0de \u00a01991, en su art\u00edculo 42, reconoce a la familia como \u00a0n\u00facleo \u00a0esencial \u00a0de \u00a0la \u00a0sociedad, \u00a0y \u00a0garantiza \u00a0su \u00a0protecci\u00f3n, \u00a0lo cual se \u00a0refuerza \u00a0con \u00a0la \u00a0Convenci\u00f3n Americana sobre Derechos Humanos (art\u00edculo 17) y \u00a0el \u00a0 Pacto \u00a0 Internacional \u00a0 de \u00a0 Derechos \u00a0 Civiles \u00a0 y \u00a0Pol\u00edticos \u00a0(art\u00edculo \u00a023). \u00a0\u00a0<\/p>\n<p>Aunado \u00a0a lo anterior, advertir\u00e1 al Estado \u00a0requirente, \u00a0que \u00a0en \u00a0caso \u00a0de un fallo de condena, deber\u00e1 computarse el tiempo \u00a0que \u00a0el \u00a0requerido \u00a0ha \u00a0permanecido \u00a0privado de la libertad con ocasi\u00f3n de este \u00a0tr\u00e1mite de extradici\u00f3n. \u00a0\u00a0<\/p>\n<p>Por todo lo anterior, de conformidad con lo \u00a0establecido \u00a0por el numeral 2\u00ba del art\u00edculo 189 de la Constituci\u00f3n Pol\u00edtica, \u00a0al \u00a0Gobierno \u00a0Nacional, \u00a0en \u00a0cabeza \u00a0del se\u00f1or Presidente de la Rep\u00fablica como \u00a0supremo \u00a0director \u00a0de la pol\u00edtica exterior y de las relaciones internacionales, \u00a0le \u00a0corresponde \u00a0hacer estricto seguimiento del cumplimiento por parte del pa\u00eds \u00a0requirente \u00a0de \u00a0los \u00a0condicionamientos \u00a0atr\u00e1s \u00a0referenciados y establecer, as\u00ed \u00a0mismo, las consecuencias de su inobservancia. \u00a0\u00a0<\/p>\n<p>Por lo expuesto, la Sala de Casaci\u00f3n Penal \u00a0de \u00a0 la \u00a0 Corte \u00a0 Suprema \u00a0 de \u00a0 Justicia, \u00a0CONCEPT\u00daA \u00a0FAVORABLEMENTE \u00a0a \u00a0la \u00a0solicitud \u00a0de \u00a0extradici\u00f3n del \u00a0ciudadano \u00a0colombiano \u00a0JAIRO \u00a0VALENCIA \u00a0 MINA, \u00a0 identificado \u00a0con \u00a0la \u00a0c\u00e9dula \u00a0de \u00a0ciudadan\u00eda \u00a0No. 16.503.953, cuyas dem\u00e1s notas civiles y condiciones personales \u00a0fueron \u00a0constatadas \u00a0en \u00a0el \u00a0cuerpo \u00a0de \u00a0este \u00a0pronunciamiento, \u00a0por \u00a0los cargos \u00a0UNO \u00a0y \u00a0DOS atribuidos en la \u00a0Acusaci\u00f3n \u00a0 Formal \u00a0No. \u00a08:13CR-609-T-26TBM, \u00a0tambi\u00e9n \u00a0identificada \u00a0como \u00a0No. \u00a08:13-cr-00609-RAL-TBM, \u00a0del \u00a018 de diciembre de 2013, emitida por el Tribunal de \u00a0Distrito de los Estados Unidos para el Distrito Medio de Florida. \u00a0\u00a0<\/p>\n<p>Por \u00a0 la \u00a0Secretar\u00eda \u00a0de \u00a0la \u00a0Sala \u00a0se \u00a0comunicar\u00e1 \u00a0esta \u00a0determinaci\u00f3n \u00a0al requerido, a su defensor, al representante \u00a0de la Sociedad, as\u00ed como \u00a0al \u00a0Fiscal \u00a0General \u00a0de \u00a0la \u00a0Naci\u00f3n \u00a0para \u00a0lo \u00a0de \u00a0su cargo en relaci\u00f3n con el \u00a0detenido preventivamente con fines de extradici\u00f3n. \u00a0\u00a0<\/p>\n<p>Finalmente, se devolver\u00e1 la actuaci\u00f3n al \u00a0Ministerio \u00a0 de \u00a0 Justicia \u00a0 y \u00a0 del \u00a0 Derecho \u00a0 para \u00a0 los \u00a0 tr\u00e1mites \u00a0legales \u00a0pertinentes. \u00a0\u00a0<\/p>\n<p>GUSTAVO ENRIQUE MALO FERN\u00c1NDEZ \u00a0<\/p>\n<p>Presidente \u00a0<\/p>\n<p>JOS\u00c9 FRANCISCO ACU\u00d1A VIZCAYA \u00a0<\/p>\n<p>JOS\u00c9 LUIS BARCEL\u00d3 CAMACHO \u00a0<\/p>\n<p>FERNANDO ALBERTO CASTRO CABALLERO \u00a0<\/p>\n<p>EUGENIO FERN\u00c1NDEZ CARLIER \u00a0<\/p>\n<p>LUIS ANTONIO HERN\u00c1NDEZ BARBOSA \u00a0<\/p>\n<p>\u00a0 \u00a0 \u00a0 \u00a0 \u00a0<\/p>\n<p>EYDER PATI\u00d1O CABRERA \u00a0<\/p>\n<p>PATRICIA SALAZAR CU\u00c9LLAR \u00a0<\/p>\n<p>LUIS GUILLERMO SALAZAR OTERO \u00a0<\/p>\n<p>NUBIA YOLANDA NOVA GARC\u00cdA \u00a0<\/p>\n<p>Secretaria \u00a0 \u00a0<\/p>\n<p>1 Fls. \u00a030-34 Carpeta anexa. \u00a0\u00a0<\/p>\n<p>2 Fls. \u00a0125-129\u00a0 ib\u00eddem. \u00a0\u00a0<\/p>\n<p>3 Fls. \u00a020-22 ib\u00eddem. \u00a0\u00a0<\/p>\n<p>4 Fls. \u00a04-8 ib\u00eddem. \u00a0\u00a0<\/p>\n<p>5 Fls. \u00a043-48 ib\u00eddem. \u00a0\u00a0<\/p>\n<p>6 Fls. \u00a0101-107 ib\u00eddem. \u00a0\u00a0<\/p>\n<p>7 Fls. \u00a0135-138 ib\u00eddem. \u00a0\u00a0<\/p>\n<p>8 \u00a0Fl. \u00a0100 ib\u00eddem. \u00a0\u00a0<\/p>\n<p>9 Fls. \u00a0110-123 ib\u00eddem. \u00a0\u00a0<\/p>\n<p>10 Fls. \u00a0125-129\u00a0 ib\u00eddem. \u00a0\u00a0<\/p>\n<p>11 Fl. \u00a0131 ib\u00eddem. \u00a0\u00a0<\/p>\n<p>12 Fl. \u00a0140 ib\u00eddem. \u00a0\u00a0<\/p>\n<p>13 Fl. \u00a050 ib\u00eddem. \u00a0\u00a0<\/p>\n<p>14 Fl. \u00a051-54 ib\u00eddem. \u00a0\u00a0<\/p>\n<p>15 Fl. \u00a035-36 ib\u00eddem. \u00a0\u00a0<\/p>\n<p>16 Fls. \u00a01-2 C.O. Corte. \u00a0\u00a0<\/p>\n<p>17 Fl. \u00a012 Ib\u00edden \u00a0\u00a0<\/p>\n<p>18 Fl. \u00a019 Ib\u00eddem. \u00a0\u00a0<\/p>\n<p>19 Fl. \u00a049 ib\u00eddem. \u00a0\u00a0<\/p>\n<p>20 Fls. \u00a09-10\u00a0 ib\u00eddem. \u00a0\u00a0<\/p>\n<p>21 CSJ \u00a0CP, 9 Oct. 2011, Rad. 37.122. \u00a0\u00a0<\/p>\n<p>22 Fls. \u00a0127-128 carpeta adjunta. \u00a0\u00a0<\/p>\n<p>23 Ver \u00a0concepto del 25 de enero de 2012, radicado No. 37820. \u00a0 \u00a0\u00a0<\/p>\n<p><\/p>\n","protected":false},"excerpt":{"rendered":"<p>\u00a0 \u00a0 CORTE SUPREMA DE JUSTICIA \u00a0 SALA DE CASACI\u00d3N PENAL \u00a0 EUGENIO FERN\u00c1NDEZ CARLIER \u00a0 Magistrado Ponente \u00a0 CP158-2016 \u00a0 Radicaci\u00f3n N\u00ba 48527 \u00a0 (Aprobado mediante Acta N\u00ba 330) \u00a0 Bogot\u00e1 D.C., diecinueve (19) octubre de dos \u00a0mil diecis\u00e9is (2016). \u00a0\u00a0 Atendiendo \u00a0lo dispuesto en el art\u00edculo 502 \u00a0de \u00a0la \u00a0Ley \u00a0906 \u00a0de \u00a02004, [&hellip;]<\/p>\n","protected":false},"author":1,"featured_media":0,"comment_status":"open","ping_status":"open","sticky":false,"template":"","format":"standard","meta":{"footnotes":""},"categories":[25],"tags":[],"class_list":["post-34240","post","type-post","status-publish","format-standard","hentry","category-25"],"_links":{"self":[{"href":"https:\/\/dmsjuridica.com\/buscador_20179478954\/salapenalcronologico20230723\/wp-json\/wp\/v2\/posts\/34240","targetHints":{"allow":["GET"]}}],"collection":[{"href":"https:\/\/dmsjuridica.com\/buscador_20179478954\/salapenalcronologico20230723\/wp-json\/wp\/v2\/posts"}],"about":[{"href":"https:\/\/dmsjuridica.com\/buscador_20179478954\/salapenalcronologico20230723\/wp-json\/wp\/v2\/types\/post"}],"author":[{"embeddable":true,"href":"https:\/\/dmsjuridica.com\/buscador_20179478954\/salapenalcronologico20230723\/wp-json\/wp\/v2\/users\/1"}],"replies":[{"embeddable":true,"href":"https:\/\/dmsjuridica.com\/buscador_20179478954\/salapenalcronologico20230723\/wp-json\/wp\/v2\/comments?post=34240"}],"version-history":[{"count":0,"href":"https:\/\/dmsjuridica.com\/buscador_20179478954\/salapenalcronologico20230723\/wp-json\/wp\/v2\/posts\/34240\/revisions"}],"wp:attachment":[{"href":"https:\/\/dmsjuridica.com\/buscador_20179478954\/salapenalcronologico20230723\/wp-json\/wp\/v2\/media?parent=34240"}],"wp:term":[{"taxonomy":"category","embeddable":true,"href":"https:\/\/dmsjuridica.com\/buscador_20179478954\/salapenalcronologico20230723\/wp-json\/wp\/v2\/categories?post=34240"},{"taxonomy":"post_tag","embeddable":true,"href":"https:\/\/dmsjuridica.com\/buscador_20179478954\/salapenalcronologico20230723\/wp-json\/wp\/v2\/tags?post=34240"}],"curies":[{"name":"wp","href":"https:\/\/api.w.org\/{rel}","templated":true}]}}