{"id":34146,"date":"2023-09-13T19:43:15","date_gmt":"2023-09-13T19:43:15","guid":{"rendered":"https:\/\/dmsjuridica.com\/buscador_20179478954\/salapenalcronologico20230723\/2023\/09\/13\/cp063-201647505\/"},"modified":"2023-09-13T19:43:15","modified_gmt":"2023-09-13T19:43:15","slug":"cp063-201647505","status":"publish","type":"post","link":"https:\/\/dmsjuridica.com\/buscador_20179478954\/salapenalcronologico20230723\/2023\/09\/13\/cp063-201647505\/","title":{"rendered":"CP063-2016(47505)"},"content":{"rendered":"\n<p>\u00a0 \u00a0 \u00a0\u00a0<\/p>\n<p>CORTE\u00a0 \u00a0 \u00a0SUPREMA\u00a0 \u00a0 \u00a0DE\u00a0 \u00a0JUSTICIA \u00a0\u00a0<\/p>\n<p>SALA\u00a0 \u00a0 DE\u00a0 \u00a0CASACI\u00d3N\u00a0 PENAL \u00a0\u00a0<\/p>\n<p>Fernando Alberto Castro Caballero \u00a0<\/p>\n<p>Magistrado ponente \u00a0<\/p>\n<p>CP063-2016 \u00a0<\/p>\n<p>Radicaci\u00f3n No. 47505 \u00a0<\/p>\n<p>(Aprobado Acta No. 153) \u00a0<\/p>\n<p>Bogot\u00e1, D.C., dieciocho (18) de mayo de dos \u00a0mil diecis\u00e9is (2016). \u00a0\u00a0<\/p>\n<p>ASUNTO: \u00a0<\/p>\n<p>Procede la Corte a emitir concepto sobre la \u00a0solicitud \u00a0de \u00a0extradici\u00f3n \u00a0del \u00a0ciudadano \u00a0colombiano \u00a0Fidel \u00a0Camacho \u00a0Dur\u00e1n, \u00a0formulada \u00a0 por \u00a0 el \u00a0 Gobierno \u00a0 de \u00a0 los \u00a0 Estados \u00a0Unidos \u00a0a \u00a0trav\u00e9s \u00a0de \u00a0su \u00a0Embajada. \u00a0\u00a0<\/p>\n<p>ANTECEDENTES: \u00a0\u00a0<\/p>\n<p>1.\u00a0 Mediante \u00a0Nota \u00a0Verbal \u00a0No. \u00a00331 del 10 de marzo de 2015, la representaci\u00f3n diplom\u00e1tica \u00a0del \u00a0pa\u00eds \u00a0requirente dio a conocer que Fidel Camacho Dur\u00e1n es solicitado para \u00a0que \u00a0comparezca \u00a0a \u00a0juicio \u201cpor delitos federales de \u00a0narc\u00f3ticos\u201d \u00a0ante \u00a0la Corte del Distrito de Puerto \u00a0Rico, \u00a0donde \u00a0el \u00a012 \u00a0de \u00a0junio \u00a0de \u00a02014 \u00a0se \u00a0le \u00a0dict\u00f3 \u00a0la tercera acusaci\u00f3n \u00a0sustitutiva \u00a0 No. \u00a014-166 \u00a0(FAB), \u00a0por \u00a0cuyo \u00a0medio \u00a0se \u00a0le \u00a0hizo \u00a0la \u00a0siguiente \u00a0imputaci\u00f3n: \u00a0\u00a0<\/p>\n<p>\u2014 \u00a0Cargo \u00a0Dos: \u00a0Concierto \u00a0para \u00a0poseer \u00a0con \u00a0la \u00a0intenci\u00f3n \u00a0de fabricar, distribuir o expender \u00a0cinco \u00a0kilogramos \u00a0o \u00a0m\u00e1s \u00a0de coca\u00edna, en violaci\u00f3n del T\u00edtulo 21, Secciones \u00a0841 (a) (1) y 846 del C\u00f3digo de los Estados Unidos, y \u00a0\u00a0<\/p>\n<p>\u2014 \u00a0Cargo Tres: \u00a0Concierto \u00a0para \u00a0importar \u00a0cinco \u00a0kilogramos \u00a0o \u00a0m\u00e1s \u00a0de coca\u00edna a los Estados \u00a0Unidos \u00a0desde \u00a0un \u00a0lugar \u00a0fuera de los Estados Unidos, en violaci\u00f3n del T\u00edtulo \u00a021, Secciones 952 (a), 960 y 963 del C\u00f3digo de los Estados Unidos. \u00a0\u00a0<\/p>\n<p>2.\u00a0 En orden \u00a0a \u00a0 formalizar \u00a0 el \u00a0tr\u00e1mite \u00a0de \u00a0extradici\u00f3n, \u00a0se \u00a0aportaron \u00a0los \u00a0siguientes \u00a0documentos \u00a0con su correspondiente autenticaci\u00f3n por el Gobierno reclamante, la \u00a0traducci\u00f3n \u00a0necesaria \u00a0y \u00a0su \u00a0legalizaci\u00f3n \u00a0ante \u00a0el \u00a0Ministerio de Relaciones \u00a0Exteriores, seg\u00fan el caso: \u00a0\u00a0<\/p>\n<p>2.1.\u00a0 \u00a0Las \u00a0Notas \u00a0Verbales \u00a0n\u00fameros \u00a00331 \u00a0del 10 de marzo de 2015 y 0161 del 1 de febrero \u00a02016, \u00a0a trav\u00e9s de las cuales la Embajada de los Estados Unidos hizo conocer la \u00a0petici\u00f3n de extradici\u00f3n. \u00a0\u00a0<\/p>\n<p>En \u00a0la \u00a0primera \u00a0de \u00a0ellas \u00a0se \u00a0inform\u00f3 al \u00a0Ministerio \u00a0de \u00a0Relaciones \u00a0Exteriores \u00a0que \u00a0Fidel \u00a0Camacho \u00a0Dur\u00e1n \u201ces \u00a0ciudadano \u00a0de \u00a0Colombia, \u00a0nacido \u00a0el 11 de marzo de 1979, en \u00a0Colombia. \u00a0Es \u00a0portador \u00a0de \u00a0la c\u00e9dula colombiana No. 88.236.222\u201d. \u00a0\u00a0<\/p>\n<p>2.2.\u00a0 Copia \u00a0de \u00a0la \u00a0tercera acusaci\u00f3n sustitutiva No. 14-166 (FAB) proferida el 12 de junio \u00a0de 2014 en la Corte del Distrito De Puerto Rico. \u00a0\u00a0<\/p>\n<p>2.3.\u00a0 \u00a0Reproducci\u00f3n \u00a0 \u00a0de \u00a0 las \u00a0 normas \u00a0 penales \u00a0 relevantes \u00a0 para \u00a0 el \u00a0 presente \u00a0caso. \u00a0\u00a0<\/p>\n<p>2.4.\u00a0 \u00a0Declaraciones \u00a0juradas de Julia D\u00edaz Rex, Fiscal Auxiliar de los Estados Unidos \u00a0para \u00a0el \u00a0Distrito \u00a0de \u00a0Puerto Rico, y de Daniel O. Cabrero, Agente Especial del \u00a0Bur\u00f3 Federal de Investigaciones (FBI). \u00a0\u00a0<\/p>\n<p>2.5.\u00a0 \u00a0Duplicado \u00a0de \u00a0la \u00a0orden de arresto proferida en la Corte del Distrito de Puerto \u00a0Rico contra el requerido. \u00a0\u00a0<\/p>\n<p>2.6. \u00a0Informe de \u00a0consulta \u00a0realizada a la Registradur\u00eda Nacional del Estado Civil de Colombia en \u00a0relaci\u00f3n con el solicitado. \u00a0\u00a0<\/p>\n<p>3.\u00a0\u00a0 En \u00a0Colombia se realiz\u00f3 el siguiente tr\u00e1mite: \u00a0\u00a0<\/p>\n<p>3.1. El Ministerio \u00a0de \u00a0Relaciones \u00a0Exteriores \u00a0remiti\u00f3 a la Fiscal\u00eda\u00a0 General\u00a0 de\u00a0 \u00a0la\u00a0 \u00a0Naci\u00f3n\u00a0 \u00a0la\u00a0 \u00a0Nota\u00a0 \u00a0Diplom\u00e1tica \u00a0No. \u00a00331 del 10 de \u00a0marzo \u00a0de 2015 procedente de la Embajada de los Estados Unidos, mediante la cual \u00a0se \u00a0pidi\u00f3 \u00a0la \u00a0captura \u00a0con fines de extradici\u00f3n de Fidel Camacho Dur\u00e1n y, el \u00a0ente \u00a0acusador, \u00a0con Resoluci\u00f3n del 26 de junio del mismo a\u00f1o emiti\u00f3 la orden \u00a0respectiva. \u00a0\u00a0<\/p>\n<p>3.2. \u00a0El \u00a05 \u00a0de \u00a0diciembre \u00a0de \u00a02015 \u00a0el \u00a0requerido \u00a0fue \u00a0aprehendido \u00a0en \u00a0Bogot\u00e1, a quien se le \u00a0identific\u00f3 \u00a0 con \u00a0 la \u00a0 c\u00e9dula \u00a0de \u00a0ciudadan\u00eda \u00a0No. \u00a088.236.222 \u00a0expedida \u00a0en \u00a0C\u00facuta. \u00a0\u00a0<\/p>\n<p>3.3.\u00a0 El 1 de \u00a0febrero \u00a0de 2016 el Ministerio de Relaciones Exteriores env\u00edo las diligencias y \u00a0la \u00a0Nota Verbal No. 0161 del mismo d\u00eda al Ministerio de Justicia y del Derecho, \u00a0a \u00a0trav\u00e9s \u00a0de la cual el Gobierno de los Estados Unidos formaliz\u00f3 la solicitud \u00a0de extradici\u00f3n de Fidel Camacho Dur\u00e1n. \u00a0\u00a0<\/p>\n<p>Adem\u00e1s, \u00a0 conceptu\u00f3 \u00a0que \u00a0los \u00a0tratados \u00a0aplicables \u00a0al \u00a0presente \u00a0caso son \u201cla \u00abConvenci\u00f3n \u00a0de \u00a0Naciones \u00a0Unidas contra el tr\u00e1fico il\u00edcito de estupefacientes y sustancias \u00a0psicotr\u00f3picas\u00bb, \u00a0suscrita \u00a0en Viena el 20 de diciembre de 1988\u201d, \u00a0acorde \u00a0con \u00a0lo \u00a0establecido en su art\u00edculo 6\u00ba, numerales 4\u00ba y \u00a05\u00ba, \u00a0 as\u00ed \u00a0 como \u00a0 la \u00a0\u201cConvenci\u00f3n \u00a0de \u00a0las \u00a0Naciones \u00a0Unidas \u00a0contra \u00a0la \u00a0Delincuencia \u00a0Organizada \u00a0Transnacional, adoptada en New York el 27 de noviembre \u00a0de \u00a02000\u201d, \u00a0seg\u00fan lo dispuesto en su art\u00edculo 16, \u00a0numerales \u00a06\u00ba \u00a0y \u00a07\u00ba. \u00a0Igualmente, \u00a0indic\u00f3 \u00a0que \u00a0en \u00a0lo no establecido en los \u00a0aludidos \u00a0instrumentos, \u00a0se \u00a0debe \u00a0obrar \u00a0de \u00a0conformidad \u00a0con \u00a0\u201cel ordenamiento \u00a0jur\u00eddico colombiano\u201d. \u00a0\u00a0<\/p>\n<p>3.4.\u00a0 En el \u00a0Ministerio \u00a0de \u00a0Justicia \u00a0y \u00a0del \u00a0Derecho \u00a0se \u00a0determin\u00f3 \u00a0que la documentaci\u00f3n \u00a0allegada \u00a0por \u00a0el \u00a0Gobierno solicitante reun\u00eda los requisitos formales exigidos \u00a0en \u00a0la \u00a0normatividad \u00a0procesal \u00a0penal \u00a0del \u00a0pa\u00eds y, por ende, fue remitida a la \u00a0Corte el 4 de febrero de 2016. \u00a0\u00a0<\/p>\n<p>3.5. Recibido el \u00a0expediente \u00a0en \u00a0esta \u00a0Corporaci\u00f3n, \u00a0se \u00a0le reconoci\u00f3 personer\u00eda adjetiva a la \u00a0apoderada \u00a0nombrada por el requerido Fidel Camacho Dur\u00e1n y, el 12 de febrero de \u00a02016, \u00a0resolvi\u00f3 \u00a0agotar \u00a0el \u00a0t\u00e9rmino \u00a0para \u00a0pedir \u00a0pruebas, dentro del cual la \u00a0defensa \u00a0solicit\u00f3 \u00a0la \u00a0pr\u00e1ctica \u00a0de varias, las cuales fueron negadas con auto \u00a0del \u00a06 \u00a0de abril siguiente y como la Corte no evidenci\u00f3 la necesidad de ordenar \u00a0alguna \u00a0de \u00a0oficio, \u00a0dispuso \u00a0el \u00a0traslado \u00a0para \u00a0alegar, \u00a0durante \u00a0el \u00a0cual \u00a0el \u00a0representante del Ministerio P\u00fablico expres\u00f3 lo siguiente: \u00a0\u00a0<\/p>\n<p>Luego \u00a0de \u00a0hacer \u00a0referencia \u00a0al \u00a0tr\u00e1mite \u00a0surtido, \u00a0al \u00a0contenido \u00a0de \u00a0la \u00a0actuaci\u00f3n, a la normatividad aplicable y a los \u00a0requisitos \u00a0que \u00a0debe \u00a0examinar \u00a0la \u00a0Corte \u00a0al emitir el concepto respectivo; en \u00a0relaci\u00f3n \u00a0con \u00a0la \u00a0validez \u00a0formal de la documentaci\u00f3n presentada por el pa\u00eds \u00a0solicitante, \u00a0aduce \u00a0que \u00a0\u00e9sta \u00a0fue aportada con la informaci\u00f3n necesaria y su \u00a0correspondiente \u00a0traducci\u00f3n y autenticaci\u00f3n, por tanto, encuentra cumplida tal \u00a0exigencia. \u00a0\u00a0<\/p>\n<p>Sobre la demostraci\u00f3n plena de la identidad \u00a0del \u00a0solicitado, \u00a0despu\u00e9s \u00a0de poner de presente la informaci\u00f3n suministrada al \u00a0respecto \u00a0por el Gobierno reclamante y la acopiada con ocasi\u00f3n de este tr\u00e1mite \u00a0de \u00a0extradici\u00f3n, \u00a0concluye \u00a0que \u00a0el \u00a0ciudadano \u00a0requerido \u00a0es \u00a0el mismo que fue \u00a0capturado con fines de extradici\u00f3n. \u00a0\u00a0<\/p>\n<p>Frente \u00a0 al \u00a0 principio \u00a0 de \u00a0 la \u00a0 doble \u00a0incriminaci\u00f3n, \u00a0considera \u00a0que \u00a0tambi\u00e9n \u00a0se satisface, por cuanto efectuada la \u00a0confrontaci\u00f3n \u00a0entre \u00a0las \u00a0conductas \u00a0que \u00a0motivan la petici\u00f3n de extradici\u00f3n \u00a0se\u00f1aladas \u00a0en \u00a0la \u00a0tercera \u00a0acusaci\u00f3n sustitutiva No. 14-166 (FAB) \u00a0proferida el 12 de junio de 2014 en la \u00a0Corte \u00a0del \u00a0Distrito de Puerto Rico con nuestro ordenamiento jur\u00eddico, concluye \u00a0que \u00a0tales \u00a0comportamientos \u00a0constituyen \u00a0delito, \u00a0pues \u00a0encuentran \u00a0adecuaci\u00f3n \u00a0t\u00edpica \u00a0en \u00a0el art\u00edculo 376 del C\u00f3digo Penal, bajo la denominaci\u00f3n jur\u00eddica \u00a0de tr\u00e1fico, fabricaci\u00f3n o porte de estupefacientes. \u00a0\u00a0<\/p>\n<p>En \u00a0relaci\u00f3n \u00a0con \u00a0la \u00a0equivalencia \u00a0de la \u00a0providencia \u00a0proferida \u00a0en \u00a0el extranjero, estima que esta exigencia tambi\u00e9n se \u00a0cumple, \u00a0en \u00a0consideraci\u00f3n \u00a0a \u00a0que la acusaci\u00f3n elevada en el pa\u00eds requirente \u00a0responde \u00a0a la convocatoria a juicio del ordenamiento jur\u00eddico colombiano, pues \u00a0all\u00ed \u00a0se \u00a0indican \u00a0los \u00a0hechos, \u00a0las \u00a0normas que los recogen y se identifica la \u00a0persona imputada y las conductas que se le atribuyen. \u00a0\u00a0<\/p>\n<p>Por tanto, pide que el concepto de la Corte \u00a0sea \u00a0favorable \u00a0a \u00a0la \u00a0solicitud \u00a0de \u00a0extradici\u00f3n \u00a0del \u00a0requerido \u00a0Fidel \u00a0Camacho Dur\u00e1n y agrega que de ser \u00a0as\u00ed, \u00a0se \u00a0exhorte \u00a0al Gobierno Nacional para que su entrega se condicione a que \u00a0solamente \u00a0se \u00a0le \u00a0juzgue \u00a0por \u00a0las \u00a0conductas \u00a0que \u00a0le \u00a0sirven \u00a0de \u00a0sustento e, \u00a0igualmente, \u00a0le \u00a0sean \u00a0respetadas \u00a0todas \u00a0las garant\u00edas consagradas en la Carta \u00a0Pol\u00edtica \u00a0y \u00a0en \u00a0el \u00a0bloque \u00a0de \u00a0constitucionalidad, en particular a que no sea \u00a0sometido \u00a0a \u00a0pena \u00a0de \u00a0muerte, \u00a0desaparici\u00f3n \u00a0forzada, \u00a0tortura, tratos o penas \u00a0crueles \u00a0inhumanas \u00a0o \u00a0degradantes, \u00a0destierro, \u00a0prisi\u00f3n perpetua o confiscaci\u00f3n. \u00a0\u00a0<\/p>\n<p>CONCEPTO\u00a0 \u00a0 \u00a0DE\u00a0 \u00a0 \u00a0LA\u00a0 \u00a0CORTE: \u00a0\u00a0<\/p>\n<p>I. Aspectos previos sobre la procedencia de \u00a0la extradici\u00f3n: \u00a0\u00a0<\/p>\n<p>1.\u00a0 Sobre el \u00a0requisito \u00a0previsto \u00a0en \u00a0el \u00a0inciso \u00a0final \u00a0del art\u00edculo 35 de la Constituci\u00f3n \u00a0Pol\u00edtica, \u00a0modificado \u00a0por \u00a0el \u00a0Acto \u00a0Legislativo No. 01 del 16 de diciembre de \u00a01997, \u00a0relativo \u00a0a \u00a0que \u00a0la \u00a0entrega \u00a0del reclamado \u00fanicamente opera por hechos \u00a0cometidos \u00a0 \u00a0con \u00a0 \u00a0posterioridad \u00a0 \u00a0a \u00a0 la \u00a0 promulgaci\u00f3n \u00a0 de \u00a0 la \u00a0 referida \u00a0reforma: \u00a0\u00a0<\/p>\n<p>En \u00a0este \u00a0sentido, \u00a0se \u00a0observa \u00a0que \u00a0de la \u00a0petici\u00f3n \u00a0de \u00a0extradici\u00f3n \u00a0formulada \u00a0por \u00a0el Gobierno de los Estados Unidos a \u00a0trav\u00e9s \u00a0de \u00a0su \u00a0Embajada en Colombia y de los documentos aportados con ella, se \u00a0tiene \u00a0que \u00a0los \u00a0hechos \u00a0atribuidos a Fidel Camacho Dur\u00e1n habr\u00edan ocurrido, de \u00a0conformidad \u00a0con \u00a0la \u00a0tercera acusaci\u00f3n sustitutiva No. 14-166 (FAB) emitida en \u00a0la \u00a0Corte \u00a0del Distrito de Puerto Rico el 12 de junio de 2014, seg\u00fan los Cargos \u00a0Dos \u00a0y \u00a0Tres \u00a0all\u00ed \u00a0imputados, \u00a0\u201ccomenzando \u00a0en \u00a0o \u00a0alrededor \u00a0del \u00a0principio de agosto de 2012, hasta o alrededor de la devoluci\u00f3n \u00a0de \u00a0 \u00a0 \u00a0 la \u00a0 \u00a0 \u00a0 acusaci\u00f3n \u00a0 \u00a0 \u00a0 presente\u201d1. \u00a0A \u00a0su \u00a0vez, \u00a0el \u00a0Agente \u00a0Especial \u00a0Daniel \u00a0O. \u00a0Cabrero \u00a0precis\u00f3 en su declaraci\u00f3n \u00a0jurada, \u00a0que \u00a0el \u00a0requerido, \u00a0\u201cdesde agosto de 2012 \u00a0hasta \u00a0el \u00a012 \u00a0de junio de 2014\u201d, fue miembro de una \u00a0organizaci\u00f3n \u00a0 \u00a0 de \u00a0 \u00a0 tr\u00e1fico \u00a0 \u00a0de \u00a0 \u00a0drogas2; \u00a0de \u00a0donde \u00a0se sigue que las \u00a0conductas \u00a0por cuya presunta ejecuci\u00f3n se acus\u00f3 al solicitado fueron cometidas \u00a0con \u00a0posterioridad a la entrada en vigencia del Acto Legislativo No. 01 de 1997, \u00a0modificatorio \u00a0del \u00a0art\u00edculo \u00a035 \u00a0de \u00a0la Constituci\u00f3n Pol\u00edtica, por tanto, no \u00a0resulta necesario hacer salvedad alguna al respecto. \u00a0\u00a0<\/p>\n<p>2.\u00a0 Sobre el \u00a0requisito \u00a0relativo \u00a0a \u00a0que los delitos se hayan cometido en el exterior, seg\u00fan \u00a0lo \u00a0consagra \u00a0el \u00a0inciso segundo del art\u00edculo 35 de la Constituci\u00f3n Pol\u00edtica, \u00a0modificado \u00a0 por \u00a0 el \u00a0 Acto \u00a0 Legislativo \u00a0 No. \u00a001 \u00a0del \u00a016 \u00a0de \u00a0diciembre \u00a0de \u00a01997: \u00a0\u00a0<\/p>\n<p>En \u00a0relaci\u00f3n con tal aspecto, se evidencia \u00a0que \u00a0en \u00a0los \u00a0Cargos \u00a0Dos \u00a0y Tres que se le atribuyen al reclamado en la tercera \u00a0acusaci\u00f3n \u00a0sustitutiva \u00a0No. \u00a014-166 \u00a0(FAB), \u00a0se \u00a0indica \u00a0que \u00a0habr\u00edan ocurrido \u00a0\u201cen \u00a0el \u00a0Distrito \u00a0de \u00a0Puerto \u00a0Rico\u201d3. \u00a0\u00a0<\/p>\n<p>En esa medida, en atenci\u00f3n a lo establecido \u00a0por \u00a0la \u00a0jurisprudencia \u00a0y la doctrina como criterio para determinar el lugar de \u00a0ocurrencia \u00a0del \u00a0delito, \u00a0como es la teor\u00eda mixta o de la ubicuidad, conforme a \u00a0la \u00a0cual \u00a0se \u00a0considera \u00a0cometido \u00a0donde \u00a0se desarroll\u00f3 total o parcialmente la \u00a0acci\u00f3n, \u00a0o \u00a0en \u00a0el \u00a0lugar \u00a0donde \u00a0debi\u00f3 realizarse la acci\u00f3n omitida, o en el \u00a0sitio \u00a0donde \u00a0se produjo o debi\u00f3 materializarse el resultado; la Sala encuentra \u00a0que \u00a0los \u00a0comportamientos \u00a0deducidos \u00a0a \u00a0Fidel \u00a0Camacho \u00a0Dur\u00e1n \u00a0en \u00a0la \u00a0tercera \u00a0acusaci\u00f3n \u00a0sustitutiva \u00a0No. 14-166 (FAB) traspasaron las fronteras colombianas, \u00a0por \u00a0lo \u00a0cual se satisface la condicionante constitucional de que los delitos se \u00a0hayan cometido en el exterior del territorio nacional. \u00a0\u00a0<\/p>\n<p>3.\u00a0 Sobre el \u00a0requisito \u00a0relativo a que los delitos que sirvan de fundamento a la petici\u00f3n de \u00a0extradici\u00f3n \u00a0no \u00a0tengan \u00a0el \u00a0car\u00e1cter de pol\u00edticos o de opini\u00f3n, conforme lo \u00a0prev\u00e9 \u00a0el \u00a0inciso \u00a0tercero \u00a0del \u00a0art\u00edculo \u00a035 \u00a0de \u00a0la Constituci\u00f3n Pol\u00edtica, \u00a0modificado \u00a0 por \u00a0 el \u00a0 Acto \u00a0 Legislativo \u00a0 No. \u00a001 \u00a0del \u00a016 \u00a0de \u00a0diciembre \u00a0de \u00a01997: \u00a0\u00a0<\/p>\n<p>En \u00a0relaci\u00f3n \u00a0con esta exigencia, se tiene \u00a0que \u00a0como de conformidad con los Cargos Dos y Tres endilgados al reclamado en la \u00a0tercera \u00a0acusaci\u00f3n \u00a0sustitutiva No. 14-166 (FAB), \u00e9ste se habr\u00eda asociado con \u00a0otras \u00a0personas \u00a0para \u00a0poseer \u00a0coca\u00edna \u00a0con \u00a0la \u00a0intenci\u00f3n \u00a0de \u00a0distribuirla e \u00a0importarla \u00a0il\u00edcitamente \u00a0a \u00a0los \u00a0Estados \u00a0Unidos a trav\u00e9s de Puerto Rico y en \u00a0efecto \u00a0hacerlo; \u00a0es \u00a0claro que tales comportamientos no envuelven la condici\u00f3n \u00a0de \u00a0pol\u00edticos \u00a0o \u00a0de \u00a0opini\u00f3n, \u00a0pues \u00a0atentan \u00a0contra \u00a0la salud y la seguridad \u00a0p\u00fablicas, \u00a0por \u00a0ende, \u00a0tambi\u00e9n \u00a0se \u00a0cumple \u00a0la \u00a0exigencia \u00a0que \u00a0en tal sentido \u00a0contempla el art\u00edculo 35 Superior. \u00a0\u00a0<\/p>\n<p>II.\u00a0 \u00a0 \u00a0 Cuesti\u00f3n\u00a0\u00a0 \u00a0de\u00a0\u00a0 fondo: \u00a0\u00a0<\/p>\n<p>Aspectos\u00a0\u00a0 Generales: \u00a0<\/p>\n<p>La \u00a0competencia \u00a0de \u00a0la \u00a0Corte, \u00a0dentro del \u00a0tr\u00e1mite \u00a0de \u00a0extradici\u00f3n, \u00a0se \u00a0limita a emitir el respectivo concepto sobre la \u00a0viabilidad \u00a0de entregar o no a la persona solicitada por un Gobierno extranjero, \u00a0despu\u00e9s \u00a0de \u00a0examinar las exigencias a que aluden los art\u00edculos 493, 495 y 502 \u00a0del \u00a0 \u00a0 C\u00f3digo \u00a0 \u00a0 de \u00a0 \u00a0 Procedimiento \u00a0 \u00a0Penal4. \u00a0\u00a0<\/p>\n<p>De \u00a0otra \u00a0parte, \u00a0debido \u00a0a \u00a0que \u00a0seg\u00fan lo \u00a0expres\u00f3 \u00a0el \u00a0Ministerio \u00a0de \u00a0Relaciones Exteriores, los tratados multilaterales \u00a0aplicables \u00a0al \u00a0presente \u00a0caso son \u201cla \u00abConvenci\u00f3n \u00a0de \u00a0Naciones \u00a0Unidas contra el tr\u00e1fico il\u00edcito de estupefacientes y sustancias \u00a0psicotr\u00f3picas\u00bb, \u00a0suscrita \u00a0en \u00a0Viena el 20 de diciembre de 1988\u201d \u00a0y \u00a0la \u00a0\u201cConvenci\u00f3n \u00a0de las Naciones \u00a0Unidas \u00a0contra la Delincuencia Organizada Transnacional, adoptada en New York el \u00a027 \u00a0de \u00a0noviembre \u00a0de 2000\u201d, Ministerio que a su vez \u00a0precis\u00f3 \u00a0que \u00a0en \u00a0el \u00a0tr\u00e1mite \u00a0interno \u00a0se \u00a0debe \u00a0obrar acorde con \u00a0 \u00a0\u201cel \u00a0 \u00a0ordenamiento \u00a0 \u00a0jur\u00eddico \u00a0 \u00a0colombiano\u201d, \u00a0entonces \u00a0el \u00a0concepto \u00a0ha \u00a0de \u00a0fundamentarse en lo dispuesto en \u00a0nuestro C\u00f3digo de Procedimiento Penal. \u00a0\u00a0<\/p>\n<p>Por \u00a0ello, corresponde a la Sala, seg\u00fan lo \u00a0preceptuado \u00a0en \u00a0el \u00a0art\u00edculo \u00a0502 del referido estatuto, realizar el an\u00e1lisis \u00a0sobre: \u00a0(i) \u00a0la \u00a0validez \u00a0formal \u00a0de \u00a0la \u00a0documentaci\u00f3n \u00a0allegada \u00a0por el pa\u00eds \u00a0requirente; \u00a0 (ii) \u00a0la \u00a0demostraci\u00f3n \u00a0plena \u00a0de \u00a0la \u00a0identidad \u00a0de \u00a0la \u00a0persona \u00a0solicitada; \u00a0(iii) \u00a0la \u00a0concurrencia de la doble incriminaci\u00f3n, esto es, que el \u00a0hecho \u00a0que \u00a0motiva \u00a0la \u00a0solicitud \u00a0de extradici\u00f3n tanto en el Estado reclamante \u00a0como \u00a0en \u00a0Colombia sea delito y adem\u00e1s que la legislaci\u00f3n nacional lo sancione \u00a0con \u00a0pena \u00a0privativa \u00a0de la libertad cuyo m\u00ednimo no sea inferior a cuatro a\u00f1os \u00a0y; \u00a0(iv) \u00a0respecto \u00a0de \u00a0la \u00a0equivalencia \u00a0que \u00a0debe existir entre la providencia \u00a0proferida \u00a0 en \u00a0 el \u00a0 extranjero \u00a0 y \u00a0\u2014por \u00a0 \u00a0 \u00a0lo \u00a0 \u00a0 \u00a0menos\u2014 la acusaci\u00f3n del sistema procesal interno. \u00a0\u00a0<\/p>\n<p>En relaci\u00f3n con cada uno de esos aspectos, \u00a0se tiene: \u00a0\u00a0<\/p>\n<p>1. \u00a0Validez\u00a0 \u00a0formal\u00a0 \u00a0de\u00a0 \u00a0la\u00a0 documentaci\u00f3n presentada: \u00a0\u00a0<\/p>\n<p>Seg\u00fan \u00a0lo establece el art\u00edculo 495 de la \u00a0Ley \u00a0906 \u00a0de \u00a02004, \u00a0la \u00a0solicitud \u00a0de \u00a0extradici\u00f3n debe efectuarse por la v\u00eda \u00a0diplom\u00e1tica \u00a0y, \u00a0de \u00a0manera \u00a0excepcional, \u00a0por \u00a0la \u00a0consular \u00a0o \u00a0de \u00a0gobierno a \u00a0gobierno, \u00a0adjuntando copia aut\u00e9ntica del fallo o de la acusaci\u00f3n proferida en \u00a0el \u00a0extranjero, \u00a0con \u00a0indicaci\u00f3n de los actos que determinan la petici\u00f3n, as\u00ed \u00a0como \u00a0del \u00a0lugar \u00a0y \u00a0la \u00a0fecha \u00a0en que fueron ejecutados, los datos que permitan \u00a0establecer \u00a0la \u00a0plena \u00a0identidad \u00a0del \u00a0reclamado \u00a0y \u00a0la \u00a0copia aut\u00e9ntica de las \u00a0disposiciones \u00a0penales aplicables al caso, documentos que deben ser expedidos en \u00a0la \u00a0forma \u00a0prevista \u00a0en \u00a0la \u00a0legislaci\u00f3n \u00a0del \u00a0pa\u00eds requirente y traducidos al \u00a0castellano, de ser necesario. \u00a0\u00a0<\/p>\n<p>Por \u00a0ende, \u00a0la \u00a0revisi\u00f3n sobre la validez \u00a0formal \u00a0de \u00a0la documentaci\u00f3n, se orienta a verificar que los soportes con apoyo \u00a0en \u00a0los \u00a0cuales \u00a0el \u00a0Estado \u00a0reclamante \u00a0solicita \u00a0la \u00a0entrega de una persona en \u00a0extradici\u00f3n, se sujeten a las referidas exigencias formales. \u00a0\u00a0<\/p>\n<p>En \u00a0este \u00a0sentido, \u00a0encuentra \u00a0la Sala que \u00a0dicho \u00a0presupuesto \u00a0fue \u00a0observado \u00a0por \u00a0el \u00a0Gobierno \u00a0de \u00a0los Estados Unidos al \u00a0demandar \u00a0la \u00a0extradici\u00f3n \u00a0del \u00a0ciudadano \u00a0colombiano \u00a0Fidel Camacho Dur\u00e1n por \u00a0conducto de su Embajada. \u00a0\u00a0<\/p>\n<p>En efecto, la solicitud se hizo por la v\u00eda \u00a0diplom\u00e1tica \u00a0y \u00a0a \u00a0ella \u00a0se \u00a0acompa\u00f1\u00f3 \u00a0copia de la \u00a0tercera \u00a0 acusaci\u00f3n \u00a0sustitutiva \u00a0No. \u00a014-166 \u00a0(FAB) \u00a0dictada \u00a0el \u00a012 \u00a0de \u00a0junio \u00a0de \u00a02014 \u00a0en \u00a0la \u00a0Corte del Distrito de Puerto Rico, \u00a0decisi\u00f3n \u00a0donde \u00a0se indican los actos que sustentan la petici\u00f3n de entrega, el \u00a0lugar \u00a0y \u00a0las \u00a0fechas de su ejecuci\u00f3n, mientras que en los restantes documentos \u00a0aportados \u00a0son precisados tales datos y se ofrece la informaci\u00f3n necesaria para \u00a0establecer la plena identidad de la persona requerida. \u00a0\u00a0<\/p>\n<p>Esto \u00a0 se \u00a0corrobora \u00a0al \u00a0confrontar \u00a0el \u00a0contenido \u00a0de \u00a0las \u00a0declaraciones juradas de Julia D\u00edaz Rex, Fiscal Auxiliar de \u00a0los \u00a0Estados \u00a0Unidos \u00a0para \u00a0el \u00a0Distrito de Puerto Rico, y de Daniel O. Cabrero, \u00a0Agente \u00a0Especial \u00a0del \u00a0Bur\u00f3 \u00a0Federal de Investigaciones (FBI), quienes rese\u00f1an \u00a0los \u00a0pormenores de la investigaci\u00f3n y posterior acusaci\u00f3n, la relaci\u00f3n de los \u00a0cargos \u00a0y \u00a0la \u00a0normatividad \u00a0aplicable \u00a0al \u00a0caso, \u00a0la cual est\u00e1 contenida en el \u00a0C\u00f3digo Federal de dicho pa\u00eds. \u00a0\u00a0<\/p>\n<p>Los \u00a0anteriores \u00a0documentos a su vez obran \u00a0certificados \u00a0y \u00a0autenticados \u00a0por las autoridades del pa\u00eds requirente y est\u00e1n \u00a0traducidos \u00a0al \u00a0castellano. \u00a0Adem\u00e1s, \u00a0aparece la refrendaci\u00f3n efectuada por el \u00a0C\u00f3nsul \u00a0de \u00a0Colombia \u00a0en \u00a0Washington, D.C., cuyas firmas fueron abonadas por la \u00a0Jefe \u00a0de \u00a0Legalizaciones \u00a0del \u00a0Ministerio \u00a0de \u00a0Relaciones \u00a0Exteriores lo que, de \u00a0conformidad \u00a0con \u00a0el \u00a0art\u00edculo \u00a0251 \u00a0del \u00a0C\u00f3digo \u00a0General del Proceso, permite \u00a0suponer \u00a0 que \u00a0 se \u00a0 otorgaron \u00a0 de \u00a0 acuerdo \u00a0 con \u00a0 las \u00a0 leyes \u00a0 del \u00a0 Estado \u00a0solicitante. \u00a0\u00a0<\/p>\n<p>Por tanto, la validez de la documentaci\u00f3n \u00a0aportada \u00a0 \u00a0por \u00a0 \u00a0el \u00a0 \u00a0Gobierno \u00a0 \u00a0requirente \u00a0 \u00a0se \u00a0 \u00a0encuentra \u00a0 debidamente \u00a0acreditada. \u00a0\u00a0<\/p>\n<p>2. Plena\u00a0 identidad\u00a0 entre\u00a0 \u00a0el\u00a0 \u00a0 \u00a0 reclamado\u00a0 \u00a0 \u00a0 en \u00a0 \u00a0extradici\u00f3n\u00a0\u00a0 \u00a0 \u00a0y\u00a0\u00a0 \u00a0el\u00a0\u00a0 \u00a0 \u00a0 aprehendido\u00a0\u00a0 \u00a0 \u00a0con\u00a0\u00a0 \u00a0 \u00a0tal\u00a0\u00a0 \u00a0finalidad: \u00a0\u00a0<\/p>\n<p>Esta \u00a0exigencia \u00a0se contrae a constatar la \u00a0coincidencia \u00a0que \u00a0debe \u00a0existir \u00a0entre \u00a0la \u00a0persona \u00a0solicitada \u00a0por \u00a0el \u00a0pa\u00eds \u00a0requirente \u00a0y \u00a0la \u00a0aprehendida \u00a0con \u00a0fines de extradici\u00f3n, por lo cual, es bajo \u00a0este \u00a0contexto \u00a0que corresponde analizar a la Corte la \u201cidentificaci\u00f3n\u201d del \u00a0ciudadano reclamado. \u00a0\u00a0<\/p>\n<p>Al \u00a0efecto \u00a0se \u00a0tiene \u00a0que, \u00a0en \u00a0la \u00a0Nota \u00a0Diplom\u00e1tica \u00a0No. \u00a00331 \u00a0del \u00a010 \u00a0de marzo de 2015 de la Embajada de los Estados \u00a0Unidos, \u00a0por \u00a0cuyo \u00a0medio \u00a0se \u00a0solicit\u00f3 \u00a0la detenci\u00f3n provisional con fines de \u00a0extradici\u00f3n \u00a0de \u00a0Fidel \u00a0Camacho Dur\u00e1n, se inform\u00f3 al Ministerio de Relaciones \u00a0Exteriores \u00a0que \u00a0la \u00a0persona \u00a0requerida \u00a0naci\u00f3 \u00a0el \u00a011 \u00a0de \u00a0marzo \u00a0de \u00a01979 \u00a0en \u00a0Colombia \u00a0 y \u00a0 es \u00a0 la \u00a0titular \u00a0de \u00a0la \u00a0c\u00e9dula \u00a0de \u00a0ciudadan\u00eda No. 88.236.222. \u00a0\u00a0<\/p>\n<p>Ahora, \u00a0de \u00a0la \u00a0documentaci\u00f3n \u00a0reunida en \u00a0Colombia \u00a0se \u00a0concluye \u00a0que \u00a0se \u00a0trata \u00a0de \u00a0la misma persona a que alude aquella \u00a0petici\u00f3n, \u00a0pues \u00a0el \u00a05 \u00a0de \u00a0diciembre de 2015, d\u00eda en el que el solicitado fue \u00a0capturado, \u00a0as\u00ed \u00a0se le identific\u00f3 mediante cotejo decadactilar, confirm\u00e1ndose \u00a0por \u00a0 tanto \u00a0 la \u00a0 coincidencia \u00a0 con \u00a0 el \u00a0individuo \u00a0reclamado \u00a0por \u00a0el \u00a0pa\u00eds \u00a0extranjero. \u00a0\u00a0<\/p>\n<p>3. \u00a0Principio\u00a0\u00a0 \u00a0de\u00a0\u00a0 \u00a0la\u00a0\u00a0 doble\u00a0\u00a0 incriminaci\u00f3n: \u00a0\u00a0<\/p>\n<p>De \u00a0acuerdo \u00a0con \u00a0lo \u00a0estipulado \u00a0en \u00a0el \u00a0art\u00edculo \u00a0493 \u00a0de \u00a0la \u00a0Ley \u00a0906 \u00a0de \u00a02004, \u00a0para \u00a0conceder \u00a0la \u00a0extradici\u00f3n es \u00a0indispensable \u00a0que \u00a0los \u00a0hechos que la motivan est\u00e9n previstos en Colombia como \u00a0delito \u00a0y \u00a0que los mismos se encuentren reprimidos con una sanci\u00f3n privativa de \u00a0la libertad cuyo m\u00ednimo no sea inferior a cuatro a\u00f1os. \u00a0\u00a0<\/p>\n<p>En este sentido, se tiene que el ciudadano \u00a0colombiano \u00a0Fidel Camacho Dur\u00e1n es requerido para que comparezca en juicio ante \u00a0la \u00a0Corte \u00a0del Distrito de Puerto Rico, donde es objeto de la tercera acusaci\u00f3n \u00a0sustitutiva \u00a0No. \u00a014-166 \u00a0(FAB) dictada el 12 de junio de 2014, mediante la cual \u00a0se le imputa: \u00a0\u00a0<\/p>\n<p>Cargo Dos \u00a0<\/p>\n<p>T\u00edtulo 21, C\u00f3digo de los Estados Unidos, \u00a0&amp; 846 \u00a0\u00a0<\/p>\n<p>(Asociaci\u00f3n \u00a0Delictuosa \u00a0para \u00a0Poseer con \u00a0intenci\u00f3n \u00a0\u00a0<\/p>\n<p>a \u00a0 \u00a0 \u00a0Distribuir \u00a0 \u00a0 \u00a0Sustancias \u00a0Controladas) \u00a0\u00a0<\/p>\n<p>Comenzando en o alrededor del principio de \u00a0agosto \u00a0de \u00a02012, \u00a0hasta \u00a0en \u00a0o \u00a0alrededor \u00a0de \u00a0la \u00a0devoluci\u00f3n de la acusaci\u00f3n \u00a0presente, \u00a0en \u00a0el \u00a0Distrito \u00a0de \u00a0Puerto \u00a0Rico \u00a0y \u00a0en \u00a0otras \u00a0partes dentro de la \u00a0jurisdicci\u00f3n de este Tribunal, \u00a0\u00a0<\/p>\n<p>\u2026Fidel Camacho Dur\u00e1n\u2026 \u00a0<\/p>\n<p>los \u00a0 \u00a0acusados, \u00a0 \u00a0a \u00a0 \u00a0sabiendas \u00a0 e \u00a0intencionalmente, \u00a0combinaron, \u00a0conspiraron, \u00a0confederaron \u00a0y estaban de acuerdo \u00a0entre \u00a0s\u00ed \u00a0y \u00a0con diversas otras personas desconocidas por el Gran Jurado, para \u00a0cometer \u00a0un \u00a0delito \u00a0definido \u00a0en \u00a0el T\u00edtulo 21, C\u00f3digo de los Estados Unidos, \u00a0Secciones \u00a046 \u00a0(a) \u00a0(1); \u00a0a \u00a0saber, \u00a0poseer, \u00a0a \u00a0sabiendas \u00a0con la intenci\u00f3n de \u00a0distribuir \u00a0(5) \u00a0kilogramos \u00a0o \u00a0m\u00e1s \u00a0de \u00a0una mezcla o sustancia conteniendo una \u00a0cantidad \u00a0detectable \u00a0de \u00a0coca\u00edna, \u00a0una \u00a0sustancia controlada de la Lista II de \u00a0Sustancias \u00a0Narc\u00f3ticas \u00a0Controladas. Todo en violaci\u00f3n del T\u00edtulo 21, C\u00f3digo \u00a0de los Estados Unidos, Secci\u00f3n 846. \u00a0\u00a0<\/p>\n<p>Cargo Tres \u00a0<\/p>\n<p>T\u00edtulo 21, C\u00f3digo de los Estados Unidos, \u00a0&amp; 963 \u00a0\u00a0<\/p>\n<p>(Asociaci\u00f3n \u00a0Delictuosa \u00a0para \u00a0Importar \u00a0Narc\u00f3ticos a los \u00a0\u00a0<\/p>\n<p>Estados Unidos desde un lugar fuera de los \u00a0mismos) \u00a0\u00a0<\/p>\n<p>Comenzando en o alrededor del principio de \u00a0agosto \u00a0de \u00a02012, \u00a0hasta \u00a0en \u00a0o \u00a0alrededor \u00a0de \u00a0la \u00a0devoluci\u00f3n de la acusaci\u00f3n \u00a0presente, \u00a0en \u00a0el \u00a0Distrito \u00a0de \u00a0Puerto \u00a0Rico \u00a0y \u00a0en \u00a0otras \u00a0partes dentro de la \u00a0jurisdicci\u00f3n de este Tribunal, \u00a0\u00a0<\/p>\n<p>\u2026Fidel Camacho Dur\u00e1n\u2026 \u00a0<\/p>\n<p>los \u00a0 \u00a0acusados, \u00a0 \u00a0a \u00a0 \u00a0sabiendas \u00a0 e \u00a0intencionalmente, \u00a0combinaron, \u00a0conspiraron, \u00a0confederaron \u00a0y estaban de acuerdo \u00a0entre \u00a0s\u00ed \u00a0y \u00a0con diversas otras personas desconocidas por el Gran Jurado, para \u00a0cometer \u00a0(sic) \u00a0definido \u00a0en \u00a0el \u00a0T\u00edtulo \u00a021, \u00a0C\u00f3digo \u00a0de \u00a0los Estados Unidos, \u00a0Secciones \u00a0952 \u00a0(a) \u00a0y \u00a0960; \u00a0a \u00a0saber, importar a sabiendas e intencionalmente, \u00a0cinco \u00a0(5) \u00a0kilogramos o m\u00e1s de una mezcla o sustancia conteniendo una cantidad \u00a0detectable \u00a0de \u00a0coca\u00edna, \u00a0una Sustancia Controlada de la Lista II de Sustancias \u00a0Narc\u00f3ticas \u00a0Controladas. \u00a0Todo \u00a0en \u00a0violaci\u00f3n \u00a0del \u00a0T\u00edtulo 21, C\u00f3digo de los \u00a0Estados Unidos, Secci\u00f3n 963. \u00a0\u00a0<\/p>\n<p>Adicionalmente \u00a0se \u00a0tiene \u00a0que \u00a0Daniel \u00a0O. \u00a0Cabrero, \u00a0Agente \u00a0Especial \u00a0del Bur\u00f3 Federal de Investigaciones (FBI), precis\u00f3 \u00a0lo siguiente: \u00a0\u00a0<\/p>\n<p>Trasfondo \u00a0<\/p>\n<p>La investigaci\u00f3n revel\u00f3 que desde agosto \u00a0de \u00a02012 \u00a0hasta \u00a0el \u00a012 \u00a0de \u00a0junio \u00a0de \u00a02014, \u00a0los acusados eran miembros de una \u00a0organizaci\u00f3n \u00a0de narcotr\u00e1fico con sede en Colombia que transportaba m\u00faltiples \u00a0kilogramos \u00a0de coca\u00edna desde Colombia para ser importados y distribuidos en los \u00a0Estados \u00a0Unidos. \u00a0Una \u00a0fuente \u00a0cooperante \u00a0(CS), \u00a0que \u00a0particip\u00f3 \u00a0en el delito, \u00a0identific\u00f3 \u00a0a \u00a0los \u00a0siguientes \u00a0miembros de la organizaci\u00f3n de narcotr\u00e1fico y \u00a0participantes \u00a0en \u00a0la \u00a0actividad \u00a0criminal \u00a0imputada. \u00a0Fidel \u00a0Camacho \u00a0Dur\u00e1n \u00a0y \u00a0Gilberto \u00a0 Camacho \u00a0 Dur\u00e1n \u00a0(hermanos), \u00a0quienes \u00a0controlaban \u00a0embarcaciones \u00a0y \u00a0organizaban \u00a0operaciones \u00a0de \u00a0contrabando de coca\u00edna destinada a Puerto Rico; y \u00a0Francisco \u00a0Adolfo \u00a0Mer\u00e1n \u00a0Montero \u00a0(Mer\u00e1n \u00a0Montero) \u00a0proveedor \u00a0de \u00a0coca\u00edna e \u00a0inversionista \u00a0que \u00a0coordin\u00f3 \u00a0env\u00edos \u00a0de \u00a0coca\u00edna \u00a0con Fidel Camacho Dur\u00e1n y \u00a0Gilberto \u00a0Camacho Dur\u00e1n; y Joaqu\u00edn Miguel Saint Hilarie (Saint Hilarie), quien \u00a0asisti\u00f3 \u00a0a \u00a0Fidel \u00a0Camacho \u00a0Dur\u00e1n, Gilberto Camacho Dur\u00e1n, y Mer\u00e1n Montero a \u00a0planificar la transportaci\u00f3n de coca\u00edna a Puerto Rico. \u00a0\u00a0<\/p>\n<p>El \u00a0CS \u00a0le \u00a0indic\u00f3 \u00a0a \u00a0las \u00a0autoridades \u00a0policiales \u00a0que \u00a0hab\u00eda conocido y transportado grandes cantidades de kilogramos \u00a0de \u00a0coca\u00edna \u00a0con \u00a0Fidel \u00a0Camacho Dur\u00e1n y Gilberto Camacho Dur\u00e1n desde el a\u00f1o \u00a02012. \u00a0De \u00a0acuerdo \u00a0con \u00a0el \u00a0CS, Fidel Camacho Dur\u00e1n, Gilberto Camacho Dur\u00e1n y \u00a0Mer\u00e1n \u00a0Montero \u00a0trabajaban \u00a0como \u00a0\u201cvigilantes \u00a0de carga\u201d, personas que eran \u00a0enviadas \u00a0por \u00a0la \u00a0organizaci\u00f3n de narcotr\u00e1fico a bordo de embarcaciones de la \u00a0organizaci\u00f3n \u00a0 de \u00a0 narcotr\u00e1fico \u00a0 para \u00a0reportar \u00a0sobre \u00a0el \u00a0estatus \u00a0de \u00a0las \u00a0operaciones de contrabando de coca\u00edna. \u00a0\u00a0<\/p>\n<p>El \u00a0CS \u00a0tambi\u00e9n indic\u00f3 a las autoridades \u00a0policiacas \u00a0que \u00a0Adolfo \u00a0Le\u00f3n \u00a0Garc\u00eda \u00a0Sierra, \u00a0un \u00a0co-conspirador \u00a0acusado \u00a0y \u00a0teniente \u00a0de \u00a0las \u00a0Fuerzas \u00a0Armadas \u00a0Revolucionarias \u00a0de \u00a0Colombia \u00a0(FARC), \u00a0fue \u00a0tambi\u00e9n \u00a0responsable \u00a0de \u00a0la \u00a0negociaci\u00f3n \u00a0de precios de la coca\u00edna entre las \u00a0FARC, \u00a0Fidel Camacho Dur\u00e1n, Gilberto Camacho Dur\u00e1n y Mer\u00e1n Montero. Seg\u00fan el \u00a0CS, \u00a0Garc\u00eda \u00a0Sierra tambi\u00e9n transport\u00f3 cargamentos de coca\u00edna desde Colombia \u00a0a \u00a0trav\u00e9s \u00a0de \u00a0la \u00a0frontera \u00a0con \u00a0Venezuela \u00a0y \u00a0asegur\u00f3 que los cargamentos de \u00a0coca\u00edna \u00a0se \u00a0transfirieron \u00a0a \u00a0embarcaciones \u00a0yendo \u00a0hacia \u00a0el norte, que luego \u00a0entregaron la coca\u00edna en Puerto Rico. \u00a0\u00a0<\/p>\n<p>La evidencia \u00a0<\/p>\n<p>La \u00a0 \u00a0investigaci\u00f3n \u00a0 \u00a0revel\u00f3 \u00a0 \u00a0que \u00a0aproximadamente \u00a0en agosto de 2012, Fidel Camacho Dur\u00e1n, Mer\u00e1n Montero y otros \u00a0hicieron \u00a0arreglos \u00a0para \u00a0transportar \u00a0e \u00a0importar \u00a0850 kilogramos de coca\u00edna a \u00a0Puerto \u00a0Rico, \u00a0La \u00a0coca\u00edna fue colocada en un compartimiento oculto a bordo del \u00a0Matthew \u00a0I \u00a0y \u00a0luego \u00a0fue trasladado a un barco de casco r\u00edgido inflable (RIHB) \u00a0que \u00a0fue \u00a0lanzado \u00a0desde \u00a0el \u00a0Matthew \u00a0I. La coca\u00edna fue, a partir de entonces, \u00a0contrabandeada \u00a0con \u00a0\u00e9xito \u00a0a \u00a0Puerto \u00a0Rico. \u00a0El \u00a0CS declar\u00f3 que Fidel Camacho \u00a0Dur\u00e1n \u00a0adquiri\u00f3 \u00a0el Matthew I para esta operaci\u00f3n de contrabando de coca\u00edna, \u00a0y \u00a0que \u00a0Mer\u00e1n \u00a0Montero \u00a0recibi\u00f3 \u00a0la \u00a0coca\u00edna en Puerto Rico para su posterior \u00a0distribuci\u00f3n.5 \u00a0\u00a0<\/p>\n<p>Ahora, \u00a0las conductas antes se\u00f1aladas son \u00a0descritas \u00a0 \u00a0en \u00a0 las \u00a0 normas \u00a0 del \u00a0 pa\u00eds \u00a0 requirente, \u00a0 de \u00a0 la \u00a0 siguiente \u00a0manera: \u00a0\u00a0<\/p>\n<p>Secci\u00f3n 846 del T\u00edtulo 21 del C\u00f3digo de \u00a0los Estados Unidos \u00a0\u00a0<\/p>\n<p>Tentativa y concierto \u00a0<\/p>\n<p>El \u00a0que intente o concierte para perpetrar \u00a0cualquier \u00a0delito \u00a0definido \u00a0en este subcap\u00edtulo ser\u00e1 castigado con las mismas \u00a0penas \u00a0que \u00a0se \u00a0prev\u00e9n \u00a0para \u00a0el \u00a0delito \u00a0cuya \u00a0comisi\u00f3n era el objetivo de la \u00a0tentativa o el concierto. \u00a0\u00a0<\/p>\n<p>T\u00edtulo \u00a021 \u00a0del \u00a0C\u00f3digo \u00a0de \u00a0los Estados \u00a0Unidos, Secci\u00f3n 952 \u00a0\u00a0<\/p>\n<p>Importaci\u00f3n \u00a0 \u00a0 de \u00a0 \u00a0 sustancias \u00a0controladas \u00a0\u00a0<\/p>\n<p>(a) Sustancias controladas de la Tabla I o \u00a0II y los estupefacientes de la Tabla III, IV o V\u2026 \u00a0\u00a0<\/p>\n<p>(\u2026) \u00a0<\/p>\n<p>Ser\u00e1 \u00a0 ilegal \u00a0 la \u00a0importaci\u00f3n \u00a0hacia \u00a0territorio \u00a0aduanero \u00a0de \u00a0los Estados Unidos desde cualquier otro lugar de \u00e9ste \u00a0(pero \u00a0dentro de los Estados Unidos) y la importaci\u00f3n hacia los Estados Unidos, \u00a0desde \u00a0cualquier \u00a0otro \u00a0lugar fuera del pa\u00eds, de una sustancia controlada de la \u00a0Tabla \u00a0I \u00a0o \u00a0II del subcap\u00edtulo I de este cap\u00edtulo, o cualquier estupefaciente \u00a0de la Tabla III, IV o V del subcap\u00edtulo I de este cap\u00edtulo\u2026 \u00a0\u00a0<\/p>\n<p>Secci\u00f3n 960 del T\u00edtulo 21 del C\u00f3digo de \u00a0los Estados Unidos \u00a0\u00a0<\/p>\n<p>Actos prohibidos \u00a0<\/p>\n<p>(a) Actos il\u00edcitos \u00a0<\/p>\n<p>El que: \u00a0<\/p>\n<p>(1) en violaci\u00f3n de las Secciones 952, 953 \u00a0o \u00a0957 \u00a0de \u00a0este t\u00edtulo, con conocimiento de causa e intencionalmente importe o \u00a0exporte una sustancia controlada, \u00a0\u00a0<\/p>\n<p>(\u2026) \u00a0<\/p>\n<p>(3) \u00a0en \u00a0violaci\u00f3n de las Secci\u00f3n 959 de \u00a0este \u00a0t\u00edtulo, \u00a0fabrique, \u00a0posea con intenciones de distribuir, o distribuya una \u00a0sustancia \u00a0controlada, \u00a0ser\u00e1 \u00a0castigado \u00a0de \u00a0acuerdo \u00a0con \u00a0lo \u00a0previsto \u00a0en \u00a0la \u00a0subsecci\u00f3n (b) de esta secci\u00f3n. \u00a0\u00a0<\/p>\n<p>Secci\u00f3n 963 del T\u00edtulo 21 del C\u00f3digo de \u00a0los Estadios Unidos \u00a0\u00a0<\/p>\n<p>Tentativa y concierto \u00a0<\/p>\n<p>El \u00a0que intente o concierte para perpetrar \u00a0cualquier \u00a0delito \u00a0definido \u00a0en este subcap\u00edtulo ser\u00e1 castigado con las mismas \u00a0penas \u00a0que \u00a0se \u00a0prev\u00e9n \u00a0para \u00a0el \u00a0delito \u00a0cuya \u00a0comisi\u00f3n era el objetivo de la \u00a0tentativa o el concierto. \u00a0\u00a0<\/p>\n<p>(a) \u00a0Se proh\u00edbe que una persona, de forma \u00a0consciente \u00a0o \u00a0intencional, \u00a0posea, \u00a0con intenci\u00f3n de distribuir, una sustancia \u00a0controlada a bordo de: \u00a0\u00a0<\/p>\n<p>Precisada \u00a0la \u00a0imputaci\u00f3n \u00a0de \u00a0la cual es \u00a0objeto \u00a0el \u00a0solicitado \u00a0Fidel \u00a0Camacho \u00a0Dur\u00e1n, \u00a0se \u00a0tiene \u00a0que las conductas de \u00a0haberse \u00a0asociado \u00a0con \u00a0otras personas para poseer coca\u00edna con la intenci\u00f3n de \u00a0distribuirla \u00a0e \u00a0importarla \u00a0il\u00edcitamente \u00a0a \u00a0los \u00a0Estados \u00a0Unidos a trav\u00e9s de \u00a0Puerto \u00a0Rico \u00a0y \u00a0en \u00a0efecto \u00a0hacerlo; \u00a0guardan \u00a0identidad con lo descrito en los \u00a0art\u00edculos \u00a0340 \u00a0(modificado por los art\u00edculos 8\u00ba de la Ley 733 de 2002, 14 de \u00a0la \u00a0Ley \u00a0890 \u00a0de \u00a02004 \u00a0y \u00a019 \u00a0de \u00a0la Ley 1121 de 2006) y 376 (reformado por los \u00a0art\u00edculos \u00a014 \u00a0de \u00a0la \u00a0Ley 890 de 2004 y 11 de la Ley 1453 de 2011) del C\u00f3digo \u00a0Penal, \u00a0 \u00a0por \u00a0 \u00a0cuanto \u00a0 \u00a0tales \u00a0 \u00a0normas, \u00a0 \u00a0en \u00a0 su \u00a0 orden, \u00a0 consagran \u00a0 lo \u00a0siguiente: \u00a0\u00a0<\/p>\n<p>Concierto \u00a0 para \u00a0 delinquir. \u00a0Cuando \u00a0varias \u00a0personas \u00a0se \u00a0concierten \u00a0con \u00a0el fin de cometer \u00a0delitos, \u00a0cada una de ellas ser\u00e1 penada, por esa sola conducta, con prisi\u00f3n de \u00a0cuatro (4) a nueve (9) a\u00f1os. \u00a0\u00a0<\/p>\n<p>Cuando \u00a0el \u00a0concierto \u00a0sea \u00a0para \u00a0cometer \u00a0delitos \u00a0 de\u2026 \u00a0 tr\u00e1fico \u00a0 de \u00a0 drogas \u00a0 t\u00f3xicas, \u00a0estupefacientes \u00a0o sustancias sicotr\u00f3picas\u2026 la pena \u00a0ser\u00e1 \u00a0de \u00a0prisi\u00f3n \u00a0de \u00a0ocho \u00a0(8) \u00a0a \u00a0dieciocho \u00a0(18) \u00a0a\u00f1os y multa de dos mil \u00a0setecientos \u00a0(2.700) \u00a0hasta \u00a0treinta \u00a0mil \u00a0(30.000) \u00a0salarios \u00a0m\u00ednimos \u00a0legales \u00a0mensuales vigentes. \u00a0\u00a0<\/p>\n<p>La \u00a0pena \u00a0privativa \u00a0de \u00a0la \u00a0libertad \u00a0se \u00a0aumentar\u00e1 \u00a0en \u00a0la \u00a0mitad \u00a0para quienes organicen, fomenten, promuevan, dirijan, \u00a0encabecen, \u00a0 constituyan \u00a0 o \u00a0financien \u00a0el \u00a0concierto \u00a0o \u00a0la \u00a0asociaci\u00f3n \u00a0para \u00a0delinquir. \u00a0\u00a0<\/p>\n<p>Tr\u00e1fico, \u00a0 fabricaci\u00f3n \u00a0 o \u00a0 porte \u00a0de \u00a0estupefacientes. \u00a0El \u00a0que \u00a0sin \u00a0permiso \u00a0de autoridad \u00a0competente, \u00a0introduzca \u00a0al \u00a0pa\u00eds, \u00a0as\u00ed \u00a0sea \u00a0en \u00a0tr\u00e1nsito \u00a0o \u00a0saque \u00a0de \u00e9l, \u00a0transporte, \u00a0 lleve \u00a0 consigo, \u00a0almacene, \u00a0conserve, \u00a0elabore, \u00a0venda, \u00a0ofrezca, \u00a0adquiera, \u00a0financie \u00a0o \u00a0suministre a cualquier t\u00edtulo sustancia estupefaciente, \u00a0sicotr\u00f3pica \u00a0o drogas sint\u00e9ticas que se encuentren contempladas en los cuadros \u00a0uno, \u00a0dos, \u00a0tres \u00a0y \u00a0cuatro \u00a0del Convenio de la Naciones Unidas sobre sustancias \u00a0sicotr\u00f3picas, \u00a0incurrir\u00e1 \u00a0en prisi\u00f3n de ciento veintiocho (128) a trescientos \u00a0sesenta \u00a0(360) \u00a0meses \u00a0y \u00a0multa \u00a0de \u00a0mil \u00a0trescientos treinta y cuatro (1.334) a \u00a0cincuenta \u00a0 \u00a0 mil \u00a0 \u00a0 (50.000) \u00a0 \u00a0 salarios \u00a0 \u00a0 m\u00ednimos \u00a0 \u00a0legales \u00a0 \u00a0mensuales \u00a0vigentes. \u00a0\u00a0<\/p>\n<p>En \u00a0esa \u00a0medida, \u00a0queda demostrado que los \u00a0cargos \u00a0Dos \u00a0y Tres imputados al reclamado y que est\u00e1n contenidos en la tercera \u00a0acusaci\u00f3n \u00a0sustitutiva \u00a0No. 14-166 (FAB) proferida el 12 de junio de 2014 en la \u00a0Corte \u00a0del \u00a0Distrito \u00a0de \u00a0Puerto \u00a0Rico, \u00a0cumplen el requisito establecido en los \u00a0art\u00edculos \u00a0493 \u00a0y \u00a0502 \u00a0del \u00a0C\u00f3digo \u00a0de Procedimiento Penal (Ley 906 de 2004), \u00a0relativo \u00a0a \u00a0la \u00a0doble \u00a0incriminaci\u00f3n, \u00a0por \u00a0cuanto describen conductas que son \u00a0delictivas \u00a0en Colombia, las cuales tienen una sanci\u00f3n privativa de la libertad \u00a0cuyo m\u00ednimo no es inferior a cuatro a\u00f1os. \u00a0\u00a0<\/p>\n<p>Por tanto, este requisito, al igual que los \u00a0analizados en precedencia, tambi\u00e9n se satisface. \u00a0\u00a0<\/p>\n<p>4. Equivalencia de la providencia proferida \u00a0en el extranjero con la acusaci\u00f3n del sistema procesal colombiano: \u00a0\u00a0<\/p>\n<p>Esta exigencia igualmente se constata en el \u00a0caso \u00a0particular, \u00a0por \u00a0cuanto la decisi\u00f3n proferida por el Gran Jurado ante la \u00a0Corte \u00a0del \u00a0Distrito \u00a0de Puerto Rico es equivalente, en su contenido material, a \u00a0la \u00a0acusaci\u00f3n \u00a0prevista \u00a0en el art\u00edculo 337 del C\u00f3digo de Procedimiento Penal \u00a0colombiano (Ley 906 de 2004). \u00a0\u00a0<\/p>\n<p>En \u00a0efecto, revisada el acta de la tercera \u00a0acusaci\u00f3n \u00a0sustitutiva No. 14-166 (FAB) del 12 de junio de 2014, se observa que \u00a0all\u00ed \u00a0se \u00a0concreta \u00a0la formulaci\u00f3n de los cargos, los hechos con sus fechas de \u00a0ocurrencia \u00a0y \u00a0las \u00a0disposiciones \u00a0transgredidas \u00a0(conforme \u00a0qued\u00f3 rese\u00f1ado en \u00a0precedencia), \u00a0as\u00ed \u00a0como \u00a0el \u00a0nombre \u00a0del \u00a0acusado \u00a0y \u00a0las \u00a0conductas \u00a0por \u00a0\u00e9l \u00a0desarrolladas. \u00a0\u00a0<\/p>\n<p>En \u00a0relaci\u00f3n con el acervo probatorio que \u00a0soporta \u00a0la \u00a0tercera \u00a0acusaci\u00f3n \u00a0sustitutiva No. 14-166 (FAB), Julia D\u00edaz Rex, \u00a0Fiscal \u00a0Auxiliar \u00a0de \u00a0los \u00a0Estados \u00a0Unidos \u00a0para \u00a0el Distrito de Puerto Rico, al \u00a0rendir \u00a0declaraci\u00f3n en apoyo de la solicitud de extradici\u00f3n, manifest\u00f3 que la \u00a0Fiscal\u00eda \u00a0demostrar\u00e1 \u00a0su caso \u201ca trav\u00e9s de varios \u00a0tipos \u00a0de \u00a0prueba, \u00a0incluyendo la prueba de conversaciones legalmente grabadas y \u00a0testimonios \u00a0 \u00a0 \u00a0 \u00a0 \u00a0de \u00a0 \u00a0 \u00a0 \u00a0 \u00a0testigos\u201d6. \u00a0\u00a0<\/p>\n<p>Por \u00a0tanto, \u00a0ninguna duda surge acerca del \u00a0paralelismo \u00a0existente \u00a0entre el procedimiento for\u00e1neo y la acusaci\u00f3n prevista \u00a0en \u00a0el \u00a0ordenamiento procesal penal del pa\u00eds, bajo el entendido de que se trata \u00a0de \u00a0una \u00a0equivalencia \u00a0conceptual de decisiones y no de identidad de formas, que \u00a0en \u00a0ambas legislaciones dan comienzo a la etapa del juicio, donde la defensa del \u00a0requerido \u00a0Fidel \u00a0Camacho Dur\u00e1n puede controvertir los medios de conocimiento y \u00a0la acusaci\u00f3n formulada ante la Corte del Distrito de Puerto Rico. \u00a0\u00a0<\/p>\n<p>III.\u00a0\u00a0 \u00a0Condicionamientos: \u00a0\u00a0<\/p>\n<p>1. \u00a0El Gobierno \u00a0Nacional \u00a0est\u00e1 \u00a0en \u00a0la \u00a0obligaci\u00f3n \u00a0de \u00a0supeditar \u00a0la \u00a0entrega \u00a0de \u00a0la persona \u00a0solicitada, \u00a0en \u00a0el evento de acceder a ella, a que no pueda ser en ning\u00fan caso \u00a0juzgada \u00a0por hechos anteriores ni distintos a los que la motivan, a que se tenga \u00a0como \u00a0parte \u00a0de \u00a0la pena que pueda llegar a impon\u00e9rsele en el pa\u00eds requirente, \u00a0el \u00a0tiempo \u00a0que ha permanecido en detenci\u00f3n con motivo del presente tr\u00e1mite, y \u00a0a \u00a0que \u00a0se \u00a0le \u00a0conmute \u00a0la \u00a0pena de muerte. Igualmente, a que no sea sometida a \u00a0desaparici\u00f3n \u00a0 forzada, \u00a0 torturas, \u00a0 tratos \u00a0 o \u00a0penas \u00a0crueles, \u00a0inhumanas \u00a0o \u00a0degradantes, destierro, prisi\u00f3n perpetua o confiscaci\u00f3n. \u00a0\u00a0<\/p>\n<p>2.\u00a0 \u00a0Del \u00a0mismo \u00a0modo, \u00a0le \u00a0corresponde condicionar la entrega del solicitado, a que se le \u00a0respeten \u00a0todas \u00a0las \u00a0garant\u00edas \u00a0debidas en raz\u00f3n de su condici\u00f3n de nacional \u00a0colombiano7, \u00a0en concreto a: tener acceso a un proceso p\u00fablico sin dilaciones \u00a0injustificadas, \u00a0se \u00a0presuma \u00a0su \u00a0inocencia, \u00a0est\u00e9 asistido por un int\u00e9rprete, \u00a0cuente \u00a0con \u00a0un \u00a0defensor \u00a0designado \u00a0por \u00a0\u00e9l o por el Estado, se le conceda el \u00a0tiempo \u00a0y los medios adecuados para preparar la defensa, pueda presentar pruebas \u00a0y \u00a0controvertir las que se alleguen en su contra, su situaci\u00f3n de privaci\u00f3n de \u00a0la \u00a0libertad \u00a0se \u00a0desarrolle en condiciones dignas, la pena que eventualmente se \u00a0le \u00a0imponga no trascienda de su persona y tenga la finalidad esencial de reforma \u00a0y adaptaci\u00f3n social. \u00a0\u00a0<\/p>\n<p>3. \u00a0El Gobierno \u00a0Nacional \u00a0tambi\u00e9n deber\u00e1 imponer al Estado requirente, en orden a salvaguardar \u00a0los \u00a0derechos \u00a0fundamentales \u00a0del \u00a0reclamado, \u00a0la \u00a0obligaci\u00f3n \u00a0de facilitar los \u00a0medios \u00a0necesarios para garantizar su repatriaci\u00f3n en condiciones de dignidad y \u00a0respeto \u00a0por \u00a0la \u00a0persona humana, en caso de llegar a ser sobrese\u00eddo, absuelto, \u00a0declarado \u00a0no \u00a0culpable \u00a0o \u00a0su \u00a0situaci\u00f3n jur\u00eddica resuelta definitivamente de \u00a0manera \u00a0semejante \u00a0en \u00a0el \u00a0pa\u00eds \u00a0solicitante, \u00a0incluso, \u00a0con posterioridad a su \u00a0liberaci\u00f3n \u00a0una \u00a0vez \u00a0cumpla \u00a0la pena all\u00ed impuesta por sentencia condenatoria \u00a0originada \u00a0 \u00a0en \u00a0 \u00a0los \u00a0 \u00a0cargos \u00a0 \u00a0por \u00a0 los \u00a0 cuales \u00a0 procede \u00a0 la \u00a0 presente \u00a0extradici\u00f3n. \u00a0\u00a0<\/p>\n<p>4.\u00a0 \u00a0As\u00ed \u00a0mismo, \u00a0deber\u00e1 condicionar la entrega a que el pa\u00eds requirente, de acuerdo con \u00a0sus \u00a0pol\u00edticas \u00a0internas \u00a0sobre \u00a0la materia, ofrezca posibilidades racionales y \u00a0reales \u00a0para \u00a0que \u00a0el solicitado pueda tener contacto regular con sus familiares \u00a0m\u00e1s \u00a0cercanos, \u00a0considerando \u00a0que el art\u00edculo 42 de la Constituci\u00f3n Pol\u00edtica \u00a0de \u00a01991 \u00a0califica \u00a0a la familia como n\u00facleo esencial de la sociedad, garantiza \u00a0su \u00a0protecci\u00f3n \u00a0y \u00a0reconoce su honra, dignidad e intimidad, la cual tambi\u00e9n es \u00a0protegida \u00a0 por \u00a0la \u00a0Convenci\u00f3n \u00a0Americana \u00a0de \u00a0Derechos \u00a0Humanos \u00a0y \u00a0el \u00a0Pacto \u00a0Internacional \u00a0de \u00a0Derechos \u00a0Civiles \u00a0y \u00a0Pol\u00edticos \u00a0en \u00a0sus art\u00edculos 17 y 23, \u00a0respectivamente. \u00a0\u00a0<\/p>\n<p>5.\u00a0 \u00a0Se \u00a0advierte, \u00a0adem\u00e1s, \u00a0que \u00a0en \u00a0raz\u00f3n \u00a0de \u00a0lo \u00a0dispuesto \u00a0en \u00a0el \u00a0numeral 2\u00b0 del \u00a0art\u00edculo \u00a0189 \u00a0de \u00a0la Constituci\u00f3n Pol\u00edtica, es del resorte del Presidente de \u00a0la \u00a0Rep\u00fablica, \u00a0en \u00a0su \u00a0condici\u00f3n \u00a0de \u00a0jefe de Estado y supremo director de la \u00a0pol\u00edtica \u00a0exterior \u00a0y de las relaciones internacionales, realizar el respectivo \u00a0seguimiento \u00a0a \u00a0los \u00a0condicionamientos \u00a0que \u00a0se \u00a0impongan \u00a0a la concesi\u00f3n de la \u00a0extradici\u00f3n, \u00a0quien \u00a0a \u00a0su vez debe determinar las consecuencias que se deriven \u00a0de su eventual incumplimiento. \u00a0\u00a0<\/p>\n<p>IV.\u00a0 \u00a0 \u00a0 Cuesti\u00f3n\u00a0\u00a0 \u00a0final: \u00a0\u00a0<\/p>\n<p>De \u00a0 conformidad \u00a0 con \u00a0lo \u00a0expuesto \u00a0en \u00a0precedencia, \u00a0la \u00a0Sala es del criterio que el Gobierno Nacional puede extraditar \u00a0al \u00a0 ciudadano \u00a0colombiano \u00a0Fidel \u00a0Camacho \u00a0Dur\u00e1n \u00a0bajo \u00a0los \u00a0condicionamientos \u00a0anotados, \u00a0pues \u00a0como \u00a0viene \u00a0de \u00a0constatarse, est\u00e1n satisfechos los requisitos \u00a0establecidos \u00a0en \u00a0nuestra \u00a0legislaci\u00f3n \u00a0procesal \u00a0penal \u00a0para \u00a0que \u00a0proceda \u00a0su \u00a0entrega. \u00a0\u00a0<\/p>\n<p>En m\u00e9rito de lo expuesto, la CORTE \u00a0SUPREMA \u00a0DE \u00a0JUSTICIA, \u00a0SALA \u00a0DE CASACI\u00d3N PENAL, \u00a0\u00a0<\/p>\n<p>EMITE\u00a0 CONCEPTO FAVORABLE \u00a0<\/p>\n<p>En \u00a0 relaci\u00f3n \u00a0 con \u00a0 la \u00a0solicitud \u00a0de \u00a0extradici\u00f3n \u00a0del \u00a0ciudadano colombiano Fidel Camacho Dur\u00e1n, formulada por v\u00eda \u00a0diplom\u00e1tica \u00a0por el Gobierno de los Estados Unidos, en relaci\u00f3n con los Cargos \u00a0Dos \u00a0y \u00a0Tres \u00a0contenidos \u00a0en la tercera acusaci\u00f3n sustitutiva No. 14-166 (FAB), \u00a0proferida \u00a0en \u00a0la \u00a0Corte \u00a0del \u00a0Distrito \u00a0de \u00a0Puerto Rico el 12 de junio de 2014, \u00a0conforme lo pide el Gobierno en menci\u00f3n. \u00a0\u00a0<\/p>\n<p>Por \u00a0 la \u00a0 Secretar\u00eda \u00a0de \u00a0la \u00a0Sala \u00a0se \u00a0comunicar\u00e1 \u00a0esta \u00a0determinaci\u00f3n \u00a0al \u00a0requerido \u00a0Fidel \u00a0Camacho \u00a0Dur\u00e1n, \u00a0a \u00a0su \u00a0defensor \u00a0y \u00a0al \u00a0representante \u00a0del \u00a0Ministerio P\u00fablico, al igual que al Fiscal \u00a0General \u00a0de \u00a0la \u00a0Naci\u00f3n \u00a0para lo de su competencia en relaci\u00f3n con el detenido \u00a0preventivamente con fines de extradici\u00f3n. \u00a0\u00a0<\/p>\n<p>Finalmente, se devolver\u00e1 la actuaci\u00f3n al \u00a0Ministerio \u00a0 de \u00a0 Justicia \u00a0 y \u00a0 del \u00a0 Derecho \u00a0 para \u00a0 los \u00a0 tr\u00e1mites \u00a0legales \u00a0subsiguientes. \u00a0\u00a0<\/p>\n<p>GUSTAVO ENRIQUE MALO FERN\u00c1NDEZ \u00a0<\/p>\n<p>JOS\u00c9 FRANCISCO ACU\u00d1A VIZCAYA \u00a0<\/p>\n<p>JOS\u00c9 LUIS BARCEL\u00d3 CAMACHO \u00a0<\/p>\n<p>FERNANDO \u00a0 \u00a0 \u00a0ALBERTO \u00a0 \u00a0 \u00a0CASTRO \u00a0CABALLERO \u00a0\u00a0<\/p>\n<p>EUGENIO FERN\u00c1NDEZ CARLIER \u00a0<\/p>\n<p>LUIS ANTONIO HERN\u00c1NDEZ BARBOSA \u00a0<\/p>\n<p>EYDER PATI\u00d1O CABRERA \u00a0<\/p>\n<p>PATRICIA SALAZAR CU\u00c9LLAR \u00a0<\/p>\n<p>LUIS GUILLERMO SALAZAR OTERO \u00a0<\/p>\n<p>NUBIA YOLANDA NOVA GARC\u00cdA \u00a0<\/p>\n<p>Secretaria \u00a0 \u00a0<\/p>\n<p>1Folios \u00a0129 \u00a0y 133 de la carpeta de \u00a0anexos. \u00a0\u00a0<\/p>\n<p>2Folio \u00a0146 \u00a0 \u00eddem. \u00a0\u00a0<\/p>\n<p>3 \u00a0Folios \u00a0 \u00a0 \u00a0129 \u00a0 \u00a0 \u00a0y \u00a0 \u00a0 \u00a0133 \u00a0 \u00a0 \u00a0\u00eddem. \u00a0\u00a0<\/p>\n<p>4 En el \u00a0presente \u00a0caso se aplica la Ley 906 de 2004, por cuanto los hechos que sustentan \u00a0la \u00a0petici\u00f3n \u00a0de \u00a0extradici\u00f3n \u00a0se habr\u00edan cometido despu\u00e9s del 1 de enero de \u00a02005, \u00a0fecha \u00a0en \u00a0la \u00a0cual \u00a0entr\u00f3 en vigencia el nuevo C\u00f3digo de Procedimiento \u00a0Penal. \u00a0 En \u00a0este \u00a0sentido, \u00a0ver \u00a0CSJ \u00a0AP, \u00a0 \u00a0 \u00a0 \u00a0 4 \u00a0 \u00a0 \u00a0 \u00a0 abr. \u00a0 2006, \u00a0 rad. \u00a0 24187 \u00a0y \u00a0CSJ AP, 3 \u00a0oct. \u00a0 \u00a02006, \u00a0rad. 25080. \u00a0\u00a0<\/p>\n<p>5 \u00a0Folios \u00a0 \u00a0146 \u00a0 \u00a0y \u00a0 \u00a0147 \u00a0 \u00a0de \u00a0 la \u00a0 carpeta \u00a0 \u00a0 \u00a0 de \u00a0 \u00a0 \u00a0 anexos. \u00a0\u00a0<\/p>\n<p>6 \u00a0Folio \u00a0 113 de la carpeta de anexos. \u00a0\u00a0<\/p>\n<p>7 \u00a0Seg\u00fan \u00a0el \u00a0criterio de esta Corporaci\u00f3n, a pesar de que se produzca la entrega \u00a0del \u00a0 ciudadano \u00a0 colombiano, \u00a0\u00e9ste \u00a0conserva \u00a0los \u00a0derechos \u00a0inherentes \u00a0a \u00a0su \u00a0nacionalidad \u00a0consagrados \u00a0en la Constituci\u00f3n Pol\u00edtica y en los tratados sobre \u00a0derechos \u00a0 humanos \u00a0 suscritos \u00a0 por \u00a0el \u00a0pa\u00eds \u00a0(CSJ \u00a0CP, \u00a05 \u00a0sep. \u00a02006, \u00a0rad. \u00a025625). \u00a0 \u00a0\u00a0<\/p>\n<p><\/p>\n","protected":false},"excerpt":{"rendered":"<p>\u00a0 \u00a0 \u00a0\u00a0 CORTE\u00a0 \u00a0 \u00a0SUPREMA\u00a0 \u00a0 \u00a0DE\u00a0 \u00a0JUSTICIA \u00a0\u00a0 SALA\u00a0 \u00a0 DE\u00a0 \u00a0CASACI\u00d3N\u00a0 PENAL \u00a0\u00a0 Fernando Alberto Castro Caballero \u00a0 Magistrado ponente \u00a0 CP063-2016 \u00a0 Radicaci\u00f3n No. 47505 \u00a0 (Aprobado Acta No. 153) \u00a0 Bogot\u00e1, D.C., dieciocho (18) de mayo de dos \u00a0mil diecis\u00e9is (2016). \u00a0\u00a0 ASUNTO: \u00a0 Procede la Corte a emitir concepto [&hellip;]<\/p>\n","protected":false},"author":1,"featured_media":0,"comment_status":"open","ping_status":"open","sticky":false,"template":"","format":"standard","meta":{"footnotes":""},"categories":[25],"tags":[],"class_list":["post-34146","post","type-post","status-publish","format-standard","hentry","category-25"],"_links":{"self":[{"href":"https:\/\/dmsjuridica.com\/buscador_20179478954\/salapenalcronologico20230723\/wp-json\/wp\/v2\/posts\/34146","targetHints":{"allow":["GET"]}}],"collection":[{"href":"https:\/\/dmsjuridica.com\/buscador_20179478954\/salapenalcronologico20230723\/wp-json\/wp\/v2\/posts"}],"about":[{"href":"https:\/\/dmsjuridica.com\/buscador_20179478954\/salapenalcronologico20230723\/wp-json\/wp\/v2\/types\/post"}],"author":[{"embeddable":true,"href":"https:\/\/dmsjuridica.com\/buscador_20179478954\/salapenalcronologico20230723\/wp-json\/wp\/v2\/users\/1"}],"replies":[{"embeddable":true,"href":"https:\/\/dmsjuridica.com\/buscador_20179478954\/salapenalcronologico20230723\/wp-json\/wp\/v2\/comments?post=34146"}],"version-history":[{"count":0,"href":"https:\/\/dmsjuridica.com\/buscador_20179478954\/salapenalcronologico20230723\/wp-json\/wp\/v2\/posts\/34146\/revisions"}],"wp:attachment":[{"href":"https:\/\/dmsjuridica.com\/buscador_20179478954\/salapenalcronologico20230723\/wp-json\/wp\/v2\/media?parent=34146"}],"wp:term":[{"taxonomy":"category","embeddable":true,"href":"https:\/\/dmsjuridica.com\/buscador_20179478954\/salapenalcronologico20230723\/wp-json\/wp\/v2\/categories?post=34146"},{"taxonomy":"post_tag","embeddable":true,"href":"https:\/\/dmsjuridica.com\/buscador_20179478954\/salapenalcronologico20230723\/wp-json\/wp\/v2\/tags?post=34146"}],"curies":[{"name":"wp","href":"https:\/\/api.w.org\/{rel}","templated":true}]}}