{"id":34022,"date":"2023-09-13T19:43:11","date_gmt":"2023-09-13T19:43:11","guid":{"rendered":"https:\/\/dmsjuridica.com\/buscador_20179478954\/salapenalcronologico20230723\/2023\/09\/13\/ap8669-201649388\/"},"modified":"2023-09-13T19:43:11","modified_gmt":"2023-09-13T19:43:11","slug":"ap8669-201649388","status":"publish","type":"post","link":"https:\/\/dmsjuridica.com\/buscador_20179478954\/salapenalcronologico20230723\/2023\/09\/13\/ap8669-201649388\/","title":{"rendered":"AP8669-2016(49388)"},"content":{"rendered":"\n<p>\u00a0 \u00a0 \u00a0\u00a0<\/p>\n<p>FERNANDO ALBERTO CASTRO CABALLERO \u00a0<\/p>\n<p>Magistrado ponente \u00a0<\/p>\n<p>AP8669-2016 \u00a0<\/p>\n<p>Radicaci\u00f3n No. 49388 \u00a0<\/p>\n<p>(Aprobado Acta No. 403) \u00a0<\/p>\n<p>Bogot\u00e1, D.C., dieciseis (16) de diciembre de \u00a0dos mil diecis\u00e9is (2016). \u00a0\u00a0<\/p>\n<p>ASUNTO \u00a0<\/p>\n<p>Resuelve \u00a0la \u00a0Sala la solicitud de cambio de \u00a0radicaci\u00f3n \u00a0que present\u00f3 el Fiscal Primero Especializado de la Unidad Nacional \u00a0Contra \u00a0el \u00a0Crimen Organizado respecto del proceso que adelanta el Juzgado Penal \u00a0del \u00a0Circuito \u00a0Especializado \u00a0con Funci\u00f3n de Conocimiento de Riohacha (Guajira) \u00a0contra \u00a0 \u00a0Marcos \u00a0 \u00a0De \u00a0 \u00a0Jes\u00fas \u00a0 \u00a0Figueroa \u00a0 \u00a0Garc\u00eda, \u00a0 \u00a0alias \u00a0 \u201cMarquitos \u00a0 Figueroa\u201d, \u00a0 por \u00a0 los \u00a0delitos \u00a0de \u00a0concierto para delinquir, homicidio agravado en concurso homog\u00e9neo \u00a0y \u00a0tr\u00e1fico, fabricaci\u00f3n o porte de armas,\u00a0 municiones o explosivos, tanto \u00a0de uso personal como privativo de las fuerzas armadas.\u00a0 \u00a0\u00a0<\/p>\n<p>ANTECEDENTES \u00a0<\/p>\n<p>\u00a0 \u00a0\u00a0<\/p>\n<p>1. El \u00a022 \u00a0de \u00a0julio \u00a0de 2015, en el \u00a0radicado \u00a046426, esta Sala dispuso cambio de radicaci\u00f3n y orden\u00f3 remitir a los \u00a0Juzgados \u00a0Penales \u00a0del Circuito Especializados de Bogot\u00e1 el proceso que surt\u00eda \u00a0su \u00a0hom\u00f3logo de Valledupar contra Marcos Francisco Figueroa Fonseca, Diego Luis \u00a0Parodi \u00a0Peralta, \u00a0Daimler \u00a0Paul \u00a0Corrales Figueroa, Luis Felipe Figueroa Zapata, \u00a0Yeiner \u00a0Jos\u00e9 \u00a0Fonseca \u00a0Pe\u00f1aranda \u00a0y \u00a0Juan \u00a0Carlos Le\u00f3n Solano, como presuntos \u00a0responsables \u00a0de \u00a0los \u00a0delitos \u00a0de \u00a0homicidio \u00a0agravado, tentativa de homicidio, \u00a0concierto \u00a0para \u00a0delinquir \u00a0y \u00a0porte \u00a0de \u00a0armas \u00a0de \u00a0fuego, \u00a0este \u00faltimo en las \u00a0modalidades \u00a0 \u00a0previstas \u00a0 en \u00a0 los \u00a0 art\u00edculos \u00a0 365 \u00a0 y \u00a0 366 \u00a0 del \u00a0 C\u00f3digo \u00a0Penal.\u00a0\u00a0\u00a0\u00a0 \u00a0 \u00a0\u00a0<\/p>\n<p>En \u00a0 esa \u00a0actuaci\u00f3n \u00a0se \u00a0imput\u00f3 \u00a0a \u00a0los \u00a0prenombrados \u00a0 sujetos \u00a0 ser \u00a0 miembros \u00a0 de \u00a0 la \u00a0 temida \u00a0banda \u00a0delincuencial \u00a0aparentemente \u00a0 liderada \u00a0 por \u00a0 alias \u00a0 \u201cMarquitos \u00a0Figueroa\u201d \u00a0y haber participado en los homicidios de \u00a0Yandra \u00a0 \u00a0 \u00a0 Cecilia \u00a0 \u00a0 \u00a0 Brito \u00a0 \u00a0 \u00a0 Carrillo1, \u00a0su \u00a0esposo \u00a0Henry \u00a0Ustariz \u00a0Guerra \u00a0y \u00a0el \u00a0escolta \u00a0Wilfrido Fonseca Pe\u00f1aranda. Se precisa que la mujer fue \u00a0asesinada \u00a0el \u00a028 \u00a0de \u00a0agosto \u00a0de \u00a02012 \u00a0en Valledupar, mientras que los hombres \u00a0fueron \u00a0ultimados el 2 de abril de 2008 en la v\u00eda que comunica a los municipios \u00a0de Fonseca y Barrancas de La Guajira. \u00a0\u00a0<\/p>\n<p>\u00a0 \u00a0\u00a0<\/p>\n<p>1. El \u00a022 \u00a0de octubre de 2014, en la \u00a0ciudad \u00a0de \u00a0Boa \u00a0Vista \u00a0\u2013 \u00a0Brasil, \u00a0se \u00a0captur\u00f3 \u00a0a \u00a0Marcos \u00a0De \u00a0Jes\u00fas Figueroa \u00a0Garc\u00eda, \u00a0el 27 de abril de 2016 fue extraditado a Colombia y se le priv\u00f3 de la \u00a0libertad \u00a0en \u00a0raz\u00f3n \u00a0de \u00a0la medida de aseguramiento de detenci\u00f3n preventiva en \u00a0establecimiento \u00a0 de \u00a0 reclusi\u00f2n \u00a0que \u00a0se \u00a0le \u00a0impuso \u00a0en \u00a0el \u00a0proceso \u00a0n\u00famero \u00a0110016001276201300097. \u00a0 \u00a0\u00a0<\/p>\n<p>\u00a0 \u00a0\u00a0<\/p>\n<p>1. Por los mismos hechos referidos en \u00a0el \u00a0segundo \u00a0inciso \u00a0del numeral primero de este ac\u00e1pite de antecedentes, el 29 \u00a0de \u00a0mayo \u00a0de \u00a02016, ante el \u00a0Juzgado \u00a056 Penal Municipal \u00a0con \u00a0Funci\u00f3n \u00a0de \u00a0Control \u00a0de \u00a0Garant\u00edas \u00a0de \u00a0Bogot\u00e1, se formul\u00f3 imputaci\u00f3n \u00a0contra \u00a0Marcos De Jes\u00fas Figueroa Garc\u00eda. \u00a0En \u00a0sede \u00a0de \u00a0apelaci\u00f3n, \u00a0el \u00a0Juzgado 19 Penal del Circuito con \u00a0Funci\u00f3n \u00a0de \u00a0Conocimiento \u00a0de \u00a0esta ciudad le impuso medida de aseguramiento de \u00a0detenci\u00f3n preventiva en establecimiento de reclusi\u00f3n. \u00a0 \u00a0\u00a0<\/p>\n<p>A \u00a0la \u00a0actuaci\u00f3n \u00a0se le asign\u00f3 el n\u00famero \u00a0200016000000201600090, \u00a0en \u00a0la \u00a0cual \u00a0el \u00a0pasado 22 de septiembre, atendiendo al \u00a0factor \u00a0de \u00a0competencia \u00a0territorial, \u00a0la \u00a0Fiscal\u00eda \u00a0present\u00f3 \u00a0el \u00a0escrito \u00a0de \u00a0acusaci\u00f3n \u00a0en \u00a0el \u00a0Juzgado \u00danico Penal del Circuito Especializado de Riohacha. \u00a0\u00a0<\/p>\n<p>La \u00a0audiencia de formulaci\u00f3n de acusaci\u00f3n \u00a0estaba \u00a0prevista \u00a0para \u00a0el \u00a018 \u00a0de noviembre, pero no se pudo realizar porque el \u00a0INPEC \u00a0no \u00a0llev\u00f3 \u00a0a Marcos De Jes\u00fas Figueroa Garc\u00eda \u00a0y, \u00a0adem\u00e1s, \u00a0su \u00a0abogado \u00a0defensor \u00a0no \u00a0asisti\u00f3. La \u00a0diligencia \u00a0se instal\u00f3, el Juez se\u00f1al\u00f3 que la Fiscal\u00eda hab\u00eda solicitado por \u00a0escrito \u00a0el \u00a0cambio \u00a0de radicaci\u00f3n del proceso y la competente para resolver es \u00a0la \u00a0Corte \u00a0Suprema \u00a0de Justicia, la cual anteriormente orden\u00f3 remitir a Bogot\u00e1 \u00a0otros \u00a0procesos \u00a0surtidos \u00a0contra \u00a0alias \u00a0\u201cMarquitos \u00a0Figueroa\u201d. \u00a0\u00a0<\/p>\n<p>En virtud de lo anotado, mediante el oficio \u00a0JPCE-3288, \u00a0suscrito \u00a0por \u00a0el \u00a0Secretario del Juzgado, se envi\u00f3 la actuaci\u00f3n a \u00a0esta \u00a0Sala \u00a0para \u00a0que \u00a0se \u00a0resolviera \u00a0la \u00a0petici\u00f3n \u00a0de \u00a0cambio \u00a0de radicaci\u00f3n \u00a0formulada por el fiscal. \u00a0\u00a0<\/p>\n<p>SOLICITUD \u00a0<\/p>\n<p>El Fiscal Primero Especializado de la Unidad \u00a0Nacional \u00a0Contra \u00a0el \u00a0Crimen \u00a0Organizado \u00a0solicita \u00a0que se cambie a los Juzgados \u00a0Penales \u00a0del \u00a0Circuito \u00a0Especializados de Bogot\u00e1 la radicaci\u00f3n del proceso que \u00a0en \u00a0la \u00a0actualidad se surte contra Marcos De Jes\u00fas Figueroa Garc\u00eda \u00a0 \u00a0en \u00a0 el \u00a0 despacho \u00a0 hom\u00f3logo \u00a0 de \u00a0Riohacha. En efecto, sustent\u00f3: \u00a0\u00a0<\/p>\n<p>\u00a0 \u00a0\u00a0<\/p>\n<p>1. La \u00a0presentaci\u00f3n \u00a0del escrito de \u00a0acusaci\u00f3n \u00a0da inicio a la etapa de juicio y ello permite acudir al art\u00edculo 47 \u00a0del \u00a0C\u00f3digo \u00a0de \u00a0Procedimiento \u00a0Penal \u00a0para solicitar el cambio de radicaci\u00f3n. \u00a0 \u00a0\u00a0<\/p>\n<p>\u00a0 \u00a0\u00a0<\/p>\n<p>1. Marcos De Jes\u00fas Figueroa Garc\u00eda \u00a0es \u00a0el \u00a0reconocido cabecilla de una estructura jer\u00e1rquica del crimen organizado \u00a0cuyo \u00a0centro de operaciones es La Guajira, El Cesar y los departamentos vecinos, \u00a0en \u00a0su contra se expidieron varias \u00f3rdenes de captura y una circular roja de la \u00a0INTERPOL \u00a0 Colombia, \u00a0en \u00a0raz\u00f3n \u00a0de \u00a0las \u00a0investigaciones \u00a0penales \u00a0que \u00a0se \u00a0le \u00a0adelantan, \u00a0entre \u00a0otros, por los delitos de homicidio agravado y concierto para \u00a0delinquir.\u00a0\u00a0\u00a0 \u00a0 \u00a0\u00a0<\/p>\n<p>La \u00a0 organizaci\u00f3n \u00a0 delincuencial \u00a0 de \u00a0alias \u00a0 \u00a0\u201cMarquitos \u00a0Figueroa\u201d \u00a0ha sido vinculada con: i) Juan Francisco \u00a0G\u00f3mez \u00a0Cerchar, \u00a0quien, \u00a0antes de ser privado de la libertad en cumplimiento de \u00a0la \u00a0medida \u00a0de \u00a0aseguramiento \u00a0de \u00a0detenci\u00f3n \u00a0preventiva \u00a0en establecimiento de \u00a0reclusi\u00f3n \u00a0que \u00a0le \u00a0impuso el Tribunal Superior de Bogot\u00e1, se desempe\u00f1\u00f3 como \u00a0concejal, \u00a0alcalde \u00a0y \u00a0gobernador en La Guajira; ii) Las Autodefensas del Bloque \u00a0Norte, \u00a0 comandadas \u00a0por \u00a0\u201cJorge \u00a040\u201d \u00a0y \u00a0Salvatore \u00a0Mancuso; \u00a0iii) \u00a0Los Rastrojos; y iv) Los Urabe\u00f1os. \u00a0\u00a0<\/p>\n<p>El continuo accionar violento de la banda de \u00a0Marcos \u00a0De \u00a0Jes\u00fas Figueroa Garc\u00eda genera gran temor en la poblaci\u00f3n, se le ha \u00a0atribuido \u00a0la \u00a0ejecuci\u00f3n \u00a0de \u00a0un \u00a0sinn\u00famero \u00a0de \u00a0cr\u00edmenes, \u00a0entre \u00a0ellos \u00a0los \u00a0homicidios \u00a0de \u00a0Jos\u00e9 \u00a0Mar\u00eda \u00a0Benjumea Amaya, Martha Dinora Hern\u00e1ndez Sierra y \u00a0Dilgier \u00a0Becerra. \u00a0Es costumbre de la macabra organizaci\u00f3n sobornar, chantajear \u00a0o \u00a0intimidar \u00a0a \u00a0las autoridades, logrando con ello que la actividad judicial en \u00a0su \u00a0contra \u00a0no sea efectiva, ya que los procesos se archivan o las decisiones le \u00a0son \u00a0favorables, lo cual ha originado muchas indagaciones por prevaricato.\u00a0 \u00a0\u00a0<\/p>\n<p>Las \u00a0familias \u00a0de \u00a0las \u00a0v\u00edctimas \u00a0de \u00a0los \u00a0homicidios \u00a0de Yandra Cecilia Brito Carrillo y Henry Ustariz Guerra viven en una \u00a0constante \u00a0situaci\u00f3n \u00a0de inseguridad, por ejemplo Diana Mar\u00eda Brito Carrillo y \u00a0Carlos \u00a0Arturo \u00a0Vel\u00e1squez \u00a0Santos, hermana y cu\u00f1ado de la occisa, son testigos \u00a0de \u00a0la Fiscal\u00eda y denunciaron que han recibido amenazas de muerte, son seguidos \u00a0clandestinamente \u00a0y \u00a0se \u00a0arroj\u00f3 \u00a0en \u00a0su \u00a0vivienda \u00a0un \u00a0artefacto \u00a0explosivo que \u00a0afortunadamente no accion\u00f3.\u00a0\u00a0 \u00a0\u00a0<\/p>\n<p>Por \u00a0los \u00a0mismos acontecimientos criminales \u00a0juzgados \u00a0en este proceso se solicit\u00f3 a la Sala de Casaci\u00f3n Penal que cambiara \u00a0a \u00a0la \u00a0ciudad \u00a0de \u00a0Bogot\u00e1 \u00a0la radicaci\u00f3n de la actuaci\u00f3n surtida contra otros \u00a0miembros \u00a0 de \u00a0 la \u00a0 banda \u00a0 de \u00a0 alias \u00a0\u201cMarquitos \u00a0Figueroa\u201d \u00a0y \u00a0se \u00a0obtuvo \u00a0concepto \u00a0 \u00a0 \u00a0 \u00a0 \u00a0 \u00a0 \u00a0 \u00a0 \u00a0favorable2.\u00a0\u00a0 \u00a0\u00a0<\/p>\n<p>CONSIDERACIONES DE LA CORTE \u00a0<\/p>\n<p>\u00a0 \u00a0\u00a0<\/p>\n<p>1. El numeral 8\u00ba del art\u00edculo 32 de \u00a0la \u00a0Ley \u00a0906 \u00a0de \u00a02004 dispone que compete a la Sala de Casaci\u00f3n Penal resolver \u00a0las \u00a0solicitudes de cambio de radicaci\u00f3n que impliquen la remisi\u00f3n del proceso \u00a0penal \u00a0a un distrito judicial distinto al del despacho que lo ven\u00eda conociendo, \u00a0lo \u00a0cual \u00a0se \u00a0presenta \u00a0en \u00a0el \u00a0caso concreto, dado que la Fiscal\u00eda pide que la \u00a0actuaci\u00f3n \u00a0surtida contra Marcos De Jes\u00fas Figueroa Garc\u00eda en el Juzgado Penal \u00a0del \u00a0 Circuito \u00a0 Especializado \u00a0 de \u00a0Riohacha \u00a0se \u00a0asigne \u00a0a \u00a0sus \u00a0similares \u00a0de \u00a0Bogot\u00e1.\u00a0\u00a0\u00a0 \u00a0\u00a0<\/p>\n<p>2. El \u00a0art\u00edculo \u00a046 \u00a0del C\u00f3digo de \u00a0Procedimiento Penal se\u00f1ala: \u00a0 \u00a0\u00a0<\/p>\n<p>El \u00a0cambio de radicaci\u00f3n podr\u00e1 disponerse \u00a0excepcionalmente \u00a0 cuando \u00a0en \u00a0el \u00a0territorio \u00a0donde \u00a0se \u00a0est\u00e9 \u00a0adelantando \u00a0la \u00a0actuaci\u00f3n \u00a0 procesal \u00a0 existan \u00a0circunstancias \u00a0que \u00a0puedan \u00a0afectar \u00a0el \u00a0orden \u00a0p\u00fablico, \u00a0 la \u00a0imparcialidad \u00a0o \u00a0la \u00a0independencia \u00a0de \u00a0la \u00a0administraci\u00f3n \u00a0de \u00a0justicia, \u00a0 las \u00a0 garant\u00edas \u00a0procesales, \u00a0la \u00a0publicidad \u00a0del \u00a0juzgamiento, \u00a0la \u00a0seguridad \u00a0o \u00a0integridad \u00a0personal \u00a0de \u00a0los \u00a0intervinientes, \u00a0en especial de las \u00a0v\u00edctimas, o de los servidores p\u00fablicos. \u00a0\u00a0<\/p>\n<p>Esta \u00a0Sala al analizar la figura del cambio \u00a0de radicaci\u00f3n explic\u00f3: \u00a0\u00a0<\/p>\n<p>\u2026por su naturaleza residual y extrema, no \u00a0puede \u00a0ceder \u00a0ante \u00a0cualquier \u00a0situaci\u00f3n \u00a0de \u00a0riesgo. \u00a0Es \u00a0preciso, para que se \u00a0cumplan \u00a0los \u00a0requisitos \u00a0de \u00a0procedibilidad contemplados en el art\u00edculo 85 del \u00a0C\u00f3digo \u00a0 \u00a0 \u00a0 de \u00a0 \u00a0 \u00a0 Procedimiento \u00a0 \u00a0 \u00a0Penal3, \u00a0que \u00a0exista prueba palpable \u00a0del \u00a0peligro \u00a0inminente \u00a0denunciado \u00a0y \u00a0que, una vez establecido, se advierta su \u00a0incidencia \u00a0concreta \u00a0en \u00a0la instrucci\u00f3n o en el juzgamiento de una determinada \u00a0conducta, \u00a0o \u00a0que, \u00a0a \u00a0la \u00a0inversa, \u00a0ese procesamiento, por alguna circunstancia \u00a0especial, \u00a0est\u00e9 \u00a0actuando \u00a0como \u00a0factor \u00a0de \u00a0perturbaci\u00f3n \u00a0de \u00a0la tranquilidad \u00a0ciudadana\u201d. \u00a0 (CSJ \u00a0 AP, \u00a0 18 \u00a0 feb. \u00a0 2004, \u00a0rad. \u00a021982). \u00a0\u00a0<\/p>\n<p>En \u00a0s\u00edntesis, \u00a0el cambio de radicaci\u00f3n es \u00a0una \u00a0excepci\u00f3n a la norma que fija la competencia por el factor territorial, su \u00a0objeto \u00a0es \u00a0garantizar la independencia e imparcialidad de la administraci\u00f3n de \u00a0justicia, \u00a0la \u00a0cual \u00a0se puede afectar por situaciones que generan condiciones de \u00a0riesgo para el juez\u00a0 o los sujetos procesales. \u00a0\u00a0<\/p>\n<p>Esta \u00a0Sala \u00a0diferenci\u00f3 \u00a0los \u00a0motivos \u00a0que \u00a0conllevan \u00a0a \u00a0cambiar \u00a0un \u00a0proceso \u00a0de \u00a0despacho \u00a0judicial \u00a0y \u00a0las \u00a0causales \u00a0de \u00a0recusaci\u00f3n \u00a0que \u00a0se \u00a0fundan \u00a0en \u00a0la \u00a0ausencia \u00a0de imparcialidad del funcionario \u00a0as\u00ed:\u00a0\u00a0\u00a0 \u00a0\u00a0<\/p>\n<p>Si bien este mecanismo tiende a preservar la \u00a0independencia \u00a0e \u00a0imparcialidad de la administraci\u00f3n de justicia, los supuestos \u00a0f\u00e1cticos \u00a0que puedan llegar a afectar estas garant\u00edas deben hacer referencia a \u00a0factores \u00a0externos, \u00a0esto \u00a0es \u00a0a \u00a0condiciones \u00a0del medio en que se desarrolla el \u00a0juicio, \u00a0y \u00a0no \u00a0a \u00a0situaciones \u00a0subjetivas \u00a0u objetivas del fallador, pues si se \u00a0trata \u00a0de \u00a0cuestionar \u00a0la \u00a0imparcialidad, \u00a0idoneidad \u00a0o probidad del funcionario \u00a0encargado \u00a0del \u00a0tr\u00e1mite \u00a0del \u00a0proceso, \u00a0para \u00a0contrarrestar \u00a0sus efectos la ley \u00a0ofrece \u00a0a \u00a0los \u00a0sujetos \u00a0procesales \u00a0la \u00a0posibilidad \u00a0de \u00a0recusarlo. (CSJ AP, 18 feb. 2004, rad. 21982). \u00a0\u00a0<\/p>\n<p>\u00a0 \u00a0\u00a0<\/p>\n<p>1. En \u00a0el caso en estudio, es viable \u00a0autorizar \u00a0 el \u00a0 cambio \u00a0 de \u00a0 radicaci\u00f3n \u00a0 que \u00a0solicit\u00f3 \u00a0el \u00a0Fiscal \u00a0Primero \u00a0Especializado \u00a0de \u00a0la \u00a0Unidad Nacional Contra el Crimen Organizado, toda vez que \u00a0se \u00a0prob\u00f3 la existencia de circunstancias que pueden afectar la imparcialidad o \u00a0la \u00a0independencia \u00a0del \u00a0Juzgado Penal del Circuito Especializado con Funci\u00f3n de \u00a0Conocimiento \u00a0de \u00a0Riohacha (Guajira) y la seguridad o integridad personal de los \u00a0sujetos \u00a0procesales, \u00a0en \u00a0especial \u00a0del Juez, el Ministerio P\u00fablico, el Fiscal, \u00a0las v\u00edctimas o los testigos de cargo. \u00a0 \u00a0\u00a0<\/p>\n<p>Obs\u00e9rvese \u00a0 \u00a0 que \u00a0 \u00a0 el \u00a0 \u00a0 Fiscal \u00a0hizo una detallada exposici\u00f3n \u00a0 \u00a0 \u00a0 respecto \u00a0 \u00a0 \u00a0 del \u00a0temor \u00a0 \u00a0que \u00a0 \u00a0causa \u00a0en \u00a0 los \u00a0 Departamentos \u00a0de \u00a0La \u00a0Guajira \u00a0y \u00a0El \u00a0Cesar \u00a0la \u00a0banda \u00a0 de \u00a0 criminales \u00a0 que \u00a0 supuestamente \u00a0lidera \u00a0 \u201cMarquitos \u00a0Figueroa\u201d, mencion\u00f3 varios \u00a0de \u00a0los homicidios que se atribuyen a esa organizaci\u00f3n delictiva, sus estrechos \u00a0v\u00ednculos \u00a0con otros grupos armados ilegales que operan en el mismo territorio y \u00a0los \u00a0actos \u00a0intimidatorios \u00a0que \u00a0suele \u00a0utilizar \u00a0para \u00a0burlar \u00a0la acci\u00f3n de la \u00a0justicia.\u00a0\u00a0 \u00a0\u00a0<\/p>\n<p>El \u00a0Delegado \u00a0de \u00a0la \u00a0Fiscal\u00eda \u00a0 \u00a0aport\u00f3 \u00a0 \u00a0elementos \u00a0 materiales \u00a0probatorios \u00a0que \u00a0demuestran \u00a0la \u00a0presencia \u00a0de \u00a0las circunstancias que exige el \u00a0art\u00edculo \u00a046 \u00a0del C\u00f3digo de Procedimiento Penal para el cambio de radicaci\u00f3n, \u00a0tales como: \u00a0\u00a0<\/p>\n<p>\u00a0 \u00a0 \u00a0<\/p>\n<p>a. Un \u00a0informe \u00a0de investigaci\u00f3n de \u00a0campo \u00a0que \u00a0efectu\u00f3 \u00a0la \u00a0polic\u00eda \u00a0judicial, \u00a0en \u00a0el \u00a0cual \u00a0se mencionan varias \u00a0actividades \u00a0 il\u00edcitas \u00a0que \u00a0se \u00a0dice \u00a0desplegaron \u00a0los \u00a0hombres \u00a0al \u00a0mando \u00a0de \u00a0\u201cMarquitos Figueroa\u201d.4 \u00a0 \u00a0\u00a0<\/p>\n<p>\u00a0 \u00a0 \u00a0<\/p>\n<p>a. Algunas noticias de los medios de \u00a0comunicaci\u00f3n \u00a0referentes \u00a0al \u00a0aparente \u00a0accionar \u00a0criminal \u00a0de Marcos De Jes\u00fas \u00a0Figueroa Garc\u00eda. \u00a0 \u00a0\u00a0<\/p>\n<p>\u00a0 \u00a0 \u00a0<\/p>\n<p>a. La \u00a0denuncia \u00a0de \u00a0las amenazas de \u00a0muerte \u00a0y el atentado perpetrado contra los testigos Diana Mar\u00eda Brito Carrillo \u00a0y Carlos Arturo Vel\u00e1squez Santos. \u00a0 \u00a0\u00a0<\/p>\n<p>Esta Sala el 22 de \u00a0julio \u00a0 \u00a0de \u00a0 \u00a02015 \u00a0 \u00a0dispuso \u00a0 \u00a0el \u00a0 \u00a0cambio \u00a0 de \u00a0radicaci\u00f3n \u00a0del \u00a0proceso \u00a0que \u00a0se \u00a0adelantaba \u00a0en el \u00a0Juzgado \u00a0Penal del Circuito Especializado de \u00a0Valledupar \u00a0contra \u00a0otros miembros de la estructura criminal de \u00a0\u201cMarquitos \u00a0Figueroa\u201d \u00a0que \u00a0supuestamente \u00a0participaron \u00a0en \u00a0los \u00a0homicidios \u00a0de \u00a0Yandra \u00a0Cecilia Brito \u00a0Carrillo, \u00a0Henry \u00a0Ustariz \u00a0Guerra y Wilfrido Fonseca Pe\u00f1aranda. La ratio decidendi fue: \u00a0\u00a0<\/p>\n<p>\u2026la Banda Criminal de Marquitos Figueroa, \u00a0presuntamente, \u00a0i) \u00a0ejerce, \u00a0a \u00a0trav\u00e9s \u00a0de \u00a0las armas, control econ\u00f3mico sobre \u00a0actividades \u00a0legales \u00a0e \u00a0ilegales; \u00a0ii) utilizando el mismo m\u00e9todo aterroriza a \u00a0los \u00a0testigos \u00a0y \u00a0funcionarios judiciales relacionados con los procesos seguidos \u00a0contra \u00a0sus \u00a0miembros; \u00a0y \u00a0iii) \u00a0tiene \u00a0v\u00ednculos \u00a0con \u00a0algunos servidores de la \u00a0Administraci\u00f3n \u00a0(por \u00a0ejemplo, \u00a0de la Registradur\u00eda Civil) y de la Judicatura, \u00a0que \u00a0 han \u00a0prestado \u00a0su \u00a0colaboraci\u00f3n \u00a0para \u00a0lograr \u00a0la \u00a0impunidad \u00a0de \u00a0ciertos \u00a0delitos. \u00a0\u00a0<\/p>\n<p>Debe \u00a0destacarse tambi\u00e9n que fue adjuntada \u00a0copia \u00a0 de \u00a0varias \u00a0denuncias \u00a0formuladas \u00a0por \u00a0testigos \u00a0de \u00a0los \u00a0hechos \u00a0aqu\u00ed \u00a0investigados, \u00a0en \u00a0las \u00a0que \u00a0pusieron \u00a0de presente las amenazas proferidas en su \u00a0contra, \u00a0con \u00a0el \u00a0objetivo \u00a0de que no rindieran declaraci\u00f3n. Incluso, el fiscal \u00a0del \u00a0caso \u00a0denunci\u00f3 tambi\u00e9n determinados actos intimidatorios en los que se ha \u00a0visto involucrado, a ra\u00edz de esta actuaci\u00f3n. \u00a0\u00a0<\/p>\n<p>Desde \u00a0esa perspectiva, resulta evidente la \u00a0procedencia \u00a0de \u00a0la \u00a0solicitud impetrada, por cuanto es claro que la asignaci\u00f3n \u00a0del \u00a0proceso al Juzgado Especializado de Valledupar, no garantizar\u00eda a plenitud \u00a0su \u00a0imparcialidad \u00a0e independencia, ni tampoco su seguridad, en virtud del poder \u00a0que han adquirido tales grupos en esa regi\u00f3n del pa\u00eds. \u00a0\u00a0<\/p>\n<p>Existe \u00a0igualmente \u00a0un riesgo palpable para \u00a0los \u00a0testigos \u00a0y \u00a0dem\u00e1s \u00a0partes \u00a0del proceso, algunos de los cuales ya han sido \u00a0amenazados \u00a0 con \u00a0 la \u00a0 finalidad \u00a0de \u00a0impedir \u00a0el \u00a0adecuado \u00a0desarrollo \u00a0de \u00a0la \u00a0actuaci\u00f3n.5 \u00a0\u00a0<\/p>\n<p>Es necesario aplicar dichas valoraciones en \u00a0esta \u00a0decisi\u00f3n, \u00a0dado \u00a0que si bien se efectuaron en otro proceso corresponden a \u00a0similar \u00a0situaci\u00f3n \u00a0f\u00e1ctica \u00a0y \u00a0concuerdan \u00a0en \u00a0la \u00a0finalidad \u00a0de \u00a0cambiar \u00a0la \u00a0radicaci\u00f3n \u00a0de \u00a0la \u00a0actuaci\u00f3n \u00a0a \u00a0Bogot\u00e1, \u00a0para garantizar la independencia e \u00a0imparcialidad \u00a0de \u00a0la \u00a0administraci\u00f3n \u00a0de \u00a0justicia, \u00a0as\u00ed como la seguridad de \u00a0todos \u00a0los sujetos procesales e intervenientes en el juzgamiento, m\u00e1xime cuando \u00a0en \u00a0esta \u00a0oportunidad \u00a0se trata del supuesto lider de la organizaci\u00f3n criminal. \u00a0\u00a0<\/p>\n<p>En m\u00e9rito de lo expuesto, la Corte Suprema \u00a0de Justicia, Sala de Casaci\u00f3n Penal, \u00a0\u00a0<\/p>\n<p>RESUELVE: \u00a0<\/p>\n<p>PRIMERO.- Disponer \u00a0el \u00a0cambio \u00a0de \u00a0radicaci\u00f3n de este proceso del distrito judicial de Riohacha al \u00a0de Bogot\u00e1.\u00a0 \u00a0\u00a0<\/p>\n<p>SEGUNDO.- Ordenar a \u00a0la \u00a0Secretar\u00eda \u00a0de \u00a0la Sala que remita inmediatamente el proceso a los Juzgados \u00a0Penales del Circuito Especializados de Bogot\u00e1. \u00a0\u00a0<\/p>\n<p>\u00a0 \u00a0 \u00a0 TERCERO.- \u00a0 \u00a0 Ordenar \u00a0a \u00a0la \u00a0Secretar\u00eda de la Sala que comunique este prove\u00eddo \u00a0al \u00a0Juzgado \u00a0Penal \u00a0del \u00a0Circuito \u00a0Especializado \u00a0de \u00a0Riohacha y le solicite que \u00a0inmediatamente \u00a0env\u00ede \u00a0a \u00a0sus \u00a0hom\u00f3logos \u00a0de Bogot\u00e1 las piezas procesales que \u00a0quedaron en ese despacho. \u00a0\u00a0<\/p>\n<p>Se \u00a0advierte \u00a0que \u00a0contra esta decisi\u00f3n no \u00a0procede ning\u00fan recurso.\u00a0\u00a0 \u00a0\u00a0<\/p>\n<p>Comun\u00edquese y c\u00famplase. \u00a0<\/p>\n<p>Comisi\u00f3n de Servicios \u00a0<\/p>\n<p>Gustavo Enrique Malo Fern\u00e1ndez \u00a0<\/p>\n<p>Jos\u00e9 Francisco Acu\u00f1a Vizcaya \u00a0<\/p>\n<p>Jos\u00e9 Luis Barcel\u00f3 Camacho \u00a0<\/p>\n<p>Fernando Alberto Castro Caballero \u00a0<\/p>\n<p>Comisi\u00f3n de Servicios \u00a0<\/p>\n<p>Eugenio Fern\u00e1ndez Carlier \u00a0<\/p>\n<p>Comisi\u00f3n de Servicios \u00a0<\/p>\n<p>Luis Antonio Hern\u00e1ndez Barbosa \u00a0<\/p>\n<p>Comisi\u00f3n de Servicios \u00a0<\/p>\n<p>Eyder Pati\u00f1o Cabrera \u00a0<\/p>\n<p>Patricia Salazar Cu\u00e9llar \u00a0<\/p>\n<p>Comisi\u00f3n de Servicios \u00a0<\/p>\n<p>Luis Guillermo Salazar Otero \u00a0<\/p>\n<p>Ramiro Alonso Mar\u00edn V\u00e1squez \u00a0<\/p>\n<p>Conjuez \u00a0<\/p>\n<p>Nubia Yolanda Nova Garc\u00eda \u00a0<\/p>\n<p>Secretaria \u00a0 \u00a0<\/p>\n<p>1 \u00a0Ex \u00a0alcaldesa \u00a0del municipio de Barrancas. \u00a0\u00a0<\/p>\n<p>2 CSJ \u00a0AP, 22 jul. 2015, rad. 46426.\u00a0\u00a0 \u00a0\u00a0<\/p>\n<p>3 Esa \u00a0norma \u00a0corresponde \u00a0a la Ley 600 de 2000 y su texto es el mismo del art\u00edculo 46 \u00a0de la Ley 906 de 2004. \u00a0\u00a0<\/p>\n<p>4 \u00a0Folios 28 a 64. \u00a0\u00a0<\/p>\n<p>5 CSJ \u00a0AP, 22 jul. 2015, rad. 46426.\u00a0\u00a0 \u00a0 \u00a0\u00a0<\/p>\n<p><\/p>\n","protected":false},"excerpt":{"rendered":"<p>\u00a0 \u00a0 \u00a0\u00a0 FERNANDO ALBERTO CASTRO CABALLERO \u00a0 Magistrado ponente \u00a0 AP8669-2016 \u00a0 Radicaci\u00f3n No. 49388 \u00a0 (Aprobado Acta No. 403) \u00a0 Bogot\u00e1, D.C., dieciseis (16) de diciembre de \u00a0dos mil diecis\u00e9is (2016). \u00a0\u00a0 ASUNTO \u00a0 Resuelve \u00a0la \u00a0Sala la solicitud de cambio de \u00a0radicaci\u00f3n \u00a0que present\u00f3 el Fiscal Primero Especializado de la Unidad Nacional [&hellip;]<\/p>\n","protected":false},"author":1,"featured_media":0,"comment_status":"open","ping_status":"open","sticky":false,"template":"","format":"standard","meta":{"footnotes":""},"categories":[25],"tags":[],"class_list":["post-34022","post","type-post","status-publish","format-standard","hentry","category-25"],"_links":{"self":[{"href":"https:\/\/dmsjuridica.com\/buscador_20179478954\/salapenalcronologico20230723\/wp-json\/wp\/v2\/posts\/34022","targetHints":{"allow":["GET"]}}],"collection":[{"href":"https:\/\/dmsjuridica.com\/buscador_20179478954\/salapenalcronologico20230723\/wp-json\/wp\/v2\/posts"}],"about":[{"href":"https:\/\/dmsjuridica.com\/buscador_20179478954\/salapenalcronologico20230723\/wp-json\/wp\/v2\/types\/post"}],"author":[{"embeddable":true,"href":"https:\/\/dmsjuridica.com\/buscador_20179478954\/salapenalcronologico20230723\/wp-json\/wp\/v2\/users\/1"}],"replies":[{"embeddable":true,"href":"https:\/\/dmsjuridica.com\/buscador_20179478954\/salapenalcronologico20230723\/wp-json\/wp\/v2\/comments?post=34022"}],"version-history":[{"count":0,"href":"https:\/\/dmsjuridica.com\/buscador_20179478954\/salapenalcronologico20230723\/wp-json\/wp\/v2\/posts\/34022\/revisions"}],"wp:attachment":[{"href":"https:\/\/dmsjuridica.com\/buscador_20179478954\/salapenalcronologico20230723\/wp-json\/wp\/v2\/media?parent=34022"}],"wp:term":[{"taxonomy":"category","embeddable":true,"href":"https:\/\/dmsjuridica.com\/buscador_20179478954\/salapenalcronologico20230723\/wp-json\/wp\/v2\/categories?post=34022"},{"taxonomy":"post_tag","embeddable":true,"href":"https:\/\/dmsjuridica.com\/buscador_20179478954\/salapenalcronologico20230723\/wp-json\/wp\/v2\/tags?post=34022"}],"curies":[{"name":"wp","href":"https:\/\/api.w.org\/{rel}","templated":true}]}}