{"id":34005,"date":"2023-09-13T19:43:11","date_gmt":"2023-09-13T19:43:11","guid":{"rendered":"https:\/\/dmsjuridica.com\/buscador_20179478954\/salapenalcronologico20230723\/2023\/09\/13\/ap8445-201649387\/"},"modified":"2023-09-13T19:43:11","modified_gmt":"2023-09-13T19:43:11","slug":"ap8445-201649387","status":"publish","type":"post","link":"https:\/\/dmsjuridica.com\/buscador_20179478954\/salapenalcronologico20230723\/2023\/09\/13\/ap8445-201649387\/","title":{"rendered":"AP8445-2016(49387)"},"content":{"rendered":"\n<p>\u00a0 \u00a0 \u00a0\u00a0<\/p>\n<p>CORTE SUPREMA DE JUSTICIA \u00a0<\/p>\n<p>SALA DE CASACI\u00d3N PENAL \u00a0<\/p>\n<p>Magistrado Ponente \u00a0<\/p>\n<p>FERNANDO ALBERTO CASTRO CABALLERO \u00a0<\/p>\n<p>AP8445-2016 \u00a0<\/p>\n<p>Radicaci\u00f3n N\u00ba 49387 \u00a0<\/p>\n<p>Aprobado mediante Acta No. 393 \u00a0<\/p>\n<p>Bogot\u00e1, D.C., cinco (05) de diciembre de dos \u00a0mil diecis\u00e9is (2016). \u00a0\u00a0<\/p>\n<p>ASUNTO \u00a0<\/p>\n<p>La Sala define la competencia para conocer de \u00a0la \u00a0 actuaci\u00f3n \u00a0 seguida \u00a0 contra \u00a0 JUAN \u00a0 \u00a0 MANUEL \u00a0MIRANDA \u00a0 \u00a0ARRIETA, \u00a0acusado del delito de \u00a0 \u00a0 \u00a0 \u00abhomicidio \u00a0 \u00a0 \u00a0 agravado\u00bb1. \u00a0\u00a0<\/p>\n<p>HECHOS \u00a0<\/p>\n<p>Los \u00a0supuestos f\u00e1cticos a los que se sustrae \u00a0el \u00a0 presente \u00a0 estudio \u00a0 fueron \u00a0 rese\u00f1ados \u00a0 en \u00a0 el \u00a0escrito \u00a0de \u00a0acusaci\u00f3n \u00a0as\u00ed: \u00a0\u00a0<\/p>\n<p>\u00abDan \u00a0 cuenta \u00a0los \u00a0elementos \u00a0materiales \u00a0probatorios \u00a0recaudados, \u00a0que \u00a0el \u00a0se\u00f1or \u00a0JUAN \u00a0MANUEL \u00a0MIRANDA \u00a0ARRIETA, alias \u00a0\u201cALEX \u00a0VILLADIEGO\u201d \u00a0integraba \u00a0la \u00a0n\u00f3mina \u00a0de \u00a0[la] \u00a0organizaci\u00f3n criminal \u00a0[AUTODEFENSAS \u00a0GAITANISTAS \u00a0DE COLOMBIA,] por \u00a0lo \u00a0menos \u00a0desde \u00a0octubre \u00a0de \u00a02011 \u00a0en el rol de cabecilla de \u00a0contraguerrillas \u00a0de \u00a0la \u00a0estructura \u00a0criminal \u00a0de \u00a0LOS \u00a0URABE\u00d1OS GAITANISTAS y \u00a0encargado \u00a0del \u00a0municipio de Simit\u00ed (Bol), su oficio o funci\u00f3n es estar atento \u00a0a \u00a0 los \u00a0 requerimientos \u00a0 u \u00a0 \u00f3rdenes \u00a0que \u00a0le \u00a0impart\u00edan \u00a0sus \u00a0superiores \u00a0o \u00a0cabecillas. \u00a0\u00a0<\/p>\n<p>Se \u00a0ocupaba de realizar patrullajes \u00e9l con \u00a0su \u00a0personal \u00a0escogido \u00a0para \u00a0esta \u00a0tarea, \u00a0portando \u00a0para \u00a0ello fusiles y armas \u00a0cortas, \u00a0realizaba retenes ilegales en \u00e1reas rurales del municipio de San Pablo \u00a0(Bol\u00edvar), \u00a0y \u00a0al \u00a0transe\u00fante \u00a0que \u00a0se rehusara a acatar la se\u00f1al de pare del \u00a0ret\u00e9n \u00a0que \u00a0ubicaban \u00a0en \u00a0estas \u00a0zonas rurales como el Cucu, El Socorro y otros \u00a0corregimientos \u00a0del \u00a0municipio \u00a0de \u00a0San \u00a0Pablo \u00a0(Bol), \u00a0eran objeto de atentados \u00a0contra sus bienes y sus vidas. \u00a0\u00a0<\/p>\n<p>As\u00ed \u00a0 mismo \u00a0 se \u00a0logr\u00f3 \u00a0establecer \u00a0su \u00a0participaci\u00f3n \u00a0en \u00a0el \u00a0homicidio de GUSTAVO ARBEY G\u00d3MEZ L\u00d3PEZ, ocurrido en el \u00a0municipio \u00a0de \u00a0San \u00a0Pablo \u00a0(Bol\u00edvar), \u00a0el \u00a006 \u00a0de enero de 2012, investigaci\u00f3n \u00a0radicada \u00a0bajo la NC. 1367060011222012-80005. Siendo el m\u00f3vil de este homicidio \u00a0el \u00a0presuntamente \u00a0ser \u00a0la \u00a0v\u00edctima \u00a0integrante \u00a0de \u00a0un \u00a0grupo subversivo de la \u00a0guerrilla \u00a0que \u00a0opera \u00a0en \u00a0esta \u00a0regi\u00f3n \u00a0del sur de Bol\u00edvar. Este homicidio se \u00a0ejecut\u00f3 \u00a0con arma cortopunzante, dado que cerca de la finca donde laboraba este \u00a0ciudadano, \u00a0 se \u00a0 encontraba \u00a0acantonado \u00a0el \u00a0ej\u00e9rcito \u00a0nacional.\u00bb2 \u00a0\u00a0<\/p>\n<p>ACTUACI\u00d3N PROCESAL RELEVANTE \u00a0<\/p>\n<p>En audiencias preliminares celebradas el 13 y \u00a015 \u00a0de \u00a0diciembre \u00a0de \u00a02014 \u00a0ante el Juzgado 1\u00ba Penal Municipal con Funci\u00f3n de \u00a0Control \u00a0de \u00a0Garant\u00edas \u00a0de \u00a0Bucaramanga \u00a0(ambulante), la Fiscal\u00eda solicit\u00f3 se \u00a0impartiera \u00a0legalidad \u00a0a la captura de JUAN \u00a0 \u00a0 \u00a0 \u00a0 MANUEL \u00a0 \u00a0 \u00a0 \u00a0MIRANDA \u00a0 \u00a0 \u00a0 \u00a0 \u00a0 \u00a0ARRIETA, a quien \u00a0le \u00a0 imput\u00f3, \u00a0en \u00a0calidad \u00a0de \u00a0\u00abautor, \u00a0los \u00a0delitos \u00a0concierto \u00a0para \u00a0delinquir agravado en concurso con homicidio agravado, porte de \u00a0armas \u00a0de \u00a0uso \u00a0personal \u00a0y \u00a0fabricaci\u00f3n, \u00a0tr\u00e1fico \u00a0y \u00a0porte \u00a0de \u00a0armas de uso \u00a0privativo \u00a0de \u00a0las \u00a0fuerzas armadas\u00bb. Seguidamente, el \u00a0representante \u00a0del \u00a0ente \u00a0acusador peticion\u00f3 que al prenombrado se le impusiera \u00a0medida de aseguramiento privativa de la libertad. \u00a0\u00a0<\/p>\n<p>El \u00a013 \u00a0de \u00a0abril \u00a0de \u00a02016, en el Centro de \u00a0Servicios \u00a0de \u00a0los Juzgados Especializados de Bucaramanga, se radic\u00f3 escrito de \u00a0acusaci\u00f3n \u00a0 contra \u00a0 JUAN \u00a0MANUEL \u00a0 \u00a0MIRANDA \u00a0 \u00a0 \u00a0 \u00a0 \u00a0 \u00a0 ARRIETA \u00a0por \u00a0los \u00a0delitos \u00a0imputados. \u00a0El \u00a0asunto \u00a0fue \u00a0repartido \u00a0al \u00a0Juzgado \u00a01\u00ba \u00a0Penal \u00a0del \u00a0Circuito \u00a0con funciones de \u00a0conocimiento \u00a0de esa ciudad, quien el 26 de abril dio apertura a la audiencia de \u00a0formulaci\u00f3n de acusaci\u00f3n. \u00a0\u00a0<\/p>\n<p>En \u00a0el curso de tal actuaci\u00f3n, la Fiscal\u00eda \u00a0dio \u00a0a \u00a0conocer \u00a0la \u00a0existencia de un preacuerdo celebrado con la defensa, en el \u00a0cual \u00a0el \u00a0acusado admit\u00eda su responsabilidad en los delitos imputados, salvo lo \u00a0referente \u00a0 al \u00a0 punible \u00a0 de \u00a0 homicidio \u00a0 agravado. \u00a0\u00a0<\/p>\n<p>Suspendida esa diligencia, fueron convocadas \u00a0las \u00a0partes \u00a0a audiencia de verificaci\u00f3n de legalidad de ese preacuerdo, la que \u00a0se \u00a0realiz\u00f3 \u00a0el \u00a05 \u00a0de \u00a0octubre de 2016 y al cabo de la cual se profiri\u00f3 fallo \u00a0condenatorio \u00a0 contra \u00a0 JUAN \u00a0MANUEL \u00a0 \u00a0MIRANDA \u00a0 \u00a0 \u00a0 \u00a0 \u00a0 \u00a0ARRIETA, \u00a0 en \u00a0 el \u00a0 que \u00a0 se \u00a0le \u00a0declara \u00a0responsable \u00a0 \u00a0 \u00a0 penalmente, \u00a0 \u00a0 \u00a0 en \u00a0 \u00a0 \u00a0 calidad \u00a0 \u00a0 \u00a0de \u00a0 \u00a0 \u00a0\u00abc\u00f3mplice\u00bb, \u00a0 \u00a0de \u00a0 \u00a0los \u00a0 delitos \u00a0 de \u00a0\u00abfabricaci\u00f3n, \u00a0tr\u00e1fico \u00a0y \u00a0portes \u00a0de \u00a0armas de uso \u00a0restringido \u00a0y \u00a0uso \u00a0privativo, \u00a0en \u00a0concurso \u00a0con \u00a0las \u00a0conductas \u00a0punibles \u00a0de \u00a0concierto \u00a0para delinquir agravado y fabricaci\u00f3n, tr\u00e1fico, porte o tenencia de \u00a0armas \u00a0 y \u00a0municiones \u00a0de \u00a0uso \u00a0personal\u00bb3. \u00a0\u00a0<\/p>\n<p>El \u00a07 \u00a0de \u00a0octubre \u00a0de \u00a02016, \u00a0la Fiscal\u00eda \u00a0orden\u00f3 \u00a0la \u00a0ruptura de la unidad procesal para que se \u00a0procediera \u00a0a adelantar el \u00a0juzgamiento \u00a0 \u00a0 \u00a0 \u00a0 \u00a0de \u00a0 \u00a0 \u00a0 \u00a0 \u00a0JUAN \u00a0 MANUEL \u00a0MIRANDA \u00a0ARRIETA \u00a0por \u00a0su \u00a0 presunta \u00a0 participaci\u00f3n \u00a0en \u00a0el \u00a0homicidio \u00a0de \u00a0GUSTAVO \u00a0 ARBEY \u00a0 \u00a0 \u00a0 \u00a0 \u00a0 \u00a0G\u00d3MEZ \u00a0 \u00a0 \u00a0 \u00a0 \u00a0 \u00a0L\u00d3PEZ, \u00a0gener\u00e1ndose \u00a0en \u00a0consecuencia \u00a0un \u00a0nuevo \u00a0c\u00f3digo \u00a0\u00fanico \u00a0de \u00a0identificaci\u00f3n \u00a0(el \u00a0CUI \u00a06808160000001600208) \u00a0para \u00a0esa actuaci\u00f3n, siendo al \u00a0interior \u00a0 \u00a0de \u00a0 ese \u00a0 radicado \u00a0 que \u00a0 el \u00a0 \u00a0 Juzgado \u00a0 \u00a01\u00ba \u00a0 \u00a0Penal \u00a0 \u00a0del \u00a0Circuito \u00a0Especializado con \u00a0funciones \u00a0de \u00a0conocimiento de Bucaramanga \u00a0convoc\u00f3 \u00a0a \u00a0las \u00a0 partes \u00a0 e \u00a0 intervinientes \u00a0 para \u00a0 celebrar \u00a0 la \u00a0respectiva \u00a0 \u00a0audiencia \u00a0 \u00a0de \u00a0 formulaci\u00f3n \u00a0 de \u00a0acusaci\u00f3n. \u00a0\u00a0<\/p>\n<p>El pasado 23 de noviembre, una vez instalada \u00a0la \u00a0audiencia \u00a0referida, \u00a0la defensa impugn\u00f3 la competencia del mencionado Juez \u00a0Penal \u00a0 del \u00a0 Circuito \u00a0 Especializado \u00a0para \u00a0adelantar \u00a0el \u00a0juzgamiento \u00a0de \u00a0su \u00a0representado, \u00a0 arguyendo \u00a0 que \u00a0 \u00e9ste \u00a0carece \u00a0de \u00a0los \u00a0factores \u00a0funcional \u00a0y \u00a0territorial, \u00a0toda \u00a0vez \u00a0que \u00a0se trata de una conducta punible de competencia de \u00a0los \u00a0Jueces \u00a0Penales \u00a0del \u00a0Circuito \u00a0(homicidio \u00a0agravado), la cual, conforme al \u00a0escrito \u00a0 de \u00a0 acusaci\u00f3n, \u00a0tuvo \u00a0ocurrencia \u00a0en \u00a0\u00abel \u00a0municipio \u00a0 \u00a0 de \u00a0 \u00a0 San \u00a0 \u00a0 Pablo \u00a0 \u00a0 (Bol\u00edvar)4\u00bb. \u00a0\u00a0<\/p>\n<p>Con \u00a0 fundamento \u00a0 en \u00a0 lo \u00a0anterior, \u00a0las \u00a0diligencias \u00a0fueron \u00a0remitidas a esta Colegiatura para que se pronuncie sobre el \u00a0particular, \u00a0 dado \u00a0 que \u00a0se \u00a0encuentran \u00a0involucrados \u00a0juzgados \u00a0de \u00a0diferentes \u00a0distritos. \u00a0\u00a0<\/p>\n<p>CONSIDERACIONES \u00a0<\/p>\n<p>La Corporaci\u00f3n es competente para conocer de \u00a0este \u00a0asunto, habida cuenta que el numeral 4\u00ba del art\u00edculo 32 de la Ley 906 de \u00a02004 \u00a0 le \u00a0 asigna \u00a0 el \u00a0 conocimiento \u00a0\u00abde \u00a0la definici\u00f3n de competencia cuando se trate de (\u2026) juzgados \u00a0de \u00a0diferentes \u00a0distritos\u00bb, \u00a0como ocurre en este caso \u00a0que involucra despachos de Bucaramanga y Cartagena. \u00a0\u00a0<\/p>\n<p>Relevante resulta precisar que la acusaci\u00f3n \u00a0constituye \u00a0el \u00a0marco \u00a0f\u00e1ctico \u00a0y jur\u00eddico dentro del cual se desarrollar\u00e1 el \u00a0debate \u00a0en \u00a0la fase de juzgamiento, raz\u00f3n por la que es \u00e9sta pieza procesal la \u00a0llamada \u00a0a \u00a0servir \u00a0de \u00a0fundamento para determinar el juez a cargo de quien debe \u00a0quedar \u00a0 la \u00a0 tramitaci\u00f3n \u00a0 de \u00a0 dicha \u00a0 etapa \u00a0 de \u00a0la \u00a0actuaci\u00f3n5. \u00a0\u00a0<\/p>\n<p>Una \u00a0vez \u00a0acotado \u00a0lo \u00a0anterior, \u00a0se \u00a0puede \u00a0concluir \u00a0que \u00a0en \u00a0el presente caso ning\u00fan reparo formal merece la impugnaci\u00f3n \u00a0de \u00a0competencia \u00a0realizada \u00a0por \u00a0la \u00a0defensa \u00a0al Juez Primero Penal del Circuito \u00a0Especializado \u00a0 de \u00a0Bucaramanga, \u00a0pues \u00a0le \u00a0asiste \u00a0raz\u00f3n \u00a0en \u00a0se\u00f1alarlo \u00a0como \u00a0incompetente \u00a0 \u00a0 para \u00a0 \u00a0 adelantar \u00a0 \u00a0 el \u00a0 \u00a0juzgamiento \u00a0 \u00a0de \u00a0 \u00a0JUAN \u00a0 \u00a0 \u00a0 \u00a0 \u00a0 \u00a0 \u00a0MANUEL \u00a0 MIRANDA \u00a0ARRIETA, \u00a0 \u00a0toda \u00a0 \u00a0vez \u00a0 que \u00a0 la \u00a0 conducta \u00a0 punible \u00a0 de \u00a0 homicidio \u00a0por \u00a0la \u00a0que \u00a0fue acusado en la \u00a0presente \u00a0actuaci\u00f3n \u00a0no \u00a0est\u00e1 \u00a0enlistada \u00a0en \u00a0el art\u00edculo 35 de la Ley 906 de \u00a02004, \u00a0precepto \u00a0en \u00a0el \u00a0que \u00a0se \u00a0enuncian los delitos de que conocen los Jueces \u00a0Penales \u00a0del \u00a0Circuito \u00a0Especializado; \u00a0por \u00a0consiguiente, \u00a0tal \u00a0punible \u00a0es \u00a0de \u00a0competencia \u00a0de \u00a0los \u00a0Jueces Penales del Circuito, conforme lo prev\u00e9 el numeral \u00a02\u00ba \u00a0del \u00a0art\u00edculo \u00a036 \u00a0del \u00a0mismo \u00a0compendio \u00a0normativo; as\u00ed como, que en los \u00a0t\u00e9rminos \u00a0en \u00a0que fueron rese\u00f1ados los sucesos f\u00e1cticos objeto de la presente \u00a0investigaci\u00f3n \u00a0en \u00a0el \u00a0escrito \u00a0de \u00a0acusaci\u00f3n, \u00a0se \u00a0evidencia con claridad que \u00a0tuvieron \u00a0 lugar \u00a0 en \u00a0el \u00a0municipio \u00a0de \u00a0\u00abSan \u00a0Pablo \u00a0(Bol\u00edvar)\u00bb, \u00a0ente \u00a0territorial perteneciente al circuito judicial de Simit\u00ed y al \u00a0distrito judicial de Cartagena. \u00a0\u00a0<\/p>\n<p>As\u00ed, las cosas, f\u00e1cil resulta concluir que \u00a0la \u00a0competencia de este asunto es del Juzgado Promiscuo del Circuito de Simit\u00ed, \u00a0por \u00a0ser \u00a0la autoridad competente m\u00e1s pr\u00f3xima al lugar donde se desarroll\u00f3 el \u00a0comportamiento \u00a0delictivo \u00a0que es ahora objeto de juzgamiento, conforme la regla \u00a0de \u00a0asignaci\u00f3n \u00a0de \u00a0competencia \u00a0prevista \u00a0en \u00a0el art\u00edculo 43 de la Ley 906 de \u00a02004. \u00a0\u00a0<\/p>\n<p>En \u00a0consecuencia, \u00a0se \u00a0ordenar\u00e1 \u00a0el \u00a0env\u00edo \u00a0inmediato \u00a0de \u00a0la \u00a0presente actuaci\u00f3n al centro de servicios administrativos de \u00a0esos \u00a0 juzgados, \u00a0 en \u00a0 orden \u00a0 a \u00a0 que \u00a0 se \u00a0 realice \u00a0 su \u00a0reparto. \u00a0\u00a0<\/p>\n<p>En \u00a0m\u00e9rito \u00a0de \u00a0lo \u00a0expuesto, \u00a0la \u00a0Sala \u00a0de \u00a0Casaci\u00f3n Penal de la Corte Suprema de Justicia, \u00a0\u00a0<\/p>\n<p>RESUELVE \u00a0<\/p>\n<p>DECLARAR \u00a0que \u00a0la \u00a0competencia \u00a0 para \u00a0 conocer \u00a0de \u00a0la \u00a0actuaci\u00f3n \u00a0seguida \u00a0contra \u00a0JUAN \u00a0 \u00a0 \u00a0 \u00a0 \u00a0 \u00a0 \u00a0MANUEL \u00a0 MIRANDA \u00a0ARRIETA, \u00a0acusado del delito de homicidio, corresponde al Juzgado Promiscuo \u00a0del \u00a0Circuito \u00a0de \u00a0Simit\u00ed \u00a0(Bolivar), \u00a0al \u00a0cual \u00a0se \u00a0enviar\u00e1 \u00a0de inmediato las \u00a0presentes diligencias para que se realice el tr\u00e1mite pertinente. \u00a0\u00a0<\/p>\n<p>COMUNICAR \u00a0 lo \u00a0decidido a las partes e intervinientes en este tr\u00e1mite judicial. \u00a0\u00a0<\/p>\n<p>Contra \u00a0esta \u00a0decisi\u00f3n \u00a0no \u00a0procede ning\u00fan \u00a0recurso. \u00a0\u00a0<\/p>\n<p>C\u00f3piese y c\u00famplase, \u00a0<\/p>\n<p>Gustavo Enrique Malo Fern\u00e1ndez \u00a0<\/p>\n<p>Jos\u00e9 Francisco Acu\u00f1a Vizcaya \u00a0<\/p>\n<p>Jos\u00e9 Luis Barcel\u00f3 Camacho \u00a0<\/p>\n<p>Fernando Alberto Castro Caballero \u00a0<\/p>\n<p>Eugenio Fern\u00e1ndez Carlier \u00a0<\/p>\n<p>Luis Antonio Hern\u00e1ndez Barbosa \u00a0<\/p>\n<p>Eyder Pati\u00f1o Cabrera \u00a0<\/p>\n<p>Patricia Salazar Cu\u00e9llar \u00a0<\/p>\n<p>Luis Guillermo Salazar Otero \u00a0<\/p>\n<p>Nubia \u00a0Yolanda \u00a0Nova Garc\u00eda \u00a0\u00a0<\/p>\n<p>Secretaria \u00a0<\/p>\n<p>\u00a0 \u00a0\u00a0<\/p>\n<p>1 \u00a0Conforme \u00a0lo \u00a0precis\u00f3 el representante de la Fiscal\u00eda General de la Naci\u00f3n en \u00a0la \u00a0audiencia \u00a0de \u00a0formulaci\u00f3n \u00a0de \u00a0acusaci\u00f3n \u00a0que \u00a0se \u00a0llev\u00f3 a cabo el 23 de \u00a0noviembre de 2016, minuto 7:24 del registro audio. \u00a0\u00a0<\/p>\n<p>2 Folio \u00a070 \u00a0\u00a0<\/p>\n<p>3 \u00a0Folios 53 y siguientes. \u00a0\u00a0<\/p>\n<p>4 Folio \u00a0252. \u00a0\u00a0<\/p>\n<p>5 En el \u00a0mismo \u00a0sentido, \u00a0CSJ \u00a0SC, \u00a0AP \u00a06 \u00a0de \u00a0octubre \u00a0de \u00a02004 y 10 de febrero de 2010, \u00a0radicaciones n\u00fameros 22738 y 33474, respectivamente. \u00a0 \u00a0\u00a0<\/p>\n<p><\/p>\n","protected":false},"excerpt":{"rendered":"<p>\u00a0 \u00a0 \u00a0\u00a0 CORTE SUPREMA DE JUSTICIA \u00a0 SALA DE CASACI\u00d3N PENAL \u00a0 Magistrado Ponente \u00a0 FERNANDO ALBERTO CASTRO CABALLERO \u00a0 AP8445-2016 \u00a0 Radicaci\u00f3n N\u00ba 49387 \u00a0 Aprobado mediante Acta No. 393 \u00a0 Bogot\u00e1, D.C., cinco (05) de diciembre de dos \u00a0mil diecis\u00e9is (2016). \u00a0\u00a0 ASUNTO \u00a0 La Sala define la competencia para conocer de [&hellip;]<\/p>\n","protected":false},"author":1,"featured_media":0,"comment_status":"open","ping_status":"open","sticky":false,"template":"","format":"standard","meta":{"footnotes":""},"categories":[25],"tags":[],"class_list":["post-34005","post","type-post","status-publish","format-standard","hentry","category-25"],"_links":{"self":[{"href":"https:\/\/dmsjuridica.com\/buscador_20179478954\/salapenalcronologico20230723\/wp-json\/wp\/v2\/posts\/34005","targetHints":{"allow":["GET"]}}],"collection":[{"href":"https:\/\/dmsjuridica.com\/buscador_20179478954\/salapenalcronologico20230723\/wp-json\/wp\/v2\/posts"}],"about":[{"href":"https:\/\/dmsjuridica.com\/buscador_20179478954\/salapenalcronologico20230723\/wp-json\/wp\/v2\/types\/post"}],"author":[{"embeddable":true,"href":"https:\/\/dmsjuridica.com\/buscador_20179478954\/salapenalcronologico20230723\/wp-json\/wp\/v2\/users\/1"}],"replies":[{"embeddable":true,"href":"https:\/\/dmsjuridica.com\/buscador_20179478954\/salapenalcronologico20230723\/wp-json\/wp\/v2\/comments?post=34005"}],"version-history":[{"count":0,"href":"https:\/\/dmsjuridica.com\/buscador_20179478954\/salapenalcronologico20230723\/wp-json\/wp\/v2\/posts\/34005\/revisions"}],"wp:attachment":[{"href":"https:\/\/dmsjuridica.com\/buscador_20179478954\/salapenalcronologico20230723\/wp-json\/wp\/v2\/media?parent=34005"}],"wp:term":[{"taxonomy":"category","embeddable":true,"href":"https:\/\/dmsjuridica.com\/buscador_20179478954\/salapenalcronologico20230723\/wp-json\/wp\/v2\/categories?post=34005"},{"taxonomy":"post_tag","embeddable":true,"href":"https:\/\/dmsjuridica.com\/buscador_20179478954\/salapenalcronologico20230723\/wp-json\/wp\/v2\/tags?post=34005"}],"curies":[{"name":"wp","href":"https:\/\/api.w.org\/{rel}","templated":true}]}}