{"id":33889,"date":"2023-09-13T19:42:46","date_gmt":"2023-09-13T19:42:46","guid":{"rendered":"https:\/\/dmsjuridica.com\/buscador_20179478954\/salapenalcronologico20230723\/2023\/09\/13\/ap7850-201649216\/"},"modified":"2023-09-13T19:42:46","modified_gmt":"2023-09-13T19:42:46","slug":"ap7850-201649216","status":"publish","type":"post","link":"https:\/\/dmsjuridica.com\/buscador_20179478954\/salapenalcronologico20230723\/2023\/09\/13\/ap7850-201649216\/","title":{"rendered":"AP7850-2016(49216)"},"content":{"rendered":"\n<p>\u00a0 \u00a0 JOS\u00c9 LUIS BARCEL\u00d3 CAMACHO \u00a0<\/p>\n<p>Magistrado Ponente \u00a0<\/p>\n<p>AP7850-2016 \u00a0<\/p>\n<p>Radicaci\u00f3n N\u00b0 49.216 \u00a0<\/p>\n<p>Aprobado acta N\u00b0 360 \u00a0<\/p>\n<p>Bogot\u00e1, \u00a0D. C., diecis\u00e9is (16) de noviembre \u00a0de dos mil diecis\u00e9is (2016). \u00a0\u00a0<\/p>\n<p>ASUNTO \u00a0<\/p>\n<p>La Sala define la competencia para adelantar \u00a0el \u00a0juicio \u00a0a \u00a0JHON \u00a0ANDR\u00c9S ARIZA GARZ\u00d3N, \u00a0respecto \u00a0de \u00a0quien \u00a0la \u00a0Fiscal\u00eda 317 Local de Bogot\u00e1 present\u00f3 \u00a0escrito \u00a0 \u00a0de \u00a0 \u00a0acusaci\u00f3n \u00a0 \u00a0como \u00a0 \u00a0autor \u00a0 \u00a0de \u00a0 \u00a0violencia \u00a0 \u00a0intrafamiliar \u00a0agravada. \u00a0\u00a0<\/p>\n<p>ANTECEDENTES \u00a0<\/p>\n<p>1. \u00a0El \u00a019 de marzo de 2014, ante el Juzgado \u00a0Cincuenta \u00a0y \u00a0Cuatro \u00a0Penal \u00a0Municipal \u00a0con funci\u00f3n de control de garant\u00edas de \u00a0Bogot\u00e1, \u00a0 la \u00a0Fiscal\u00eda \u00a0147 \u00a0Local \u00a0le \u00a0formul\u00f3 \u00a0imputaci\u00f3n \u00a0a \u00a0JHON \u00a0ANDR\u00c9S \u00a0ARIZA \u00a0GARZ\u00d3N como autor de \u00a0violencia \u00a0 intrafamiliar \u00a0 agravada. \u00a0 El \u00a0 imputado \u00a0 no \u00a0acept\u00f3 \u00a0los \u00a0cargos \u00a0enrostrados. \u00a0\u00a0<\/p>\n<p>2. \u00a0El \u00a027 \u00a0de \u00a0marzo \u00a0del \u00a0mismo \u00a0a\u00f1o, \u00a0la \u00a0Fiscal\u00eda \u00a0317 Local radic\u00f3 escrito de acusaci\u00f3n que correspondi\u00f3 por reparto \u00a0al \u00a0Juzgado \u00a0Veinticuatro \u00a0Penal \u00a0Municipal \u00a0con \u00a0funci\u00f3n \u00a0de \u00a0conocimiento \u00a0de \u00a0Bogot\u00e1. \u00a0\u00a0<\/p>\n<p>3. \u00a0Durante \u00a0la audiencia de formulaci\u00f3n de \u00a0acusaci\u00f3n, \u00a0iniciada \u00a0el \u00a017 \u00a0de \u00a0junio de 2015, la juzgadora le solicit\u00f3 a la \u00a0Fiscal \u00a0 que \u00a0 aclarara \u00a0 el \u00a0 lugar \u00a0de \u00a0ocurrencia \u00a0de \u00a0los \u00a0hechos. \u00a0Ante \u00a0la \u00a0manifestaci\u00f3n \u00a0de \u00a0la \u00a0acusadora \u00a0en \u00a0el sentido que hab\u00edan acaecido en Soacha \u00a0(Cundinamarca), \u00a0 la \u00a0titular \u00a0del \u00a0juzgado \u00a0de \u00a0conocimiento \u00a0se \u00a0declar\u00f3 \u00a0sin \u00a0competencia \u00a0para adelantar el juicio y orden\u00f3 que la actuaci\u00f3n fuera remitida \u00a0al \u00a0 Centro \u00a0 de \u00a0 Servicios \u00a0Judiciales \u00a0de \u00a0la \u00a0poblaci\u00f3n \u00a0vecina. \u00a0\u00a0<\/p>\n<p>4. \u00a0 En \u00a0 la \u00a0 localidad \u00a0 cundinamarquesa \u00a0precitada, \u00a0la \u00a0carpeta fue \u00a0asignada \u00a0al \u00a0Juzgado \u00a0Cuarto \u00a0Penal \u00a0Municipal, ante el cual el acusado radic\u00f3 \u00a0memorial \u00a0 por \u00a0medio \u00a0del \u00a0cual \u00a0expres\u00f3: \u00a0\u201c(\u2026) \u00a0informo \u00a0(\u2026) \u00a0que \u00a0este \u00a0proceso \u00a0corresponde \u00a0a Bogot\u00e1 por cuanto los hechos \u00a0fueron \u00a0en \u00a0Bogot\u00e1 y no en Soacha por esto mismo solicito el traslado de este a \u00a0Bogot\u00e1\u201d. \u00a0La \u00a0juzgadora accedi\u00f3 a ello y devolvi\u00f3 \u00a0las diligencias. \u00a0\u00a0<\/p>\n<p>5. \u00a0El \u00a02 \u00a0de \u00a0los corrientes la titular del \u00a0Juzgado \u00a0Veinticuatro \u00a0Penal \u00a0Municipal con funciones de conocimiento de Bogot\u00e1 \u00a0se \u00a0 pronunci\u00f3 \u00a0 por \u00a0 escrito \u00a0en \u00a0el \u00a0sentido \u00a0de \u00a0indicar \u00a0que \u00a0\u201c(\u2026) \u00a0no \u00a0acepta los argumentos expuestos por el Juzgado Cuarto \u00a0Penal \u00a0Municipal \u00a0de \u00a0conocimiento \u00a0de \u00a0Soacha (\u2026) en atenci\u00f3n a que (\u2026) el \u00a0aspecto \u00a0f\u00e1ctico, que en este caso est\u00e1 indicado en forma clara y concreta por \u00a0la \u00a0Fiscal\u00eda \u00a0Delegada \u00a0(\u2026) \u00a0se\u00f1ala \u00a0(\u2026) \u00a0que el suceso ocurri\u00f3 en Soacha \u00a0(\u2026)\u201d. \u00a0Por ende, orden\u00f3 el env\u00edo de la carpeta a \u00a0la Corte, para efectos de definici\u00f3n de competencia. \u00a0\u00a0<\/p>\n<p>CONSIDERACIONES DE LA CORTE \u00a0<\/p>\n<p>1. \u00a0La \u00a0s\u00edntesis que antecede evidencia que \u00a0tanto \u00a0 \u00a0el \u00a0 \u00a0Juzgado \u00a0 \u00a0Veinticuatro \u00a0 \u00a0Penal \u00a0 \u00a0Municipal \u00a0 de \u00a0 Bogot\u00e1 \u00a0como el Cuarto Penal Municipal de \u00a0Soacha se niegan a adelantar \u00a0el \u00a0juicio \u00a0a \u00a0JHON \u00a0ANDR\u00c9S ARIZA GARZ\u00d3N, \u00a0por \u00a0estimar \u00a0cada \u00a0uno \u00a0de \u00a0ellos \u00a0que \u00a0los \u00a0hechos \u2013 que seg\u00fan el \u00f3rgano de persecuci\u00f3n \u00a0penal \u00a0 son \u00a0constitutivos \u00a0de \u00a0violencia \u00a0intrafamiliar \u00a0agravada \u00a0\u2013 \u00a0 no \u00a0acaecieron \u00a0en \u00a0su \u00a0respectivo \u00a0\u00e1mbito territorial de competencia. \u00a0\u00a0<\/p>\n<p>En \u00a0consecuencia, \u00a0corresponde \u00a0a \u00a0la \u00a0Sala \u00a0decidir, \u00a0 pues \u00a0el \u00a0art\u00edculo \u00a032-4 \u00a0de \u00a0la \u00a0Ley \u00a0906 \u00a0de \u00a02004 \u00a0le \u00a0asigna \u00a0el \u00a0conocimiento: \u00a0\u201cDe \u00a0la \u00a0definici\u00f3n \u00a0de competencia \u00a0cuando \u00a0se \u00a0trate \u00a0de \u00a0(\u2026) \u00a0juzgados \u00a0de \u00a0diferentes \u00a0distritos\u201d, \u00a0como \u00a0acontece en este caso, en donde est\u00e1n involucrados, de una \u00a0parte, \u00a0 un \u00a0 juzgado \u00a0 del \u00a0 distrito \u00a0 judicial \u00a0de \u00a0Bogot\u00e1 \u00a0 y, \u00a0 de \u00a0 otra, \u00a0 uno \u00a0 del \u00a0 distrito \u00a0 \u00a0 \u00a0 \u00a0 judicial \u00a0 \u00a0 \u00a0 \u00a0 de \u00a0 \u00a0 \u00a0 \u00a0Cundinamarca. \u00a0\u00a0<\/p>\n<p>2. \u00a0De conformidad con el art\u00edculo 54 de la \u00a0Ley \u00a0906 \u00a0de \u00a02004, \u00a0si el funcionario judicial ante quien se haya presentado la \u00a0acusaci\u00f3n \u00a0 \u00a0 considera \u00a0 \u00a0 que \u00a0 \u00a0carece \u00a0 \u00a0de \u00a0 \u00a0competencia, \u00a0 \u00a0debe \u00a0manifestarlo \u00a0y \u00a0remitir \u00a0el \u00a0asunto \u00a0inmediatamente al superior a \u00a0quien \u00a0 \u00a0corresponda \u00a0 \u00a0definirla \u00a0 \u00a0\u2013no \u00a0 \u00a0 al \u00a0 \u00a0 hom\u00f3logo\u2013, para que el asunto sea resuelto de manera expedita. \u00a0\u00a0<\/p>\n<p>No \u00a0fue lo que aconteci\u00f3 en este asunto, ya \u00a0que \u00a0los \u00a0juzgadores, \u00a0en \u00a0lugar \u00a0de \u00a0seguir \u00a0el \u00a0derrotero marcado por la ley e \u00a0imprimirle \u00a0agilidad \u00a0al \u00a0tr\u00e1mite, \u00a0se \u00a0dedicaron \u00a0a \u00a0remitirse \u00a0mutuamente \u00a0el \u00a0expediente, hasta trabar un \u00a0conflicto, a la manera de lo \u00a0previsto \u00a0en \u00a0la \u00a0Ley \u00a0600 \u00a0de 2000, generando as\u00ed la dilaci\u00f3n del proceso, al \u00a0punto \u00a0que \u00a0ya \u00a0ha \u00a0transcurrido \u00a0m\u00e1s de un (1) a\u00f1o desde la iniciaci\u00f3n de la \u00a0audiencia \u00a0de \u00a0formulaci\u00f3n \u00a0de \u00a0acusaci\u00f3n \u00a0sin \u00a0que \u00a0la \u00a0misma haya podido ser \u00a0culminada. \u00a0\u00a0<\/p>\n<p>3. \u00a0El \u00a0factor \u00a0que origina la discusi\u00f3n es \u00a0exclusivamente \u00a0el \u00a0territorial, sobre el que el inciso primero del art\u00edculo 43 \u00a0de \u00a0la \u00a0Ley \u00a0906 \u00a0de 2004 precept\u00faa: \u201cEs competente \u00a0para \u00a0 conocer \u00a0 del \u00a0 juzgamiento \u00a0 el \u00a0 juez \u00a0 del \u00a0lugar \u00a0donde \u00a0ocurri\u00f3 \u00a0el \u00a0delito\u201d. \u00a0\u00a0<\/p>\n<p>4. \u00a0Seg\u00fan \u00a0el \u00a0art\u00edculo \u00a0229 \u00a0del \u00a0C\u00f3digo \u00a0Penal, incurre en violencia \u00a0intrafamiliar \u00a0el que maltrate \u00a0f\u00edsica \u00a0o psicol\u00f3gicamente a cualquier miembro de su n\u00facleo familiar, siempre \u00a0que la conducta no constituya delito sancionado con pena mayor. \u00a0\u00a0<\/p>\n<p>En ese orden de ideas, la competencia por el \u00a0factor \u00a0territorial \u00a0est\u00e1 \u00a0determinada \u00a0por \u00a0el lugar \u00a0donde \u00a0se \u00a0haya \u00a0producido \u00a0el \u00a0maltrato, \u00a0 f\u00edsico \u00a0 o \u00a0psicol\u00f3gico, atribuido por la Fiscal\u00eda al acusado. \u00a0\u00a0<\/p>\n<p>5. \u00a0En \u00a0t\u00e9rminos \u00a0generales, \u00a0el \u00a0marco \u00a0de \u00a0referencia \u00a0para \u00a0determinar \u00a0el \u00a0lugar \u00a0de \u00a0ocurrencia \u00a0de \u00a0la \u00a0infracci\u00f3n \u00a0lo \u00a0suministra \u00a0 el \u00a0 escrito \u00a0 de \u00a0 acusaci\u00f3n, \u00a0 que \u00a0en \u00a0este \u00a0evento, \u00a0 \u00a0 \u00a0 al \u00a0 \u00a0 \u00a0respecto, reza: \u00a0\u00a0<\/p>\n<p>LOS \u00a0HECHOS \u00a0OCURRIERON EL D\u00cdA 17 DE ENERO \u00a0DEL \u00a02014, \u00a0EN \u00a0LA \u00a0CARRERA \u00a04 ESTE N\u00b0 39-91 APARTAMENTO 470 CONJUNTO C\u00c1MBULOS \u00a0BARRIO \u00a0QUINTANARES, \u00a0APROXIMADAMENTE \u00a0A \u00a0LAS \u00a013:00 \u00a0HORAS, \u00a0JHON ANDR\u00c9S ARIZA \u00a0GARZ\u00d3N, \u00a0POR \u00a0S\u00cd \u00a0MISMO \u00a0MALTRAT\u00d3 \u00a0F\u00cdSICAMENTE \u00a0A \u00a0LA \u00a0SE\u00d1ORA \u00a0ANA \u00a0VIVIANA \u00a0AVENDA\u00d1O \u00a0GARC\u00cdA, \u00a0LE \u00a0DIO \u00a0GOLPES CONTRA LAS PAREDES, LE HAL\u00d3 EL CABELLO, LA \u00a0ARRASTR\u00d3, \u00a0 LA \u00a0 GOLPI\u00d3 \u00a0 (SIC) \u00a0 CON \u00a0 LOS \u00a0 PIES \u00a0 EN \u00a0LAS \u00a0PIERNAS, \u00a0EN \u00a0LA \u00a0ESPALDA. \u00a0\u00a0<\/p>\n<p>La \u00a0direcci\u00f3n \u00a0mencionada \u00a0corresponde \u00a0al \u00a0domicilio \u00a0 de \u00a0la \u00a0v\u00edctima \u00a0y \u00a0\u00e9sta, \u00a0en \u00a0la \u00a0audiencia \u00a0de \u00a0formulaci\u00f3n \u00a0de \u00a0imputaci\u00f3n, \u00a0al \u00a0hacer \u00a0su \u00a0presentaci\u00f3n \u00a0y \u00a0suministrar \u00a0sus datos personales \u00a0(r\u00e9cord \u00a003:26 a 03:39), precis\u00f3 que la nomenclatura pertenece al municipio de \u00a0Soacha (Cundinamarca). \u00a0\u00a0<\/p>\n<p>Empero, \u00a0como \u00a0ya se vi\u00f3, la otra parte, es \u00a0decir, \u00a0el \u00a0acusado \u00a0afirma \u00a0que \u00a0los \u00a0hechos \u00a0no \u00a0ocurrieron \u00a0en Soacha sino en \u00a0Bogot\u00e1. \u00a0\u00a0<\/p>\n<p>A \u00a0fin \u00a0de resolver este t\u00f3pico, resulta de \u00a0utilidad \u00a0acudir \u00a0a \u00a0la audiencia de formulaci\u00f3n de imputaci\u00f3n, en el curso de \u00a0la \u00a0 cual, \u00a0 durante \u00a0 su \u00a0intervenci\u00f3n, \u00a0la \u00a0se\u00f1ora \u00a0Fiscal \u00a0recurri\u00f3 a la lectura de la noticia criminal \u00a0presentada \u00a0por Ana Viviana Avenda\u00f1o Garc\u00eda. Seg\u00fan registra el audio (r\u00e9cord \u00a008:48 \u00a0a \u00a009:10), \u00a0en \u00a0la \u00a0denuncia \u00a0la \u00a0se\u00f1ora \u00a0Avenda\u00f1o \u00a0Garc\u00eda \u00a0expuso que \u00a0los \u00a0hechos \u00a0ocurrieron \u00a0en \u00a0la calle 22 J N\u00b0 107-72, \u00a0localidad \u00a0 \u00a0Fontib\u00f3n \u00a0 \u00a0de \u00a0 \u00a0la \u00a0 \u00a0capital \u00a0 de \u00a0 la \u00a0 Rep\u00fablica, \u00a0 sitio \u00a0que \u00a0corresponde a la residencia del acusado. \u00a0\u00a0<\/p>\n<p>Por \u00a0 \u00a0 consiguiente, \u00a0 \u00a0 con \u00a0 \u00a0 ese \u00a0fundamento, se definir\u00e1 la \u00a0competencia \u00a0asignando el conocimiento del proceso al Juzgado Veinticuatro Penal \u00a0Municipal con funci\u00f3n de conocimiento de Bogot\u00e1. \u00a0\u00a0<\/p>\n<p>En \u00a0m\u00e9rito de lo expuesto, la CORTE SUPREMA \u00a0DE JUSTICIA, Sala de Casaci\u00f3n Penal, \u00a0\u00a0<\/p>\n<p>RESUELVE \u00a0<\/p>\n<p>Declarar \u00a0que \u00a0la \u00a0competencia \u00a0para \u00a0conocer \u00a0del \u00a0proceso seguido a JHON \u00a0ANDR\u00c9S \u00a0ARIZA \u00a0GARZ\u00d3N \u00a0por \u00a0violencia \u00a0intrafamiliar \u00a0agravada \u00a0corresponde \u00a0al \u00a0Juzgado \u00a0Veinticuatro \u00a0Penal \u00a0Municipal \u00a0de \u00a0Bogot\u00e1, \u00a0despacho al que se remitir\u00e1n las diligencias. \u00a0\u00a0<\/p>\n<p>Contra \u00a0esta \u00a0decisi\u00f3n \u00a0no \u00a0procede ning\u00fan \u00a0recurso. \u00a0\u00a0<\/p>\n<p>Comun\u00edquese y c\u00famplase \u00a0<\/p>\n<p>GUSTAVO ENRIQUE MALO FERN\u00c1NDEZ \u00a0<\/p>\n<p>JOS\u00c9 FRANCISCO ACU\u00d1A VIZCAYA \u00a0<\/p>\n<p>JOS\u00c9 LUIS BARCEL\u00d3 CAMACHO \u00a0<\/p>\n<p>FERNANDO ALBERTO CASTRO CABALLERO \u00a0<\/p>\n<p>EUGENIO FERN\u00c1NDEZ CARLIER \u00a0<\/p>\n<p>LUIS ANTONIO HERN\u00c1NDEZ BARBOSA \u00a0<\/p>\n<p>EYDER PATI\u00d1O CABRERA \u00a0<\/p>\n<p>PATRICIA SALAZAR CU\u00c9LLAR \u00a0<\/p>\n<p>LUIS GUILLERMO SALAZAR OTERO \u00a0<\/p>\n<p>NUBIA YOLANDA NOVA GARC\u00cdA \u00a0<\/p>\n<p>Secretaria \u00a0 \u00a0<\/p>\n<p><\/p>\n","protected":false},"excerpt":{"rendered":"<p>\u00a0 \u00a0 JOS\u00c9 LUIS BARCEL\u00d3 CAMACHO \u00a0 Magistrado Ponente \u00a0 AP7850-2016 \u00a0 Radicaci\u00f3n N\u00b0 49.216 \u00a0 Aprobado acta N\u00b0 360 \u00a0 Bogot\u00e1, \u00a0D. C., diecis\u00e9is (16) de noviembre \u00a0de dos mil diecis\u00e9is (2016). \u00a0\u00a0 ASUNTO \u00a0 La Sala define la competencia para adelantar \u00a0el \u00a0juicio \u00a0a \u00a0JHON \u00a0ANDR\u00c9S ARIZA GARZ\u00d3N, \u00a0respecto \u00a0de \u00a0quien \u00a0la \u00a0Fiscal\u00eda [&hellip;]<\/p>\n","protected":false},"author":1,"featured_media":0,"comment_status":"open","ping_status":"open","sticky":false,"template":"","format":"standard","meta":{"footnotes":""},"categories":[25],"tags":[],"class_list":["post-33889","post","type-post","status-publish","format-standard","hentry","category-25"],"_links":{"self":[{"href":"https:\/\/dmsjuridica.com\/buscador_20179478954\/salapenalcronologico20230723\/wp-json\/wp\/v2\/posts\/33889","targetHints":{"allow":["GET"]}}],"collection":[{"href":"https:\/\/dmsjuridica.com\/buscador_20179478954\/salapenalcronologico20230723\/wp-json\/wp\/v2\/posts"}],"about":[{"href":"https:\/\/dmsjuridica.com\/buscador_20179478954\/salapenalcronologico20230723\/wp-json\/wp\/v2\/types\/post"}],"author":[{"embeddable":true,"href":"https:\/\/dmsjuridica.com\/buscador_20179478954\/salapenalcronologico20230723\/wp-json\/wp\/v2\/users\/1"}],"replies":[{"embeddable":true,"href":"https:\/\/dmsjuridica.com\/buscador_20179478954\/salapenalcronologico20230723\/wp-json\/wp\/v2\/comments?post=33889"}],"version-history":[{"count":0,"href":"https:\/\/dmsjuridica.com\/buscador_20179478954\/salapenalcronologico20230723\/wp-json\/wp\/v2\/posts\/33889\/revisions"}],"wp:attachment":[{"href":"https:\/\/dmsjuridica.com\/buscador_20179478954\/salapenalcronologico20230723\/wp-json\/wp\/v2\/media?parent=33889"}],"wp:term":[{"taxonomy":"category","embeddable":true,"href":"https:\/\/dmsjuridica.com\/buscador_20179478954\/salapenalcronologico20230723\/wp-json\/wp\/v2\/categories?post=33889"},{"taxonomy":"post_tag","embeddable":true,"href":"https:\/\/dmsjuridica.com\/buscador_20179478954\/salapenalcronologico20230723\/wp-json\/wp\/v2\/tags?post=33889"}],"curies":[{"name":"wp","href":"https:\/\/api.w.org\/{rel}","templated":true}]}}