{"id":33876,"date":"2023-09-13T19:42:45","date_gmt":"2023-09-13T19:42:45","guid":{"rendered":"https:\/\/dmsjuridica.com\/buscador_20179478954\/salapenalcronologico20230723\/2023\/09\/13\/ap7753-201649201\/"},"modified":"2023-09-13T19:42:45","modified_gmt":"2023-09-13T19:42:45","slug":"ap7753-201649201","status":"publish","type":"post","link":"https:\/\/dmsjuridica.com\/buscador_20179478954\/salapenalcronologico20230723\/2023\/09\/13\/ap7753-201649201\/","title":{"rendered":"AP7753-2016(49201)"},"content":{"rendered":"\n<p>\u00a0 \u00a0 CORTE SUPREMA DE JUSTICIA \u00a0<\/p>\n<p>SALA DE CASACI\u00d3N PENAL \u00a0<\/p>\n<p>Eyder \u00a0 \u00a0Pati\u00f1o \u00a0Cabrera \u00a0\u00a0<\/p>\n<p>MAGISTRADO \u00a0PONENTE \u00a0\u00a0<\/p>\n<p>AP7753-2016 \u00a0\u00a0<\/p>\n<p>Radicaci\u00f3n \u00a0 \u00a0No. \u00a049201 \u00a0\u00a0<\/p>\n<p>(Aprobado acta N\u00ba \u00a0353) \u00a0\u00a0<\/p>\n<p>Bogot\u00e1, D. C., nueve (9) de noviembre de dos \u00a0mil diecis\u00e9is (2016). \u00a0\u00a0<\/p>\n<p>VISTOS \u00a0<\/p>\n<p>Se \u00a0 pronuncia \u00a0la \u00a0Sala \u00a0respecto \u00a0de \u00a0la \u00a0definici\u00f3n \u00a0 \u00a0de \u00a0 \u00a0competencia \u00a0 formulada \u00a0 por \u00a0 el \u00a0 Juzgado \u00a0 Primero de Ejecuci\u00f3n de Penas y Medidas \u00a0de \u00a0 Seguridad \u00a0 de \u00a0 la \u00a0Dorada \u00a0Caldas, \u00a0para \u00a0conocer \u00a0de \u00a0la ejecuci\u00f3n de la \u00a0sanci\u00f3n \u00a0penal \u00a0impuesta \u00a0a \u00a0CARLOS ANDRES \u00a0 \u00a0GONZALEZ \u00a0 \u00a0BELTR\u00c1N \u00a0 por \u00a0 el \u00a0 delito \u00a0de \u00a0homicidio, \u00a0contenida \u00a0 \u00a0en \u00a0 \u00a0la \u00a0 \u00a0sentencia \u00a0 del \u00a0 \u00a0 \u00a0 \u00a0 \u00a0 \u00a0 \u00a021 \u00a0 \u00a0 \u00a0 \u00a0 de \u00a0 \u00a0 \u00a0 \u00a0noviembre \u00a0 de \u00a02011, \u00a0dictada \u00a0por \u00a0el \u00a0Juzgado \u00a0 Penal \u00a0 del \u00a0 Circuito, \u00a0 de \u00a0 esa \u00a0 mismo \u00a0municipio. \u00a0\u00a0<\/p>\n<p>ANTECEDENTES \u00a0<\/p>\n<p>1. \u00a0Contra CARLOS \u00a0ANDRES \u00a0GONZALEZ \u00a0BELTRAN se \u00a0ha \u00a0 dictado \u00a0la \u00a0sentencia \u00a0condenatoria, \u00a0por el delito de homicidio, a la pena \u00a0de \u00a0104 \u00a0meses \u00a0de \u00a0prisi\u00f3n, \u00a0proferida \u00a0por \u00a0el Juzgado Penal del Circuito con \u00a0Funciones \u00a0 de \u00a0 Conocimiento \u00a0 de \u00a0La \u00a0Dorada \u00a0Caldas, \u00a0el 21 de noviembre de 2011. \u00a0\u00a0<\/p>\n<p>2. \u00a0Mediante \u00a0resoluci\u00f3n \u00a0No. \u00a0900-900643 \u00a0del 26 de enero de 2012, El \u00a0INPEC \u00a0traslad\u00f3 al interno \u00a0CARLOS \u00a0ANDRES \u00a0GONZALEZ \u00a0BELTRAN, \u00a0al \u00a0Establecimiento \u00a0penitenciario \u00a0ERON \u00a0de \u00a0Bogot\u00e1. \u00a0\u00a0<\/p>\n<p>3. El Juzgado Primero de Ejecuci\u00f3n de Penas \u00a0y \u00a0Medidas \u00a0de Seguridad de la Dorada Caldas, mediante auto fechado 7 de febrero \u00a0de \u00a0 \u00a0 2012, \u00a0 \u00a0 remiti\u00f3 \u00a0 \u00a0el \u00a0 \u00a0expediente \u00a0 \u00a0a \u00a0 \u00a0los \u00a0 \u00a0Juzgados \u00a0de \u00a0Ejecuci\u00f3n \u00a0de \u00a0Penas y Medida de \u00a0Seguridad Reparto de Bogot\u00e1. \u00a0\u00a0<\/p>\n<p>4. \u00a0 \u00a0 \u00a0 En \u00a0 \u00a0 \u00a0 principio \u00a0conoci\u00f3 \u00a0el \u00a0Juzgado Primero de \u00a0Ejecuci\u00f3n \u00a0de \u00a0Penas \u00a0de \u00a0Bogot\u00e1, quien profiri\u00f3 auto de fecha 18 de abril de \u00a02012, \u00a0y \u00a0dispuso \u00a0enviar las diligencias a \u00a0su homologo \u00a0Segundo \u00a0de \u00a0esa colegiatura, el cual avoc\u00f3 \u00a0conocimiento \u00a0el \u00a027 \u00a0de abril mismo \u00a0a\u00f1o, \u00a0y \u00a0posteriormente \u00a0por \u00a0auto \u00a0de \u00a0sustanciaci\u00f3n \u00a0del \u00a028 de marzo \u00a02014 \u00a0ofici\u00f3 \u00a0al Establecimiento \u00a0Penitenciario \u00a0y Carcelario \u00a0La \u00a0Picota, \u00a0para \u00a0 \u00a0 que \u00a0 \u00a0cuando \u00a0 \u00a0cumpliera \u00a0la pena\u00a0 GONZALEZ \u00a0BELTRAN \u00a0lo \u00a0mantuvieran \u00a0detenido \u00a0para \u00a0 \u00a0 \u00a0que \u00a0 \u00a0 siguiera \u00a0 \u00a0 descontando \u00a0 \u00a0 pena \u00a0 \u00a0 del \u00a0 \u00a0 otro \u00a0 \u00a0 proceso \u00a0(73001310400420500158-01), \u00a0 \u00a0 del \u00a0 \u00a0cual no hay datos adjuntos. \u00a0\u00a0<\/p>\n<p>5. \u00a0El \u00a016 \u00a0de \u00a0septiembre de 2014, el Juzgado Segundo de Ejecuci\u00f3n \u00a0de \u00a0 Penas \u00a0 y \u00a0 Medidas \u00a0 de \u00a0 Seguridad, \u00a0 dispuso \u00a0enviar \u00a0el cartulario al \u00a0Juzgado \u00a0 \u00a0 D\u00e9cimo \u00a0de \u00a0 \u00a0Ejecuci\u00f3n \u00a0 de \u00a0Penas \u00a0 y \u00a0Medidas \u00a0de \u00a0Seguridad\u00a0 \u00a0 de \u00a0 Descongesti\u00f3n \u00a0de \u00a0Bogot\u00e1, \u00a0lo \u00a0 anterior \u00a0 dando \u00a0 cumplimiento \u00a0a \u00a0los\u00a0 \u00a0Acuerdos \u00a0No. \u00a010195 \u00a0y \u00a010206\u00a0 \u00a0del Consejo \u00a0Superior \u00a0 \u00a0de \u00a0 \u00a0la \u00a0Judicatura,\u00a0 \u00a0 \u00a0 \u00a0 este \u00a0 \u00a0 \u00a0despacho \u00a0 dispuso \u00a0 la \u00a0remisi\u00f3n \u00a0del \u00a0expediente \u00a0al Juzgado de \u00a0ejecutor de la Dorada Caldas. \u00a0\u00a0<\/p>\n<p>6. Mediante auto \u00a0interlocutorio \u00a0 \u00a0 \u00a0 \u00a0 \u00a0 \u00a0 \u00a0del \u00a0Juzgado \u00a0Primero de Ejecuci\u00f3n de \u00a0Penas \u00a0de \u00a0la \u00a0Dorada \u00a0Caldas \u00a0No. \u00a01907, \u00a0el 25 de \u00a0octubre \u00a0 de \u00a0 2016, \u00a0 se \u00a0 abstuvo \u00a0de\u00a0 \u00a0avocar \u00a0conocimiento, \u00a0por \u00a0ende, \u00a0acept\u00f3 \u00a0el conflicto de \u00a0competencia \u00a0 \u00a0 negativo \u00a0 \u00a0propuesto \u00a0 \u00a0por \u00a0 \u00a0su \u00a0 hom\u00f3logo de Bogot\u00e1. \u00a0\u00a0<\/p>\n<p>CONSIDERACIONES \u00a0DE LA \u00a0CORTE \u00a0\u00a0<\/p>\n<p>1. La \u00a0Sala \u00a0es \u00a0competente para definir la controversia planteada en \u00a0el \u00a0presente \u00a0asunto, \u00a0de \u00a0acuerdo \u00a0con \u00a0lo previsto \u00a0en\u00a0 \u00a0el \u00a0numeral 4\u00b0 del art\u00edculo 32 de la Ley \u00a0906 \u00a0de \u00a02004, \u00a0toda \u00a0vez \u00a0que \u00a0en \u00a0el \u00a0caso est\u00e1n involucrados dos juzgados de \u00a0diferentes distritos judiciales. \u00a0\u00a0<\/p>\n<p>Las \u00a0reglas \u00a0previstas \u00a0para \u00a0la \u00a0fase \u00a0de \u00a0juzgamiento, \u00a0tambi\u00e9n \u00a0son \u00a0aplicables \u00a0cuando \u00a0se trata de la ejecuci\u00f3n de la \u00a0pena, \u00a0pues \u00a0\u00absi \u00a0en la \u00a0\u00faltima \u00a0fase \u00a0no \u00a0se previeron lineamientos especiales, resultan de buen recibo \u00a0los \u00a0 establecidos \u00a0 gen\u00e9ricamente\u00bb \u00a0(En \u00a0 \u00a0 ese \u00a0 \u00a0 sentido, \u00a0 \u00a0 cfr. \u00a0 \u00a0CSJ \u00a0 \u00a0AP6311 \u00a0 \u00a0\u2013 2015). \u00a0\u00a0<\/p>\n<p>2. \u00a0 \u00a0La \u00a0definici\u00f3n \u00a0de \u00a0competencia \u00a0es \u00a0el \u00a0mecanismo \u00a0previsto por la Ley 906 de 2004 \u00a0\u2013art\u00edculos \u00a054 y 341- \u00a0para \u00a0determinar, \u00a0en \u00a0caso de duda, cu\u00e1l de los distintos jueces o magistrados \u00a0es \u00a0el \u00a0indicado \u00a0para conocer de un juzgamiento o para ocuparse de determinados \u00a0asuntos. \u00a0\u00a0<\/p>\n<p>3. Corresponde a \u00a0la \u00a0Sala \u00a0determinar \u00a0a \u00a0cu\u00e1l \u00a0juez de ejecuci\u00f3n de \u00a0penas \u00a0y \u00a0medidas \u00a0de seguridad compete la vigilancia \u00a0de \u00a0 \u00a0 \u00a0la \u00a0 \u00a0 \u00a0condena \u00a0 \u00a0 \u00a0en \u00a0 \u00a0 el \u00a0evento \u00a0que \u00a0se encuentre privado \u00a0de \u00a0la \u00a0libertad, \u00a0a causa de otra u otras sentencias \u00a0condenatorias. \u00a0\u00a0<\/p>\n<p>4. \u00a0El Acuerdo \u00a0054 \u00a0 \u00a0de \u00a0 24 \u00a0 de \u00a0 mayo \u00a0 de \u00a0 1994, \u00a0 \u00a0dictado \u00a0 \u00a0por \u00a0 \u00a0el \u00a0 \u00a0 Consejo \u00a0 \u00a0 Superior \u00a0 \u00a0 de \u00a0 \u00a0 la \u00a0 \u00a0 Judicatura, \u00a0 por \u00a0 el \u00a0 cual \u00a0se \u00a0fijaron \u00a0los \u00a0requisitos \u00a0para \u00a0el \u00a0funcionamiento \u00a0de \u00a0los \u00a0juzgados de ejecuci\u00f3n de penas y \u00a0medidas de seguridad, establece en su art\u00edculo 1\u00b0 que estos: \u00a0\u00a0<\/p>\n<p>(\u2026) [C]onocen \u00a0de \u00a0todas \u00a0las \u00a0cuestiones \u00a0relacionadas \u00a0con \u00a0la \u00a0ejecuci\u00f3n \u00a0punitiva \u00a0de \u00a0los \u00a0condenados \u00a0que \u00a0se \u00a0encuentren \u00a0en \u00a0las c\u00e1rceles del respectivo Circuito donde \u00a0estuvieren \u00a0radicados, sin consideraci\u00f3n al lugar donde se hubiere proferido la \u00a0respectiva sentencia. \u00a0\u00a0<\/p>\n<p>Asimismo \u00a0 \u00a0 \u00a0 \u00a0conocer\u00e1n \u00a0del \u00a0cumplimiento \u00a0de \u00a0las \u00a0sentencias \u00a0condenatorias, \u00a0donde \u00a0no \u00a0se \u00a0hubiere \u00a0dispuesto el descuento efectivo de la pena, siempre \u00a0y \u00a0cuando \u00a0que \u00a0el fallo de primera o \u00fanica instancia se \u00a0hubiere \u00a0 \u00a0 proferido \u00a0 \u00a0 en \u00a0 \u00a0 el \u00a0 \u00a0 lugar \u00a0 \u00a0 de \u00a0 \u00a0 su \u00a0 \u00a0 sede.(\u2026) \u00a0\u00a0<\/p>\n<p>El mencionado Acuerdo ha sido entendido por \u00a0la \u00a0Corte \u201cen el sentido \u00a0de \u00a0que, \u00a0sin \u00a0importar \u00a0en d\u00f3nde se profiri\u00f3 y caus\u00f3 ejecutoria el fallo, lo \u00a0relacionado \u00a0con \u00a0su \u00a0cumplimiento \u00a0y \u00a0todas \u00a0las \u00a0circunstancias \u00a0que \u00a0de all\u00ed \u00a0deriven, \u00a0corresponde \u00a0al juez de ejecuci\u00f3n de penas y medidas de seguridad del \u00a0lugar en donde tenga su sede el centro carcelario. \u00a0\u00a0<\/p>\n<p>Consecuencia de lo anterior es que cuantas \u00a0veces \u00a0 haya \u00a0 lugar \u00a0al \u00a0cambio \u00a0de \u00a0sitio \u00a0de \u00a0reclusi\u00f3n, \u00a0igual \u00a0mudar\u00e1 \u00a0la \u00a0competencia. \u00a0En \u00a0otras \u00a0palabras: \u00a0el \u00a0factor \u00a0que debe dirimir el conflicto es \u00a0personal, esto es, que sigue a la persona del sentenciado. \u00a0\u00a0<\/p>\n<p>La excepci\u00f3n a esta regla est\u00e1 dada para \u00a0aquellos \u00a0eventos \u00a0en los cuales en el territorio de ubicaci\u00f3n de la c\u00e1rcel no \u00a0se \u00a0haya \u00a0designado juez de ejecuci\u00f3n de penas y medidas de seguridad. En tales \u00a0eventos, \u00a0la \u00a0soluci\u00f3n \u00a0es \u00a0la \u00a0prevista \u00a0por \u00a0el \u00a0par\u00e1grafo \u00a0transitorio \u00a0del \u00a0art\u00edculo \u00a079 \u00a0de \u00a0la \u00a0Ley 600 del 2000 (no reproducido en la Ley 906 del 2004): \u00a0hasta \u00a0tanto no sea suplida esa falencia, la competencia corresponde al juez que \u00a0haya \u00a0proferido la sentencia de primera instancia\u201d. \u00a0(CSJ \u00a0AP, \u00a015 septiembre. 2008, rad. 30553. Tambi\u00e9n \u00a0se \u00a0puede \u00a0ver \u00a0en \u00a0el mismo sentido CSJ AP, 26 enero. 2012 y CSJ AP, 2992-2014, \u00a0rad. 43821). \u00a0\u00a0<\/p>\n<p>Seg\u00fan esa comprensi\u00f3n, la competencia del \u00a0juez \u00a0de \u00a0ejecuci\u00f3n \u00a0de penas y medidas de seguridad \u00a0con \u00a0 \u00a0jurisdicci\u00f3n \u00a0 \u00a0en \u00a0 \u00a0el \u00a0 \u00a0Distrito \u00a0 \u00a0 \u00a0 \u00a0 \u00a0Judicial \u00a0 \u00a0 \u00a0en \u00a0 \u00a0 el \u00a0cual est\u00e1 \u00a0ubicado \u00a0 \u00a0el \u00a0 \u00a0centro \u00a0 \u00a0de \u00a0 reclusi\u00f3n, \u00a0 donde \u00a0el \u00a0condenado \u00a0se \u00a0encuentra privado de la libertad, \u00a0desplaza \u00a0la intervenci\u00f3n \u00a0de los dem\u00e1s jueces ejecutores, al menos por dos razones: \u00a0\u00a0<\/p>\n<p>i) La \u00a0competencia del Juez de Ejecuci\u00f3n \u00a0de \u00a0Penas \u00a0y \u00a0Medidas \u00a0de \u00a0Seguridad \u00a0no depende de la naturaleza de la conducta \u00a0punible, \u00a0o del territorio donde se cometi\u00f3, o del despacho judicial que dict\u00f3 \u00a0el \u00a0fallo, \u00a0ni \u00a0del \u00a0n\u00famero \u00a0de \u00a0condenas, \u00a0ni \u00a0cu\u00e1l \u00a0de \u00a0ellas \u00a0se \u00a0encuentra \u00a0descontando \u00a0el \u00a0sentenciado \u00a0de manera efectiva, ni de peticiones que se hallen \u00a0pendientes \u00a0 de \u00a0resolver, \u00a0puesto \u00a0que \u00a0el \u00a0factor \u00a0personal, \u00a0 relativo \u00a0 al \u00a0 lugar \u00a0 donde \u00a0 el \u00a0condenado \u00a0se \u00a0encuentra \u00a0cumpliendo la pena, es preponderante.\u00a0 \u00a0\u00a0<\/p>\n<p>ii) \u00a0El \u00a0juez \u00a0ejecutor \u00a0\u00abest\u00e1 \u00a0en la obligaci\u00f3n de enterarse de \u00a0la \u00a0situaci\u00f3n \u00a0jur\u00eddica \u00a0completa \u00a0de \u00a0quien \u00a0se \u00a0encuentra \u00a0en \u00a0el \u00a0centro de \u00a0reclusi\u00f3n \u00a0 \u00a0ubicado \u00a0 \u00a0dentro \u00a0 \u00a0del \u00a0 \u00a0territorio \u00a0 \u00a0en \u00a0 que \u00a0 extiende \u00a0 su \u00a0competencia\u00bb \u00a0(CSJ AP, 3 \u00a0de diciembre de 2009, Rad. 32704). \u00a0\u00a0<\/p>\n<p>5. \u00a0En \u00a0el \u00a0caso \u00a0que \u00a0suscita la atenci\u00f3n de la Sala, CARLOS \u00a0ANDRES \u00a0GONZALEZ\u00a0 \u00a0BELTRAN \u00a0purga \u00a0una \u00a0pena \u00a0por el \u00a0delito \u00a0de homicidio, como \u00a0consecuencia \u00a0 \u00a0 \u00a0de \u00a0 \u00a0 la \u00a0 \u00a0 sentencia \u00a0 \u00a0 proferida, \u00a0 \u00a0 el \u00a0 \u00a0 21 \u00a0 \u00a0 \u00a0 \u00a0de \u00a0 \u00a0 \u00a0 \u00a0noviembre \u00a0 \u00a0 \u00a0 \u00a0 de \u00a02011, \u00a0por \u00a0el Juzgado\u00a0 Penal \u00a0del \u00a0 Circuito \u00a0 de \u00a0la \u00a0Dorada \u00a0Caldas, \u00a0en el Establecimiento Penitenciario \u00a0y \u00a0 Carcelario \u00a0 La \u00a0Picota \u00a0de \u00a0Bogot\u00e1. \u00a0\u00a0<\/p>\n<p>De \u00a0 \u00a0conformidad \u00a0 con \u00a0 lo \u00a0enunciado \u00a0en el numeral anterior, \u00a0la \u00a0autoridad competente para vigilar el cumplimiento \u00a0de \u00a0 \u00a0la \u00a0 \u00a0condena \u00a0 \u00a0por \u00a0 \u00a0homicidio, \u00a0dictada \u00a0en \u00a0contra de GONZALEZ \u00a0BELTRAN, \u00a0 \u00a0 \u00a0 \u00a0 \u00a0 el \u00a0 \u00a0 \u00a0 \u00a0 \u00a021 \u00a0 \u00a0 \u00a0 \u00a0de \u00a0 \u00a0 \u00a0 \u00a0noviembre \u00a0 \u00a0de \u00a0 \u00a02011, \u00a0 \u00a0por \u00a0 el \u00a0Juzgado\u00a0 \u00a0Penal \u00a0del \u00a0Circuito de La \u00a0Dorada \u00a0Caldas, \u00a0es el Juzgado \u00a0 D\u00e9cimo \u00a0de \u00a0Ejecuci\u00f3n \u00a0de \u00a0Penas \u00a0 y \u00a0Medidas \u00a0de \u00a0Seguridad \u00a0 \u00a0 \u00a0 \u00a0de \u00a0 \u00a0 \u00a0 \u00a0Bogot\u00e1. \u00a0\u00a0<\/p>\n<p>En \u00a0consecuencia, \u00a0las \u00a0diligencias ser\u00e1n \u00a0remitidas \u00a0 a \u00a0dicho \u00a0despacho \u00a0Judicial, \u00a0a \u00a0quien fue asignado el asunto con \u00a0antelaci\u00f3n, \u00a0 \u00a0 \u00a0 \u00a0 \u00a0 \u00a0 \u00a0de \u00a0 conformidad \u00a0 con \u00a0 lo \u00a0 expuesto \u00a0anteriormente. \u00a0\u00a0<\/p>\n<p>En \u00a0m\u00e9rito \u00a0de \u00a0lo \u00a0expuesto, \u00a0la \u00a0Sala \u00a0de \u00a0Casaci\u00f3n Penal de la \u00a0Corte Suprema de Justicia, \u00a0\u00a0<\/p>\n<p>RESUELVE \u00a0<\/p>\n<p>Primero.- \u00a0Declarar \u00a0que el competente para conocer de la ejecuci\u00f3n de la sentencia contra \u00a0CARLOS \u00a0 \u00a0ANDRES \u00a0 \u00a0GONZALEZ \u00a0 BELTRAN \u00a0 por \u00a0 el \u00a0delito \u00a0de \u00a0homicidio, \u00a0el \u00a0 \u00a021 \u00a0 \u00a0de \u00a0 \u00a0noviembre \u00a0 de \u00a0 \u00a02011, \u00a0 \u00a0emitida \u00a0 \u00a0por \u00a0 el \u00a0 Juzgado\u00a0 \u00a0 Penal \u00a0 del \u00a0Circuito \u00a0de \u00a0La \u00a0Dorada \u00a0Caldas; \u00a0es \u00a0el \u00a0Juzgado \u00a0D\u00e9cimo de Ejecuci\u00f3n de \u00a0Penas \u00a0y Medidas de Seguridad de Bogot\u00e1, despacho a donde se remitir\u00e1 el diligenciamiento. \u00a0\u00a0<\/p>\n<p>Segundo.- \u00a0Informar \u00a0de \u00a0esta \u00a0determinaci\u00f3n \u00a0al \u00a0Juzgado\u00a0 \u00a0de \u00a0Ejecuci\u00f3n \u00a0de \u00a0Penas \u00a0y \u00a0Medidas \u00a0de Seguridad \u00a0de \u00a0 \u00a0 \u00a0 La \u00a0 \u00a0 \u00a0Dorada \u00a0 \u00a0 \u00a0Caldas. \u00a0\u00a0<\/p>\n<p>Tercero. \u00a0Contra \u00a0la \u00a0presente decisi\u00f3n no \u00a0procede \u00a0 \u00a0 \u00a0 \u00a0 \u00a0ning\u00fan \u00a0 \u00a0 \u00a0 \u00a0 recurso. \u00a0\u00a0<\/p>\n<p>Comun\u00edquese y C\u00famplase, \u00a0<\/p>\n<p>GUSTAVO ENRIQUE MALO FERN\u00c1NDEZ \u00a0<\/p>\n<p>JOS\u00c9 FRANCISCO ACU\u00d1A VIZCAYA \u00a0<\/p>\n<p>JOS\u00c9 LUIS BARCEL\u00d3 CAMACHO \u00a0<\/p>\n<p>FERNANDO \u00a0 \u00a0 \u00a0ALBERTO \u00a0 \u00a0 \u00a0CASTRO \u00a0CABALLERO \u00a0\u00a0<\/p>\n<p>EUGENIO FERN\u00c1NDEZ CARLIER \u00a0<\/p>\n<p>LUIS ANTONIO HERN\u00c1NDEZ BARBOSA \u00a0<\/p>\n<p>EYDER PATI\u00d1O CABRERA \u00a0<\/p>\n<p>PATRICIA SALAZAR CU\u00c9LLAR \u00a0<\/p>\n<p>LUIS GUILLERMO SALAZAR OTERO \u00a0<\/p>\n<p>\u00a0 \u00a0\u00a0 \u00a0 \u00a0 \u00a0 \u00a0 \u00a0 \u00a0 \u00a0\u00a0<\/p>\n<p>NUBIA YOLANDA NOVA GARC\u00cdA \u00a0<\/p>\n<p>Secretaria \u00a0<\/p>\n<p>\u00a0 \u00a0\u00a0<\/p>\n<p><\/p>\n","protected":false},"excerpt":{"rendered":"<p>\u00a0 \u00a0 CORTE SUPREMA DE JUSTICIA \u00a0 SALA DE CASACI\u00d3N PENAL \u00a0 Eyder \u00a0 \u00a0Pati\u00f1o \u00a0Cabrera \u00a0\u00a0 MAGISTRADO \u00a0PONENTE \u00a0\u00a0 AP7753-2016 \u00a0\u00a0 Radicaci\u00f3n \u00a0 \u00a0No. \u00a049201 \u00a0\u00a0 (Aprobado acta N\u00ba \u00a0353) \u00a0\u00a0 Bogot\u00e1, D. C., nueve (9) de noviembre de dos \u00a0mil diecis\u00e9is (2016). \u00a0\u00a0 VISTOS \u00a0 Se \u00a0 pronuncia \u00a0la \u00a0Sala \u00a0respecto \u00a0de \u00a0la [&hellip;]<\/p>\n","protected":false},"author":1,"featured_media":0,"comment_status":"open","ping_status":"open","sticky":false,"template":"","format":"standard","meta":{"footnotes":""},"categories":[25],"tags":[],"class_list":["post-33876","post","type-post","status-publish","format-standard","hentry","category-25"],"_links":{"self":[{"href":"https:\/\/dmsjuridica.com\/buscador_20179478954\/salapenalcronologico20230723\/wp-json\/wp\/v2\/posts\/33876","targetHints":{"allow":["GET"]}}],"collection":[{"href":"https:\/\/dmsjuridica.com\/buscador_20179478954\/salapenalcronologico20230723\/wp-json\/wp\/v2\/posts"}],"about":[{"href":"https:\/\/dmsjuridica.com\/buscador_20179478954\/salapenalcronologico20230723\/wp-json\/wp\/v2\/types\/post"}],"author":[{"embeddable":true,"href":"https:\/\/dmsjuridica.com\/buscador_20179478954\/salapenalcronologico20230723\/wp-json\/wp\/v2\/users\/1"}],"replies":[{"embeddable":true,"href":"https:\/\/dmsjuridica.com\/buscador_20179478954\/salapenalcronologico20230723\/wp-json\/wp\/v2\/comments?post=33876"}],"version-history":[{"count":0,"href":"https:\/\/dmsjuridica.com\/buscador_20179478954\/salapenalcronologico20230723\/wp-json\/wp\/v2\/posts\/33876\/revisions"}],"wp:attachment":[{"href":"https:\/\/dmsjuridica.com\/buscador_20179478954\/salapenalcronologico20230723\/wp-json\/wp\/v2\/media?parent=33876"}],"wp:term":[{"taxonomy":"category","embeddable":true,"href":"https:\/\/dmsjuridica.com\/buscador_20179478954\/salapenalcronologico20230723\/wp-json\/wp\/v2\/categories?post=33876"},{"taxonomy":"post_tag","embeddable":true,"href":"https:\/\/dmsjuridica.com\/buscador_20179478954\/salapenalcronologico20230723\/wp-json\/wp\/v2\/tags?post=33876"}],"curies":[{"name":"wp","href":"https:\/\/api.w.org\/{rel}","templated":true}]}}