{"id":33867,"date":"2023-09-13T19:42:44","date_gmt":"2023-09-13T19:42:44","guid":{"rendered":"https:\/\/dmsjuridica.com\/buscador_20179478954\/salapenalcronologico20230723\/2023\/09\/13\/ap7690-201644943\/"},"modified":"2023-09-13T19:42:44","modified_gmt":"2023-09-13T19:42:44","slug":"ap7690-201644943","status":"publish","type":"post","link":"https:\/\/dmsjuridica.com\/buscador_20179478954\/salapenalcronologico20230723\/2023\/09\/13\/ap7690-201644943\/","title":{"rendered":"AP7690-2016(44943)"},"content":{"rendered":"\n<p>\u00a0 \u00a0 \u00a0\u00a0<\/p>\n<p>EUGENIO FERN\u00c1NDEZ CARLIER \u00a0<\/p>\n<p>Magistrado ponente \u00a0<\/p>\n<p>AP7690-2016 \u00a0<\/p>\n<p>Radicaci\u00f3n N\u00ba 44943 \u00a0<\/p>\n<p>Aprobado acta N\u00ba 353 \u00a0<\/p>\n<p>Bogot\u00e1, \u00a0D. \u00a0C., \u00a0nueve \u00a0 \u00a0(9) \u00a0de \u00a0noviembre \u00a0de dos mil diecis\u00e9is \u00a0(2016). \u00a0\u00a0<\/p>\n<p>1. \u00a0Mediante \u00a0sentencia \u00a0SP15868-2016, \u00a0de \u00a02 \u00a0de noviembre del a\u00f1o en \u00a0curso, \u00a0esta sala decret\u00f3 la nulidad parcial de lo actuado en el proceso que se \u00a0sigue \u00a0 \u00a0contra \u00a0 \u00a0LEOMAR \u00a0 GAMEZ \u00a0 VERA, Luis Alberto Rojas Mu\u00f1oz, Juan Carlos \u00a0G\u00f3mez \u00a0Ram\u00edrez \u00a0y \u00a0Jhon \u00a0Alexander \u00a0 R\u00edos \u00a0 Esparsa, \u00a0 por \u00a0los \u00a0delitos \u00a0de \u00a0homicidio \u00a0y \u00a0lesiones \u00a0personales, \u00a0con \u00a0ocasi\u00f3n de \u00a0hechos \u00a0ocurridos \u00a0el \u00a024 \u00a0de \u00a0octubre \u00a0de \u00a02006, \u00a0en \u00a0el \u00a0 corregimiento \u00a0 de \u00a0Noros\u00ed, \u00a0municipio \u00a0Rio \u00a0Viejo (Bol\u00edvar), \u00a0 en \u00a0los \u00a0que \u00a0durante \u00a0un \u00a0operativo \u00a0militar \u00a0en \u00a0el \u00a0que \u00a0interven\u00edan \u00a0los \u00a0antes \u00a0citados, \u00a0falleci\u00f3 Leber \u00a0Enrique \u00a0Castrill\u00f3n Sarmiento por \u00a0impacto \u00a0de \u00a0arma de fuego y un hijo de \u00e9ste menor de edad fue herido en una de \u00a0sus \u00a0 \u00a0 \u00a0extremidades \u00a0 \u00a0 \u00a0inferiores, \u00a0cuando \u00a0junto \u00a0con \u00a0otro \u00a0menor \u00a0se \u00a0dedicaban \u00a0a \u00a0actividades de \u00a0pesca. \u00a0\u00a0<\/p>\n<p>2. \u00a0Con \u00a0ocasi\u00f3n \u00a0de \u00a0tal \u00a0decisi\u00f3n, \u00a0dado \u00a0que el tr\u00e1mite qued\u00f3 en \u00a0etapa \u00a0instructiva, \u00a0en \u00a0la \u00a0que \u00a0la \u00a0situaci\u00f3n \u00a0jur\u00eddica \u00a0provisional \u00a0de los \u00a0precitados \u00a0fue resuelta en \u00a0el \u00a0sentido \u00a0de \u00a0abstenerse \u00a0de \u00a0imponerles \u00a0mediada \u00a0de \u00a0aseguramiento \u00a0por las \u00a0conductas \u00a0 punibles \u00a0dilucidadas, \u00a0la \u00a0Sala \u00a0orden\u00f3 \u00a0la \u00a0 \u00a0libertad \u00a0 \u00a0del \u00a0 \u00a0procesado \u00a0 \u00a0GAMEZ \u00a0 \u00a0 \u00a0 VERA \u00a0 \u00a0 \u00a0 (demandante), \u00a0 as\u00ed \u00a0 como \u00a0 de \u00a0 los \u00a0coprocesados \u00a0R\u00edos Esparsa \u00a0y \u00a0Rojas Mu\u00f1oz (de \u00a0estos \u00a0\u00faltimos \u00a0mediante \u00a0auto de 3 de noviembre). \u00a0\u00a0<\/p>\n<p>3. \u00a0 Seg\u00fan \u00a0constancias \u00a0de \u00a0la \u00a0secretar\u00eda \u00a0de \u00a0la \u00a0Sala \u00a0Penal \u00a0que \u00a0anteceden, \u00a0mediante \u00a0comunicaci\u00f3n \u00a0telef\u00f3nica \u00a0de \u00a0la \u00a0Asesor\u00eda Jur\u00eddica del Centro de Reclusi\u00f3n \u00a0Militar \u00a0 \u00a0de \u00a0 \u00a0Valledupar \u00a0 \u00a0(C\u00e9sar), \u00a0esa \u00a0instituci\u00f3n inform\u00f3 el d\u00eda de hoy que all\u00ed se encuentra \u00a0recluido \u00a0Juan Carlos G\u00f3mez \u00a0Ram\u00edrez, y dado que en el \u00a0expediente \u00a0no \u00a0hay \u00a0constancia \u00a0de \u00a0la privaci\u00f3n de la libertad del citado por \u00a0cuenta \u00a0de \u00a0esta actuaci\u00f3n, la secretar\u00eda se puso de inmediato en contacto con \u00a0el \u00a0juez \u00a0de \u00a0primera \u00a0instancia para aclarar la situaci\u00f3n jur\u00eddica del mismo, \u00a0despacho \u00a0 que \u00a0 v\u00eda \u00a0correo \u00a0electr\u00f3nico \u00a0remiti\u00f3 \u00a0copia \u00a0de \u00a0la \u00a0boleta \u00a0de \u00a0encarcelamiento \u00a0 de \u00a0 \u201cMayo \u00a0 23\/2013\u201d \u00a0librada \u00a0contra aqu\u00e9l cuando fue dejado a disposici\u00f3n de esa \u00a0autoridad \u00a0 \u00a0para \u00a0 el \u00a0 cumplimiento \u00a0 de \u00a0 la \u00a0 pena \u00a0 impuesta \u00a0 en \u00a0 primera \u00a0instancia. \u00a0\u00a0<\/p>\n<p>4. \u00a0Con \u00a0base en lo anterior es \u00a0un imperativo adicionar el fallo de casaci\u00f3n SP15868-2016, en el \u00a0sentido \u00a0 de \u00a0 conceder \u00a0 libertad \u00a0 inmediata \u00a0 e \u00a0incondicional \u00a0a \u00a0 \u00a0 Juan \u00a0 \u00a0 Carlos \u00a0 \u00a0 G\u00f3mez \u00a0 \u00a0 \u00a0 \u00a0Ram\u00edrez, \u00a0por cuenta de este proceso, \u00a0previa \u00a0verificaci\u00f3n \u00a0de \u00a0que \u00a0no sea \u00a0requerido por otra autoridad. \u00a0\u00a0<\/p>\n<p>En m\u00e9rito de lo expuesto, la CORTE SUPREMA \u00a0DE \u00a0JUSTICIA, \u00a0Sala \u00a0de \u00a0Casaci\u00f3n \u00a0Penal, \u00a0\u00a0<\/p>\n<p>RESUELVE: \u00a0<\/p>\n<p>ADICIONAR \u00a0en \u00a0 lo \u00a0 pertinente \u00a0 la \u00a0sentencia \u00a0SP15868-2016, \u00a0en el sentido de conceder a \u00a0Juan \u00a0 \u00a0Carlos \u00a0 G\u00f3mez \u00a0Ram\u00edrez, \u00a0 \u00a0libertad \u00a0inmediata \u00a0e \u00a0incondicional \u00a0por cuenta de esta actuaci\u00f3n, previa verificaci\u00f3n \u00a0de \u00a0que \u00a0no \u00a0sea \u00a0requerido \u00a0por \u00a0otra \u00a0autoridad, de \u00a0conformidad con lo atr\u00e1s precisado. \u00a0\u00a0<\/p>\n<p>Contra \u00a0esta \u00a0decisi\u00f3n \u00a0no procede recurso \u00a0alguno. \u00a0\u00a0<\/p>\n<p>Notif\u00edquese y c\u00famplase. \u00a0<\/p>\n<p>GUSTAVO ENRIQUE MALO FERN\u00c1NDEZ \u00a0<\/p>\n<p>PRESIDENTE \u00a0<\/p>\n<p>JOS\u00c9 FRANCISCO ACU\u00d1A VIZCAYA \u00a0<\/p>\n<p>JOS\u00c9 LUIS BARCEL\u00d3 CAMACHO \u00a0<\/p>\n<p>FERNANDO \u00a0 \u00a0 \u00a0ALBERTO \u00a0 \u00a0 \u00a0CASTRO \u00a0CABALLERO \u00a0\u00a0<\/p>\n<p>EUGENIO FERN\u00c1NDEZ CARLIER \u00a0<\/p>\n<p>LUIS ANTONIO HERN\u00c1NDEZ BARBOSA \u00a0<\/p>\n<p>EYDER PATI\u00d1O CABRERA \u00a0<\/p>\n<p>PATRICIA SALAZAR CUELLAR \u00a0<\/p>\n<p>LUIS GUILLERMO SALAZAR OTERO \u00a0<\/p>\n<p>NUBIA YOLANDA NOVA GARC\u00cdA \u00a0<\/p>\n<p>Secretaria \u00a0 \u00a0<\/p>\n<p><\/p>\n","protected":false},"excerpt":{"rendered":"<p>\u00a0 \u00a0 \u00a0\u00a0 EUGENIO FERN\u00c1NDEZ CARLIER \u00a0 Magistrado ponente \u00a0 AP7690-2016 \u00a0 Radicaci\u00f3n N\u00ba 44943 \u00a0 Aprobado acta N\u00ba 353 \u00a0 Bogot\u00e1, \u00a0D. \u00a0C., \u00a0nueve \u00a0 \u00a0(9) \u00a0de \u00a0noviembre \u00a0de dos mil diecis\u00e9is \u00a0(2016). \u00a0\u00a0 1. \u00a0Mediante \u00a0sentencia \u00a0SP15868-2016, \u00a0de \u00a02 \u00a0de noviembre del a\u00f1o en \u00a0curso, \u00a0esta sala decret\u00f3 la nulidad parcial de lo [&hellip;]<\/p>\n","protected":false},"author":1,"featured_media":0,"comment_status":"open","ping_status":"open","sticky":false,"template":"","format":"standard","meta":{"footnotes":""},"categories":[25],"tags":[],"class_list":["post-33867","post","type-post","status-publish","format-standard","hentry","category-25"],"_links":{"self":[{"href":"https:\/\/dmsjuridica.com\/buscador_20179478954\/salapenalcronologico20230723\/wp-json\/wp\/v2\/posts\/33867","targetHints":{"allow":["GET"]}}],"collection":[{"href":"https:\/\/dmsjuridica.com\/buscador_20179478954\/salapenalcronologico20230723\/wp-json\/wp\/v2\/posts"}],"about":[{"href":"https:\/\/dmsjuridica.com\/buscador_20179478954\/salapenalcronologico20230723\/wp-json\/wp\/v2\/types\/post"}],"author":[{"embeddable":true,"href":"https:\/\/dmsjuridica.com\/buscador_20179478954\/salapenalcronologico20230723\/wp-json\/wp\/v2\/users\/1"}],"replies":[{"embeddable":true,"href":"https:\/\/dmsjuridica.com\/buscador_20179478954\/salapenalcronologico20230723\/wp-json\/wp\/v2\/comments?post=33867"}],"version-history":[{"count":0,"href":"https:\/\/dmsjuridica.com\/buscador_20179478954\/salapenalcronologico20230723\/wp-json\/wp\/v2\/posts\/33867\/revisions"}],"wp:attachment":[{"href":"https:\/\/dmsjuridica.com\/buscador_20179478954\/salapenalcronologico20230723\/wp-json\/wp\/v2\/media?parent=33867"}],"wp:term":[{"taxonomy":"category","embeddable":true,"href":"https:\/\/dmsjuridica.com\/buscador_20179478954\/salapenalcronologico20230723\/wp-json\/wp\/v2\/categories?post=33867"},{"taxonomy":"post_tag","embeddable":true,"href":"https:\/\/dmsjuridica.com\/buscador_20179478954\/salapenalcronologico20230723\/wp-json\/wp\/v2\/tags?post=33867"}],"curies":[{"name":"wp","href":"https:\/\/api.w.org\/{rel}","templated":true}]}}