{"id":33766,"date":"2023-09-13T19:42:38","date_gmt":"2023-09-13T19:42:38","guid":{"rendered":"https:\/\/dmsjuridica.com\/buscador_20179478954\/salapenalcronologico20230723\/2023\/09\/13\/ap7112-201648141\/"},"modified":"2023-09-13T19:42:38","modified_gmt":"2023-09-13T19:42:38","slug":"ap7112-201648141","status":"publish","type":"post","link":"https:\/\/dmsjuridica.com\/buscador_20179478954\/salapenalcronologico20230723\/2023\/09\/13\/ap7112-201648141\/","title":{"rendered":"AP7112-2016(48141)"},"content":{"rendered":"\n<p>\u00a0 \u00a0 \u00a0\u00a0<\/p>\n<p>LUIS ANTONIO HERN\u00c1NDEZ BARBOSA \u00a0<\/p>\n<p>Magistrado Ponente \u00a0<\/p>\n<p>AP7112-2016 \u00a0<\/p>\n<p>Radicaci\u00f3n 48141 \u00a0<\/p>\n<p>(Aprobado Acta No. 330) \u00a0<\/p>\n<p>Bogot\u00e1 \u00a0D.C., diecinueve (19) de octubre de \u00a0dos mil diecis\u00e9is (2016). \u00a0\u00a0<\/p>\n<p>\u00a0 \u00a0\u00a0 \u00a0\u00a0 \u00a0\u00a0 \u00a0\u00a0<\/p>\n<p>VISTOS: \u00a0<\/p>\n<p>\u00a0 \u00a0\u00a0 \u00a0\u00a0 \u00a0\u00a0Se \u00a0pronuncia \u00a0la Sala en relaci\u00f3n con el desistimiento del recurso \u00a0de \u00a0casaci\u00f3n \u00a0presentado \u00a0por \u00a0el \u00a0procesado DARIO CIFUENTES, coadyuvado por su \u00a0abogado defensor. \u00a0\u00a0<\/p>\n<p>ANTECEDENTES \u00a0 Y \u00a0 CONSIDERACIONES \u00a0DE \u00a0LA \u00a0CORTE: \u00a0\u00a0<\/p>\n<p>1. \u00a0\u00a0 \u00a0\u00a0 \u00a0\u00a0 \u00a0\u00a0El Juzgado Segundo Penal del Circuito de \u00a0Buga \u00a0el \u00a018 de diciembre de 2014 conden\u00f3 a DARIO CIFUENTES y a Claudia Marcela \u00a0Holgu\u00edn \u00a0Herrera \u00a0como \u00a0autor \u00a0e \u00a0interviniente, respectivamente, del delito de \u00a0violaci\u00f3n \u00a0 del \u00a0 r\u00e9gimen \u00a0 legal \u00a0 o \u00a0 constitucional \u00a0 de \u00a0 inhabilidades \u00a0e \u00a0incompatibilidades. \u00a0Igualmente \u00a0absolvi\u00f3 \u00a0al primero por el delito de contrato \u00a0sin cumplimiento de requisitos legales. \u00a0\u00a0<\/p>\n<p>2. \u00a0\u00a0 \u00a0\u00a0 \u00a0\u00a0 \u00a0\u00a0Los \u00a0defensores \u00a0y la Fiscal\u00eda apelaron \u00a0ese \u00a0pronunciamiento \u00a0y \u00a0el \u00a0Tribunal \u00a0Superior \u00a0de \u00a0Buga, \u00a0a \u00a0trav\u00e9s del fallo \u00a0recurrido \u00a0en \u00a0casaci\u00f3n, \u00a0dictado \u00a0el \u00a026 \u00a0de \u00a0febrero de 2016, lo confirm\u00f3 en \u00a0cuanto \u00a0a \u00a0las condenas emitidas y revoc\u00f3 la absoluci\u00f3n. En su lugar, conden\u00f3 \u00a0a \u00a0 DARIO \u00a0 CIFUENTES \u00a0 por \u00a0 el \u00a0 delito \u00a0 del \u00a0 art\u00edculo \u00a0 410 \u00a0 del \u00a0C\u00f3digo \u00a0Penal.\u00a0\u00a0 \u00a0\u00a0<\/p>\n<p>3. \u00a0Despu\u00e9s \u00a0de \u00a0presentar \u00a0el apoderado de \u00a0CIFUENTES \u00a0la \u00a0demanda \u00a0de \u00a0casaci\u00f3n, \u00a0ya \u00a0el \u00a0asunto en la Corte para resolver \u00a0acerca \u00a0de \u00a0su \u00a0admisibilidad, \u00a0el procesado present\u00f3 desistimiento del recurso \u00a0extraordinario \u00a0de \u00a0casaci\u00f3n, solicitud de la cual se dio traslado al defensor, \u00a0quien manifest\u00f3 acogerse a la voluntad de su defendido. \u00a0\u00a0<\/p>\n<p>Siendo \u00a0ello \u00a0as\u00ed, \u00a0la \u00a0Sala \u00a0admitir\u00e1 \u00a0el \u00a0desistimiento \u00a0al \u00a0advertirse \u00a0voluntario, \u00a0avalado \u00a0por \u00a0la \u00a0defensa, y haberse \u00a0expresado \u00a0antes \u00a0de decidir la Sala, seg\u00fan lo prescribe el art\u00edculo 199 de la \u00a0Ley 906 de 2004. \u00a0\u00a0<\/p>\n<p>En \u00a0virtud \u00a0de \u00a0lo \u00a0expuesto, \u00a0la \u00a0Sala \u00a0de \u00a0Casaci\u00f3n Penal de la Corte Suprema de Justicia, \u00a0\u00a0<\/p>\n<p>RESUELVE: \u00a0<\/p>\n<p>\u00a0 \u00a0\u00a0 \u00a0\u00a0 \u00a0 \u00a0ACEPTAR \u00a0 el \u00a0desistimiento \u00a0del \u00a0recurso \u00a0de \u00a0casaci\u00f3n \u00a0interpuesto \u00a0por \u00a0el procesado DARIO \u00a0CIFUENTES, avalado por su defensor. \u00a0\u00a0<\/p>\n<p>\u00a0 \u00a0\u00a0 \u00a0\u00a0 \u00a0\u00a0Contra \u00a0 \u00a0 la \u00a0 \u00a0 presente \u00a0 \u00a0 decisi\u00f3n \u00a0 \u00a0procede \u00a0 \u00a0recurso \u00a0 \u00a0de \u00a0reposici\u00f3n. \u00a0\u00a0<\/p>\n<p>NOTIF\u00cdQUESE Y C\u00daMPLASE. \u00a0<\/p>\n<p>GUSTAVO ENRIQUE MALO FERN\u00c1NDEZ \u00a0<\/p>\n<p>JOS\u00c9 FRANCISCO ACU\u00d1A VIZCAYA \u00a0<\/p>\n<p>JOS\u00c9 LUIS BARCEL\u00d3 CAMACHO \u00a0<\/p>\n<p>FERNANDO ALBERTO CASTRO CABALLERO \u00a0<\/p>\n<p>EUGENIO FERN\u00c1NDEZ CARLIER \u00a0<\/p>\n<p>LUIS ANTONIO HERN\u00c1NDEZ BARBOSA \u00a0<\/p>\n<p>EYDER PATI\u00d1O CABRERA \u00a0<\/p>\n<p>PATRICIA SALAZAR CUELLAR \u00a0<\/p>\n<p>LUIS GUILLERMO SALAZAR OTERO \u00a0<\/p>\n<p>NUBIA YOLANDA NOVA GARC\u00cdA \u00a0<\/p>\n<p>Secretaria \u00a0<\/p>\n<p>\u00a0 \u00a0\u00a0<\/p>\n<p><\/p>\n","protected":false},"excerpt":{"rendered":"<p>\u00a0 \u00a0 \u00a0\u00a0 LUIS ANTONIO HERN\u00c1NDEZ BARBOSA \u00a0 Magistrado Ponente \u00a0 AP7112-2016 \u00a0 Radicaci\u00f3n 48141 \u00a0 (Aprobado Acta No. 330) \u00a0 Bogot\u00e1 \u00a0D.C., diecinueve (19) de octubre de \u00a0dos mil diecis\u00e9is (2016). \u00a0\u00a0 \u00a0 \u00a0\u00a0 \u00a0\u00a0 \u00a0\u00a0 \u00a0\u00a0 VISTOS: \u00a0 \u00a0 \u00a0\u00a0 \u00a0\u00a0 \u00a0\u00a0Se \u00a0pronuncia \u00a0la Sala en relaci\u00f3n con el desistimiento del recurso \u00a0de [&hellip;]<\/p>\n","protected":false},"author":1,"featured_media":0,"comment_status":"open","ping_status":"open","sticky":false,"template":"","format":"standard","meta":{"footnotes":""},"categories":[25],"tags":[],"class_list":["post-33766","post","type-post","status-publish","format-standard","hentry","category-25"],"_links":{"self":[{"href":"https:\/\/dmsjuridica.com\/buscador_20179478954\/salapenalcronologico20230723\/wp-json\/wp\/v2\/posts\/33766","targetHints":{"allow":["GET"]}}],"collection":[{"href":"https:\/\/dmsjuridica.com\/buscador_20179478954\/salapenalcronologico20230723\/wp-json\/wp\/v2\/posts"}],"about":[{"href":"https:\/\/dmsjuridica.com\/buscador_20179478954\/salapenalcronologico20230723\/wp-json\/wp\/v2\/types\/post"}],"author":[{"embeddable":true,"href":"https:\/\/dmsjuridica.com\/buscador_20179478954\/salapenalcronologico20230723\/wp-json\/wp\/v2\/users\/1"}],"replies":[{"embeddable":true,"href":"https:\/\/dmsjuridica.com\/buscador_20179478954\/salapenalcronologico20230723\/wp-json\/wp\/v2\/comments?post=33766"}],"version-history":[{"count":0,"href":"https:\/\/dmsjuridica.com\/buscador_20179478954\/salapenalcronologico20230723\/wp-json\/wp\/v2\/posts\/33766\/revisions"}],"wp:attachment":[{"href":"https:\/\/dmsjuridica.com\/buscador_20179478954\/salapenalcronologico20230723\/wp-json\/wp\/v2\/media?parent=33766"}],"wp:term":[{"taxonomy":"category","embeddable":true,"href":"https:\/\/dmsjuridica.com\/buscador_20179478954\/salapenalcronologico20230723\/wp-json\/wp\/v2\/categories?post=33766"},{"taxonomy":"post_tag","embeddable":true,"href":"https:\/\/dmsjuridica.com\/buscador_20179478954\/salapenalcronologico20230723\/wp-json\/wp\/v2\/tags?post=33766"}],"curies":[{"name":"wp","href":"https:\/\/api.w.org\/{rel}","templated":true}]}}