{"id":33627,"date":"2023-09-13T19:42:12","date_gmt":"2023-09-13T19:42:12","guid":{"rendered":"https:\/\/dmsjuridica.com\/buscador_20179478954\/salapenalcronologico20230723\/2023\/09\/13\/ap6345-201648890\/"},"modified":"2023-09-13T19:42:12","modified_gmt":"2023-09-13T19:42:12","slug":"ap6345-201648890","status":"publish","type":"post","link":"https:\/\/dmsjuridica.com\/buscador_20179478954\/salapenalcronologico20230723\/2023\/09\/13\/ap6345-201648890\/","title":{"rendered":"AP6345-2016(48890)"},"content":{"rendered":"\n<p>\u00a0 \u00a0 Rep\u00fablica de Colombia \u00a0 \u00a0\u00a0<\/p>\n<p>Corte Suprema de Justicia \u00a0<\/p>\n<p>CORTE SUPREMA DE JUSTICIA \u00a0<\/p>\n<p>SALA DE CASACION PENAL \u00a0<\/p>\n<p>LUIS GUILLERMO SALAZAR OTERO \u00a0<\/p>\n<p>Magistrado Ponente \u00a0<\/p>\n<p>AP6345-2016 \u00a0<\/p>\n<p>Radicado No. 48890 \u00a0<\/p>\n<p>\u00a0 \u00a0\u00a0 \u00a0\u00a0 \u00a0\u00a0Acta. 298 \u00a0\u00a0<\/p>\n<p>Bogot\u00e1, \u00a0D.C, \u00a0veinte (20) de septiembre de \u00a0dos mil diecis\u00e9is (2016). \u00a0\u00a0<\/p>\n<p>ASUNTO \u00a0<\/p>\n<p>La Corte define la \u00a0competencia \u00a0para conocer del juzgamiento contra WILBERTO RENTER\u00cdA MOSQUERA por \u00a0el \u00a0delito \u00a0de \u00a0concierto para delinquir, en raz\u00f3n a la manifestaci\u00f3n del Juez \u00a0Quinto \u00a0Penal \u00a0del Circuito Especializado con funciones de conocimiento de Cali, \u00a0quien \u00a0 \u00a0aduce \u00a0 \u00a0no \u00a0 \u00a0ser \u00a0 \u00a0competente \u00a0 \u00a0para \u00a0 \u00a0adelantar \u00a0 \u00a0el \u00a0 \u00a0tr\u00e1mite \u00a0correspondiente. \u00a0\u00a0<\/p>\n<p>ANTECEDENTES PROCESALES \u00a0<\/p>\n<p>1. \u00a0El 19 de junio de 2016, ante el Juzgado \u00a018 \u00a0Penal \u00a0Municipal con funci\u00f3n de Control de Garant\u00edas de Cali, se legaliz\u00f3 \u00a0la \u00a0captura \u00a0de \u00a0WILBERTO RENTER\u00cdA MOSQUERA, a quien se le formul\u00f3 el cargo de \u00a0concierto \u00a0para \u00a0delinquir \u00a0agravado, \u00a0al \u00a0cual \u00a0se \u00a0allan\u00f3, e impuso medida de \u00a0aseguramiento \u00a0 de \u00a0 detenci\u00f3n \u00a0 preventiva \u00a0 en \u00a0 establecimiento \u00a0carcelario. \u00a0\u00a0<\/p>\n<p>En \u00a0dicha \u00a0oportunidad \u00a0los \u00a0hechos \u00a0que le \u00a0atribuyeron, fueron relatados por el Fiscal Delegado as\u00ed: \u00a0\u00a0<\/p>\n<p>\u201cLa \u00a0Fiscal\u00eda 57 Especializada de Crimen \u00a0Organizado \u00a0con \u00a0sede \u00a0en la ciudad de Pasto, adelanta una investigaci\u00f3n contra \u00a0una \u00a0organizaci\u00f3n \u00a0criminal. Se inicia esa investigaci\u00f3n precisamente el 23 de \u00a0agosto \u00a0de \u00a02015 \u00a0y \u00a0c\u00f3mo \u00a0se \u00a0genera \u00a0o \u00a0c\u00f3mo \u00a0se \u00a0inicia esa investigaci\u00f3n, \u00a0precisamente \u00a0por \u00a0labores \u00a0de \u00a0la \u00a0polic\u00eda \u00a0judicial \u00a0realizan unas labores de \u00a0identificaci\u00f3n \u00a0y \u00a0de \u00a0captura \u00a0de \u00a0unas \u00a0personas \u00a0que estaban entregando unos \u00a0panfletos \u00a0en \u00a0el \u00a0municipio de Pasto indic\u00e1ndose y alusivos a las autodefensas \u00a0unidas \u00a0gaitanistas \u00a0de \u00a0Colombia, \u00a0bloque \u00a0pac\u00edfico \u00a0sur, \u00a0por \u00a0los \u00a0postes de \u00a0energ\u00eda \u00a0en \u00a0los \u00a0sectores de la comuna 10 y por eso entonces eso la unidad del \u00a0cuadrante \u00a0de \u00a0polic\u00eda \u00a0proceden \u00a0entonces \u00a0a \u00a0verificar \u00a0esa \u00a0informaci\u00f3n. De \u00a0inmediato \u00a0entonces se genera esa investigaci\u00f3n, se apertura esa investigaci\u00f3n \u00a0porque \u00a0se \u00a0empiezan \u00a0a \u00a0verse esos panfletos y la Fiscal\u00eda entonces inicia sus \u00a0labores. \u00a0Dentro de esas labores que realiza precisamente la Fiscal\u00eda empieza a \u00a0tomar \u00a0informaci\u00f3n \u00a0de personas que militan o hacen parte de esa organizaci\u00f3n, \u00a0es \u00a0decir \u00a0testigos \u00a0que \u00a0corroboran \u00a0de \u00a0esa \u00a0informaci\u00f3n \u00a0de esos panfletos y \u00a0entonces \u00a0cu\u00e1l \u00a0era \u00a0finalidad \u00a0de \u00a0los \u00a0mismos.\u201d1 \u00a0\u00a0<\/p>\n<p>Agreg\u00f3 que de la informaci\u00f3n suministrada \u00a0por \u00a0testigos, \u00a0se \u00a0logr\u00f3 \u00a0establecer \u00a0que \u00a0uno de los integrantes de esa banda \u00a0criminal \u00a0era \u00a0WILBERTO \u00a0RENTER\u00cdA \u00a0MOSQUERA, \u00a0alias \u00a0\u201cperroski\u201d \u00a0y \u00a0que \u00a0la \u00a0finalidad \u00a0 \u00a0 de \u00a0 \u00a0 la \u00a0 \u00a0 organizaci\u00f3n \u00a0 \u00a0 es2 \u00a0 \u00a0 \u00a0 \u00a0 \u00a0\u201cempezar \u00a0a coger terreno como ellos lo indican, a expandirse por \u00a0la \u00a0parte de Tumaco, de Nari\u00f1o, perd\u00f3n, vienen desde la ciudad de Cali\u00a0 y \u00a0finalidad \u00a0es \u00a0esa \u00a0de \u00a0empezar a hacer presencia en ese territorio. Igualmente, \u00a0entonces \u00a0el \u00a0testigo en sus apartes se\u00f1ala \u201cpara el d\u00eda domingo en horas de \u00a0la \u00a0tarde \u00a0cerca \u00a0al \u00a0hotel \u00a0Zacaray, \u00a0alias Alex, alias perroski, alias menor y \u00a0alias \u00a0miguel, \u00a0me \u00a0abordaron \u00a0me empezaron a insultar y a decirme que me iban a \u00a0matar, \u00a0me \u00a0amenazaron \u00a0con \u00a0una \u00a0navaja, \u00a0me \u00a0iban a picar, porque yo me hab\u00eda \u00a0abierto \u00a0de \u00a0ellos \u00a0y porque yo supuestamente era el sapo, tambi\u00e9n amenazaron a \u00a0mi \u00a0compa\u00f1era, \u00a0le dijeron que si segu\u00eda andando conmigo lo mataban y tambi\u00e9n \u00a0le \u00a0dijeron \u00a0a \u00a0ella \u00a0que me dejara a m\u00ed y se metiera con alias perroski. Luego \u00a0ellos \u00a0se \u00a0fueron \u00a0de \u00a0este \u00a0lugar \u00a0y \u00a0yo \u00a0no \u00a0volv\u00ed \u00a0al \u00a0hotel \u00a0donde \u00a0estaban \u00a0qued\u00e1ndose, \u00a0para el d\u00eda martes 8 de septiembre mi compa\u00f1era Estefany me dijo \u00a0que \u00a0alias \u00a0perroski \u00a0le \u00a0hab\u00eda \u00a0hecho \u00a0una llamada le dijo que se vieran en el \u00a0terminal \u00a0de transporte de Pasto y ella va y se re\u00fane con alias perroski y este \u00a0le \u00a0dice \u00a0que \u00a0la \u00a0acompa\u00f1e \u00a0y \u00a0all\u00ed \u00a0se \u00a0van \u00a0para \u00a0el hotel donde se estaban \u00a0quedando\u00a0 \u00a0por \u00a0la \u00a0avenida \u00a0Idema \u00a0en \u00a0el \u00a0hotel \u00a0que se llama Zacaray, la \u00a0ingresa \u00a0a\u00a0 \u00a0una \u00a0habitaci\u00f3n \u00a0de \u00a0n\u00famero \u00a0203 \u00a0y la encerr\u00f3 all\u00e1, alias \u00a0perroski \u00a0le \u00a0pregunta por m\u00ed, que en donde me estaba quedando yo, la amenaza y \u00a0le \u00a0dicen \u00a0que \u00a0no \u00a0ande conmigo porque tambi\u00e9n la mataban y la dejan encerrada \u00a0bajo \u00a0llave \u00a0en \u00a0ese \u00a0momento \u00a0y \u00a0al \u00a0ver \u00a0esa \u00a0situaci\u00f3n decido informar a las \u00a0autoridades \u00a0sobre esta situaci\u00f3n\u201d. A una pregunta que le hace la Fiscal\u00eda a \u00a0esa \u00a0persona \u00a0que \u00a0viene \u00a0relatando \u00a0esos \u00a0hechos \u00a0en \u00a0cuanto \u00a0como se encuentra \u00a0estructurada \u00a0la \u00a0organizaci\u00f3n \u00a0se\u00f1ala \u00a0dentro de las personas que menciona se \u00a0encuentra \u00a0alias \u00a0perroski \u00a0y \u00a0dice y ah\u00ed siguen puros patrulleros urbanos como \u00a0son \u00a0alias \u00a0perroski, \u00a0alias \u00a0bland\u00f3n, \u00a0alias \u00a0el \u00a0menor, \u00a0alias \u00a0Lorena, alias \u00a0Natalia, \u00a0alias \u00a0el \u00a0silencioso, \u00a0Alex \u00a0oricote, \u00a0alias Cali, alias diego, alias \u00a0Miguel, \u00a0s\u00e9 que ellos llegaron dos integrantes nuevos que son alias Nen y alias \u00a0Erlin, \u00a0esos \u00a0son \u00a0los \u00a0que \u00a0est\u00e1n actualmente en la ciudad de Pasto cometiendo \u00a0extorsiones y homicidios(\u2026)\u201d. \u00a0\u00a0<\/p>\n<p>Adem\u00e1s \u00a0acerca de las actividades de alias \u00a0Perroski \u00a0indic\u00f3 \u00a0que \u201ces patrullero urbano, era el \u00a0escolta \u00a0de \u00a0alias \u00a0JR (\u2026) s\u00e9 que es de Tumaco, fue con alias bland\u00f3n, alias \u00a0diego \u00a0y \u00a0alias \u00a0el\u00a0 \u00a0menor \u00a0al \u00a0municipio \u00a0de \u00a0la \u00a0uni\u00f3n \u00a0a \u00a0realizar una \u00a0extorsi\u00f3n \u00a0a \u00a0un \u00a0comerciante \u00a0esa vez le quitaron la suma de $20.000.000 y una \u00a0pistola \u00a0de \u00a0propiedad del se\u00f1or comerciante (\u2026)\u201d \u00a0y \u00a0respecto \u00a0de \u00a0la organizaci\u00f3n se dijo \u201c\u2026cuando \u00a0llega \u00a0esa \u00a0organizaci\u00f3n \u00a0a \u00a0la \u00a0ciudad \u00a0de Pasto, se\u00f1ala precisamente que esa \u00a0organizaci\u00f3n \u00a0empez\u00f3 a hacer presencia precisamente en esos meses de agosto de \u00a02015, \u00a0que \u00a0llega \u00a0precisamente \u00a0a \u00a0esa \u00a0vivienda \u00a0donde se incaut\u00f3, ubicaron o \u00a0encontraron \u00a0esos panfletos alusivos a ese bloque, se\u00f1ala igualmente el tipo de \u00a0armamento \u00a0que \u00a0utilizan \u00a0que \u00a0son \u00a0precisamente \u00a0pistolas \u00a09 \u00a0mil\u00edmetros, \u00a0que \u00a0rev\u00f3lveres \u00a038, \u00a0igualmente la munici\u00f3n, asimismo se\u00f1ala que donde es la zona \u00a0o \u00a0el \u00a0sector \u00a0donde hace presencia el grupo armado, se\u00f1ala que precisamente se \u00a0mantienen \u00a0en \u00a0el \u00a0barrio \u00a0santa \u00a0Matilde \u00a0que \u00a0se \u00a0quieren \u00a0meter \u00a0en el barrio \u00a0Marquetalia, \u00a0tambi\u00e9n \u00a0permanecen \u00a0en los hoteles de la avenida Idema, son esos \u00a0los que recuerda(\u2026)\u201d \u00a0\u00a0<\/p>\n<p>2. Asignada la actuaci\u00f3n al Juzgado Quinto \u00a0Penal \u00a0del \u00a0Circuito \u00a0Especializado \u00a0de \u00a0Cali \u00a0y fracasada la\u00a0 audiencia de \u00a0individualizaci\u00f3n \u00a0de \u00a0pena \u00a0y \u00a0sentencia \u00a0convocada \u00a0para \u00a0el \u00a017 de agosto de \u00a02016, \u00a0en \u00a0auto \u00a0del \u00a018 \u00a0siguiente, \u00a0la autoridad judicial rehus\u00f3 la competencia para conocer del asunto \u00a0\u201ccomo \u00a0quiera \u00a0que el accionar delictivo desplegado \u00a0por \u00a0\u00e9ste, \u00a0como miembro activo del autodenominado grupo de Autodefensas Unidas \u00a0Gaitanistas \u00a0de \u00a0Colombia- \u00a0Bloque \u00a0Sur, \u00a0se \u00a0ha desarrollado en su totalidad de \u00a0(sic) \u00a0la \u00a0poblaci\u00f3n \u00a0de \u00a0Tumaco \u00a0(Nari\u00f1o), \u00a0all\u00e1 \u00a0fue \u00a0en \u00a0donde \u00a0el \u00a0grupo de personas, entre ellas el \u00a0se\u00f1or \u00a0WILBERTO \u00a0RENTER\u00cdA \u00a0MOSQUERA \u00a0alias \u201cPerroski\u201d, se concretaron para \u00a0desarrollar \u00a0la \u00a0idea \u00a0criminal \u00a0de cimentar y expandir el grupo al margen de la \u00a0ley; \u00a0all\u00e1 \u00a0fue en donde se dice comet\u00edan los presuntos delitos contra la vida \u00a0y \u00a0el \u00a0patrimonio \u00a0econ\u00f3mico; \u00a0y por dem\u00e1s en dicha jurisdicci\u00f3n se encuentra \u00a0acopiados \u00a0los \u00a0elementos \u00a0materiales de prueba para el enjuiciamiento del aqu\u00ed \u00a0implicado \u00a0 \u00a0 \u00a0 y \u00a0 \u00a0 \u00a0 sus \u00a0 \u00a0 \u00a0 compinches\u201d3\u00a0 \u00a0\u00a0<\/p>\n<p>Agreg\u00f3 \u00a0 que \u00a0 si \u00a0 bien \u00a0el \u00a0Fiscal \u00a015 \u00a0Especializado \u00a0 en \u00a0 audiencia \u00a0 de \u00a0imputaci\u00f3n \u00a0refiri\u00f3 \u00a0que \u00a0alguno \u00a0de \u00a0los \u00a0integrantes \u00a0de \u00a0esa \u00a0banca \u00a0clandestina \u00a0son oriundos de la ciudad de Cali, esa \u00a0sola \u00a0 circunstancia \u00a0no \u00a0afecta \u00a0la \u00a0competencia \u00a0por \u00a0el \u00a0factor \u00a0territorial. \u00a0\u00a0<\/p>\n<p>En \u00a0consecuencia \u00a0y \u00a0de \u00a0conformidad con el \u00a0art\u00edculo \u00a054 \u00a0de \u00a0la \u00a0Ley 906 de 2004, env\u00edo la actuaci\u00f3n a esta Corporaci\u00f3n \u00a0para definir la competencia. \u00a0\u00a0<\/p>\n<p>CONSIDERACIONES DE LA CORTE \u00a0<\/p>\n<p>1. \u00a0De \u00a0conformidad con lo se\u00f1alado en los \u00a0art\u00edculos \u00a032, \u00a0numeral 4\u00b0 y 54 de la Ley 906 de 2004, esta Sala es competente \u00a0para \u00a0conocer \u00a0de \u00a0la \u00a0definici\u00f3n \u00a0de \u00a0competencia \u00a0en \u00a0el \u00a0presente asunto, en \u00a0atenci\u00f3n \u00a0a \u00a0que \u00a0el \u00a0Juzgado Quinto\u00a0 Penal del Circuito Especializado con \u00a0funciones \u00a0de \u00a0conocimiento \u00a0de Cali aduce que el expediente debe ser remitido a \u00a0un \u00a0hom\u00f3logo \u00a0de \u00a0Tumaco, \u00a0es decir, se trata de una eventualidad que involucra \u00a0Juzgados de diferente Distrito Judicial. \u00a0\u00a0<\/p>\n<p>2. El tr\u00e1mite del incidente de definici\u00f3n \u00a0de \u00a0competencia \u00a0est\u00e1 descrito en el canon 54 del estatuto procesal en cita, de \u00a0la siguiente manera: \u00a0\u00a0<\/p>\n<p>(\u2026) \u00a0Cuando \u00a0el juez ante el cual se haya \u00a0presentado \u00a0la acusaci\u00f3n manifieste su incompetencia, as\u00ed lo har\u00e1 saber a las \u00a0partes \u00a0 en \u00a0 la \u00a0misma \u00a0audiencia \u00a0y \u00a0remitir\u00e1 \u00a0el \u00a0asunto \u00a0inmediatamente \u00a0al \u00a0funcionario \u00a0que \u00a0deba definirla, quien en el t\u00e9rmino improrrogable de tres (3) \u00a0d\u00edas \u00a0decidir\u00e1 \u00a0de \u00a0plano. Igual procedimiento se aplicar\u00e1 cuando se trate de \u00a0lo \u00a0previsto \u00a0en \u00a0el \u00a0art\u00edculo 286 de este c\u00f3digo y cuando la incompetencia la \u00a0proponga la defensa. \u00a0\u00a0<\/p>\n<p>La lectura exeg\u00e9tica del anterior precepto, \u00a0indicar\u00eda \u00a0 que \u00a0 el \u00a0 funcionario \u00a0 judicial \u00a0solamente \u00a0puede \u00a0apartarse \u00a0del \u00a0conocimiento \u00a0de un determinado asunto durante las audiencias de formulaci\u00f3n de \u00a0imputaci\u00f3n \u00a0y \u00a0acusaci\u00f3n, \u00a0sin \u00a0embargo, \u00a0como \u00a0ocurre en este caso, donde por \u00a0raz\u00f3n \u00a0del \u00a0allanamiento a cargos la audiencia de formulaci\u00f3n de acusaci\u00f3n se \u00a0omite, \u00a0esta \u00a0Corporaci\u00f3n \u00a0ha \u00a0admitido que es la audiencia de verificaci\u00f3n de \u00a0allanamiento \u00a0e \u00a0individualizaci\u00f3n de pena el escenario adecuado para debatirse \u00a0la \u00a0 \u00a0competencia \u00a0 \u00a0del \u00a0 \u00a0funcionario \u00a0 judicial4.\u00a0 \u00a0\u00a0<\/p>\n<p>Igualmente \u00a0que \u00a0si \u00a0la \u00a0manifestaci\u00f3n \u00a0de \u00a0incompetencia \u00a0proviene del Juez, nada impide que la haga por escrito y previa a \u00a0la \u00a0realizaci\u00f3n \u00a0de la diligencia, ya que ello puede hacerse desde \u00abel \u00a0mismo \u00a0instante \u00a0en \u00a0que \u00a0se \u00a0le \u00a0ha presentado el escrito de \u00a0acusaci\u00f3n \u00a0 \u00a0o \u00a0 \u00a0solicitud \u00a0 de \u00a0 preclusi\u00f3n.\u00bb5 \u00a0\u00a0<\/p>\n<p>3. En tales condiciones, corresponde a esta \u00a0Colegiatura \u00a0determinar \u00a0la \u00a0autoridad \u00a0encargada \u00a0de \u00a0conocer \u00a0de \u00a0la \u00a0etapa de \u00a0juzgamiento \u00a0del proceso en contra de WILFREDO RENTER\u00cdA MOSQUERA, por el delito \u00a0de concierto para delinquir agravado. \u00a0\u00a0<\/p>\n<p>3.1. Al respecto, el art\u00edculo 43 de la Ley \u00a0906 de 2004, establece que: \u00a0\u00a0<\/p>\n<p>Es \u00a0competente para conocer del juzgamiento \u00a0el juez del lugar donde ocurri\u00f3 el delito. \u00a0\u00a0<\/p>\n<p>Cuando no fuere posible determinar el lugar \u00a0de \u00a0ocurrencia \u00a0del \u00a0hecho, \u00a0este se hubiere realizado en varios lugares, en uno \u00a0incierto \u00a0o \u00a0en \u00a0el \u00a0extranjero, la competencia del juez de conocimiento se fija \u00a0por \u00a0el \u00a0lugar \u00a0donde se formule acusaci\u00f3n por parte de la Fiscal\u00eda General de \u00a0la \u00a0Naci\u00f3n, lo cual har\u00e1 donde se encuentren los elementos fundamentales de la \u00a0acusaci\u00f3n. \u00a0\u00a0<\/p>\n<p>Las \u00a0 partes \u00a0 podr\u00e1n \u00a0 controvertir \u00a0la \u00a0competencia \u00a0 del \u00a0 juez \u00a0 \u00fanicamente \u00a0 en \u00a0 audiencia \u00a0 de \u00a0 formulaci\u00f3n \u00a0 de \u00a0acusaci\u00f3n. \u00a0\u00a0<\/p>\n<p>Para \u00a0 escoger \u00a0el \u00a0juez \u00a0de \u00a0control \u00a0de \u00a0garant\u00edas \u00a0 en \u00a0 estos \u00a0casos \u00a0se \u00a0atender\u00e1 \u00a0lo \u00a0se\u00f1alado \u00a0anteriormente. \u00a0Su \u00a0escogencia no determinar\u00e1 la del juez de conocimiento. \u00a0\u00a0<\/p>\n<p>A \u00a0su turno, esta Corporaci\u00f3n ha explicado \u00a0acerca \u00a0del \u00a0momento \u00a0consumativo \u00a0del \u00a0delito \u00a0de \u00a0concierto para delinquir, lo \u00a0siguiente:\u00a0 \u00a0\u00a0<\/p>\n<p>(\u2026) \u00a0El \u00a0concierto \u00a0para \u00a0delinquir es un \u00a0delito \u00a0de \u00a0sujeto \u00a0activo \u00a0plural, aut\u00f3nomo, de mera conducta, que se sanciona \u00a0por \u00a0el simple hecho de la asociaci\u00f3n, acuerdo o convenio entre varias personas \u00a0para \u00a0realizar \u00a0delitos \u00a0indeterminados. \u00a0La \u00a0uni\u00f3n \u00a0de voluntades para cometer \u00a0cierta \u00a0clase de il\u00edcitos agrava la conducta, pero no modifica la existencia de \u00a0la \u00a0figura, \u00a0que \u00a0se \u00a0caracteriza \u00a0esencialmente \u00a0por \u00a0la \u00a0indeterminaci\u00f3n y el \u00a0prop\u00f3sito \u00a0de permanencia en el tiempo. Su demostraci\u00f3n, generalmente, deviene \u00a0por \u00a0v\u00eda \u00a0de \u00a0inferencia, a partir del an\u00e1lisis de las actividades, elementos, \u00a0armas, \u00a0procedimientos, \u00a0contactos \u00a0o \u00a0situaciones \u00a0objetivas \u00a0atribuidas \u00a0a \u00a0la \u00a0organizaci\u00f3n \u00a0delictiva, \u00a0m\u00e1s \u00a0no de un contrato o acto de aprobaci\u00f3n expreso \u00a0de sus miembros. \u00a0\u00a0<\/p>\n<p>Condici\u00f3n \u00a0esencial para la configuraci\u00f3n \u00a0de \u00a0esta \u00a0especie \u00a0delictiva \u00a0es, \u00a0por \u00a0tanto, la creaci\u00f3n de una asociaci\u00f3n u \u00a0organizaci\u00f3n \u00a0para violar la ley penal, estructura que presupone la confluencia \u00a0de \u00a0varios \u00a0elementos: \u00a0(i) \u00a0un \u00a0n\u00famero \u00a0plural de personas, (ii) un acuerdo de \u00a0voluntades \u00a0que \u00a0convoque \u00a0a \u00a0los \u00a0asociados alrededor del mismo fin, y (iii) la \u00a0proyecci\u00f3n \u00a0 \u00a0de \u00a0 la \u00a0 organizaci\u00f3n \u00a0 en \u00a0 el \u00a0 tiempo \u00a0 con \u00a0 car\u00e1cter \u00a0 de \u00a0permanencia.\u00a0\u00a0\u00a0\u00a0 \u00a0\u00a0<\/p>\n<p>\u00ba El momento consumativo del concierto para \u00a0delinquir ha dicho la Corte: \u00a0\u00a0<\/p>\n<p>\u201c\u2026 \u00a0es \u00a0uno \u00a0de \u00a0los \u00a0llamados \u00a0delitos \u00a0permanentes \u00a0y \u00a0\u00e9stos \u00a0se \u00a0caracterizan, \u00a0entre \u00a0otras \u00a0cosas, \u00a0porque \u00a0se \u00a0van \u00a0consumando \u00a0durante \u00a0todo \u00a0el \u00a0tiempo en que perdura el pacto, y porque, como es \u00a0obvio, \u00a0culminan \u00a0una vez desaparece la ofensa al bien jur\u00eddico tutelado. As\u00ed, \u00a0mientras \u00a0\u00e9sta \u00a0no \u00a0termine, \u00a0el delito se est\u00e1 cometiendo. Consecuencia de lo \u00a0anterior, \u00a0la \u00a0conducta \u00a0se prolonga tanto en el tiempo como en el espacio y, en \u00a0esta \u00a0 \u00faltima \u00a0 hip\u00f3tesis, \u00a0 perfectamente \u00a0puede \u00a0suceder \u00a0que \u00a0unos \u00a0de \u00a0los \u00a0integrantes \u00a0del concierto se hallen en una parte y otro y otros, en otra, o que \u00a0algunos \u00a0de \u00a0los concertados en un pa\u00eds se trasladen a otro y regresen, caso en \u00a0el cual se est\u00e1 cometiendo el hecho en dos o m\u00e1s Estados. \u00a0\u00a0<\/p>\n<p>Por \u00a0tanto, siendo de la esencia del delito \u00a0en \u00a0menci\u00f3n \u00a0la \u00a0existencia de una asociaci\u00f3n criminal que act\u00faa como entidad \u00a0delictiva, \u00a0la \u00a0conducta \u00a0se entiende realizada en el \u00a0lugar \u00a0donde \u00a0\u00e9sta \u00a0desarrolla \u00a0o \u00a0proyecta \u00a0su \u00a0actividad criminal, \u00a0pues \u00a0lo \u00a0que \u00a0debe mirarse en estos eventos es la organizaci\u00f3n \u00a0como \u00a0 \u00a0empresa \u00a0 \u00a0delictiva, \u00a0 \u00a0no \u00a0 \u00a0la \u00a0 \u00a0de \u00a0 \u00a0sus \u00a0 miembros \u00a0 aisladamente \u00a0considerados. \u00a0 (Subrayas \u00a0 y \u00a0 negrillas \u00a0fuera \u00a0de \u00a0texto).6 CSJ AP 3618-2016 \u00a0\u00a0<\/p>\n<p>De \u00a0igual \u00a0forma, \u00a0que \u00a0cuando \u00a0el \u00a0grupo \u00a0concertado \u00a0opera \u00a0en \u00a0diferentes \u00a0lugares \u00abno pueden \u00a0tomarse \u00a0en \u00a0cuenta \u00a0todos los territorios en los que la banda tenga presencia o \u00a0injerencia, \u00a0sino \u00a0solamente \u00a0aquellos \u00a0en \u00a0los \u00a0cuales -seg\u00fan la Fiscal\u00eda- el \u00a0acusado \u00a0ejecut\u00f3 \u00a0acciones \u00a0u \u00a0omisiones \u00a0constitutivas de la referida conducta \u00a0punible. \u00a0 (Cfr. \u00a0 CSJ \u00a0 AP, \u00a0 06 \u00a0 May. \u00a0 2015, \u00a0 Rad. \u00a0 45866, \u00a0 entre \u00a0muchas \u00a0otras).\u00bb7 \u00a0\u00a0<\/p>\n<p>3.2. \u00a0Acorde \u00a0con \u00a0los hechos imputados, se \u00a0tiene \u00a0 \u00a0que \u00a0 \u00a0la \u00a0 organizaci\u00f3n \u00a0 criminal \u00a0 autodenominada \u00a0 \u201cAutodefensas \u00a0unidas \u00a0gaitanistas \u00a0de \u00a0Colombia, \u00a0bloque \u00a0pac\u00edfico \u00a0sur\u201d, \u00a0a \u00a0la \u00a0cual \u00a0pertenece \u00a0WILBERTO \u00a0RENTER\u00cdA \u00a0MOSQUERA, \u00a0opera \u00a0tanto \u00a0en la ciudad de Cali como en Pasto, puesto que desde la \u00a0primera \u00a0se han dirigido a la segunda a fin de expandir su rango de operaciones. \u00a0\u00a0<\/p>\n<p>Que en la ciudad de Pasto ha establecido un \u00a0centro \u00a0de \u00a0operaciones \u00a0y \u00a0comenzado la difusi\u00f3n de su existencia a trav\u00e9s de \u00a0panfletos \u00a0para \u00a0incursionar \u00a0en los barrios de Santa Matilde y Marquetalia para \u00a0cometer \u00a0\u201cpresuntos \u00a0delitos \u00a0contra \u00a0la \u00a0vida y el \u00a0patrimonio \u00a0econ\u00f3mico\u201d, \u00a0y \u00a0que \u00a0el \u00a0imputado \u00a0fue \u00a0identificado como part\u00edcipe de las tales actividades delictivas. \u00a0\u00a0<\/p>\n<p>As\u00ed las cosas, si bien podr\u00eda radicarse \u00a0el \u00a0conocimiento \u00a0del \u00a0asunto \u00a0en los Juzgados especializados de Cali y Pasto en \u00a0raz\u00f3n \u00a0a \u00a0que \u00a0el rango de injerencia de la mencionada banda criminal comprende \u00a0los \u00a0dos \u00a0territorios, \u00a0lo \u00a0cierto \u00a0es \u00a0que la conducta por la que se procesa al \u00a0imputado \u00a0 se \u00a0 concret\u00f3 \u00a0en \u00a0la \u00a0capital \u00a0del \u00a0Departamento \u00a0de \u00a0Nari\u00f1o, \u00a0por \u00a0consiguiente, \u00a0es \u00a0al \u00a0Juez \u00a0con \u00a0jurisdicci\u00f3n \u00a0en \u00a0esa \u00a0localidad \u00a0a \u00a0quien le \u00a0corresponde asumir el conocimiento de la actuaci\u00f3n. \u00a0\u00a0<\/p>\n<p>En tal virtud, se \u00a0enviar\u00e1 \u00a0la \u00a0actuaci\u00f3n al \u00a0Juzgado \u00a0Penal \u00a0del \u00a0Circuito \u00a0Especializado de Pasto \u00a0(reparto) \u00a0 y \u00a0 no \u00a0 de \u00a0 Tumaco \u00a0 seg\u00fan \u00a0lo sugiri\u00f3 \u00a0el \u00a0 \u00a0 despacho \u00a0 \u00a0remitente, \u00a0 \u00a0porque \u00a0 no \u00a0 aparece \u00a0sindicaci\u00f3n \u00a0que \u00a0en \u00a0ese \u00a0territorio el \u00a0implicado \u00a0haya \u00a0ejecutado \u00a0acciones \u00a0delictivas y en \u00a0 \u00a0esa \u00a0 municipalidad \u00a0 no \u00a0 se \u00a0 reporta \u00a0 despacho \u00a0 de \u00a0 esa \u00a0categor\u00eda. \u00a0\u00a0<\/p>\n<p>En \u00a0m\u00e9rito de lo expuesto la Corte Suprema \u00a0de Justicia, Sala de Casaci\u00f3n Penal, \u00a0\u00a0<\/p>\n<p>\u00a0 \u00a0 \u00a0 \u00a0 \u00a0<\/p>\n<p>RESUELVE \u00a0<\/p>\n<p>1. \u00a0 Asignar \u00a0al \u00a0Juzgado \u00a0Penal \u00a0del \u00a0Circuito \u00a0Especializado \u00a0con \u00a0funciones \u00a0 de \u00a0conocimiento \u00a0de \u00a0Pasto \u00a0\u2013Reparto-, \u00a0 la \u00a0 competencia \u00a0 para \u00a0adelantar \u00a0 la \u00a0 audiencia \u00a0 de \u00a0 verificaci\u00f3n \u00a0 de \u00a0allanamiento e individualizaci\u00f3n de pena y sentencia. \u00a0\u00a0<\/p>\n<p>2. \u00a0Informar \u00a0de \u00a0esta decisi\u00f3n al Juzgado \u00a0Quinto\u00a0 \u00a0Penal \u00a0del \u00a0Circuito \u00a0 \u00a0Especializado \u00a0 \u00a0de \u00a0 \u00a0Cali, para su conocimiento. \u00a0\u00a0<\/p>\n<p>Contra \u00a0esta \u00a0decisi\u00f3n \u00a0no procede recurso \u00a0alguno. \u00a0\u00a0<\/p>\n<p>Comun\u00edquese y c\u00famplase. \u00a0<\/p>\n<p>GUSTAVO ENRIQUE MALO FERN\u00c1NDEZ \u00a0<\/p>\n<p>JOS\u00c9 FRANCISCO ACU\u00d1A VIZCAYA \u00a0<\/p>\n<p>JOS\u00c9 LUIS BARCEL\u00d3 CAMACHO \u00a0<\/p>\n<p>FERNANDO ALBERTO CASTRO CABALLERO \u00a0<\/p>\n<p>EUGENIO FERN\u00c1NDEZ CARLIER \u00a0<\/p>\n<p>LUIS ANTONIO HERN\u00c1NDEZ BARBOSA \u00a0<\/p>\n<p>EYDER PATI\u00d1O CABRERA \u00a0<\/p>\n<p>PATRICIA SALAZAR CUELLAR \u00a0<\/p>\n<p>LUIS GUILLERMO SALAZAR OTERO \u00a0<\/p>\n<p>Nubia Yolanda Nova Garc\u00eda \u00a0<\/p>\n<p>Secretaria \u00a0<\/p>\n<p>\u00a0 \u00a0\u00a0<\/p>\n<p>1 \u00a0Audiencia del 19 de junio de 2016, a partir del minuto 22:01 \u00a0\u00a0<\/p>\n<p>2 \u00a0Audiencia \u00a0del \u00a019 \u00a0de \u00a0junio \u00a0de \u00a02016, \u00a0a \u00a0partir del minuto 28:07. Relato que \u00a0hiciera un testigo cuya identidad es reservada. \u00a0\u00a0<\/p>\n<p>3 Folio \u00a023 de la carpeta \u00a0\u00a0<\/p>\n<p>4 Cfr. \u00a0AP \u00a04445-2016, AP3701-2016, AP3570-2016, entre otros. \u00a0\u00a0<\/p>\n<p>5 CSJ \u00a0AP, \u00a026 \u00a0Sep. \u00a02007, \u00a0Rad. 28136, reiterado entre otros, en CSJ AP, 12 Mar 2008, \u00a0Rad. 29316 y AP3064-2016. \u00a0\u00a0<\/p>\n<p>6 CSJ \u00a0AP, 2 Oct. 2013. Rad. 42285 \u00a0\u00a0<\/p>\n<p>7 CSJ \u00a0AP 3015-2016 \u00a0 \u00a0\u00a0<\/p>\n<p><\/p>\n","protected":false},"excerpt":{"rendered":"<p>\u00a0 \u00a0 Rep\u00fablica de Colombia \u00a0 \u00a0\u00a0 Corte Suprema de Justicia \u00a0 CORTE SUPREMA DE JUSTICIA \u00a0 SALA DE CASACION PENAL \u00a0 LUIS GUILLERMO SALAZAR OTERO \u00a0 Magistrado Ponente \u00a0 AP6345-2016 \u00a0 Radicado No. 48890 \u00a0 \u00a0 \u00a0\u00a0 \u00a0\u00a0 \u00a0\u00a0Acta. 298 \u00a0\u00a0 Bogot\u00e1, \u00a0D.C, \u00a0veinte (20) de septiembre de \u00a0dos mil diecis\u00e9is (2016). \u00a0\u00a0 ASUNTO [&hellip;]<\/p>\n","protected":false},"author":1,"featured_media":0,"comment_status":"open","ping_status":"open","sticky":false,"template":"","format":"standard","meta":{"footnotes":""},"categories":[25],"tags":[],"class_list":["post-33627","post","type-post","status-publish","format-standard","hentry","category-25"],"_links":{"self":[{"href":"https:\/\/dmsjuridica.com\/buscador_20179478954\/salapenalcronologico20230723\/wp-json\/wp\/v2\/posts\/33627","targetHints":{"allow":["GET"]}}],"collection":[{"href":"https:\/\/dmsjuridica.com\/buscador_20179478954\/salapenalcronologico20230723\/wp-json\/wp\/v2\/posts"}],"about":[{"href":"https:\/\/dmsjuridica.com\/buscador_20179478954\/salapenalcronologico20230723\/wp-json\/wp\/v2\/types\/post"}],"author":[{"embeddable":true,"href":"https:\/\/dmsjuridica.com\/buscador_20179478954\/salapenalcronologico20230723\/wp-json\/wp\/v2\/users\/1"}],"replies":[{"embeddable":true,"href":"https:\/\/dmsjuridica.com\/buscador_20179478954\/salapenalcronologico20230723\/wp-json\/wp\/v2\/comments?post=33627"}],"version-history":[{"count":0,"href":"https:\/\/dmsjuridica.com\/buscador_20179478954\/salapenalcronologico20230723\/wp-json\/wp\/v2\/posts\/33627\/revisions"}],"wp:attachment":[{"href":"https:\/\/dmsjuridica.com\/buscador_20179478954\/salapenalcronologico20230723\/wp-json\/wp\/v2\/media?parent=33627"}],"wp:term":[{"taxonomy":"category","embeddable":true,"href":"https:\/\/dmsjuridica.com\/buscador_20179478954\/salapenalcronologico20230723\/wp-json\/wp\/v2\/categories?post=33627"},{"taxonomy":"post_tag","embeddable":true,"href":"https:\/\/dmsjuridica.com\/buscador_20179478954\/salapenalcronologico20230723\/wp-json\/wp\/v2\/tags?post=33627"}],"curies":[{"name":"wp","href":"https:\/\/api.w.org\/{rel}","templated":true}]}}