{"id":33555,"date":"2023-09-13T19:42:09","date_gmt":"2023-09-13T19:42:09","guid":{"rendered":"https:\/\/dmsjuridica.com\/buscador_20179478954\/salapenalcronologico20230723\/2023\/09\/13\/ap5852-201648572\/"},"modified":"2023-09-13T19:42:09","modified_gmt":"2023-09-13T19:42:09","slug":"ap5852-201648572","status":"publish","type":"post","link":"https:\/\/dmsjuridica.com\/buscador_20179478954\/salapenalcronologico20230723\/2023\/09\/13\/ap5852-201648572\/","title":{"rendered":"AP5852-2016(48572)"},"content":{"rendered":"\n<p>\u00a0 \u00a0 CORTE SUPREMA DE JUSTICIA \u00a0<\/p>\n<p>SALA DE CASACI\u00d3N PENAL \u00a0<\/p>\n<p>EYDER PATI\u00d1O CABRERA \u00a0<\/p>\n<p>Magistrado Ponente \u00a0<\/p>\n<p>AP5852-2016 \u00a0<\/p>\n<p>Radicaci\u00f3n N\u00ba 48572 \u00a0<\/p>\n<p>(Aprobado acta N\u00b0 274) \u00a0<\/p>\n<p>Bogot\u00e1, \u00a0D. \u00a0C., treinta y uno\u00a0 (31) de \u00a0agosto de dos mil diecis\u00e9is (2016) \u00a0\u00a0<\/p>\n<p>MOTIVO DE LA DECISI\u00d3N \u00a0<\/p>\n<p>La \u00a0Corte \u00a0resolver\u00e1 \u00a0lo \u00a0que \u00a0en \u00a0derecho \u00a0corresponde \u00a0en \u00a0relaci\u00f3n con la \u201capelaci\u00f3n\u201d interpuesta por la defensa de \u00a0Nelson \u00a0 \u00a0Andr\u00e9s \u00a0 \u00a0Ram\u00edrez \u00a0 Zuluaga, \u00a0en \u00a0contra \u00a0de \u00a0la \u00a0decisi\u00f3n \u00a0del \u00a0Tribunal \u00a0Superior de Distrito \u00a0Judicial \u00a0de \u00a0Manizales \u00a0de \u00a09 \u00a0de \u00a0junio \u00a0de \u00a02016, mediante la cual revoc\u00f3 la \u00a0absoluci\u00f3n \u00a0irrogada \u00a0por \u00a0el \u00a0Juzgado Segundo Penal Municipal con Funciones de \u00a0Conocimiento \u00a0de \u00a0esa \u00a0misma \u00a0capital, el 21 de octubre de 2015, por la conducta \u00a0delictiva \u00a0 \u00a0 \u00a0 \u00a0de \u00a0 \u00a0 \u00a0 \u00a0lesiones \u00a0 \u00a0 \u00a0 personales \u00a0 \u00a0 \u00a0 culposas.\u00a0\u00a0\u00a0\u00a0\u00a0\u00a0\u00a0\u00a0\u00a0\u00a0\u00a0\u00a0\u00a0\u00a0\u00a0\u00a0\u00a0\u00a0\u00a0\u00a0\u00a0\u00a0\u00a0\u00a0\u00a0\u00a0\u00a0\u00a0\u00a0\u00a0\u00a0\u00a0\u00a0\u00a0\u00a0\u00a0\u00a0\u00a0\u00a0\u00a0\u00a0\u00a0\u00a0\u00a0\u00a0\u00a0\u00a0\u00a0\u00a0\u00a0\u00a0\u00a0\u00a0\u00a0\u00a0\u00a0\u00a0\u00a0\u00a0\u00a0\u00a0\u00a0\u00a0\u00a0\u00a0\u00a0\u00a0\u00a0\u00a0\u00a0\u00a0\u00a0\u00a0\u00a0\u00a0\u00a0\u00a0\u00a0\u00a0\u00a0\u00a0\u00a0\u00a0\u00a0\u00a0\u00a0\u00a0\u00a0\u00a0\u00a0\u00a0\u00a0\u00a0\u00a0\u00a0\u00a0\u00a0\u00a0\u00a0\u00a0\u00a0\u00a0\u00a0\u00a0\u00a0\u00a0\u00a0\u00a0\u00a0\u00a0\u00a0\u00a0\u00a0\u00a0\u00a0\u00a0\u00a0\u00a0\u00a0\u00a0\u00a0\u00a0\u00a0\u00a0\u00a0\u00a0\u00a0\u00a0\u00a0\u00a0\u00a0\u00a0\u00a0\u00a0\u00a0\u00a0\u00a0\u00a0\u00a0\u00a0\u00a0\u00a0\u00a0\u00a0\u00a0\u00a0\u00a0\u00a0\u00a0\u00a0\u00a0\u00a0\u00a0\u00a0\u00a0\u00a0\u00a0\u00a0\u00a0\u00a0\u00a0\u00a0\u00a0\u00a0\u00a0\u00a0\u00a0\u00a0\u00a0\u00a0\u00a0\u00a0\u00a0\u00a0\u00a0\u00a0\u00a0\u00a0\u00a0\u00a0\u00a0\u00a0\u00a0\u00a0\u00a0\u00a0\u00a0\u00a0\u00a0\u00a0\u00a0\u00a0\u00a0\u00a0\u00a0\u00a0\u00a0\u00a0\u00a0\u00a0\u00a0\u00a0\u00a0\u00a0\u00a0\u00a0\u00a0\u00a0\u00a0\u00a0\u00a0\u00a0\u00a0\u00a0\u00a0\u00a0\u00a0\u00a0\u00a0\u00a0\u00a0\u00a0\u00a0\u00a0\u00a0\u00a0\u00a0\u00a0\u00a0\u00a0\u00a0\u00a0\u00a0\u00a0\u00a0\u00a0\u00a0\u00a0\u00a0\u00a0\u00a0\u00a0\u00a0\u00a0\u00a0\u00a0\u00a0\u00a0\u00a0\u00a0\u00a0\u00a0\u00a0\u00a0\u00a0\u00a0\u00a0\u00a0\u00a0\u00a0\u00a0\u00a0\u00a0\u00a0\u00a0\u00a0\u00a0\u00a0\u00a0\u00a0\u00a0\u00a0\u00a0\u00a0\u00a0\u00a0\u00a0\u00a0\u00a0\u00a0\u00a0\u00a0\u00a0\u00a0\u00a0\u00a0\u00a0\u00a0\u00a0\u00a0\u00a0\u00a0\u00a0\u00a0\u00a0\u00a0\u00a0\u00a0\u00a0\u00a0\u00a0\u00a0\u00a0\u00a0\u00a0\u00a0\u00a0\u00a0\u00a0\u00a0\u00a0\u00a0\u00a0\u00a0\u00a0\u00a0\u00a0\u00a0\u00a0\u00a0\u00a0\u00a0\u00a0\u00a0\u00a0\u00a0\u00a0\u00a0\u00a0\u00a0\u00a0\u00a0\u00a0\u00a0\u00a0\u00a0\u00a0\u00a0\u00a0\u00a0\u00a0\u00a0\u00a0\u00a0\u00a0\u00a0\u00a0\u00a0\u00a0\u00a0\u00a0\u00a0\u00a0\u00a0\u00a0\u00a0\u00a0\u00a0\u00a0\u00a0\u00a0\u00a0\u00a0\u00a0\u00a0\u00a0\u00a0\u00a0\u00a0\u00a0\u00a0\u00a0\u00a0\u00a0\u00a0\u00a0\u00a0\u00a0\u00a0\u00a0\u00a0\u00a0\u00a0\u00a0\u00a0\u00a0\u00a0\u00a0\u00a0\u00a0\u00a0\u00a0\u00a0\u00a0\u00a0\u00a0\u00a0\u00a0\u00a0\u00a0\u00a0\u00a0\u00a0\u00a0\u00a0\u00a0\u00a0\u00a0\u00a0\u00a0\u00a0\u00a0\u00a0\u00a0\u00a0\u00a0\u00a0\u00a0\u00a0\u00a0\u00a0\u00a0\u00a0\u00a0\u00a0\u00a0\u00a0\u00a0\u00a0\u00a0\u00a0\u00a0\u00a0\u00a0\u00a0\u00a0\u00a0\u00a0\u00a0\u00a0\u00a0\u00a0\u00a0\u00a0\u00a0\u00a0\u00a0\u00a0\u00a0\u00a0\u00a0\u00a0\u00a0\u00a0\u00a0\u00a0\u00a0\u00a0\u00a0\u00a0\u00a0\u00a0\u00a0\u00a0\u00a0\u00a0\u00a0\u00a0\u00a0\u00a0\u00a0\u00a0\u00a0\u00a0\u00a0\u00a0\u00a0\u00a0\u00a0\u00a0\u00a0\u00a0\u00a0\u00a0\u00a0\u00a0\u00a0\u00a0\u00a0\u00a0\u00a0\u00a0\u00a0\u00a0\u00a0\u00a0\u00a0\u00a0\u00a0\u00a0\u00a0\u00a0\u00a0\u00a0\u00a0\u00a0\u00a0\u00a0\u00a0\u00a0\u00a0\u00a0\u00a0\u00a0\u00a0\u00a0\u00a0\u00a0\u00a0\u00a0\u00a0\u00a0\u00a0\u00a0\u00a0\u00a0\u00a0\u00a0\u00a0\u00a0\u00a0\u00a0\u00a0\u00a0\u00a0\u00a0\u00a0\u00a0\u00a0\u00a0\u00a0\u00a0\u00a0\u00a0\u00a0\u00a0\u00a0\u00a0\u00a0\u00a0\u00a0\u00a0\u00a0\u00a0\u00a0\u00a0\u00a0\u00a0\u00a0\u00a0\u00a0\u00a0\u00a0\u00a0\u00a0\u00a0\u00a0\u00a0\u00a0\u00a0\u00a0\u00a0\u00a0\u00a0\u00a0\u00a0\u00a0\u00a0\u00a0\u00a0\u00a0\u00a0\u00a0\u00a0\u00a0\u00a0\u00a0\u00a0\u00a0\u00a0\u00a0\u00a0\u00a0\u00a0\u00a0\u00a0\u00a0\u00a0\u00a0\u00a0\u00a0\u00a0\u00a0\u00a0\u00a0\u00a0\u00a0\u00a0\u00a0\u00a0\u00a0\u00a0\u00a0\u00a0\u00a0\u00a0\u00a0\u00a0\u00a0\u00a0\u00a0\u00a0\u00a0\u00a0\u00a0\u00a0\u00a0\u00a0\u00a0\u00a0\u00a0\u00a0\u00a0\u00a0\u00a0\u00a0\u00a0\u00a0\u00a0\u00a0\u00a0\u00a0\u00a0\u00a0\u00a0\u00a0\u00a0\u00a0\u00a0\u00a0\u00a0\u00a0\u00a0\u00a0\u00a0\u00a0\u00a0\u00a0\u00a0\u00a0\u00a0\u00a0\u00a0\u00a0\u00a0\u00a0\u00a0\u00a0\u00a0\u00a0\u00a0\u00a0\u00a0\u00a0\u00a0\u00a0\u00a0\u00a0\u00a0\u00a0\u00a0\u00a0\u00a0\u00a0\u00a0\u00a0\u00a0\u00a0\u00a0\u00a0\u00a0\u00a0\u00a0\u00a0\u00a0\u00a0\u00a0\u00a0\u00a0\u00a0\u00a0\u00a0\u00a0\u00a0\u00a0\u00a0\u00a0\u00a0\u00a0\u00a0\u00a0\u00a0\u00a0\u00a0\u00a0\u00a0\u00a0\u00a0\u00a0\u00a0\u00a0\u00a0\u00a0\u00a0\u00a0\u00a0\u00a0\u00a0\u00a0\u00a0\u00a0\u00a0\u00a0\u00a0\u00a0\u00a0\u00a0\u00a0\u00a0\u00a0\u00a0\u00a0\u00a0\u00a0\u00a0\u00a0\u00a0\u00a0\u00a0\u00a0\u00a0\u00a0\u00a0\u00a0\u00a0\u00a0\u00a0\u00a0\u00a0\u00a0\u00a0\u00a0\u00a0\u00a0\u00a0\u00a0\u00a0\u00a0\u00a0\u00a0\u00a0\u00a0\u00a0\u00a0\u00a0\u00a0\u00a0\u00a0\u00a0\u00a0\u00a0\u00a0\u00a0\u00a0\u00a0\u00a0\u00a0\u00a0\u00a0\u00a0\u00a0\u00a0\u00a0\u00a0\u00a0\u00a0\u00a0\u00a0\u00a0\u00a0\u00a0\u00a0\u00a0\u00a0\u00a0\u00a0\u00a0\u00a0\u00a0\u00a0\u00a0\u00a0\u00a0\u00a0\u00a0\u00a0\u00a0\u00a0\u00a0\u00a0\u00a0\u00a0\u00a0\u00a0\u00a0\u00a0\u00a0\u00a0\u00a0\u00a0\u00a0\u00a0\u00a0\u00a0\u00a0\u00a0\u00a0\u00a0\u00a0\u00a0\u00a0\u00a0\u00a0\u00a0\u00a0\u00a0\u00a0\u00a0\u00a0\u00a0\u00a0\u00a0\u00a0\u00a0\u00a0\u00a0\u00a0\u00a0\u00a0\u00a0\u00a0\u00a0\u00a0\u00a0\u00a0\u00a0\u00a0\u00a0\u00a0\u00a0\u00a0\u00a0\u00a0\u00a0\u00a0\u00a0\u00a0\u00a0\u00a0\u00a0\u00a0\u00a0\u00a0\u00a0\u00a0\u00a0\u00a0\u00a0\u00a0\u00a0\u00a0\u00a0\u00a0\u00a0\u00a0\u00a0\u00a0\u00a0\u00a0\u00a0\u00a0\u00a0\u00a0\u00a0\u00a0\u00a0\u00a0\u00a0\u00a0\u00a0\u00a0\u00a0\u00a0\u00a0\u00a0\u00a0\u00a0\u00a0\u00a0\u00a0\u00a0\u00a0\u00a0\u00a0\u00a0\u00a0\u00a0\u00a0\u00a0\u00a0\u00a0\u00a0\u00a0\u00a0\u00a0\u00a0\u00a0\u00a0\u00a0\u00a0\u00a0\u00a0\u00a0\u00a0\u00a0\u00a0\u00a0\u00a0\u00a0\u00a0\u00a0\u00a0\u00a0\u00a0\u00a0\u00a0\u00a0\u00a0\u00a0\u00a0\u00a0\u00a0\u00a0\u00a0\u00a0\u00a0\u00a0\u00a0\u00a0\u00a0\u00a0\u00a0\u00a0\u00a0\u00a0\u00a0\u00a0\u00a0\u00a0\u00a0\u00a0\u00a0\u00a0\u00a0\u00a0\u00a0\u00a0\u00a0\u00a0\u00a0\u00a0\u00a0\u00a0\u00a0\u00a0\u00a0\u00a0\u00a0\u00a0\u00a0\u00a0\u00a0\u00a0\u00a0\u00a0\u00a0\u00a0\u00a0\u00a0\u00a0\u00a0\u00a0\u00a0\u00a0\u00a0\u00a0\u00a0\u00a0\u00a0\u00a0\u00a0\u00a0\u00a0\u00a0\u00a0\u00a0\u00a0\u00a0\u00a0\u00a0\u00a0\u00a0\u00a0\u00a0\u00a0\u00a0\u00a0\u00a0\u00a0\u00a0\u00a0\u00a0\u00a0\u00a0\u00a0\u00a0\u00a0\u00a0\u00a0\u00a0\u00a0\u00a0\u00a0\u00a0\u00a0\u00a0\u00a0\u00a0\u00a0\u00a0\u00a0\u00a0\u00a0\u00a0\u00a0\u00a0\u00a0\u00a0\u00a0\u00a0\u00a0\u00a0\u00a0\u00a0\u00a0\u00a0\u00a0\u00a0\u00a0\u00a0\u00a0\u00a0\u00a0\u00a0\u00a0\u00a0\u00a0\u00a0\u00a0\u00a0\u00a0\u00a0\u00a0\u00a0\u00a0\u00a0\u00a0\u00a0\u00a0\u00a0\u00a0\u00a0\u00a0\u00a0\u00a0\u00a0\u00a0\u00a0\u00a0\u00a0\u00a0\u00a0\u00a0\u00a0\u00a0\u00a0\u00a0\u00a0\u00a0\u00a0\u00a0\u00a0\u00a0\u00a0\u00a0\u00a0\u00a0\u00a0\u00a0\u00a0\u00a0\u00a0\u00a0\u00a0\u00a0\u00a0\u00a0\u00a0\u00a0\u00a0\u00a0\u00a0\u00a0\u00a0\u00a0\u00a0\u00a0\u00a0\u00a0\u00a0\u00a0\u00a0\u00a0\u00a0\u00a0\u00a0\u00a0\u00a0\u00a0\u00a0\u00a0\u00a0\u00a0\u00a0\u00a0\u00a0\u00a0\u00a0\u00a0\u00a0\u00a0\u00a0\u00a0\u00a0\u00a0\u00a0\u00a0\u00a0\u00a0\u00a0\u00a0\u00a0\u00a0\u00a0\u00a0\u00a0\u00a0\u00a0\u00a0\u00a0\u00a0\u00a0\u00a0\u00a0\u00a0\u00a0\u00a0\u00a0\u00a0\u00a0\u00a0\u00a0\u00a0\u00a0\u00a0\u00a0\u00a0\u00a0\u00a0\u00a0\u00a0\u00a0\u00a0\u00a0\u00a0\u00a0\u00a0\u00a0\u00a0\u00a0\u00a0\u00a0\u00a0\u00a0\u00a0\u00a0\u00a0\u00a0\u00a0\u00a0\u00a0\u00a0\u00a0\u00a0\u00a0\u00a0\u00a0\u00a0\u00a0\u00a0\u00a0\u00a0\u00a0\u00a0\u00a0\u00a0\u00a0\u00a0\u00a0\u00a0\u00a0\u00a0\u00a0\u00a0\u00a0\u00a0\u00a0\u00a0\u00a0\u00a0\u00a0\u00a0\u00a0\u00a0\u00a0\u00a0\u00a0\u00a0\u00a0\u00a0\u00a0\u00a0\u00a0\u00a0\u00a0\u00a0\u00a0\u00a0\u00a0\u00a0\u00a0\u00a0\u00a0\u00a0\u00a0\u00a0\u00a0\u00a0\u00a0\u00a0\u00a0\u00a0\u00a0\u00a0\u00a0\u00a0\u00a0\u00a0\u00a0\u00a0\u00a0\u00a0\u00a0\u00a0\u00a0\u00a0\u00a0\u00a0\u00a0\u00a0\u00a0\u00a0\u00a0\u00a0\u00a0\u00a0\u00a0\u00a0\u00a0\u00a0\u00a0\u00a0\u00a0\u00a0\u00a0\u00a0\u00a0\u00a0\u00a0\u00a0\u00a0\u00a0\u00a0\u00a0\u00a0\u00a0\u00a0\u00a0\u00a0\u00a0\u00a0\u00a0\u00a0\u00a0\u00a0\u00a0\u00a0\u00a0\u00a0\u00a0\u00a0\u00a0\u00a0\u00a0\u00a0\u00a0\u00a0\u00a0\u00a0\u00a0\u00a0\u00a0\u00a0\u00a0\u00a0\u00a0\u00a0\u00a0\u00a0\u00a0\u00a0\u00a0\u00a0\u00a0\u00a0\u00a0\u00a0\u00a0\u00a0\u00a0\u00a0\u00a0\u00a0\u00a0\u00a0\u00a0\u00a0\u00a0\u00a0\u00a0\u00a0\u00a0\u00a0\u00a0\u00a0\u00a0\u00a0\u00a0\u00a0\u00a0\u00a0\u00a0\u00a0\u00a0\u00a0\u00a0\u00a0\u00a0\u00a0\u00a0\u00a0\u00a0\u00a0\u00a0\u00a0\u00a0\u00a0\u00a0\u00a0\u00a0\u00a0\u00a0\u00a0\u00a0\u00a0\u00a0\u00a0\u00a0\u00a0\u00a0\u00a0\u00a0\u00a0\u00a0\u00a0\u00a0\u00a0\u00a0\u00a0\u00a0\u00a0\u00a0\u00a0\u00a0\u00a0\u00a0\u00a0\u00a0\u00a0\u00a0\u00a0\u00a0\u00a0\u00a0\u00a0\u00a0\u00a0\u00a0\u00a0\u00a0\u00a0\u00a0\u00a0\u00a0\u00a0\u00a0\u00a0\u00a0\u00a0\u00a0\u00a0\u00a0\u00a0\u00a0\u00a0\u00a0\u00a0\u00a0\u00a0\u00a0\u00a0\u00a0\u00a0\u00a0\u00a0\u00a0\u00a0\u00a0\u00a0\u00a0\u00a0\u00a0\u00a0\u00a0\u00a0\u00a0\u00a0 \u00a0\u00a0<\/p>\n<p>CUESTI\u00d3N F\u00c1CTICA \u00a0<\/p>\n<p>\u00a0 \u00a0 \u00a0 \u00a0 \u00a0<\/p>\n<p>\u00a0 \u00a0\u00a0 \u00a0\u00a0 \u00a0Los \u00a0hechos \u00a0materia \u00a0de juzgamiento, fueron plasmados en el escrito \u00a0de \u00a0 acusaci\u00f3n, \u00a0 en \u00a0 los \u00a0 siguientes \u00a0t\u00e9rminos1: \u00a0\u00a0<\/p>\n<p>\u00a0 \u00a0\u00a0 \u00a0\u00a0 \u00a0\u00a0 \u00a0 \u00a0 \u00a0 \u00a0\u00a0 \u00a0 \u00a0 \u00a0 \u00a0\u00a0 \u00a0 \u00a0 \u00a0 \u00a0\u00a0 \u00a0 \u00a0 \u00a0 \u00a0\u00a0\u00abLos \u00a0hechos sucedieron el 13 de Agosto \u00a0de \u00a0 \u00a02012, \u00a0 \u00a0en \u00a0 la \u00a0 \u00a0 \u00a0\u00a0 \u00a0 \u00a0 \u00a0 \u00a0 \u00a0\u00a0glorieta \u00a0San Rafael de la ciudad de Manizales, \u00a0a \u00a0 las \u00a0 8:00 \u00a0 horas, \u00a0 \u00a0 \u00a0\u00a0 \u00a0 \u00a0 \u00a0\u00a0 \u00a0\u00a0cuando \u00a0colisionaron \u00a0los veh\u00edculos autom\u00f3vil \u00a0taxi \u00a0 \u00a0HYUNNDAI \u00a0 \u00a0de \u00a0 \u00a0 \u00a0\u00a0 \u00a0 \u00a0 \u00a0 \u00a0 \u00a0\u00a0placas \u00a0WBD \u00a0388 \u00a0conducido \u00a0por \u00a0NELSON ANDRES \u00a0RAMIREZ \u00a0 \u00a0\u00a0 \u00a0\u00a0 \u00a0\u00a0 \u00a0\u00a0ZULUAGA, \u00a0 Y \u00a0 la \u00a0 motocicleta \u00a0 marca \u00a0 Yamaha \u00a0de \u00a0placas \u00a0NJW78 \u00a0 \u00a0 \u00a0\u00a0 \u00a0 \u00a0\u00a0 \u00a0 \u00a0\u00a0 \u00a0 \u00a0conducido por JENY PAOLA MARIN BERMUDEZ. \u00a0\u00a0<\/p>\n<p>\u00a0 \u00a0\u00a0 \u00a0\u00a0 \u00a0 \u00a0 \u00a0 \u00a0 \u00a0 \u00a0 \u00a0 \u00a0 \u00a0Como \u00a0consecuencia \u00a0directa \u00a0de \u00a0ese \u00a0hechos (sic) result\u00f3 \u00a0 \u00a0 \u00a0\u00a0 \u00a0 \u00a0lesionada JENY PAOLA MARIN \u00a0BERMUDEZ \u00a0a \u00a0quien \u00a0medicina \u00a0 \u00a0\u00a0 \u00a0\u00a0 \u00a0 \u00a0\u00a0legal le estableci\u00f3 una incapacidad definitiva \u00a0de \u00a0 \u00a0ciento \u00a0 \u00a0veinte \u00a0 \u00a0 \u00a0\u00a0 \u00a0 \u00a0 \u00a0 \u00a0 \u00a0\u00a0(120) \u00a0d\u00edas y como secuelas deformidad f\u00edsica \u00a0que \u00a0 afecta \u00a0 el \u00a0 cuerpo \u00a0 \u00a0 \u00a0 \u00a0\u00a0 \u00a0\u00a0 \u00a0\u00a0de \u00a0 \u00a0car\u00e1cter \u00a0 permanente, \u00a0 perturbaci\u00f3n \u00a0funcional \u00a0 del \u00a0 miembro \u00a0 \u00a0 \u00a0 \u00a0\u00a0 \u00a0\u00a0 \u00a0\u00a0inferior \u00a0izquierdo \u00a0de \u00a0car\u00e1cter \u00a0permanente, \u00a0perturbaci\u00f3n \u00a0 funcional \u00a0 \u00a0 \u00a0 \u00a0\u00a0 \u00a0\u00a0 \u00a0\u00a0del \u00a0\u00f3rgano \u00a0de \u00a0la \u00a0locomoci\u00f3n \u00a0de car\u00e1cter \u00a0permanente. \u00a0\u00a0<\/p>\n<p>\u00a0 \u00a0\u00a0 \u00a0\u00a0 \u00a0 \u00a0\u00a0 \u00a0\u00a0 \u00a0\u00a0 \u00a0Seg\u00fan las \u00a0denuncias \u00a0formulada (sic) por la v\u00edctima, el \u00a0\u00a0 \u00a0\u00a0 \u00a0\u00a0 \u00a0\u00a0croquis \u00a0y \u00a0las \u00a0diligencias de \u00a0investigaci\u00f3n \u00a0realizadas \u00a0por \u00a0la \u00a0 \u00a0\u00a0 \u00a0\u00a0 \u00a0\u00a0 \u00a0\u00a0fiscal\u00eda, el accidente ocurri\u00f3 por que \u00a0(sic) \u00a0 el \u00a0 se\u00f1or \u00a0NELSON \u00a0 \u00a0\u00a0 \u00a0\u00a0 \u00a0\u00a0 \u00a0\u00a0ANDRES \u00a0RAMIREZ ZULUAGA, invadi\u00f3 el carril por \u00a0donde \u00a0 \u00a0 \u00a0 \u00a0\u00a0 \u00a0\u00a0 \u00a0\u00a0transitaba \u00a0 la \u00a0 motocicleta \u00a0 conducida \u00a0 por \u00a0JENY \u00a0PAOLA \u00a0MARIN \u00a0 \u00a0 \u00a0\u00a0 \u00a0 \u00a0\u00a0 \u00a0 \u00a0\u00a0 \u00a0 \u00a0BERMUDEZ \u00a0, \u00a0(sic) no respet\u00f3 la prelaci\u00f3n de la v\u00eda y esa falta \u00a0de \u00a0 \u00a0 \u00a0\u00a0 \u00a0 \u00a0 \u00a0 \u00a0 \u00a0\u00a0cuidado \u00a0fue \u00a0la \u00a0que \u00a0gener\u00f3 \u00a0el \u00a0accidente \u00a0que \u00a0culmin\u00f3 con la \u00a0lesi\u00f3n \u00a0 \u00a0\u00a0 \u00a0\u00a0 \u00a0\u00a0 \u00a0\u00a0de la v\u00edctima en este caso. \u00a0\u00a0<\/p>\n<p>\u00a0 \u00a0\u00a0 \u00a0\u00a0 \u00a0 \u00a0\u00a0 \u00a0\u00a0 \u00a0\u00a0 \u00a0De acuerdo \u00a0con \u00a0los \u00a0hechos, \u00a0el \u00a0imputado incumpli\u00f3 las \u00a0\u00a0 \u00a0\u00a0 \u00a0\u00a0 \u00a0\u00a0normas \u00a0del C\u00f3digo Nacional de \u00a0tr\u00e1nsito, \u00a0espec\u00edficamente los \u00a0\u00a0 \u00a0 \u00a0 \u00a0\u00a0art\u00edculos \u00a055 \u00a0y 60, violando as\u00ed el deber de \u00a0cuidado \u00a0 que \u00a0 rige \u00a0 el \u00a0 \u00a0 \u00a0 \u00a0\u00a0 \u00a0\u00a0 \u00a0\u00a0tr\u00e1nsito \u00a0vehicular \u00a0y \u00a0que \u00a0da \u00a0lugar \u00a0a \u00a0la \u00a0conducta \u00a0culposa \u00a0conforme \u00a0 \u00a0\u00a0 \u00a0\u00a0 \u00a0\u00a0 \u00a0\u00a0el \u00a0art\u00edculo 23 del C\u00f3digo Penal.\u00bb \u00a0\u00a0<\/p>\n<p>\u00a0 \u00a0\u00a0 \u00a0\u00a0 \u00a0\u00a0Concluida \u00a0la exposici\u00f3n f\u00e1ctica, la Fiscal\u00eda acus\u00f3 al implicado \u00a0por \u00a0la \u00a0comisi\u00f3n \u00a0de \u00a0la \u00a0conducta \u00a0punible \u00a0de \u00a0lesiones \u00a0personales culposas \u00a0conforme \u00a0con \u00a0los \u00a0art\u00edculos \u00a0111, \u00a0112-3, \u00a0113-2, \u00a0114, 117 y 120 del C\u00f3digo \u00a0Penal. \u00a0\u00a0<\/p>\n<p>ACTUACI\u00d3N PROCESAL \u00a0<\/p>\n<p>\u00a0 \u00a0\u00a0 \u00a0\u00a0 \u00a0Una \u00a0vez \u00a0presentado \u00a0el \u00a0escrito \u00a0de \u00a0acusaci\u00f3n, \u00a0el \u00a0asunto \u00a0fue \u00a0repartido \u00a0al \u00a0Juzgado \u00a0Segundo Penal Municipal con Funciones de Conocimiento de \u00a0Manizales, el que avoc\u00f3 conocimiento el 6 de marzo de 2014. \u00a0\u00a0<\/p>\n<p>\u00a0 \u00a0\u00a0 \u00a0\u00a0 \u00a0La \u00a0 \u00a0 \u00a0audiencia \u00a0 \u00a0 \u00a0de \u00a0formulaci\u00f3n \u00a0de \u00a0acusaci\u00f3n se llev\u00f3 a cabo el d\u00eda 26 de marzo \u00a0siguiente, \u00a0se\u00f1al\u00e1ndose \u00a0la \u00a0preparatoria \u00a0para \u00a0el d\u00eda 5 de junio posterior, \u00a0fecha \u00a0en \u00a0que \u00a0se \u00a0fij\u00f3 como data para dar inici\u00f3 al juicio el 6 de agosto de \u00a02014. \u00a0\u00a0<\/p>\n<p>\u00a0 \u00a0\u00a0 \u00a0\u00a0 \u00a0Luego \u00a0de \u00a0un \u00a0aplazamiento, \u00a0la \u00a0vista \u00a0oral \u00a0se \u00a0cumpli\u00f3 el 3 de \u00a0diciembre \u00a0de 2014, culminando con sentido del fallo absolutorio; se fij\u00f3 fecha \u00a0para \u00a0la \u00a0lectura \u00a0de \u00a0la \u00a0sentencia \u00a0el \u00a021 \u00a0de \u00a0enero \u00a0de \u00a02015, \u00a0momento \u00a0 en \u00a0el que el nuevo funcionario \u00a0judicial \u00a0a \u00a0cargo \u00a0del \u00a0Despacho, nulit\u00f3 \u00a0el \u00a0juicio \u00a0oral, \u00a0precisamente \u00a0con \u00a0fundamento \u00a0en el cambio de \u00a0juez. \u00a0\u00a0<\/p>\n<p>\u00a0 \u00a0\u00a0 \u00a0\u00a0 \u00a0La \u00a0 \u00a0audiencia \u00a0 \u00a0anulada \u00a0 \u00a0se \u00a0 llev\u00f3 \u00a0 a \u00a0 cabo \u00a0 finalmente \u00a0el \u00a0d\u00eda \u00a031 de julio de 2015 \u00a0y \u00a0culmin\u00f3 \u00a0con \u00a0sentido \u00a0de \u00a0fallo \u00a0absolutorio \u00a0y \u00a0sentencia le\u00edda el d\u00eda 21 de octubre de 2015. \u00a0\u00a0<\/p>\n<p>\u00a0 \u00a0\u00a0 \u00a0\u00a0 \u00a0El \u00a09 \u00a0de \u00a0junio de 2016, el Tribunal Superior de Distrito Judicial \u00a0de \u00a0 Manizales, \u00a0en \u00a0la \u00a0segunda \u00a0instancia, \u00a0revoc\u00f3 \u00a0la \u00a0 \u00a0decisi\u00f3n \u00a0 absolutoria \u00a0 y \u00a0 en \u00a0 su \u00a0 lugar \u00a0conden\u00f3 \u00a0 por \u00a0lesiones \u00a0personales \u00a0 culposas \u00a0 a \u00a0Nelson \u00a0 \u00a0Andr\u00e9s \u00a0 \u00a0Ram\u00edrez \u00a0 Zuluaga\u00a0 \u00a0y \u00a0le \u00a0impuso la pena de 9,6 meses de prisi\u00f3n, multa de 6,9 \u00a0de \u00a0salarios \u00a0m\u00ednimos \u00a0mensuales vigentes a la fecha de los hechos (a\u00f1o 2012), \u00a0privaci\u00f3n \u00a0del \u00a0derecho \u00a0a \u00a0conducir \u00a0automotores por un lapso de 16 meses y la \u00a0accesoria \u00a0de \u00a0\u201cinterdicci\u00f3n\u201d \u00a0en \u00a0el \u00a0ejercicio \u00a0de \u00a0derechos \u00a0y funciones \u00a0p\u00fablicas \u00a0por igual lapso que la pena de prisi\u00f3n. El fallo tambi\u00e9n suspendi\u00f3 \u00a0la \u00a0pena \u00a0privativa de la libertad por un periodo de prueba de dos a\u00f1os, medida \u00a0extensiva \u00a0 \u00a0a \u00a0 \u00a0la \u00a0 \u00a0multa \u00a0 \u00a0y \u00a0 \u00a0las \u00a0 \u00a0accesorias.\u00a0\u00a0\u00a0 \u00a0\u00a0 \u00a0\u00a0 \u00a0 \u00a0 \u00a0\u00a0<\/p>\n<p>\u00a0 \u00a0\u00a0 \u00a0\u00a0 \u00a0En \u00a0el \u00a0numeral \u00a0sexto \u00a0de \u00a0la \u00a0providencia \u00a0se \u00a0inform\u00f3 \u00a0 que \u00a0 partes \u00a0 e \u00a0 intervinientes \u00a0podr\u00edan \u00a0interponer \u00a0el \u00a0recurso \u00a0de casaci\u00f3n en tanto que la defensa tambi\u00e9n \u00a0el \u00a0de \u00a0apelaci\u00f3n dado el \u00a0fondo de la decisi\u00f3n. \u00a0\u00a0<\/p>\n<p>\u00a0 \u00a0\u00a0 \u00a0\u00a0 \u00a0Presentado \u00a0el \u00faltimo recurso referido \u00a0por \u00a0el defensor del implicado, se corri\u00f3 traslado a los no recurrentes quienes \u00a0guardaron \u00a0silencio. \u00a0La \u00a0magistrada ponente profiri\u00f3 \u00a0auto \u00a0donde dispuso remitir \u00a0el expediente a esta Corporaci\u00f3n para los fines pertinentes. \u00a0\u00a0<\/p>\n<p>CONSIDERACIONES \u00a0<\/p>\n<p>La \u00a0Sala \u00a0rechazar\u00e1 \u00a0por \u00a0improcedente \u00a0el \u00a0recurso \u00a0 de \u00a0 \u201capelaci\u00f3n\u201d \u00a0 interpuesto \u00a0 por \u00a0la \u00a0defensa \u00a0del \u00a0implicado \u00a0Nelson \u00a0 \u00a0Andr\u00e9s \u00a0 \u00a0Ram\u00edrez \u00a0 \u00a0Zuluaga \u00a0en \u00a0contra \u00a0de la sentencia de segunda instancia pronunciada en su \u00a0contra \u00a0por el Tribunal superior de Distrito Judicial de Manizales el 9 de junio \u00a0de \u00a02016, \u00a0a \u00a0trav\u00e9s \u00a0de la cual revoc\u00f3 la absolutoria que le benefici\u00f3 en la \u00a0primera \u00a0 \u00a0instancia, \u00a0 con \u00a0 fundamento \u00a0 en \u00a0 los \u00a0 siguientes \u00a0 razonamientos \u00a0jur\u00eddicos:\u00a0\u00a0\u00a0\u00a0 \u00a0\u00a0<\/p>\n<p>Fueron \u00a0 \u00a0 expuestos \u00a0 \u00a0 por \u00a0 \u00a0 \u00a0esta \u00a0 \u00a0 Corporaci\u00f3n \u00a0 \u00a0 en \u00a0decisi\u00f3n \u00a0 \u00a0 \u00a0 \u00a0 \u00a0CSJ \u00a0 \u00a0 \u00a0 \u00a0 \u00a0AP4428-2016 \u00a0 \u00a0 \u00a0 \u00a0 Rad. \u00a0N\u00b048012, as\u00ed: \u00a0 \u00a0 \u00a0 \u00a0 \u00a0\u00a0 \u00a0 \u00a0\u00a0 \u00a0 \u00a0\u00a0 \u00a0\u00a0 \u00a0 \u00a0 \u00a0 \u00a0 \u00a0\u00a0<\/p>\n<p>\u00ab1. \u00a0La \u00a0Corte \u00a0Constitucional, \u00a0en \u00a0la \u00a0Sentencia \u00a0C-792 \u00a0de \u00a029 \u00a0de \u00a0 \u00a0 \u00a0\u00a0 \u00a0\u00a0 \u00a0\u00a0octubre de 2014, que el \u00a0tribunal \u00a0 \u00a0cita, \u00a0 declar\u00f3 \u00a0 la \u00a0 inexequibilidad \u00a0 \u00a0 \u00a0\u00a0 \u00a0 \u00a0\u00a0 \u00a0 \u00a0 \u00a0 \u00a0de \u00a0varios \u00a0art\u00edculos de la Ley 906 de \u00a02004, \u00a0 \u00a0 \u00a0 por \u00a0 \u00a0 \u00a0 d\u00e9ficit \u00a0 \u00a0 \u00a0normativo, \u00a0en \u00a0 \u00a0\u00a0 \u00a0 \u00a0 \u00a0\u00a0cuanto \u00a0omit\u00edan la \u00a0 \u00a0 \u00a0\u00a0 \u00a0 \u00a0\u00a0 \u00a0 \u00a0 \u00a0 \u00a0posibilidad \u00a0 de \u00a0 impugnar \u00a0 todas \u00a0las \u00a0sentencias \u00a0 \u00a0 \u00a0 \u00a0 \u00a0\u00a0 \u00a0 \u00a0 \u00a0 \u00a0\u00a0 \u00a0 \u00a0 \u00a0 \u00a0 \u00a0 \u00a0 \u00a0 \u00a0condenatorias, \u00a0y \u00a0difiri\u00f3 sus efectos \u00a0a \u00a0 un \u00a0(1) \u00a0a\u00f1o, \u00a0contado \u00a0a \u00a0partir \u00a0 \u00a0\u00a0 \u00a0\u00a0 \u00a0\u00a0 \u00a0\u00a0de \u00a0su \u00a0notificaci\u00f3n, \u00a0 \u00a0que \u00a0 \u00a0se \u00a0 cumpli\u00f3 \u00a0entre \u00a0el \u00a022 \u00a0y \u00a0el \u00a0 \u00a0 \u00a0 \u00a0\u00a0 \u00a0 \u00a024 \u00a0 de \u00a0 abril \u00a0 del \u00a0 \u00a0 \u00a0\u00a0 \u00a0\u00a0 \u00a0\u00a0 \u00a0\u00a02015. \u00a0\u00a0<\/p>\n<p>\u00a0 \u00a0\u00a0 \u00a0 \u00a0 \u00a0\u00a0 \u00a0\u00a0 \u00a0\u00a0 \u00a02. En la \u00a0misma \u00a0 \u00a0 \u00a0 \u00a0 decisi\u00f3n, \u00a0 \u00a0 \u00a0 \u00a0exhort\u00f3 \u00a0al Congreso de la \u00a0 \u00a0 \u00a0 \u00a0 \u00a0 \u00a0 \u00a0 \u00a0 \u00a0\u00a0 \u00a0 \u00a0 \u00a0 \u00a0 \u00a0 \u00a0 \u00a0 \u00a0Rep\u00fablica \u00a0 \u00a0para \u00a0 \u00a0que \u00a0 \u00a0en \u00a0 el \u00a0t\u00e9rmino \u00a0de \u00a0un \u00a0a\u00f1o, \u00a0contado \u00a0a \u00a0 \u00a0 \u00a0 \u00a0 \u00a0partir \u00a0 de \u00a0 \u00a0 \u00a0 \u00a0\u00a0 \u00a0\u00a0 \u00a0\u00a0la \u00a0notificaci\u00f3n \u00a0del \u00a0 edicto \u00a0 del \u00a0 fallo, \u00a0 regulara \u00a0 el \u00a0 derecho \u00a0a \u00a0impugnar \u00a0 \u00a0 \u00a0 \u00a0 \u00a0 \u00a0 \u00a0 \u00a0\u00a0las \u00a0sentencias \u00a0penales \u00a0condenatorias \u00a0dictadas \u00a0por \u00a0primera \u00a0vez \u00a0en \u00a0 \u00a0 \u00a0\u00a0 \u00a0 \u00a0cualquier \u00a0estadio \u00a0 \u00a0 procesal, \u00a0 \u00a0 y \u00a0 \u00a0aclar\u00f3 \u00a0que \u00a0de \u00a0incumplir \u00a0este \u00a0deber, \u00a0se \u00a0 \u00a0 \u00a0\u00a0 \u00a0\u00a0 \u00a0\u00a0entender\u00eda \u00a0 \u00a0 \u00a0que \u00a0 \u00a0 \u00a0la \u00a0 \u00a0 impugnaci\u00f3n \u00a0proced\u00eda \u00a0 \u00a0ante \u00a0 \u00a0el \u00a0 \u00a0superior \u00a0 \u00a0 \u00a0 \u00a0 \u00a0 \u00a0 \u00a0 \u00a0 \u00a0 \u00a0\u00a0 \u00a0 \u00a0 \u00a0 \u00a0 \u00a0 \u00a0 \u00a0 \u00a0jer\u00e1rquico \u00a0 \u00a0 \u00a0 \u00a0 \u00a0 \u00a0 \u00a0 \u00a0 \u00a0 \u00a0 \u00a0 \u00a0o \u00a0funcional de quien impuso la condena. \u00a0\u00a0<\/p>\n<p>\u00a0 \u00a0\u00a0 \u00a0 \u00a0 \u00a0\u00a0 \u00a0\u00a0 \u00a0\u00a0 \u00a03. En la \u00a0sentencia \u00a0de \u00a0tutela \u00a0SU-215 \u00a0de 28 de abril \u00a0\u00a0 \u00a0\u00a0 \u00a0 \u00a0\u00a0 \u00a0 \u00a0\u00a0de \u00a0 2016, \u00a0 \u00a0 \u00a0 \u00a0\u00a0 \u00a0\u00a0 \u00a0la Corte \u00a0Constitucional, \u00a0al \u00a0delimitar los efectos y alcances \u00a0de \u00a0la \u00a0 \u00a0\u00a0 \u00a0\u00a0 \u00a0\u00a0 \u00a0\u00a0sentencia \u00a0C-792 \u00a0de 2014, precis\u00f3 (i) \u00a0que \u00a0 surt\u00eda \u00a0 efectos \u00a0 desde \u00a0 el \u00a0 \u00a0 \u00a0 \u00a0\u00a0 \u00a0\u00a0 \u00a0\u00a025 \u00a0de \u00a0abril \u00a0de \u00a02016, \u00a0(ii) \u00a0que \u00a0operaba \u00a0respecto \u00a0de \u00a0las \u00a0sentencias \u00a0 \u00a0 \u00a0 \u00a0 \u00a0dictadas a \u00a0partir \u00a0 de \u00a0 esa \u00a0 fecha \u00a0 o \u00a0que \u00a0para \u00a0entonces \u00a0estuviesen \u00a0en \u00a0 \u00a0\u00a0 \u00a0 \u00a0 \u00a0proceso de \u00a0ejecutoria, \u00a0 (iii) \u00a0que \u00a0aunque \u00a0en \u00a0ella \u00a0solo \u00a0se \u00a0hab\u00eda \u00a0resuelto \u00a0 \u00a0 \u00a0\u00a0 \u00a0\u00a0 \u00a0\u00a0el \u00a0problema \u00a0de \u00a0las condenas \u00a0impuestas \u00a0por \u00a0primera \u00a0vez en \u00a0\u00a0 \u00a0 \u00a0 \u00a0\u00a0segunda instancia, \u00a0deb\u00eda \u00a0 entenderse \u00a0 que \u00a0 su \u00a0 exhorto \u00a0 llevaba \u00a0 \u00a0 \u00a0\u00a0 \u00a0 \u00a0\u00a0 \u00a0 \u00a0 \u00a0 \u00a0incorporado \u00a0el llamado al legislador para que regulara en general \u00a0 \u00a0 \u00a0\u00a0 \u00a0 \u00a0\u00a0 \u00a0 \u00a0 \u00a0 \u00a0la \u00a0 \u00a0 \u00a0impugnaci\u00f3n \u00a0 \u00a0 de \u00a0 \u00a0 las \u00a0condenas \u00a0impuestas \u00a0por primera vez en \u00a0 \u00a0 \u00a0\u00a0 \u00a0 \u00a0cualquier \u00a0estadio \u00a0 del \u00a0 proceso \u00a0penal, \u00a0y \u00a0(iv) \u00a0que \u00a0la \u00a0Corte \u00a0Suprema, \u00a0 \u00a0\u00a0 \u00a0\u00a0 \u00a0 \u00a0dentro de \u00a0sus \u00a0 competencias, \u00a0o \u00a0en \u00a0su \u00a0defecto \u00a0el \u00a0juez \u00a0constitucional, \u00a0 \u00a0\u00a0 \u00a0 \u00a0 \u00a0atendiendo \u00a0las \u00a0circunstancia \u00a0de \u00a0cada \u00a0caso, deb\u00eda definir la \u00a0forma \u00a0 \u00a0 \u00a0 \u00a0\u00a0 \u00a0\u00a0 \u00a0\u00a0de \u00a0garantizar el derecho a impugnar la \u00a0sentencia \u00a0 condenatoria \u00a0 \u00a0 \u00a0 \u00a0\u00a0 \u00a0\u00a0 \u00a0\u00a0impuesta \u00a0por \u00a0primera \u00a0vez \u00a0por \u00a0su \u00a0Sala \u00a0de \u00a0Casaci\u00f3n Penal. \u00a0\u00a0<\/p>\n<p>\u00a0 \u00a0\u00a0 \u00a0 \u00a0 \u00a0\u00a0 \u00a0 \u00a0 \u00a04. La Sala \u00a0Plena \u00a0de \u00a0Corte \u00a0Suprema \u00a0de \u00a0Justicia, \u00a0en \u00a0 \u00a0 \u00a0\u00a0 \u00a0 \u00a0 \u00a0\u00a0 \u00a0 \u00a0 \u00a0\u00a0sesi\u00f3n \u00a0 de \u00a0fecha\u00a0 \u00a028 \u00a0de \u00a0abril \u00a0de \u00a02016, \u00a0aprob\u00f3 \u00a0el \u00a0comunicado \u00a0 \u00a0 \u00a0 \u00a0 \u00a0\u00a008\/2016, \u00a0 en \u00a0 el \u00a0que \u00a0precis\u00f3 \u00a0 que \u00a0 la \u00a0pretensi\u00f3n \u00a0de \u00a0la \u00a0Corte \u00a0 \u00a0\u00a0 \u00a0\u00a0 \u00a0 \u00a0\u00a0Constitucional, plasmada en la sentencia C-792 \u00a0de \u00a02014, de \u00a0\u00a0 \u00a0 \u00a0 \u00a0implementar, \u00a0a partir del vencimiento \u00a0 \u00a0 \u00a0 \u00a0 \u00a0 \u00a0 \u00a0\u00a0del \u00a0t\u00e9rmino \u00a0de \u00a0un \u00a0a\u00f1o, \u00a0la \u00a0 \u00a0 \u00a0 \u00a0 \u00a0\u00a0 \u00a0 \u00a0 \u00a0 \u00a0\u00a0 \u00a0 \u00a0 \u00a0 \u00a0 \u00a0 \u00a0 \u00a0 \u00a0impugnaci\u00f3n en todos los casos en que \u00a0se \u00a0 dictara \u00a0 sentencia \u00a0 \u00a0 \u00a0 \u00a0\u00a0 \u00a0\u00a0 \u00a0\u00a0condenatoria \u00a0 por \u00a0 primera \u00a0vez, \u00a0resultaba \u00a0irrealizable, \u00a0 \u00a0porque \u00a0 \u00a0ni \u00a0 \u00a0la \u00a0 \u00a0 \u00a0 \u00a0\u00a0 \u00a0 \u00a0Corte, ni \u00a0autoridad \u00a0 judicial \u00a0 alguna \u00a0 contaba \u00a0 con \u00a0 facultades \u00a0 para \u00a0 \u00a0 \u00a0 \u00a0 \u00a0 \u00a0introducir \u00a0reformas \u00a0o \u00a0definir reglas que permitieran poner en \u00a0 \u00a0 \u00a0 \u00a0\u00a0 \u00a0 \u00a0\u00a0 \u00a0 \u00a0pr\u00e1ctica este derecho. \u00a0\u00a0<\/p>\n<p>\u00a0 \u00a0\u00a0 \u00a0 \u00a0 \u00a0\u00a0 \u00a0\u00a0 \u00a0\u00a0 \u00a05. En la \u00a0misma \u00a0direcci\u00f3n \u00a0se \u00a0ha \u00a0pronunciado \u00a0la \u00a0Sala \u00a0de \u00a0 \u00a0 \u00a0\u00a0 \u00a0 \u00a0\u00a0 \u00a0 \u00a0 \u00a0 \u00a0Casaci\u00f3n \u00a0Penal, \u00a0en el entendido que \u00a0una \u00a0orden \u00a0de la \u00a0\u00a0 \u00a0\u00a0 \u00a0\u00a0 \u00a0\u00a0naturaleza de la que contienen \u00a0las \u00a0sentencias \u00a0C-792 \u00a0de \u00a0 \u00a0\u00a0 \u00a0\u00a0 \u00a0\u00a0 \u00a0\u00a02014 \u00a0y \u00a0 \u00a0\u00a0 \u00a0\u00a0 \u00a0\u00a0 \u00a0\u00a0SU-215 de 2016, requiere de una \u00a0reforma \u00a0 \u00a0\u00a0 \u00a0\u00a0 \u00a0\u00a0 \u00a0constitucional \u00a0y \u00a0legal \u00a0\u00a0 \u00a0 \u00a0\u00a0 \u00a0\u00a0que \u00a0solo puede adelantar el Congreso, \u00a0por \u00a0cuanto \u00a0implica \u00a0suplir un \u00a0\u00a0 \u00a0 \u00a0 \u00a0\u00a0d\u00e9ficit \u00a0 legal \u00a0 \u00a0 \u00a0\u00a0 \u00a0 \u00a0\u00a0 \u00a0 \u00a0 \u00a0 \u00a0normativo \u00a0 \u00a0que \u00a0 \u00a0incluir\u00eda \u00a0 \u00a0la \u00a0redefinici\u00f3n \u00a0 \u00a0de \u00a0funciones, \u00a0 \u00a0la \u00a0 \u00a0 \u00a0 \u00a0\u00a0 \u00a0 \u00a0\u00a0 \u00a0 \u00a0\u00a0 \u00a0\u00a0creaci\u00f3n de nuevos \u00a0\u00f3rganos \u00a0judiciales y la redistribuci\u00f3n \u00a0 \u00a0de \u00a0 \u00a0 \u00a0\u00a0 \u00a0 \u00a0 \u00a0 \u00a0 \u00a0\u00a0competencias, \u00a0 \u00a0 \u00a0 \u00a0entre \u00a0 \u00a0 \u00a0 \u00a0otros \u00a0aspectos.2\u00bb. \u00a0\u00a0<\/p>\n<p>As\u00ed \u00a0pues, no \u00a0cabe \u00a0duda \u00a0que \u00a0quien \u00a0posee \u00a0la \u00a0competencia \u00a0para reformar el C\u00f3digo \u00a0 de \u00a0Procedimiento \u00a0Penal \u00a0y \u00a0la \u00a0Constituci\u00f3n \u00a0Pol\u00edtica \u00a0a \u00a0efectos \u00a0de \u00a0hacer efectivo el derecho reconocido \u00a0por \u00a0la \u00a0Sentencia \u00a0C792 \u00a0de \u00a02014, es \u00fanicamente el \u00a0Congreso de la Rep\u00fablica. \u00a0\u00a0<\/p>\n<p>Con \u00a0base \u00a0en \u00a0lo \u00a0expuesto, ha \u00a0 \u00a0entendido \u00a0 \u00a0la \u00a0 \u00a0Sala \u00a0 \u00a0Penal \u00a0 que \u00a0 las \u00a0 \u00f3rdenes \u00a0impartidas \u00a0por \u00a0la Corte Constitucional en las decisiones \u00a0CC792 \u00a0 de \u00a0 2014 \u00a0 y \u00a0SU215 \u00a0de \u00a02016, \u00a0deben \u00a0ser \u00a0acatadas \u00a0por \u00a0el \u00a0poder \u00a0legislativo \u00a0 pues \u00a0implican \u00a0reformas \u00a0constitucionales \u00a0y \u00a0legales \u00a0que \u00a0son \u00a0imposibles de adelantar \u00a0 \u00a0por \u00a0 \u00a0v\u00eda jurisprudencial. \u00a0\u00a0<\/p>\n<p>As\u00ed \u00a0 lo \u00a0plasm\u00f3 decisi\u00f3n de esta \u00a0Sala: \u00a0 CSJ \u00a0 AP \u00a037858 \u00a0-2016 \u00a0\u00a0<\/p>\n<p>\u00abSe \u00a0 trata \u00a0 \u00a0 \u00a0\u00a0 \u00a0 \u00a0 \u00a0\u00a0 \u00a0\u00a0de \u00a0un \u00a0asunto \u00a0atinente \u00a0a \u00a0los \u00a0principios de \u00a0legalidad, \u00a0 \u00a0\u00a0 \u00a0 \u00a0 \u00a0reserva \u00a0y \u00a0de \u00a0divisi\u00f3n \u00a0de poderes, esenciales a una democracia, \u00a0 \u00a0 \u00a0\u00a0 \u00a0 \u00a0\u00a0 \u00a0 \u00a0\u00a0 \u00a0 \u00a0pues \u00a0la \u00a0competencia \u00a0emerge \u00a0como condici\u00f3n b\u00e1sica para que una \u00a0 \u00a0 \u00a0\u00a0 \u00a0 \u00a0\u00a0 \u00a0 \u00a0\u00a0 \u00a0 \u00a0persona \u00a0pueda \u00a0ser \u00a0juzgada \u00a0conforme \u00a0al \u00a0debido proceso (art. 29 \u00a0 \u00a0 \u00a0\u00a0 \u00a0 \u00a0\u00a0 \u00a0 \u00a0\u00a0 \u00a0 \u00a0C.P.), \u00a0y le corresponde al legislador fijarla, ya que es propio de \u00a0 \u00a0 \u00a0\u00a0 \u00a0 \u00a0\u00a0 \u00a0 \u00a0\u00a0 \u00a0 \u00a0sus \u00a0facultades \u00a0expedir \u00a0los \u00a0c\u00f3digos \u00a0en \u00a0todos \u00a0los ramos de la \u00a0 \u00a0 \u00a0\u00a0 \u00a0 \u00a0\u00a0 \u00a0 \u00a0\u00a0 \u00a0 \u00a0legislaci\u00f3n \u00a0y \u00a0reformar \u00a0sus \u00a0disposiciones (art. 150-1 y 2 Ib.), \u00a0 \u00a0 \u00a0\u00a0 \u00a0 \u00a0\u00a0 \u00a0 \u00a0\u00a0 \u00a0 \u00a0labores \u00a0que, \u00a0claro \u00a0est\u00e1, \u00a0no puede asumir la judicatura dada la \u00a0 \u00a0 \u00a0\u00a0 \u00a0 \u00a0\u00a0 \u00a0 \u00a0\u00a0 \u00a0 \u00a0separaci\u00f3n \u00a0de \u00a0poderes sobre la cual se edifica la estructura del \u00a0 \u00a0 \u00a0\u00a0 \u00a0 \u00a0\u00a0 \u00a0 \u00a0\u00a0 \u00a0 \u00a0Estado \u00a0(art. \u00a0113), \u00a0y porque la legitimidad de su funci\u00f3n radica \u00a0en \u00a0 \u00a0 \u00a0\u00a0 \u00a0 \u00a0 \u00a0 \u00a0 \u00a0\u00a0el \u00a0sometimiento \u00a0de sus actuaciones al imperio de la Constituci\u00f3n \u00a0 \u00a0 \u00a0\u00a0 \u00a0 \u00a0\u00a0 \u00a0 \u00a0\u00a0 \u00a0 \u00a0y la ley (art. 230).\u00bb \u00a0\u00a0<\/p>\n<p>As\u00ed \u00a0las \u00a0cosas, \u00a0al \u00a0no \u00a0poder \u00a0la \u00a0Corte \u00a0abrogarse \u00a0competencias \u00a0que \u00a0no le est\u00e1n dadas por \u00a0la \u00a0 \u00a0 Constituci\u00f3n \u00a0(Art\u00edculo \u00a0325) \u00a0 \u00a0o \u00a0 \u00a0la \u00a0 ley \u00a0(Art\u00edculo 32 Ley 906 de \u00a02004), el recurso concedido por el Tribunal Superior \u00a0de \u00a0 Distrito \u00a0 Judicial \u00a0 de \u00a0Manizales \u00a0 no \u00a0 existe \u00a0 legalmente, \u00a0pues \u00a0lo \u00a0correcto \u00a0era \u00a0dar curso al t\u00e9rmino para \u00a0la \u00a0interposici\u00f3n, \u00a0si \u00a0a \u00a0bien \u00a0lo \u00a0ten\u00edan \u00a0las \u00a0partes, \u00a0del recurso extraordinario de \u00a0casaci\u00f3n.\u00a0\u00a0 \u00a0\u00a0<\/p>\n<p>Con \u00a0 fundamento \u00a0 en \u00a0 lo \u00a0manifestado, \u00a0 \u00a0debe \u00a0 \u00a0devolverse \u00a0 \u00a0 \u00a0 \u00a0 la \u00a0 \u00a0 actuaci\u00f3n \u00a0 \u00a0 al \u00a0Tribunal \u00a0de \u00a0Manizales a efecto de \u00a0que \u00a0 \u00a0 \u00a0se \u00a0 \u00a0 \u00a0surta \u00a0 \u00a0 el \u00a0 \u00a0 t\u00e9rmino \u00a0 \u00a0 \u00a0para \u00a0 \u00a0 \u00a0que \u00a0 \u00a0 las \u00a0 \u00a0partes \u00a0 \u00a0puedan, \u00a0 \u00a0si \u00a0 \u00a0es \u00a0 \u00a0su \u00a0 \u00a0voluntad, \u00a0 \u00a0 \u00a0 recurrir \u00a0 \u00a0 \u00a0 en \u00a0casaci\u00f3n, \u00a0recurso, como \u00a0se \u00a0ha \u00a0dicho, \u00a0si existente en la legislaci\u00f3n penal \u00a0aplicable \u00a0y \u00a0que \u00a0conforme \u00a0con \u00a0las \u00a0disposiciones \u00a0contenidas \u00a0 \u00a0 \u00a0en \u00a0 \u00a0 \u00a0los \u00a0 \u00a0 art\u00edculos \u00a032, \u00a0181 \u00a0y \u00a0184 de la \u00a0ley \u00a0906 \u00a0de \u00a02004, \u00a0habilita \u00a0a la Corte Suprema de \u00a0Justicia \u00a0para \u00a0conocer del mismo.\u00a0 \u00a0\u00a0<\/p>\n<p>\u00a0 \u00a0\u00a0 \u00a0\u00a0 \u00a0\u00a0En \u00a0m\u00e9rito \u00a0de \u00a0lo \u00a0expuesto, \u00a0LA SALA DE \u00a0CASACI\u00d3N \u00a0PENAL \u00a0DE \u00a0LA \u00a0CORTE \u00a0SUPREMA \u00a0DE \u00a0JUSTICIA, \u00a0\u00a0<\/p>\n<p>RESUELVE \u00a0<\/p>\n<p>Primero. RECHAZAR, \u00a0por \u00a0improcedente, \u00a0el \u00a0recurso \u00a0de \u00a0apelaci\u00f3n \u00a0interpuesto \u00a0por \u00a0la defensa de \u00a0Nelson \u00a0 \u00a0Andr\u00e9s \u00a0 \u00a0Ram\u00edrez \u00a0 \u00a0Zuluaga \u00a0 contra \u00a0la \u00a0sentencia \u00a0proferida \u00a0por \u00a0el \u00a0Tribunal \u00a0Superior \u00a0de \u00a0Manizales el 9 de junio de 2016. \u00a0\u00a0<\/p>\n<p>Segundo: Devolver la \u00a0carpeta \u00a0al \u00a0Tribunal \u00a0de origen a efecto de que se corran los t\u00e9rminos para la \u00a0interposici\u00f3n \u00a0del \u00a0recurso \u00a0de \u00a0casaci\u00f3n, \u00a0con sujeci\u00f3n a lo dispuesto en el \u00a0art\u00edculo \u00a0183 \u00a0de \u00a0la \u00a0Ley \u00a0906 de 2004, modificado por el 98 de la Ley 1395 de \u00a02010. \u00a0\u00a0<\/p>\n<p>Contra \u00a0esta \u00a0decisi\u00f3n \u00a0no \u00a0procede recurso \u00a0alguno. \u00a0\u00a0<\/p>\n<p>Notif\u00edquese y c\u00famplase. \u00a0<\/p>\n<p>Gustavo Enrique Malo Fern\u00e1ndez \u00a0<\/p>\n<p>Jos\u00e9 Francisco Acu\u00f1a Vizcaya \u00a0<\/p>\n<p>Jos\u00e9 Luis Barcel\u00f3 Camacho \u00a0<\/p>\n<p>Fernando Alberto Castro Caballero \u00a0<\/p>\n<p>Eugenio Fern\u00e1ndez Carlier \u00a0<\/p>\n<p>Luis Antonio Hern\u00e1ndez Barbosa \u00a0<\/p>\n<p>Eyder Pati\u00f1o Cabrera \u00a0<\/p>\n<p>Patricia Salazar Cu\u00e9llar \u00a0<\/p>\n<p>Luis Guillermo Salazar Otero \u00a0<\/p>\n<p>Nubia Yolanda Nova Garc\u00eda \u00a0<\/p>\n<p>Secretaria \u00a0<\/p>\n<p>\u00a0 \u00a0 \u00a0 \u00a0 \u00a0<\/p>\n<p>CORTE SUPREMA DE JUSTICIA \u00a0<\/p>\n<p>SALA DE CASACI\u00d3N PENAL \u00a0<\/p>\n<p>SALVAMENTO DE VOTO \u00a0<\/p>\n<p>Impugnaci\u00f3n Especial \u00a0<\/p>\n<p>Radicado. 48572 \u00a0<\/p>\n<p>Procesado: NELSON \u00a0ANDR\u00c9S \u00a0 \u00a0RAM\u00cdREZ \u00a0ZULUAGA \u00a0\u00a0<\/p>\n<p>Acta \u00a0 No. \u00a0 274 \u00a0del \u00a031 \u00a0de \u00a0agosto \u00a0de \u00a02016 \u00a0\u00a0<\/p>\n<p>Respeto el criterio mayoritario de la Sala. \u00a0No \u00a0me \u00a0queda \u00a0duda \u00a0que \u00a0la \u00a0decisi\u00f3n \u00a0adoptada \u00a0y \u00a0la \u00a0m\u00eda \u00a0obedecen \u00a0a \u00a0las \u00a0convicciones \u00a0jur\u00eddicas que definen la postura asumida en la providencia que se \u00a0aprueba y la del suscrito en este salvamento de voto. \u00a0\u00a0<\/p>\n<p>Mi discrepancia radica en que a mi juicio a \u00a0partir \u00a0del \u00a025 \u00a0de \u00a0abril \u00a0de 2016 debe tramitarse y resolverse la impugnaci\u00f3n \u00a0contra \u00a0la primera condena emitida por los Tribunales, en virtud de lo dispuesto \u00a0en \u00a0la \u00a0sentencia C-792 de 2014, complementada con la sentencia SU-215 del 28 de \u00a0abril de 2016, proferidas por la Corte Constitucional. \u00a0\u00a0<\/p>\n<p>En \u00a0la \u00a0sentencia \u00a0C-792 \u00a0dispuso \u00a0la Corte \u00a0Constitucional \u00a0\u00abse dispondr\u00e1 que en caso de que el \u00a0legislador \u00a0 incumpla \u00a0 el \u00a0 deber \u00a0 anterior, \u00a0se \u00a0entender\u00e1 \u00a0que \u00a0procede \u00a0la \u00a0impugnaci\u00f3n \u00a0de \u00a0los \u00a0referidos \u00a0fallos \u00a0ante \u00a0el \u00a0superior jer\u00e1rquico (sic) o \u00a0funcional \u00a0de quien impuso la condena\u00bb. A esta \u00faltima \u00a0afirmaci\u00f3n \u00a0en \u00a0la decisi\u00f3n se hizo un llamado a pie de p\u00e1gina con el n\u00famero \u00a0141, \u00a0 del \u00a0 que \u00a0 en \u00a0 lo \u00a0 pertinente \u00a0 se \u00a0 trascribe: \u00a0 \u00ab\u2026 \u00a0 esta \u00a0Corporaci\u00f3n ha se\u00f1alado la necesidad de que al interior de \u00a0organismos \u00a0 judiciales \u00a0colegiados \u00a0como \u00a0la \u00a0Corte \u00a0suprema \u00a0de \u00a0Justicia, \u00a0se \u00a0diferencie \u00a0org\u00e1nicamente \u00a0la \u00a0funci\u00f3n \u00a0de \u00a0investigaci\u00f3n \u00a0y \u00a0la \u00a0funci\u00f3n de \u00a0juzgamiento, \u00a0cuando \u00a0ambas \u00a0han \u00a0sido atribuidas a esta corporaci\u00f3n. De manera \u00a0an\u00e1loga, \u00a0en \u00a0estas \u00a0hip\u00f3tesis se debe garantizar la revisi\u00f3n de los primeros \u00a0fallos \u00a0condenatorios \u00a0que \u00a0se \u00a0dictan \u00a0en \u00a0el \u00a0marco \u00a0de \u00a0un \u00a0juicio \u00a0penal por \u00a0instancias que carecen de superior jer\u00e1rquico.\u00bb \u00a0\u00a0<\/p>\n<p>Para el suscrito no tiene discusi\u00f3n que con \u00a0la \u00a0Sentencia \u00a0C-792 \u00a0de \u00a02014 se cre\u00f3 el derecho a impugnar la primer condena, \u00a0pero \u00a0esa \u00a0facultad conforme al actual estructura constitucional solo es posible \u00a0respecto \u00a0de \u00a0las \u00a0decisiones que profieren los Tribunales de Distrito Judicial, \u00a0no \u00a0de los fallos emitidos por la Sala de Casaci\u00f3n Penal de la Corte Suprema de \u00a0Justicia, \u00a0a \u00a0quien la Carta Pol\u00edtica no le cre\u00f3 superior funcional y por v\u00eda \u00a0jurisprudencial \u00a0no \u00a0se \u00a0puede \u00a0modificar la estructura del Estado en materia de \u00a0administraci\u00f3n \u00a0 de \u00a0 justicia, \u00a0 como \u00a0 lo \u00a0 sugiere \u00a0indebidamente \u00a0la \u00a0Corte \u00a0Constitucional. \u00a0\u00a0<\/p>\n<p>En \u00a0cuanto \u00a0a la impugnaci\u00f3n de la primera \u00a0condena \u00a0proferida \u00a0por \u00a0los \u00a0Tribunales la Carta Pol\u00edtica y la Ley 906 de 2004 \u00a0regulan \u00a0las \u00a0autoridades \u00a0judiciales \u00a0que \u00a0tienen \u00a0la \u00a0condici\u00f3n \u00a0de \u00a0superior \u00a0funcional \u00a0 para \u00a0resolver \u00a0las \u00a0impugnaciones, \u00a0apelaciones \u00a0o \u00a0el \u00a0recurso \u00a0de \u00a0casaci\u00f3n. \u00a0\u00a0<\/p>\n<p>No ri\u00f1e con la Constituci\u00f3n Pol\u00edtica que \u00a0por \u00a0 jurisprudencia \u00a0 se \u00a0establezca \u00a0las \u00a0reglas \u00a0para \u00a0darle \u00a0tr\u00e1mite \u00a0a \u00a0la \u00a0impugnaci\u00f3n \u00a0en los t\u00e9rminos en que lo orden\u00f3 la Sentencia C-792 de 2014 para \u00a0las \u00a0primeras \u00a0condenas \u00a0proferidas \u00a0por \u00a0los \u00a0Tribunales Superiores de Distrito \u00a0Judicial. \u00a0\u00a0<\/p>\n<p>En \u00a0consecuencia, \u00a0la \u00a0primera \u00a0condena del \u00a0Tribunal \u00a0debe \u00a0notificarse \u00a0y durante el t\u00e9rmino de ejecutoria establecido por \u00a0la \u00a0ley \u00a0procesal \u00a0penal para recurrir la decisi\u00f3n, las partes deben manifestar \u00a0si interponen recurso de casaci\u00f3n y\/o impugnaci\u00f3n. \u00a0\u00a0<\/p>\n<p>Como los recursos son rogados, si no se hace \u00a0manifestaci\u00f3n, \u00a0en \u00a0los \u00a0t\u00e9rminos \u00a0se\u00f1alados \u00a0en \u00a0el \u00a0p\u00e1rrafo \u00a0anterior, \u00a0la \u00a0sentencia \u00a0queda \u00a0ejecutoriada. \u00a0De \u00a0llegar \u00a0a \u00a0hacerse \u00a0puede expresarse que se \u00a0interpone impugnaci\u00f3n; casaci\u00f3n o impugnaci\u00f3n y casaci\u00f3n. \u00a0\u00a0<\/p>\n<p>Si solamente se interpone impugnaci\u00f3n debe \u00a0remitirse \u00a0 al \u00a0 superior \u00a0 funcional, \u00a0 si \u00a0 el \u00a0ad \u00a0quem \u00a0es \u00a0el \u00a0Tribunal \u00a0la remisi\u00f3n debe hacerse a la \u00a0Sala \u00a0de \u00a0Casaci\u00f3n \u00a0Penal \u00a0de \u00a0la \u00a0Corte Suprema de Justicia, para que \u00e9sta de \u00a0plano la resuelva con plena competencia. \u00a0\u00a0<\/p>\n<p>Si \u00a0\u00fanicamente \u00a0se \u00a0interpuso \u00a0recurso \u00a0de \u00a0casaci\u00f3n \u00a0se \u00a0resolver\u00e1 exclusivamente \u00e9ste pues por voluntad del condenado o \u00a0su \u00a0defensor se renunci\u00f3 a agotar la impugnaci\u00f3n como medio de protesta contra \u00a0la decisi\u00f3n adoptada. \u00a0\u00a0<\/p>\n<p>Si \u00a0se \u00a0manifest\u00f3 \u00a0el deseo de recurrir en \u00a0casaci\u00f3n \u00a0e \u00a0impugnaci\u00f3n, \u00a0fenecido \u00a0el \u00a0t\u00e9rmino \u00a0de \u00a0ejecutoria \u00a0se correr\u00e1 \u00a0traslado \u00a0simult\u00e1neo para sustentar la casaci\u00f3n y la impugnaci\u00f3n, el t\u00e9rmino \u00a0es igual para ambos recursos y luego la Corte resolver\u00e1. \u00a0\u00a0<\/p>\n<p>La anterior soluci\u00f3n no aplica para el caso \u00a0de \u00a0la \u00a0primera \u00a0condena \u00a0proferida \u00a0por \u00a0la \u00a0Sala \u00a0de \u00a0Casaci\u00f3n Penal, ante el \u00a0imposible \u00a0jur\u00eddico \u00a0de \u00a0no \u00a0poder \u00a0existir \u00a0un \u00a0superior funcional por mandato \u00a0constitucional. \u00a0\u00a0<\/p>\n<p>\u00a0 \u00a0 \u00a0 \u00a0 \u00a0<\/p>\n<p>Cordialmente, \u00a0<\/p>\n<p>EUGENIO FERN\u00c1NDEZ CARLIER \u00a0<\/p>\n<p>Magistrado \u00a0<\/p>\n<p>\u00a0 \u00a0 \u00a0 \u00a0Fecha ut supra \u00a0\u00a0<\/p>\n<p>\u00a0 \u00a0\u00a0<\/p>\n<p>1 Cfr. \u00a0Folios 1 al 4 de la Carpeta de la actuaci\u00f3n.\u00a0 \u00a0\u00a0<\/p>\n<p>2 CSJ \u00a0AP, \u00a018 de mayo de 2016, radicaci\u00f3n 39156; CSJ AP3280-2016, 25 de mayo de 2016, \u00a0radicaci\u00f3n 37858, entre otras. \u00a0 \u00a0\u00a0<\/p>\n<p><\/p>\n","protected":false},"excerpt":{"rendered":"<p>\u00a0 \u00a0 CORTE SUPREMA DE JUSTICIA \u00a0 SALA DE CASACI\u00d3N PENAL \u00a0 EYDER PATI\u00d1O CABRERA \u00a0 Magistrado Ponente \u00a0 AP5852-2016 \u00a0 Radicaci\u00f3n N\u00ba 48572 \u00a0 (Aprobado acta N\u00b0 274) \u00a0 Bogot\u00e1, \u00a0D. \u00a0C., treinta y uno\u00a0 (31) de \u00a0agosto de dos mil diecis\u00e9is (2016) \u00a0\u00a0 MOTIVO DE LA DECISI\u00d3N \u00a0 La \u00a0Corte \u00a0resolver\u00e1 \u00a0lo \u00a0que [&hellip;]<\/p>\n","protected":false},"author":1,"featured_media":0,"comment_status":"open","ping_status":"open","sticky":false,"template":"","format":"standard","meta":{"footnotes":""},"categories":[25],"tags":[],"class_list":["post-33555","post","type-post","status-publish","format-standard","hentry","category-25"],"_links":{"self":[{"href":"https:\/\/dmsjuridica.com\/buscador_20179478954\/salapenalcronologico20230723\/wp-json\/wp\/v2\/posts\/33555","targetHints":{"allow":["GET"]}}],"collection":[{"href":"https:\/\/dmsjuridica.com\/buscador_20179478954\/salapenalcronologico20230723\/wp-json\/wp\/v2\/posts"}],"about":[{"href":"https:\/\/dmsjuridica.com\/buscador_20179478954\/salapenalcronologico20230723\/wp-json\/wp\/v2\/types\/post"}],"author":[{"embeddable":true,"href":"https:\/\/dmsjuridica.com\/buscador_20179478954\/salapenalcronologico20230723\/wp-json\/wp\/v2\/users\/1"}],"replies":[{"embeddable":true,"href":"https:\/\/dmsjuridica.com\/buscador_20179478954\/salapenalcronologico20230723\/wp-json\/wp\/v2\/comments?post=33555"}],"version-history":[{"count":0,"href":"https:\/\/dmsjuridica.com\/buscador_20179478954\/salapenalcronologico20230723\/wp-json\/wp\/v2\/posts\/33555\/revisions"}],"wp:attachment":[{"href":"https:\/\/dmsjuridica.com\/buscador_20179478954\/salapenalcronologico20230723\/wp-json\/wp\/v2\/media?parent=33555"}],"wp:term":[{"taxonomy":"category","embeddable":true,"href":"https:\/\/dmsjuridica.com\/buscador_20179478954\/salapenalcronologico20230723\/wp-json\/wp\/v2\/categories?post=33555"},{"taxonomy":"post_tag","embeddable":true,"href":"https:\/\/dmsjuridica.com\/buscador_20179478954\/salapenalcronologico20230723\/wp-json\/wp\/v2\/tags?post=33555"}],"curies":[{"name":"wp","href":"https:\/\/api.w.org\/{rel}","templated":true}]}}