{"id":33536,"date":"2023-09-13T19:42:08","date_gmt":"2023-09-13T19:42:08","guid":{"rendered":"https:\/\/dmsjuridica.com\/buscador_20179478954\/salapenalcronologico20230723\/2023\/09\/13\/ap5790-201648770\/"},"modified":"2023-09-13T19:42:08","modified_gmt":"2023-09-13T19:42:08","slug":"ap5790-201648770","status":"publish","type":"post","link":"https:\/\/dmsjuridica.com\/buscador_20179478954\/salapenalcronologico20230723\/2023\/09\/13\/ap5790-201648770\/","title":{"rendered":"AP5790-2016(48770)"},"content":{"rendered":"\n<p>\u00a0 \u00a0 \u00a0\u00a0<\/p>\n<p>FERNANDO ALBERTO CASTRO CABALLERO \u00a0<\/p>\n<p>Magistrado Ponente \u00a0<\/p>\n<p>Aprobado Acta No. 274 \u00a0<\/p>\n<p>AP5790-2016 \u00a0<\/p>\n<p>Radicado No. 48770 \u00a0<\/p>\n<p>\u00a0\u00a0\u00a0 \u00a0Bogot\u00e1 \u00a0D.C., \u00a0agosto \u00a0treinta y uno (31) de dos mil diecis\u00e9is (2016). \u00a0\u00a0<\/p>\n<p>ASUNTO \u00a0<\/p>\n<p>La \u00a0Sala \u00a0procede \u00a0a \u00a0declarar \u00a0desierto el \u00a0recurso \u00a0de \u00a0casaci\u00f3n interpuesto por el acusado Jhon \u00a0Ferney \u00a0G\u00f3mez D\u00edaz, contra \u00a0la \u00a0sentencia \u00a0de 24 de junio de 2016, en virtud de la cual el Tribunal Superior \u00a0del \u00a0Distrito Judicial de Bogot\u00e1, confirm\u00f3 la proferida el 4 de mayo del mismo \u00a0a\u00f1o \u00a0por \u00a0el \u00a0Juzgado \u00a04 \u00a0Penal \u00a0del \u00a0Circuito \u00a0de esta ciudad, que lo conden\u00f3 \u00a0anticipadamente como autor del delito de homicidio agravado. \u00a0\u00a0<\/p>\n<p>ANTECEDENTES \u00a0 \u00a0 \u00a0 RELEVANTES \u00a0\u00a0<\/p>\n<p>1. El 24 de junio \u00a0pasado, \u00a0el Tribunal Superior de Bogot\u00e1 confirm\u00f3 el \u00a0fallo \u00a0condenatorio \u00a0que \u00a0por \u00a0raz\u00f3n del allanamiento \u00a0parcial \u00a0a \u00a0cargos \u00a0por \u00a0el \u00a0que \u00a0opt\u00f3 el procesado, \u00a0emiti\u00f3 \u00a0el \u00a0Juzgado \u00a0Cuarto Penal del Circuito de la \u00a0misma ciudad, el 4 de mayo hoga\u00f1o. \u00a0\u00a0<\/p>\n<p>2. La sentencia de segunda instancia le fue \u00a0notificada \u00a0en \u00a0forma \u00a0personal \u00a0al \u00a0acusado, \u00a0quien \u00a0se encuentra privado de la \u00a0libertad \u00a0en \u00a0la \u00a0c\u00e1rcel \u00a0\u00abLa \u00a0Modelo\u00bb \u00a0de \u00a0Bogot\u00e1 \u00a0y \u00a0 mediante \u00a0escrito \u00a0de \u00a027 \u00a0de \u00a0junio \u00a0anterior, \u00a0manifest\u00f3 \u00a0que interpon\u00eda \u00a0recurso extraordinario de casaci\u00f3n. \u00a0\u00a0<\/p>\n<p>3. \u00a0La \u00a0demanda fue presentada directamente \u00a0por \u00a0el procesado Jhon Ferney G\u00f3mez D\u00edaz, \u00a0el \u00a03 \u00a0de agosto, siendo concedido el \u00a0recurso por el Tribunal en auto del d\u00eda 22 del mismo \u00a0mes.\u00a0 \u00a0\u00a0<\/p>\n<p>CONSIDERACIONES \u00a0<\/p>\n<p>De \u00a0acuerdo \u00a0con el art\u00edculo 130 de la Ley \u00a0906 \u00a0de \u00a02004, \u00a0procedimiento por el que se rige este \u00a0asunto, \u00a0 el \u00a0 procesado \u00a0 dispone \u00a0 de \u00a0las \u00a0mismas \u00a0atribuciones \u00a0 \u00a0asignadas \u00a0 \u00a0a \u00a0 \u00a0la \u00a0 \u00a0defensa \u00a0 \u00a0que \u00a0 resulten \u00a0 \u00abcompatibles\u00bb \u00a0con \u00a0su \u00a0condici\u00f3n, mientras que el \u00a0art\u00edculo \u00a0182 \u00a0de \u00a0la misma ley se\u00f1ala que est\u00e1n legitimados para recurrir en \u00a0casaci\u00f3n \u00a0 \u00a0los \u00a0 \u00a0intervinientes \u00a0 \u00a0que \u00a0 \u00a0tengan \u00a0 \u00a0inter\u00e9s, \u00a0 \u00a0quienes \u00a0 \u00a0 \u00a0 \u00a0 \u00a0 \u00abpodr\u00e1n \u00a0hacerlo \u00a0directamente \u00a0si \u00a0fueren abogados en ejercicio\u00bb. \u00a0\u00a0<\/p>\n<p>Del mismo modo, el art\u00edculo 25 del Decreto \u00a0196 \u00a0de \u00a01971, \u00a0establece \u00a0que \u00a0nadie \u00a0podr\u00e1 \u00a0litigar \u00a0en causa propia si no es \u00a0abogado \u00a0 inscrito, \u00a0salvo \u00a0las \u00a0excepciones \u00a0previstas \u00a0en \u00a0la \u00a0ley. \u00a0\u00a0<\/p>\n<p>En \u00a0esas \u00a0condiciones, en materia penal aun \u00a0cuando \u00a0el \u00a0acusado se encuentra habilitado para interponer los recursos legales \u00a0contra \u00a0las \u00a0decisiones \u00a0judiciales \u00a0que \u00a0le \u00a0causen \u00a0agravio, para presentar la \u00a0demanda \u00a0de \u00a0casaci\u00f3n \u00a0necesariamente \u00a0debe \u00a0ostentar \u00a0la calidad de abogado en \u00a0ejercicio. \u00a0En \u00a0caso \u00a0de \u00a0no \u00a0serlo \u00a0puede \u00a0hacerlo a \u00a0trav\u00e9s \u00a0del \u00a0defensor \u00a0que \u00a0actu\u00f3 en el proceso, o de otro que designe con ese \u00a0prop\u00f3sito. \u00a0\u00a0<\/p>\n<p>Revisado \u00a0el \u00a0diligenciamiento se \u00a0encuentra \u00a0que Jhon Ferney \u00a0G\u00f3mez D\u00edaz carece de tal condici\u00f3n, \u00a0luego, \u00a0 \u00a0no \u00a0 \u00a0pod\u00eda \u00a0 \u00a0presentar \u00a0 \u00a0la \u00a0demanda \u00a0de casaci\u00f3n y como su defensor se abstuvo de hacerlo, \u00a0el recurso tendr\u00e1 que declararse desierto. \u00a0\u00a0<\/p>\n<p>En \u00a0m\u00e9rito de lo expuesto, la Corte Suprema de Justicia, Sala de Casaci\u00f3n Penal, \u00a0\u00a0<\/p>\n<p>RESUELVE: \u00a0\u00a0<\/p>\n<p>Declarar desierto el \u00a0recurso \u00a0extraordinario de casaci\u00f3n presentado y sustentado directamente por el \u00a0procesado Jhon Ferney G\u00f3mez D\u00edaz. \u00a0\u00a0<\/p>\n<p>Contra \u00a0esta decisi\u00f3n procede el recurso de \u00a0reposici\u00f3n. \u00a0\u00a0<\/p>\n<p>Notif\u00edquese y c\u00famplase. \u00a0<\/p>\n<p>GUSTAVO ENRIQUE MALO FERN\u00c1NDEZ \u00a0<\/p>\n<p>JOSE FRANCISCO ACU\u00d1A VIZCAYA \u00a0<\/p>\n<p>JOS\u00c9 LUIS BARCEL\u00d3 CAMACHO \u00a0<\/p>\n<p>FERNANDO ALBERTO CASTRO CABALLERO \u00a0<\/p>\n<p>EUGENIO FERN\u00c1NDEZ CARLIER \u00a0<\/p>\n<p>LUIS ANTONIO HERN\u00c1NDEZ BARBOSA \u00a0<\/p>\n<p>EYDER PATI\u00d1O CABRERA \u00a0<\/p>\n<p>PATRICIA SALAZAR CUELLAR \u00a0<\/p>\n<p>LUIS GUILLERMO SALAZAR OTERO \u00a0<\/p>\n<p>Nubia Yolanda Nova Garc\u00eda \u00a0<\/p>\n<p>Secretaria \u00a0<\/p>\n<p>\u00a0 \u00a0\u00a0<\/p>\n<p><\/p>\n","protected":false},"excerpt":{"rendered":"<p>\u00a0 \u00a0 \u00a0\u00a0 FERNANDO ALBERTO CASTRO CABALLERO \u00a0 Magistrado Ponente \u00a0 Aprobado Acta No. 274 \u00a0 AP5790-2016 \u00a0 Radicado No. 48770 \u00a0 \u00a0\u00a0\u00a0 \u00a0Bogot\u00e1 \u00a0D.C., \u00a0agosto \u00a0treinta y uno (31) de dos mil diecis\u00e9is (2016). \u00a0\u00a0 ASUNTO \u00a0 La \u00a0Sala \u00a0procede \u00a0a \u00a0declarar \u00a0desierto el \u00a0recurso \u00a0de \u00a0casaci\u00f3n interpuesto por el acusado Jhon \u00a0Ferney \u00a0G\u00f3mez [&hellip;]<\/p>\n","protected":false},"author":1,"featured_media":0,"comment_status":"open","ping_status":"open","sticky":false,"template":"","format":"standard","meta":{"footnotes":""},"categories":[25],"tags":[],"class_list":["post-33536","post","type-post","status-publish","format-standard","hentry","category-25"],"_links":{"self":[{"href":"https:\/\/dmsjuridica.com\/buscador_20179478954\/salapenalcronologico20230723\/wp-json\/wp\/v2\/posts\/33536","targetHints":{"allow":["GET"]}}],"collection":[{"href":"https:\/\/dmsjuridica.com\/buscador_20179478954\/salapenalcronologico20230723\/wp-json\/wp\/v2\/posts"}],"about":[{"href":"https:\/\/dmsjuridica.com\/buscador_20179478954\/salapenalcronologico20230723\/wp-json\/wp\/v2\/types\/post"}],"author":[{"embeddable":true,"href":"https:\/\/dmsjuridica.com\/buscador_20179478954\/salapenalcronologico20230723\/wp-json\/wp\/v2\/users\/1"}],"replies":[{"embeddable":true,"href":"https:\/\/dmsjuridica.com\/buscador_20179478954\/salapenalcronologico20230723\/wp-json\/wp\/v2\/comments?post=33536"}],"version-history":[{"count":0,"href":"https:\/\/dmsjuridica.com\/buscador_20179478954\/salapenalcronologico20230723\/wp-json\/wp\/v2\/posts\/33536\/revisions"}],"wp:attachment":[{"href":"https:\/\/dmsjuridica.com\/buscador_20179478954\/salapenalcronologico20230723\/wp-json\/wp\/v2\/media?parent=33536"}],"wp:term":[{"taxonomy":"category","embeddable":true,"href":"https:\/\/dmsjuridica.com\/buscador_20179478954\/salapenalcronologico20230723\/wp-json\/wp\/v2\/categories?post=33536"},{"taxonomy":"post_tag","embeddable":true,"href":"https:\/\/dmsjuridica.com\/buscador_20179478954\/salapenalcronologico20230723\/wp-json\/wp\/v2\/tags?post=33536"}],"curies":[{"name":"wp","href":"https:\/\/api.w.org\/{rel}","templated":true}]}}