{"id":33425,"date":"2023-09-13T19:42:02","date_gmt":"2023-09-13T19:42:02","guid":{"rendered":"https:\/\/dmsjuridica.com\/buscador_20179478954\/salapenalcronologico20230723\/2023\/09\/13\/ap5179-201646836\/"},"modified":"2023-09-13T19:42:02","modified_gmt":"2023-09-13T19:42:02","slug":"ap5179-201646836","status":"publish","type":"post","link":"https:\/\/dmsjuridica.com\/buscador_20179478954\/salapenalcronologico20230723\/2023\/09\/13\/ap5179-201646836\/","title":{"rendered":"AP5179-2016(46836)"},"content":{"rendered":"\n<p>\u00a0 \u00a0 CORTE SUPREMA DE JUSTICIA \u00a0<\/p>\n<p>SALA DE CASACI\u00d3N PENAL \u00a0<\/p>\n<p>LUIS ANTONIO HERN\u00c1NDEZ BARBOSA \u00a0<\/p>\n<p>Magistrado ponente \u00a0<\/p>\n<p>AP5179-2016 \u00a0<\/p>\n<p>Radicaci\u00f3n 46836 \u00a0<\/p>\n<p>(Aprobado Acta No.247) \u00a0<\/p>\n<p>Bogot\u00e1 \u00a0D.C., once (11) de agosto de dos mil \u00a0diecis\u00e9is (2016). \u00a0\u00a0<\/p>\n<p>\u00a0 VISTOS: \u00a0<\/p>\n<p>Se \u00a0resuelven los impedimentos expresados por \u00a0varios \u00a0Magistrados de la Sala, quienes invocaron la causal 6\u00aa del art\u00edculo 56 \u00a0y 197 de la Ley 906 de 2004. \u00a0\u00a0<\/p>\n<p>ANTECEDENTES \u00a0 \u00a0Y \u00a0CONSIDERACIONES: \u00a0\u00a0<\/p>\n<p>\u00a0 \u00a0\u00a0<\/p>\n<p>1. Mediante \u00a0auto \u00a0proferido \u00a0el 5 de \u00a0agosto de 2015 en el asunto \u00a0bajo \u00a0 \u00a0radicaci\u00f3n \u00a0 46332, \u00a0 la \u00a0 Sala \u00a0 resolvi\u00f3 \u00a0inadmitir la demanda de casaci\u00f3n presentada contra el \u00a0fallo \u00a0de \u00a0segundo \u00a0grado \u00a0proferido por el \u00a0Tribunal \u00a0Superior \u00a0del Distrito Judicial de Bogot\u00e1, \u00a0 \u00a0que \u00a0confirm\u00f3 \u00a0el dictado el 25 \u00a0de \u00a0agosto de 2014 por el Juzgado 33 Penal Municipal de Conocimiento de la misma \u00a0ciudad, \u00a0 por \u00a0 el \u00a0cual \u00a0JUAN \u00a0 \u00a0BAUTISTA \u00a0 FREYLE \u00a0 BALLESTAS \u00a0 fue \u00a0condenado \u00a0como autor del \u00a0 \u00a0 \u00a0delito \u00a0 \u00a0 de \u00a0 \u00a0 inasistencia alimentaria. \u00a0 \u00a0\u00a0<\/p>\n<p>\u00a0 \u00a0\u00a0<\/p>\n<p>1. Los \u00a0doctores Gustavo Enrique Malo \u00a0Fern\u00e1ndez, \u00a0Jos\u00e9 \u00a0Luis \u00a0Barcel\u00f3 \u00a0Camacho, \u00a0Jos\u00e9 \u00a0Le\u00f3nidas Bustos Mart\u00ednez, \u00a0Fernando \u00a0Alberto \u00a0Castro \u00a0Caballero, \u00a0Eugenio Fern\u00e1ndez Carlier, Eyder Pati\u00f1o \u00a0Cabrera, \u00a0Patricia \u00a0Salazar \u00a0Cu\u00e9llar y Luis Guillermo Salazar Otero, declararon \u00a0estar \u00a0impedidos \u00a0para conocer del presente asunto, aduciendo la concurrencia de \u00a0la \u00a0causal \u00a06\u00aa \u00a0del art\u00edculo 56 de la Ley 906 de 2004, es decir, haber dictado \u00a0la \u00a0providencia \u00a0de \u00a0cuya \u00a0revisi\u00f3n se trata, misma circunstancia prevista como \u00a0causal \u00a0de impedimento especial en el tr\u00e1mite de la acci\u00f3n de revisi\u00f3n por el \u00a0art\u00edculo 197 ib\u00eddem. \u00a0 \u00a0\u00a0<\/p>\n<p>3. \u00a0Se advierte que \u00a0carece \u00a0de \u00a0objeto \u00a0pronunciarse \u00a0acerca \u00a0de \u00a0la manifestaci\u00f3n realizada por el \u00a0doctor \u00a0Jos\u00e9 \u00a0Le\u00f3nidas \u00a0Bustos Mart\u00ednez, por no ser actualmente miembro de la \u00a0Sala de Casaci\u00f3n Penal. \u00a0\u00a0<\/p>\n<p>4. Es claro que les \u00a0asiste \u00a0raz\u00f3n \u00a0a \u00a0los \u00a0se\u00f1ores \u00a0Magistrados \u00a0que \u00a0expresaron \u00a0el \u00a0impedimento. \u00a0Efectivamente \u00a0suscribieron \u00a0la \u00a0decisi\u00f3n \u00a0que \u00a0se \u00a0cuestiona, \u00a0por \u00a0lo que sin \u00a0discusi\u00f3n alguna debe procederse a su aceptaci\u00f3n. \u00a0\u00a0<\/p>\n<p>En \u00a0raz\u00f3n \u00a0de \u00a0lo \u00a0expuesto, \u00a0la \u00a0Sala \u00a0de \u00a0Casaci\u00f3n Penal de la Corte Suprema de Justicia, \u00a0\u00a0<\/p>\n<p>RESUELVE: \u00a0\u00a0<\/p>\n<p>ACEPTAR \u00a0 el \u00a0impedimento \u00a0manifestado \u00a0por \u00a0los \u00a0Magistrados Gustavo \u00a0Enrique \u00a0Malo \u00a0Fern\u00e1ndez, \u00a0Jos\u00e9 Luis Barcel\u00f3 Camacho, Fernando Alberto Castro \u00a0Caballero, \u00a0Eugenio \u00a0Fern\u00e1ndez Carlier, Eyder Pati\u00f1o Cabrera, Patricia Salazar \u00a0Cu\u00e9llar y Luis Guillermo Salazar Otero. \u00a0\u00a0<\/p>\n<p>\u00a0 COMUN\u00cdQUESE \u00a0 \u00a0Y \u00a0C\u00daMPLASE. \u00a0\u00a0<\/p>\n<p>LUIS ANTONIO HERN\u00c1NDEZ BARBOSA \u00a0<\/p>\n<p>Magistrado \u00a0<\/p>\n<p>JOS\u00c9 FRANCISCO ACU\u00d1A VIZCAYA \u00a0<\/p>\n<p>Magistrado \u00a0<\/p>\n<p>PAULA CADAVID LONDO\u00d1O \u00a0<\/p>\n<p>Conjuez \u00a0<\/p>\n<p>DIEGO EUGENIO CORREDOR BELTR\u00c1N \u00a0<\/p>\n<p>Conjuez \u00a0<\/p>\n<p>FABIO ESPITIA GARZ\u00d3N \u00a0<\/p>\n<p>Conjuez \u00a0<\/p>\n<p>JUAN CARLOS PR\u00cdAS BERNAL \u00a0<\/p>\n<p>Conjuez \u00a0<\/p>\n<p>HUGO QUINTERO BERNATE \u00a0<\/p>\n<p>Conjuez \u00a0<\/p>\n<p>JULIO ANDR\u00c9S SAMPEDRO ARRUBLA \u00a0<\/p>\n<p>Conjuez \u00a0<\/p>\n<p>\u00a0 \u00a0<\/p>\n<p>CARLOS ROBERTO SOL\u00d3RZANO GARAVITO \u00a0<\/p>\n<p>Conjuez \u00a0<\/p>\n<p>NUBIA YOLANDA NOVA GARC\u00cdA \u00a0<\/p>\n<p>Secretaria \u00a0 \u00a0<\/p>\n<p><\/p>\n","protected":false},"excerpt":{"rendered":"<p>\u00a0 \u00a0 CORTE SUPREMA DE JUSTICIA \u00a0 SALA DE CASACI\u00d3N PENAL \u00a0 LUIS ANTONIO HERN\u00c1NDEZ BARBOSA \u00a0 Magistrado ponente \u00a0 AP5179-2016 \u00a0 Radicaci\u00f3n 46836 \u00a0 (Aprobado Acta No.247) \u00a0 Bogot\u00e1 \u00a0D.C., once (11) de agosto de dos mil \u00a0diecis\u00e9is (2016). \u00a0\u00a0 \u00a0 VISTOS: \u00a0 Se \u00a0resuelven los impedimentos expresados por \u00a0varios \u00a0Magistrados de la Sala, [&hellip;]<\/p>\n","protected":false},"author":1,"featured_media":0,"comment_status":"open","ping_status":"open","sticky":false,"template":"","format":"standard","meta":{"footnotes":""},"categories":[25],"tags":[],"class_list":["post-33425","post","type-post","status-publish","format-standard","hentry","category-25"],"_links":{"self":[{"href":"https:\/\/dmsjuridica.com\/buscador_20179478954\/salapenalcronologico20230723\/wp-json\/wp\/v2\/posts\/33425","targetHints":{"allow":["GET"]}}],"collection":[{"href":"https:\/\/dmsjuridica.com\/buscador_20179478954\/salapenalcronologico20230723\/wp-json\/wp\/v2\/posts"}],"about":[{"href":"https:\/\/dmsjuridica.com\/buscador_20179478954\/salapenalcronologico20230723\/wp-json\/wp\/v2\/types\/post"}],"author":[{"embeddable":true,"href":"https:\/\/dmsjuridica.com\/buscador_20179478954\/salapenalcronologico20230723\/wp-json\/wp\/v2\/users\/1"}],"replies":[{"embeddable":true,"href":"https:\/\/dmsjuridica.com\/buscador_20179478954\/salapenalcronologico20230723\/wp-json\/wp\/v2\/comments?post=33425"}],"version-history":[{"count":0,"href":"https:\/\/dmsjuridica.com\/buscador_20179478954\/salapenalcronologico20230723\/wp-json\/wp\/v2\/posts\/33425\/revisions"}],"wp:attachment":[{"href":"https:\/\/dmsjuridica.com\/buscador_20179478954\/salapenalcronologico20230723\/wp-json\/wp\/v2\/media?parent=33425"}],"wp:term":[{"taxonomy":"category","embeddable":true,"href":"https:\/\/dmsjuridica.com\/buscador_20179478954\/salapenalcronologico20230723\/wp-json\/wp\/v2\/categories?post=33425"},{"taxonomy":"post_tag","embeddable":true,"href":"https:\/\/dmsjuridica.com\/buscador_20179478954\/salapenalcronologico20230723\/wp-json\/wp\/v2\/tags?post=33425"}],"curies":[{"name":"wp","href":"https:\/\/api.w.org\/{rel}","templated":true}]}}