{"id":33383,"date":"2023-09-13T19:42:00","date_gmt":"2023-09-13T19:42:00","guid":{"rendered":"https:\/\/dmsjuridica.com\/buscador_20179478954\/salapenalcronologico20230723\/2023\/09\/13\/ap4956-201648531\/"},"modified":"2023-09-13T19:42:00","modified_gmt":"2023-09-13T19:42:00","slug":"ap4956-201648531","status":"publish","type":"post","link":"https:\/\/dmsjuridica.com\/buscador_20179478954\/salapenalcronologico20230723\/2023\/09\/13\/ap4956-201648531\/","title":{"rendered":"AP4956-2016(48531)"},"content":{"rendered":"\n<p>\u00a0 \u00a0 CORTE SUPREMA DE JUSTICIA \u00a0<\/p>\n<p>SALA DE CASACI\u00d3N PENAL \u00a0<\/p>\n<p>GUSTAVO ENRIQUE MALO FERN\u00c1NDEZ \u00a0<\/p>\n<p>Magistrado Ponente \u00a0<\/p>\n<p>AP4956-2016 \u00a0<\/p>\n<p>Radicaci\u00f3n N\u00b0 48531 \u00a0<\/p>\n<p>Aprobado acta No. 232. \u00a0<\/p>\n<p>Bogot\u00e1, \u00a0D.C., tres (3) de agosto de dos mil \u00a0diecis\u00e9is (2016). \u00a0\u00a0<\/p>\n<p>V I S T O S \u00a0<\/p>\n<p>Se \u00a0 define \u00a0de \u00a0plano \u00a0el \u00a0juez competente \u00a0para \u00a0conocer \u00a0del \u00a0proceso seguido en contra de OSCAR \u00a0AUGUSTO \u00a0 \u00a0TAPIAS \u00a0 \u00a0MONTIEL \u00a0 \u00a0por \u00a0 \u00a0el \u00a0 \u00a0 delito \u00a0 \u00a0 de \u00a0 \u00a0 extorsi\u00f3n \u00a0 \u00a0 \u00a0agravada. \u00a0\u00a0<\/p>\n<p>A N T E C E D E N T E S \u00a0<\/p>\n<p>\u00a0 \u00a0\u00a0<\/p>\n<p>1. F\u00e1cticos \u00a0 \u00a0\u00a0<\/p>\n<p>En \u00a0el \u00a0escrito \u00a0de \u00a0acusaci\u00f3n, los hechos \u00a0jur\u00eddicamente relevantes se relatan as\u00ed: \u00a0\u00a0<\/p>\n<p>Se \u00a0conocieron \u00a0de \u00a0acuerdo \u00a0a \u00a0la \u00a0Noticia \u00a0Criminal, \u00a0donde el denunciante y v\u00edctima: Jos\u00e9 Manuel Gil Larrota, manifiesta \u00a0que \u00a0el d\u00eda 21 de octubre de 2014 a eso de las 10:30 a.m., recibi\u00f3 una llamada \u00a0a \u00a0su \u00a0celular donde le habl\u00f3 supuestamente su sobrino, dici\u00e9ndole t\u00edo Manuel \u00a0resulta \u00a0que voy entrando a Bogot\u00e1 con un amigo; y que la Polic\u00eda estaba en la \u00a0carretera \u00a0y les encontr\u00f3 un arma, pero para que no lo emproblemaran necesitaba \u00a0la \u00a0suma \u00a0de \u00a0$500.000,oo. \u00a0Seguidamente \u00a0le \u00a0pas\u00f3 \u00a0a \u00a0un \u00a0patrullero \u00a0quien le \u00a0pregunt\u00f3 \u00a0unos \u00a0datos como los nombres de los pap\u00e1s de su sobrino, dici\u00e9ndole \u00a0este \u00a0que \u00a0\u00e9l quer\u00eda colaborarle al muchacho JAVIER MORENO, mi sobrino, que le \u00a0pasara \u00a0lo \u00a0de la gaseosa que eran $500.000,oo, que \u00e9l no quer\u00eda perjudicarlo, \u00a0dice \u00a0la \u00a0v\u00edctima \u00a0que \u00a0desde un comienzo \u00e9l le dijo a su supuesto sobrino que \u00a0\u00e9l \u00a0no ten\u00eda sino por ah\u00ed $200.000,oo, y que despu\u00e9s de haber hablado con el \u00a0supuesto \u00a0Polic\u00eda \u00a0\u00e9ste le dijo que bueno que le consignara los $200.000,oo en \u00a0EFECTY \u00a0 a \u00a0 nombre \u00a0de \u00a0OSCAR \u00a0AUGUSTO \u00a0TAPIAS \u00a0MONTIEL, \u00a0con \u00a0C. \u00a0de \u00a0C. \u00a0Nro. \u00a01.110.464.937, \u00a0pidi\u00e9ndole \u00a0el \u00a0favor \u00a0a \u00a0su hermana SILDANA GIL LARROTTA quien \u00a0estaba \u00a0en \u00a0el casco urbano de Cucaita para que hiciera la consignaci\u00f3n la cual \u00a0as\u00ed \u00a0se \u00a0hizo, \u00a0porque \u00e9l estaba en el campo, termina diciendo que su supuesto \u00a0sobrino \u00a0qued\u00f3 \u00a0de llamarlo pero \u00e9ste no lo hizo, generando esta actitud mucha \u00a0sospecha de que lo hab\u00edan enga\u00f1ado. \u00a0\u00a0<\/p>\n<p>Al inicio de la audiencia de formulaci\u00f3n de \u00a0acusaci\u00f3n, \u00a0ante \u00a0una \u00a0petici\u00f3n de aclaraci\u00f3n del defensor relacionada con el \u00a0lugar \u00a0de \u00a0ocurrencia del delito, el delegado de la Fiscal\u00eda manifest\u00f3 (i) que \u00a0la \u00a0llamada telef\u00f3nica referida se origin\u00f3 en Ibagu\u00e9 y se recibi\u00f3 en Cucaita \u00a0(Boyac\u00e1), \u00a0 y \u00a0(ii) \u00a0que \u00a0el \u00a0dinero \u00a0que \u00a0se \u00a0solicit\u00f3 \u00a0a \u00a0la \u00a0v\u00edctima \u00a0fue \u00a0consignado \u00a0en una sucursal \u00a0de \u00a0 \u00abEfecty\u00bb \u00a0 \u00a0del \u00a0 \u00a0\u00faltimo \u00a0 \u00a0municipio \u00a0 \u00a0y \u00a0 retirado \u00a0 en \u00a0el \u00a0barrio Ricaurte de la capital del Tolima.\u00a0 \u00a0\u00a0<\/p>\n<p>2. Procesales \u00a0\u00a0<\/p>\n<p>El \u00a018 \u00a0de febrero de 2016, ante el Juzgado \u00a0Segundo \u00a0 Penal \u00a0 Municipal \u00a0 de \u00a0 Tunja \u00a0 (Boyac\u00e1) \u00a0con funci\u00f3n de control de garant\u00edas; un delegado de \u00a0la \u00a0Fiscal\u00eda \u00a0formul\u00f3 \u00a0imputaci\u00f3n, \u00a0entre \u00a0otros, \u00a0en contra de OSCAR AUGUSTO \u00a0TAPIAS \u00a0 MONTIEL \u00a0 por \u00a0 el \u00a0 delito \u00a0 de \u00a0extorsi\u00f3n \u00a0agravada \u00a0(arts. 244 y 245, \u00a0numerales 3 y 8, C.P.). \u00a0\u00a0<\/p>\n<p>El 13 \u00a0 \u00a0 \u00a0de \u00a0 \u00a0 \u00a0abril \u00a0 \u00a0 siguiente, \u00a0un \u00a0delegado \u00a0 de \u00a0 la \u00a0Fiscal\u00eda \u00a0present\u00f3 \u00a0escrito \u00a0de \u00a0acusaci\u00f3n \u00a0 en \u00a0 contra \u00a0 de \u00a0OSCAR \u00a0AUGUSTO \u00a0TAPIAS \u00a0MONTIEL, \u00a0ante los juzgados \u00a0penales \u00a0 municipales \u00a0 de \u00a0 Tunja \u00a0correspondiendo, \u00a0por \u00a0reparto, \u00a0al \u00a0Segundo \u00a0con \u00a0 \u00a0 funci\u00f3n \u00a0 \u00a0de \u00a0 \u00a0conocimiento. \u00a0\u00a0<\/p>\n<p>La \u00a0audiencia de formulaci\u00f3n de acusaci\u00f3n \u00a0se \u00a0inici\u00f3 \u00a0el \u00a013 \u00a0de \u00a0julio \u00a0de 2014, oportunidad durante la cual el defensor \u00a0impugn\u00f3 \u00a0la \u00a0competencia \u00a0con el \u00fanico argumento de \u00a0que \u00a0ninguno de los hechos jur\u00eddicamente relevantes anunciados por la Fiscal\u00eda \u00a0tuvo \u00a0lugar \u00a0en Tunja, sino en el municipio de Cucaita \u00a0(Boyac\u00e1) \u00a0y \u00a0en \u00a0la \u00a0ciudad \u00a0de \u00a0Ibagu\u00e9 \u00a0(Tolima), \u00a0por \u00a0lo que, en virtud del \u00a0art\u00edculo \u00a043 \u00a0del \u00a0C.P.P.\/2004, \u00a0el \u00a0juzgado \u00a0ser\u00eda \u00a0incompetente. \u00a0Ante \u00a0esa \u00a0alegaci\u00f3n, \u00a0el \u00a0 fiscal \u00a0sostuvo \u00a0que \u00a0en \u00a0la \u00a0capital \u00a0boyacense \u00a0 se \u00a0 encuentran \u00a0 los \u00a0 elementos \u00a0 probatorios \u00a0 que \u00a0sustentan \u00a0la \u00a0acusaci\u00f3n, mientras que la \u00a0juez \u00a0 \u00a0 comparti\u00f3 \u00a0la \u00a0 \u00a0 \u00a0tesis \u00a0 \u00a0 \u00a0del \u00a0 \u00a0 \u00a0defensor.\u00a0 \u00a0\u00a0<\/p>\n<p>En \u00a0raz\u00f3n \u00a0de \u00a0lo anterior, el proceso fue \u00a0remitido \u00a0al \u00a0Juzgado \u00a0Primero \u00a0Penal del Circuito de \u00a0Tunja, \u00a0despacho \u00a0que \u00a0el \u00a014 \u00a0 \u00a0de \u00a0 julio \u00a0 anterior \u00a0 profiri\u00f3 \u00a0 un \u00a0auto \u00a0mediante \u00a0el \u00a0cual \u00a0orden\u00f3 enviar la actuaci\u00f3n a la \u00a0Corte \u00a0 \u00a0Suprema \u00a0 \u00a0de \u00a0 \u00a0Justicia \u00a0 \u00a0considerando \u00a0 \u00a0que \u00a0 \u00a0los \u00a0 \u00a0funcionarios \u00a0eventualmente \u00a0competentes \u00a0pertenec\u00edan \u00a0 a \u00a0diferentes \u00a0distritos \u00a0judiciales. \u00a0\u00a0<\/p>\n<p>C O N S I D E R A C I O N E S \u00a0<\/p>\n<p>1. En virtud de lo previsto en el art\u00edculo \u00a032, \u00a0 numeral \u00a0 4, \u00a0de \u00a0la \u00a0Ley \u00a0906 \u00a0de \u00a02004, \u00a0la \u00a0Corte \u00a0es \u00a0competente \u00a0para \u00a0definir \u00a0 cu\u00e1l \u00a0 es \u00a0 el \u00a0 juzgado \u00a0 que \u00a0debe \u00a0conocer del proceso seguido contra OSCAR AUGUSTO TAPIAS \u00a0MONTIEL \u00a0 \u00a0por \u00a0 \u00a0el \u00a0 \u00a0delito \u00a0 de \u00a0 extorsi\u00f3n \u00a0 \u00a0 agravada, \u00a0seg\u00fan \u00a0el factor territorial: si el Segundo Penal Municipal de \u00a0Tunja, \u00a0ante \u00a0el cual se present\u00f3 la acusaci\u00f3n, o si uno de sus hom\u00f3logos del \u00a0municipio \u00a0 de \u00a0 Cucaita \u00a0 (Boyac\u00e1) \u00a0 o \u00a0 del \u00a0 distrito \u00a0judicial \u00a0de \u00a0Ibagu\u00e9 \u00a0(Tolima). \u00a0\u00a0<\/p>\n<p>2. Debe recordarse que, seg\u00fan el art\u00edculo \u00a054 \u00a0del \u00a0C.P.P.\/2004, \u00a0la \u00a0definici\u00f3n \u00a0de competencia es un tr\u00e1mite incidental \u00a0mediante \u00a0 el \u00a0cual \u00a0se \u00a0determina \u00a0qui\u00e9n \u00a0es \u00a0el \u00a0juez \u00a0que \u00a0debe \u00a0conocer \u00a0la \u00a0actuaci\u00f3n\u00a0 \u00a0una \u00a0vez se ha presentado el escrito de acusaci\u00f3n1, \u00a0siempre \u00a0que \u00a0el \u00a0escogido \u00a0por \u00a0la \u00a0Fiscal\u00eda \u00a0para \u00a0tal \u00a0efecto \u00a0se \u00a0declare incompetente o que una de las partes \u00a0o \u00a0intervinientes \u00a0impugne \u00a0ese \u00a0atributo, \u00a0en ambos \u00a0eventos \u00a0en el escenario de la audiencia de formulaci\u00f3n de acusaci\u00f3n (art. 341 \u00a0C.P.P.\/2004). \u00a0El \u00a0superior \u00a0jer\u00e1rquico \u00a0com\u00fan \u00a0de los funcionarios judiciales \u00a0eventualmente \u00a0competentes \u00a0ser\u00e1 \u00a0el encargado de adoptar de plano la decisi\u00f3n \u00a0que \u00a0 \u00a0 \u00a0 \u00a0 \u00a0 \u00a0 \u00a0 \u00a0 \u00a0 corresponda2.\u00a0 \u00a0\u00a0<\/p>\n<p>3. \u00a0En \u00a0el sistema de enjuiciamiento penal \u00a0adoptado \u00a0en \u00a0nuestro pa\u00eds por el Acto Legislativo No 03 de 2002 y desarrollado \u00a0por \u00a0la \u00a0Ley \u00a0906 \u00a0de \u00a02004, corresponde a la Fiscal\u00eda General de la Naci\u00f3n la \u00a0confecci\u00f3n \u00a0 y \u00a0 la \u00a0 presentaci\u00f3n \u00a0del \u00a0pliego \u00a0acusatorio \u00a0como \u00a0presupuesto \u00a0indispensable \u00a0del \u00a0inicio \u00a0del \u00a0juicio \u00a0p\u00fablico, \u00a0oral, \u00a0con \u00a0inmediaci\u00f3n \u00a0de \u00a0pruebas, \u00a0contradictorio \u00a0y \u00a0concentrado (art. 250 Const. Pol\u00edtica). Uno de los \u00a0requisitos, \u00a0quiz\u00e1s \u00a0el \u00a0m\u00e1s \u00a0importante, de la acusaci\u00f3n es una \u201crelaci\u00f3n \u00a0 clara \u00a0 y \u00a0sucinta \u00a0de \u00a0los \u00a0hechos \u00a0jur\u00eddicamente \u00a0relevantes\u201d, incluyendo \u00a0las \u00a0 circunstancias \u00a0 temporales, \u00a0 espaciales \u00a0y \u00a0modales \u00a0en \u00a0que \u00a0\u00e9stos \u00a0se \u00a0desarrollaron. \u00a0\u00a0<\/p>\n<p>4. \u00a0 \u00a0En \u00a0 \u00a0especial, \u00a0 \u00a0la \u00a0 determinaci\u00f3n \u00a0por \u00a0el \u00a0acusador \u00a0del \u00a0 lugar \u00a0 en \u00a0 que \u00a0acaeci\u00f3 \u00a0la \u00a0conducta \u00a0punible \u00a0es \u00a0trascendente para determinar la competencia territorial, \u00a0 pues \u00a0 seg\u00fan \u00a0 lo \u00a0 ordena \u00a0 el \u00a0 art\u00edculo \u00a0 43, \u00a0 \u00a0 inciso \u00a0 \u00a0 1, \u00a0 \u00a0 del \u00a0 \u00a0 \u00a0 C.P.P.\/2004, \u00a0el \u00a0juzgamiento \u00a0deber\u00e1 adelantarlo el juez de aquel \u00a0sitio. \u00a0 Ahora \u00a0 \u00a0 \u00a0bien, \u00a0 \u00a0 \u00a0\u00abcuando \u00a0no \u00a0fuere \u00a0posible determinar el lugar de ocurrencia del \u00a0hecho, \u00a0este \u00a0se \u00a0hubiere \u00a0realizado \u00a0en varios lugares, en uno incierto o en el \u00a0extranjero,\u2026\u00bb, \u00a0prev\u00e9 el inciso 2 de la norma en \u00a0cita \u00a0 \u00a0que \u00a0 \u00a0ser\u00e1 \u00a0 competente \u00a0 el \u00a0 juez \u00a0 del \u00a0lugar \u00a0\u00abdonde se formule la acusaci\u00f3n por parte de \u00a0la \u00a0Fiscal\u00eda \u00a0General \u00a0de \u00a0la \u00a0Naci\u00f3n, \u00a0lo \u00a0cual har\u00e1 donde se encuentren los \u00a0elementos fundamentales de la acusaci\u00f3n\u00bb. \u00a0\u00a0<\/p>\n<p>\u00a0 \u00a0<\/p>\n<p>5. Frente \u00a0 \u00a0 \u00a0 \u00a0 \u00a0al \u00a0 \u00a0 \u00a0 \u00a0 \u00a0delito \u00a0 \u00a0 \u00a0 \u00a0 de \u00a0 \u00a0 \u00a0 \u00a0 extorsi\u00f3n, esta Corporaci\u00f3n ha dicho \u00a0reiteradamente \u00a0que debe entenderse que se comete en el lugar donde se inicia la \u00a0exigencia \u00a0dineraria \u00a0y, \u00a0cuando \u00e9sta se hace por v\u00eda \u00a0telef\u00f3nica, \u00a0 \u00a0en \u00a0 \u00a0el \u00a0 sitio \u00a0 del \u00a0 cual \u00a0 se \u00a0 originaron \u00a0 las \u00a0 llamadas \u00a0extorsivas3. \u00a0 \u00a0 En \u00a0 \u00a0 efecto, \u00a0 \u00a0 en \u00a0 \u00a0reciente \u00a0 \u00a0decisi\u00f3n \u00a0 \u00a0\u2013AP3569-2016-, \u00a0se \u00a0reiter\u00f3 \u00a0la tesis \u00a0trascribiendo \u00a0lo \u00a0que \u00a0al \u00a0respecto \u00a0se \u00a0hab\u00eda \u00a0anotado \u00a0en \u00a0AP2514-2016 as\u00ed: \u00a0\u00a0<\/p>\n<p>\u00a8\u2026Implica lo \u00a0anterior \u00a0que \u00a0el \u00a0constre\u00f1imiento \u00a0es \u00a0la \u00a0conducta \u00a0a \u00a0trav\u00e9s \u00a0de la cual se \u00a0configura \u00a0el \u00a0delito \u00a0de \u00a0extorsi\u00f3n, \u00a0y \u00a0en \u00a0tales \u00a0condiciones, \u00a0en \u00a0orden \u00a0a \u00a0establecer \u00a0la competencia por el factor territorial, es criterio de la Sala que \u00a0necesariamente \u00a0ha \u00a0de \u00a0acudirse \u00a0al \u00a0lugar \u00a0donde \u00a0se \u00a0inicia la exigencia o se \u00a0exterioriza \u00a0el \u00a0prop\u00f3sito extorsivo, en raz\u00f3n a que\u00a0 \u201c\u2026\u00e9l revela de \u00a0manera \u00a0directa \u00a0el \u00a0lugar donde se dio inicio o exteriorizaci\u00f3n del prop\u00f3sito \u00a0extorsionista \u00a0por \u00a0el \u00a0efecto \u00a0que \u00a0produce \u00a0en \u00a0el \u00a0sujeto \u00a0pasivo, el cual es \u00a0inmediato \u00a0con \u00a0la \u00a0llamada \u00a0telef\u00f3nica, \u00a0raz\u00f3n \u00a0por la cual, cuando \u201cel que \u00a0constri\u00f1e \u00a0a \u00a0otro\u201d \u00a0lo \u00a0hace \u00a0de \u00a0esta \u00a0forma, \u00a0ser\u00e1 \u00a0en el sitio en que se \u00a0realiz\u00f3 \u00a0la llamada, el lugar de la comisi\u00f3n del il\u00edcito, sin embargo si ello \u00a0no \u00a0fuere \u00a0posible \u00a0de establecer, entonces el lugar ser\u00e1 incierto.\u00a0 \u00a0\u00a0<\/p>\n<p>(\u2026) \u00a0<\/p>\n<p>\u201c\u2026Cuando \u00a0quiera \u00a0que \u00a0el m\u00e9todo utilizado para transmitir la amenaza extorsiva sea el de \u00a0las \u00a0llamadas \u00a0telef\u00f3nicas, \u00a0se \u00a0tiene \u00a0como lugar de ejecuci\u00f3n de la conducta \u00a0aquel \u00a0desde donde el agresor origina las comunicaciones, en el entendido de que \u00a0la \u00a0conducta sancionada por el legislador es la de &#8220;constre\u00f1ir a otro&#8221;, lo cual \u00a0se \u00a0 hace \u00a0 de \u00a0 manera \u00a0 inmediata \u00a0 cuando \u00a0se \u00a0env\u00eda \u00a0el \u00a0mensaje \u00a0por \u00a0v\u00eda \u00a0telef\u00f3nica\u20264 \u00a0\u00a0<\/p>\n<p>6. \u00a0En el caso \u00a0bajo \u00a0examen, \u00a0la \u00a0Fiscal\u00eda \u00a0acus\u00f3 \u00a0a OSCAR AUGUSTO \u00a0TAPIAS \u00a0MONTIEL \u00a0por un delito de extorsi\u00f3n agravada \u00a0que, \u00a0 \u00a0 \u00a0 seg\u00fan \u00a0 \u00a0 \u00a0 la \u00a0 \u00a0 \u00a0 adici\u00f3n \u00a0efectuada \u00a0en \u00a0la \u00a0respectiva \u00a0audiencia, \u00a0habr\u00eda \u00a0implicado \u00a0dos \u00a0lugares \u00a0de \u00a0la \u00a0geograf\u00eda \u00a0 \u00a0 nacional, \u00a0 \u00a0as\u00ed: \u00a0 \u00a0en \u00a0la \u00a0ciudad \u00a0de \u00a0Ibagu\u00e9 \u00a0se \u00a0gener\u00f3 \u00a0la \u00a0llamada \u00a0telef\u00f3nica \u00a0extorsiva \u00a0y \u00a0se obtuvo el incremento patrimonial del \u00a0sujeto \u00a0 activo, \u00a0 y \u00a0 en \u00a0 el \u00a0 municipio \u00a0de \u00a0Cucaita \u00a0(Boyac\u00e1) \u00a0se \u00a0 \u00a0recibi\u00f3 \u00a0 \u00a0la \u00a0 comunicaci\u00f3n \u00a0amenazante y se consign\u00f3 \u00a0el \u00a0 dinero \u00a0 exigido \u00a0 a \u00a0 la \u00a0 v\u00edctima. \u00a0En \u00a0esas \u00a0circunstancias, \u00a0 siendo \u00a0 claro \u00a0 que \u00a0la \u00a0llamada \u00a0telef\u00f3nica \u00a0mediante \u00a0la \u00a0cual se exterioriz\u00f3 la acci\u00f3n extorsiva se origin\u00f3 \u00a0en \u00a0Ibagu\u00e9, \u00a0sitio en el \u00a0cual, \u00a0adem\u00e1s, \u00a0el \u00a0sujeto \u00a0activo \u00a0tambi\u00e9n \u00a0obtuvo el incremento patrimonial, \u00a0debe \u00a0concluirse \u00a0que \u00a0el \u00a0competente \u00a0es \u00a0un \u00a0juez \u00a0de \u00a0 esta \u00a0 ciudad, \u00a0 espec\u00edficamente \u00a0 uno \u00a0Penal \u00a0Municipal \u00a0debido \u00a0a que \u00a0la \u00a0cuant\u00eda del delito es inferior a 150 s.m.l.m.v. \u00a0(art. \u00a037-3 \u00a0C.P.P.\/2004). \u00a0\u00a0<\/p>\n<p>En consecuencia, se remitir\u00e1 el \u00a0proceso \u00a0al Centro de Servicios Judiciales de Ibagu\u00e9 (Tolima) \u00a0para que proceda a su reparto. \u00a0\u00a0<\/p>\n<p>\u00a0\u00a0\u00a0 \u00a0\u00a0<\/p>\n<p>D E C I S I \u00d3 \u00a0N \u00a0\u00a0<\/p>\n<p>En \u00a0m\u00e9rito \u00a0de \u00a0lo expuesto, la \u00a0 \u00a0Corte \u00a0 \u00a0Suprema \u00a0 \u00a0de \u00a0 \u00a0Justicia, \u00a0 \u00a0Sala \u00a0 de \u00a0 Casaci\u00f3n \u00a0Penal, \u00a0\u00a0<\/p>\n<p>R E S U E L V E \u00a0<\/p>\n<p>DECLARAR \u00a0que el \u00a0Juzgado \u00a0Penal Municipal de Ibagu\u00e9 (reparto) es el competente para adelantar el \u00a0juicio \u00a0 contra \u00a0 OSCAR \u00a0 AUGUSTO \u00a0 TAPIAS \u00a0 MONTIEL \u00a0por \u00a0 \u00a0el \u00a0 \u00a0 \u00a0delito \u00a0 \u00a0 de \u00a0 \u00a0 extorsi\u00f3n \u00a0agravada. En consecuencia, se remitir\u00e1 el \u00a0proceso \u00a0al Centro de Servicios Judiciales de Ibagu\u00e9 (Tolima) \u00a0para \u00a0 que \u00a0proceda \u00a0a \u00a0repartirlo \u00a0en \u00a0uno \u00a0de \u00a0aquellos \u00a0despachos. \u00a0\u00a0<\/p>\n<p>Contra \u00a0esa \u00a0decisi\u00f3n \u00a0no procede recurso \u00a0alguno.\u00a0\u00a0 \u00a0\u00a0<\/p>\n<p>C\u00f3piese, \u00a0 \u00a0 \u00a0comun\u00edquese \u00a0 \u00a0 \u00a0y \u00a0c\u00famplase. \u00a0\u00a0<\/p>\n<p>GUSTAVO ENRIQUE MALO FERN\u00c1NDEZ \u00a0<\/p>\n<p>JOS\u00c9 FRANCISCO ACU\u00d1A VIZCAYA \u00a0<\/p>\n<p>JOS\u00c9 LUIS BARCEL\u00d3 CAMACHO \u00a0<\/p>\n<p>FERNANDO ALBERTO CASTRO CABALLERO \u00a0<\/p>\n<p>EUGENIO FERN\u00c1NDEZ CARLIER \u00a0<\/p>\n<p>LUIS ANTONIO HERN\u00c1NDEZ BARBOSA \u00a0<\/p>\n<p>EYDER PATI\u00d1O CABRERA \u00a0<\/p>\n<p>PATRICIA SALAZAR CU\u00c9LLAR \u00a0<\/p>\n<p>LUIS GUILLERMO SALAZAR OTERO \u00a0<\/p>\n<p>Nubia Yolanda Nova Garc\u00eda \u00a0<\/p>\n<p>Secretaria \u00a0<\/p>\n<p>\u00a0 \u00a0\u00a0<\/p>\n<p>1 \u00a0Seg\u00fan \u00a0el \u00a0art\u00edculo \u00a054 \u00a0de \u00a0la Ley 906 de 2004, la definici\u00f3n de competencia \u00a0tambi\u00e9n \u00a0procede \u00a0en la audiencia de formulaci\u00f3n de la imputaci\u00f3n. \u00a0\u00a0<\/p>\n<p>2 \u00a0Obs\u00e9rvese art\u00edculos 32-4, 33-5, 34-5 y 36-3 ib\u00eddem. \u00a0\u00a0<\/p>\n<p>3 AP, \u00a0marzo \u00a011 \u00a0de 2011, rad. 35865; AP, marzo 14 de 2012, rad 38476; AP, marzo 19 de \u00a02013, \u00a0 \u00a0rad. \u00a0 \u00a040927; \u00a0 \u00a0AP5243-2014; \u00a0 \u00a0AP4703-2015, \u00a0 \u00a0AP2514-2016, \u00a0 \u00a0entre \u00a0otros. \u00a0\u00a0<\/p>\n<p>4 \u00a0CSJ. del 6 de marzo de 2013, rad. 40755. \u00a0 \u00a0\u00a0<\/p>\n<p><\/p>\n","protected":false},"excerpt":{"rendered":"<p>\u00a0 \u00a0 CORTE SUPREMA DE JUSTICIA \u00a0 SALA DE CASACI\u00d3N PENAL \u00a0 GUSTAVO ENRIQUE MALO FERN\u00c1NDEZ \u00a0 Magistrado Ponente \u00a0 AP4956-2016 \u00a0 Radicaci\u00f3n N\u00b0 48531 \u00a0 Aprobado acta No. 232. \u00a0 Bogot\u00e1, \u00a0D.C., tres (3) de agosto de dos mil \u00a0diecis\u00e9is (2016). \u00a0\u00a0 V I S T O S \u00a0 Se \u00a0 define \u00a0de \u00a0plano [&hellip;]<\/p>\n","protected":false},"author":1,"featured_media":0,"comment_status":"open","ping_status":"open","sticky":false,"template":"","format":"standard","meta":{"footnotes":""},"categories":[25],"tags":[],"class_list":["post-33383","post","type-post","status-publish","format-standard","hentry","category-25"],"_links":{"self":[{"href":"https:\/\/dmsjuridica.com\/buscador_20179478954\/salapenalcronologico20230723\/wp-json\/wp\/v2\/posts\/33383","targetHints":{"allow":["GET"]}}],"collection":[{"href":"https:\/\/dmsjuridica.com\/buscador_20179478954\/salapenalcronologico20230723\/wp-json\/wp\/v2\/posts"}],"about":[{"href":"https:\/\/dmsjuridica.com\/buscador_20179478954\/salapenalcronologico20230723\/wp-json\/wp\/v2\/types\/post"}],"author":[{"embeddable":true,"href":"https:\/\/dmsjuridica.com\/buscador_20179478954\/salapenalcronologico20230723\/wp-json\/wp\/v2\/users\/1"}],"replies":[{"embeddable":true,"href":"https:\/\/dmsjuridica.com\/buscador_20179478954\/salapenalcronologico20230723\/wp-json\/wp\/v2\/comments?post=33383"}],"version-history":[{"count":0,"href":"https:\/\/dmsjuridica.com\/buscador_20179478954\/salapenalcronologico20230723\/wp-json\/wp\/v2\/posts\/33383\/revisions"}],"wp:attachment":[{"href":"https:\/\/dmsjuridica.com\/buscador_20179478954\/salapenalcronologico20230723\/wp-json\/wp\/v2\/media?parent=33383"}],"wp:term":[{"taxonomy":"category","embeddable":true,"href":"https:\/\/dmsjuridica.com\/buscador_20179478954\/salapenalcronologico20230723\/wp-json\/wp\/v2\/categories?post=33383"},{"taxonomy":"post_tag","embeddable":true,"href":"https:\/\/dmsjuridica.com\/buscador_20179478954\/salapenalcronologico20230723\/wp-json\/wp\/v2\/tags?post=33383"}],"curies":[{"name":"wp","href":"https:\/\/api.w.org\/{rel}","templated":true}]}}