{"id":33261,"date":"2023-09-13T19:41:27","date_gmt":"2023-09-13T19:41:27","guid":{"rendered":"https:\/\/dmsjuridica.com\/buscador_20179478954\/salapenalcronologico20230723\/2023\/09\/13\/ap4484-201648444\/"},"modified":"2023-09-13T19:41:27","modified_gmt":"2023-09-13T19:41:27","slug":"ap4484-201648444","status":"publish","type":"post","link":"https:\/\/dmsjuridica.com\/buscador_20179478954\/salapenalcronologico20230723\/2023\/09\/13\/ap4484-201648444\/","title":{"rendered":"AP4484-2016(48444)"},"content":{"rendered":"\n<p>\u00a0 \u00a0 CORTE SUPREMA DE JUSTICIA \u00a0<\/p>\n<p>SALA DE CASACI\u00d3N PENAL \u00a0<\/p>\n<p>Eyder \u00a0 \u00a0Pati\u00f1o \u00a0Cabrera \u00a0\u00a0<\/p>\n<p>Magistrado \u00a0Ponente \u00a0\u00a0<\/p>\n<p>AP4484-2016 \u00a0<\/p>\n<p>Radicaci\u00f3n N\u00b0 48444 \u00a0<\/p>\n<p>(Aprobado \u00a0acta \u00a0N\u00b0 \u00a0211) \u00a0\u00a0<\/p>\n<p>Bogot\u00e1, \u00a0D. C., \u00a0trece \u00a0 (13) \u00a0 de \u00a0 julio \u00a0 de \u00a0 dos \u00a0mil \u00a0diecis\u00e9is \u00a0(2016). \u00a0\u00a0<\/p>\n<p>MOTIVO DE LA DECISI\u00d3N \u00a0<\/p>\n<p>La \u00a0Sala \u00a0se \u00a0pronuncia \u00a0sobre la solicitud \u00a0elevada \u00a0 \u00a0 por \u00a0 \u00a0 la \u00a0 \u00a0 Procuradora \u00a0 \u00a0Judicial \u00a0 \u00a077 \u00a0 \u00a0de \u00a0 \u00a0Buga, \u00a0 \u00a0quien \u00a0impugn\u00f3\u00a0\u00a0\u00a0\u00a0\u00a0\u00a0\u00a0\u00a0\u00a0\u00a0\u00a0\u00a0\u00a0\u00a0\u00a0 \u00a0la \u00a0competencia \u00a0del \u00a0Juzgado 2\u00ba Penal del Circuito Especializado de esa ciudad \u00a0para \u00a0 \u00a0conocer \u00a0 \u00a0del \u00a0 \u00a0proceso \u00a0 adelantado \u00a0 en \u00a0 contra \u00a0 de \u00a0 Obeimar \u00a0 \u00a0Daza \u00a0 \u00a0L\u00f3pez, \u00a0 \u00a0 \u00a0 \u00a0Miguel \u00a0 \u00a0 \u00a0 \u00c1ngel \u00a0 \u00a0 \u00a0 Mill\u00e1n \u00a0 \u00a0 \u00a0 Garc\u00eda, \u00a0Hermilson Morales Moreno y \u00a0 Jainer \u00a0C\u00f3rdoba \u00a0Paz \u00a0por el delito de receptaci\u00f3n de hidrocarburos. \u00a0\u00a0<\/p>\n<p>ANTECEDENTES \u00a0<\/p>\n<p>1. \u00a0El \u00a03 \u00a0de diciembre de 20151 la Fiscal\u00eda \u00a035 \u00a0Especializada \u00a0de \u00a0la \u00a0Direcci\u00f3n \u00a0Nacional \u00a0de \u00a0Fiscal\u00edas contra el Crimen \u00a0Organizado \u00a0con \u00a0sede \u00a0en \u00a0Cali, \u00a0present\u00f3 \u00a0escrito \u00a0de acusaci\u00f3n en contra de \u00a0Obeimar \u00a0 \u00a0 \u00a0 \u00a0 Daza \u00a0 \u00a0 \u00a0 \u00a0L\u00f3pez, \u00a0 \u00a0 \u00a0Miguel \u00a0 \u00a0 \u00c1ngel \u00a0 \u00a0 Mill\u00e1n \u00a0Garc\u00eda, Hermilson Morales \u00a0Moreno \u00a0y \u00a0Jainer \u00a0C\u00f3rdoba \u00a0Paz \u00a0por \u00a0el \u00a0delito \u00a0de \u00a0receptaci\u00f3n \u00a0 de \u00a0hidrocarburos, \u00a0con \u00a0fundamento \u00a0en \u00a0los \u00a0siguientes \u00a0hechos: \u00a0\u00a0<\/p>\n<p>(\u2026) \u00a0Por \u00a0informaci\u00f3n \u00a0suministrada \u00a0de \u00a0fuente \u00a0humana, \u00a0quien \u00a0por \u00a0razones \u00a0de \u00a0seguridad \u00a0omiti\u00f3 \u00a0identificarse, \u00a0al \u00a0IT.\u00a0 \u00a0De la Polic\u00eda Nacional, Carlos Augusto Motta Andrade, Jefe Comisi\u00f3n \u00a0Polic\u00eda \u00a0Judicial \u00a0Valle \u00a0del Cauca, se tuvo conocimiento de la hora y d\u00eda que \u00a0un \u00a0cami\u00f3n \u00a0turbo \u00a0saldr\u00eda \u00a0con \u00a0combustible \u00a0apoderado \u00a0del \u00a0oleoducto l\u00ednea \u00a0Buenaventura \u00a0 \u2013 \u00a0Yumbo. \u00a0\u00a0<\/p>\n<p>Posteriormente \u00a0a \u00a0fin \u00a0de \u00a0verificar \u00a0la \u00a0informaci\u00f3n, \u00a0el \u00a0SI. \u00a0Villanueva Quintero, tom\u00f3 contacto con el Comandante de \u00a0la \u00a0Base \u00a0de \u00a0la \u00a0Polic\u00eda \u00a0de \u00a0Hidrocarburos \u00a0en \u00a0Buga, Capit\u00e1n \u00d3scar Andr\u00e9s \u00a0Benhard \u00a0Rojas, \u00a0para \u00a0coordinar \u00a0el \u00a0operativo \u00a0en inmediaciones del sector con \u00a0ubicaci\u00f3n \u00a0geogr\u00e1fica, \u00a0Latitud \u00a003\u00b0 \u00a043\u00b420.3\u201dy \u00a0Longitud 076\u00b0 35\u00b400.3\u00b4 \u00a0donde \u00a0observaron \u00a0una \u00a0motocicleta \u00a0que \u00a0se desplazaba con las luces apagadas e \u00a0identificada \u00a0con \u00a0la \u00a0matr\u00edcula \u00a0NWQ-20A, \u00a0que \u00a0era conducida por MIGUEL \u00a0 \u00c1NGEL \u00a0MILL\u00c1N \u00a0GARC\u00cdA,\u00a0 \u00a0identificado \u00a0 con \u00a0 C\u00e9dula \u00a0 No. \u00a0 1.114.339.647 \u00a0 de \u00a0 Restrepo \u00a0\u2013 Valle Del Cauca. \u00a0\u00a0<\/p>\n<p>Refiere el informe judicial que al solicitar \u00a0el \u00a0registro \u00a0personal, \u00a0el \u00a0precitado \u00a0llevaba \u00a0en \u00a0un \u00a0malet\u00edn tres radios de \u00a0comunicaciones \u00a0marca \u00a0Motorola \u00a0tipo \u00a0Walkie \u00a0Talkie \u00a0y \u00a0un \u00a0tel\u00e9fono celular, \u00a0aduciendo \u00a0que los radios eran del trabajo y que se utilizaban para coordinar el \u00a0transporte \u00a0de \u00a0agua \u00a0para unas tomateras. Agrega el funcionario que dos ven\u00edan \u00a0programados \u00a0con \u00a0frecuencia \u00a05-3 \u00a0y otro estaba apagado, y que el mencionado no \u00a0portaba documentos de la motocicleta. \u00a0\u00a0<\/p>\n<p>De otra parte, se\u00f1ala que muy cerca de ella \u00a0se \u00a0desplazaba \u00a0un \u00a0veh\u00edculo \u00a0tipo \u00a0cami\u00f3n \u00a0turbo \u00a0color \u00a0blanco, \u00a0portando la \u00a0matr\u00edcula \u00a0 CEQ-441, \u00a0con \u00a0cuatro \u00a0personas \u00a0quienes \u00a0al notar la presencia de los policiales, uno de ellos \u00a0emprende \u00a0la \u00a0huida por el precipicio ubicado al costado de la v\u00eda. Que una vez \u00a0inmovilizado \u00a0el \u00a0automotor, \u00a0sus \u00a0tres \u00a0ocupantes \u00a0fueron \u00a0indagados \u00a0sobre \u00a0el \u00a0contenido \u00a0 de \u00a0la \u00a0carga \u00a0trasportada, \u00a0manifestando \u00a0el \u00a0conductor, \u00a0quien \u00a0se \u00a0identific\u00f3 \u00a0como HERMILSON MORALES MORENO, \u00a0con \u00a0c\u00e9dula \u00a0de \u00a0ciudadan\u00eda \u00a094.269.445 \u00a0de Restrepo Valle del \u00a0Cauca, \u00a0que \u00a0transportaba agua. Adicionalmente, con el registro de personas y el \u00a0rodante, \u00a0se hall\u00f3 en poder del precitado un radio Walkie Talkie, programado en \u00a0la \u00a0misma \u00a0frecuencia \u00a0con \u00a0las \u00a0que \u00a0transportaba \u00a0en \u00a0un \u00a0malet\u00edn \u00a0el \u00a0se\u00f1or \u00a0MIGUEL \u00a0 \u00a0\u00c1NGEL \u00a0 MILL\u00c1N \u00a0 GARC\u00cdA \u00a0 5-3. \u00a0Los \u00a0dem\u00e1s \u00a0ocupantes fueron identificados como JAINER \u00a0C\u00d3RDOBA \u00a0PAZ, \u00a0identificado con \u00a0c\u00e9dula \u00a0No. \u00a016.844.417 \u00a0de \u00a0Calima; \u00a0y \u00a0OBEIMAR DAZA \u00a0L\u00d3PEZ, identificado con la c\u00e9dula No. 94.267.392 de \u00a0Calima Valle del Cauca. \u00a0\u00a0<\/p>\n<p>Indica, \u00a0igualmente, \u00a0el \u00a0informe \u00a0que \u00a0al \u00a0verificar \u00a0la carga que transporta \u00e9ste veh\u00edculo se hall\u00f3 en su interior diez \u00a0(10) \u00a0canecas \u00a0o \u00a0recipientes pl\u00e1sticos de las cuales nueve (9) estaban vac\u00edas \u00a0mientras \u00a0que \u00a0una (1) de ellas conten\u00eda en su interior una cantidad aproximada \u00a0de \u00a040 galones de una sustancia l\u00edquida con caracter\u00edsticas f\u00edsicas similares \u00a0al \u00a0 hidrocarburo \u00a0aceite \u00a0combustible \u00a0de \u00a0motor \u00a0(A.C.P.M.), \u00a0por \u00a0lo \u00a0que \u00a0se \u00a0procedi\u00f3, \u00a0con \u00a0presencia \u00a0de \u00a0la \u00a0cada uno de ellos, a tomar una muestra de la \u00a0misma \u00a0por \u00a0parte \u00a0de funcionario de polic\u00eda judicial Dar\u00edo Armando Rodr\u00edguez \u00a0S\u00e1nchez, \u00a0perito \u00a0en \u00a0el \u00a0manejo \u00a0de detectores de marcaci\u00f3n en hidrocarburos, \u00a0para \u00a0ser \u00a0analizada \u00a0en \u00a0el \u00a0equipo \u00a0QUIMIOMARK No. 464, arrojando un resultado \u00a0preliminar \u00a0 de \u00a0 3% \u00a0 de \u00a0presencia \u00a0de \u00a0marcador. \u00a0Luego, \u00a0se procedi\u00f3 a realizar dos an\u00e1lisis m\u00e1s con \u00a0muestras \u00a0diferentes \u00a0extra\u00eddas \u00a0del \u00a0mismo \u00a0contenedor \u00a0para descartar errores \u00a0dando \u00a0 como \u00a0 resultado \u00a0un \u00a04% \u00a0y \u00a03% \u00a0de \u00a0presencia \u00a0de \u00a0marcador, lo que indica que la sustancia hallada \u00a0pertenece \u00a0a \u00a0un \u00a0hidrocarburo \u00a0ilegalmente \u00a0obtenido, \u00a0ya \u00a0que este equipo debe \u00a0arrojar \u00a0 un \u00a0 resultado \u00a0 de \u00a0 marcaci\u00f3n \u00a0 en \u00a0 los \u00a0hidrocarburos \u00a0legalmente \u00a0comercializados \u00a0por \u00a0Ecopetrol \u00a0de \u00a080% \u00a0a \u00a0120%, por lo que se procedi\u00f3 a dar \u00a0captura \u00a0a \u00a0los \u00a0mencionados \u00a0por \u00a0el \u00a0delito \u00a0de \u00a0receptaci\u00f3n de hidrocarburos \u00a0d\u00e1ndoles a conocer sus derechos. \u00a0\u00a0<\/p>\n<p>Lo anterior teniendo en cuenta lo estipulado \u00a0en \u00a0los \u00a0Decretos \u00a01503 de 19 de julio de 2002, el cual reglamenta la marcaci\u00f3n \u00a0de \u00a0los \u00a0combustibles \u00a0que se comercializan en el territorio Nacional; y 3563 de \u00a010 \u00a0de \u00a0diciembre \u00a0de \u00a02003, por el cual se modifican los art\u00edculos 10 y 11 del \u00a0Decreto 1503. \u00a0\u00a0<\/p>\n<p>2. \u00a0Las \u00a0diligencias \u00a0fueron \u00a0repartidas al \u00a0Juzgado \u00a02\u00ba \u00a0Penal del Circuito Especializado de Buga, autoridad que le corri\u00f3 \u00a0traslado \u00a0 a \u00a0las \u00a0partes \u00a0para \u00a0que \u00a0se \u00a0pronunciaran \u00a0sobre \u00a0las \u00a0causales \u00a0de \u00a0incompetencia, \u00a0de \u00a0conformidad con lo establecido en el art\u00edculo 339 de la Ley \u00a0906 de 2004, quienes intervinieron as\u00ed: \u00a0\u00a0<\/p>\n<p>2.1. \u00a0La \u00a0Procuradora \u00a0Judicial \u00a077 \u00a0de esa \u00a0ciudad, \u00a0le solicit\u00f3 al ente acusador precisar el lugar de los hechos objeto de \u00a0investigaci\u00f3n, \u00a0ya \u00a0que \u00a0en \u00a0el escrito de acusaci\u00f3n se hizo referencia a unas \u00a0coordenadas que no permiten establecer dicho aspecto. \u00a0\u00a0<\/p>\n<p>2.2. \u00a0Luego \u00a0de \u00a0consultar \u00a0con el polic\u00eda \u00a0judicial \u00a0que \u00a0llev\u00f3 \u00a0a \u00a0cabo \u00a0la \u00a0aprehensi\u00f3n en flagrancia de los acusados y \u00a0rindi\u00f3 \u00a0el \u00a0informe \u00a0ejecutivo \u00a0FPJ \u00a0-3-del 1 de septiembre de 20152, el Fiscal 35 \u00a0Especializado \u00a0 de \u00a0la \u00a0Direcci\u00f3n \u00a0Nacional \u00a0de \u00a0Fiscal\u00edas \u00a0contra \u00a0el \u00a0Crimen \u00a0Organizado \u00a0con \u00a0sede \u00a0en Cali, rese\u00f1\u00f3 que los hechos que se referencian en la \u00a0acusaci\u00f3n \u00a0se \u00a0ejecutaron en el Corregimiento Las Pavas ubicado en el municipio \u00a0de La Cumbre. \u00a0\u00a0<\/p>\n<p>2.3. \u00a0 En \u00a0 vista \u00a0 de \u00a0lo \u00a0anterior, \u00a0la \u00a0representante \u00a0del \u00a0Ministerio P\u00fablico impugn\u00f3 la competencia, tras considerar \u00a0que \u00a0el \u00a0presente \u00a0asunto debe ser conocido por los despachos de Cali, ya que el \u00a0delito \u00a0de \u00a0receptaci\u00f3n \u00a0de hidrocarburos por el que est\u00e1n siendo investigados \u00a0Obeimar \u00a0 \u00a0 \u00a0 \u00a0 Daza \u00a0 \u00a0 \u00a0 \u00a0L\u00f3pez, \u00a0 \u00a0 \u00a0Miguel \u00a0 \u00a0 \u00c1ngel \u00a0 \u00a0 Mill\u00e1n \u00a0Garc\u00eda, Hermilson Morales \u00a0Moreno \u00a0y \u00a0Jainer \u00a0C\u00f3rdoba \u00a0Paz \u00a0se \u00a0ejecut\u00f3 \u00a0en un \u00a0municipio \u00a0 que \u00a0 pertenece \u00a0 al \u00a0 Distrito \u00a0 Judicial \u00a0de \u00a0dicha \u00a0ciudad.\u00a0 \u00a0\u00a0<\/p>\n<p>2.4. Inmediatamente se le corri\u00f3 traslado a \u00a0los \u00a0defensores, \u00a0quienes \u00a0coadyuvaron \u00a0lo \u00a0manifestado \u00a0por \u00a0la\u00a0 \u00a0referida \u00a0funcionaria. \u00a0\u00a0<\/p>\n<p>2.5. \u00a0Finalizada \u00a0la \u00a0intervenci\u00f3n \u00a0de las \u00a0partes, \u00a0el \u00a0titular \u00a0del \u00a0despacho, \u00a0rehus\u00f3 \u00a0su \u00a0competencia, conforme con los \u00a0argumentos expuestos por la Procuradora y los defensores. \u00a0\u00a0<\/p>\n<p>En consecuencia, orden\u00f3 la remisi\u00f3n de las \u00a0diligencias \u00a0a \u00a0esta \u00a0Corporaci\u00f3n, \u00a0al \u00a0considerar \u00a0que la situaci\u00f3n planteada \u00a0versa \u00a0 sobre \u00a0 la \u00a0 eventual \u00a0competencia \u00a0de \u00a0jueces \u00a0adscritos \u00a0a \u00a0diferentes \u00a0distritos. \u00a0\u00a0<\/p>\n<p>CONSIDERACIONES \u00a0<\/p>\n<p>\u00a0 \u00a0\u00a0<\/p>\n<p>1. La competencia \u00a0 \u00a0\u00a0<\/p>\n<p>1.1. \u00a0De \u00a0conformidad \u00a0con el art\u00edculo 32, \u00a0ordinal \u00a04\u00ba, \u00a0de \u00a0la \u00a0Ley \u00a0906 \u00a0de \u00a02004, \u00a0a \u00a0la \u00a0Corte \u00a0Suprema de Justicia le \u00a0corresponde definir la competencia en los siguientes eventos: \u00a0\u00a0<\/p>\n<p>(\u2026) \u00a0 1.- \u00a0Cuando \u00a0la \u00a0declaratoria \u00a0de \u00a0incompetencia \u00a0se produzca dentro de actuaci\u00f3n en la que el acusado tenga fuero \u00a0constitucional o fuero legal. \u00a0\u00a0<\/p>\n<p>2.- Cuando la declaratoria de incompetencia \u00a0proviene \u00a0de \u00a0un \u00a0tribunal superior o la autoridad que as\u00ed lo hace, es decir un \u00a0juzgado cualquiera, se\u00f1ala que el competente es un Tribunal. \u00a0\u00a0<\/p>\n<p>3.- Cuando la declaratoria de incompetencia \u00a0provenga \u00a0de \u00a0un \u00a0juzgado penal del circuito especializado, penal del circuito o \u00a0penal \u00a0municipal, que manifiesta que el competente es un juzgado que pertenece a \u00a0otro \u00a0 \u00a0 \u00a0 \u00a0 \u00a0distrito \u00a0 \u00a0 \u00a0 \u00a0 \u00a0judicial\u201d3.(Subrayas \u00a0y \u00a0negrillas fuera \u00a0de texto). \u00a0\u00a0<\/p>\n<p>1.2. \u00a0 En \u00a0este \u00a0caso, \u00a0se \u00a0consolida \u00a0la \u00a0situaci\u00f3n \u00a0prevista \u00a0en \u00a0el \u00a0numeral 3\u00ba, por cuanto el Juez Penal del Circuito \u00a0Especializado \u00a0de \u00a0Buga \u00a0considera \u00a0que \u00a0sus hom\u00f3logos del Distrito Judicial de \u00a0Cali \u00a0son \u00a0los \u00a0funcionarios llamados por la ley para conocer de las diligencias \u00a0adelantadas \u00a0 \u00a0en \u00a0 \u00a0contra \u00a0 \u00a0de \u00a0 \u00a0Obeimar \u00a0 Daza \u00a0L\u00f3pez, \u00a0 Miguel \u00a0\u00c1ngel \u00a0Mill\u00e1n \u00a0Garc\u00eda, Hermilson \u00a0Morales Moreno y Jainer C\u00f3rdoba Paz. \u00a0\u00a0<\/p>\n<p>2. \u00a0 La \u00a0 competencia \u00a0 por \u00a0 el \u00a0 factor \u00a0territorial. \u00a0\u00a0<\/p>\n<p>2.1. \u00a0El \u00a0art\u00edculo \u00a054 \u00a0de la normativa en \u00a0cita, \u00a0precisa \u00a0que este es un mecanismo orientado a determinar de manera \u00e1gil, \u00a0perentoria \u00a0y \u00a0definitiva \u00a0el \u00a0funcionario \u00a0competente \u00a0para \u00a0conocer de la fase \u00a0procesal \u00a0del \u00a0juzgamiento. \u00a0Cuando \u00a0el \u00a0juez \u00a0ante \u00a0quien se haya presentado la \u00a0acusaci\u00f3n \u00a0o \u00a0solicitado la preclusi\u00f3n as\u00ed lo considere, lo har\u00e1 saber a las \u00a0partes y lo remitir\u00e1 al funcionario que deba definirla. \u00a0\u00a0<\/p>\n<p>2.2. \u00a0 \u00a0El \u00a0art\u00edculo \u00a042 ej\u00fasdem \u00a0 se\u00f1ala \u00a0que \u00a0el \u00a0territorio \u00a0nacional \u00a0se \u00a0divide \u00a0para \u00a0efectos \u00a0de \u00a0juzgamiento \u00a0en \u00a0distritos, circuitos y \u00a0municipios. \u00a0\u00a0<\/p>\n<p>A \u00a0su \u00a0turno, \u00a0el \u00a0precepto \u00a043 de la misma \u00a0normatividad, dispone: \u00a0\u00a0<\/p>\n<p>(\u2026) \u00a0 \u00a0Es \u00a0competente \u00a0para \u00a0conocer \u00a0del \u00a0juzgamiento \u00a0el juez del lugar donde ocurri\u00f3 el \u00a0delito. \u00a0\u00a0<\/p>\n<p>Cuando no fuere posible determinar el lugar \u00a0de \u00a0ocurrencia \u00a0del hecho, este se hubiere realizado en varios lugares, o en uno \u00a0incierto \u00a0o \u00a0en \u00a0el \u00a0extranjero, la competencia del juez de conocimiento se fija \u00a0por \u00a0el \u00a0lugar \u00a0donde se formule acusaci\u00f3n por parte de la Fiscal\u00eda General de \u00a0la \u00a0Naci\u00f3n, lo cual har\u00e1 donde se encuentren los elementos fundamentales de la \u00a0acusaci\u00f3n. \u00a0\u00a0<\/p>\n<p>Las \u00a0 partes \u00a0 podr\u00e1n \u00a0 controvertir \u00a0la \u00a0competencia \u00a0 del \u00a0 juez \u00a0 \u00fanicamente \u00a0 en \u00a0 audiencia \u00a0 de \u00a0 formulaci\u00f3n \u00a0 de \u00a0acusaci\u00f3n. \u00a0\u00a0<\/p>\n<p>Para \u00a0 escoger \u00a0el \u00a0juez \u00a0de \u00a0control \u00a0de \u00a0garant\u00edas \u00a0en \u00a0estos \u00a0casos \u00a0se \u00a0atender\u00e1 lo se\u00f1alado anteriormente.\u00a0 Su \u00a0escogencia \u00a0no \u00a0determinar\u00e1 \u00a0la \u00a0del \u00a0juez de conocimiento.\u201d(Subraya fuera de \u00a0texto). \u00a0\u00a0<\/p>\n<p>2.3. \u00a0En \u00a0este caso, el Fiscal 35 Fiscal 35 \u00a0Especializado \u00a0 de \u00a0la \u00a0Direcci\u00f3n \u00a0Nacional \u00a0de \u00a0Fiscal\u00edas \u00a0contra \u00a0el \u00a0Crimen \u00a0Organizado \u00a0con \u00a0sede \u00a0en \u00a0Cali, \u00a0radic\u00f3 \u00a0escrito \u00a0de \u00a0acusaci\u00f3n \u00a0en contra de \u00a0Obeimar \u00a0 \u00a0 \u00a0 \u00a0 Daza \u00a0 \u00a0 \u00a0 \u00a0L\u00f3pez, \u00a0 \u00a0 \u00a0Miguel \u00a0 \u00a0 \u00c1ngel \u00a0 \u00a0 Mill\u00e1n \u00a0Garc\u00eda, Hermilson Morales \u00a0Moreno \u00a0y \u00a0Jainer C\u00f3rdoba \u00a0Paz,\u00a0 \u00a0al \u00a0interior del cual narr\u00f3 la comisi\u00f3n \u00a0de \u00a0unos \u00a0hechos \u00a0que \u00a0constitu\u00edan \u00a0la \u00a0conducta \u00a0punible \u00a0de \u00a0receptaci\u00f3n \u00a0de \u00a0hidrocarburos, \u00a0los \u00a0cuales \u00a0habr\u00edan \u00a0sido \u00a0ejecutados \u00a0en el Corregimiento Las \u00a0Pavas \u00a0del municipio de La Cumbre (Valle del Cauca), poblaci\u00f3n que pertenece al \u00a0Distrito Judicial de Cali. \u00a0\u00a0<\/p>\n<p>En \u00a0ese \u00a0orden, \u00a0como \u00a0el delito que se les \u00a0endilga \u00a0a \u00a0los indiciados, al parecer, tuvo ocurrencia en esa jurisdicci\u00f3n son \u00a0los \u00a0Jueces \u00a0Penales \u00a0del \u00a0Circuito Especializado de Cali los llamados a conocer \u00a0del \u00a0asunto \u00a0(numeral \u00a033 \u00a0del \u00a0art\u00edculo \u00a035 de la Ley 906 de 2004)4, ya que en La \u00a0Cumbre no hay autoridades judiciales con esa categor\u00eda. \u00a0\u00a0<\/p>\n<p>Son estos los motivos que llevan a la Sala a \u00a0concluir \u00a0que \u00a0la \u00a0competencia \u00a0para conocer el presente tr\u00e1mite, radica en los \u00a0Jueces \u00a0Penales del Circuito Especializado de Cali, en virtud a que los punibles \u00a0imputados \u00a0 \u00a0a \u00a0 \u00a0los \u00a0 \u00a0procesados \u00a0 ocurrieron \u00a0 en \u00a0 el \u00a0 referido \u00a0 Distrito \u00a0Judicial. \u00a0\u00a0<\/p>\n<p>En \u00a0m\u00e9rito \u00a0de \u00a0lo \u00a0expuesto, \u00a0la \u00a0Sala de \u00a0Casaci\u00f3n Penal de la Corte Suprema de Justicia, \u00a0\u00a0<\/p>\n<p>RESUELVE \u00a0<\/p>\n<p>Primero. \u00a0Declarar que la competencia \u00a0para \u00a0 conocer \u00a0 del \u00a0 proceso \u00a0 penal \u00a0adelantado \u00a0en \u00a0contra \u00a0de \u00a0Obeimar \u00a0 \u00a0Daza \u00a0 \u00a0L\u00f3pez, \u00a0 \u00a0 \u00a0 \u00a0Miguel \u00a0 \u00a0 \u00a0 \u00c1ngel \u00a0 \u00a0 \u00a0 Mill\u00e1n \u00a0 \u00a0 \u00a0 Garc\u00eda, \u00a0Hermilson Morales Moreno y \u00a0 Jainer \u00a0 C\u00f3rdoba \u00a0 Paz, \u00a0corresponde a los Juzgados Penales del Circuito Especializado de \u00a0Cali (reparto), a donde se remitir\u00e1 el asunto. \u00a0\u00a0<\/p>\n<p>Segundo. \u00a0Inf\u00f3rmese \u00a0esta decisi\u00f3n \u00a0al \u00a0Juzgado \u00a02\u00ba \u00a0Penal \u00a0del \u00a0Circuito \u00a0Especializado \u00a0de \u00a0Cali \u00a0y \u00a0a \u00a0todos los \u00a0intervinientes en este tr\u00e1mite procesal. \u00a0\u00a0<\/p>\n<p>Tercero. \u00a0Contra \u00a0esta providencia no procede recurso alguno. \u00a0\u00a0<\/p>\n<p>C\u00f3piese y C\u00famplase \u00a0<\/p>\n<p>Gustavo Enrique Malo Fern\u00e1ndez \u00a0<\/p>\n<p>Jos\u00e9 Francisco Acu\u00f1a Vizcaya \u00a0<\/p>\n<p>Jos\u00e9 Luis Barcel\u00f3 Camacho \u00a0<\/p>\n<p>Fernando Alberto Castro Caballero \u00a0<\/p>\n<p>Eugenio Fern\u00e1ndez Carlier \u00a0<\/p>\n<p>Luis Antonio Hern\u00e1ndez Barbosa \u00a0<\/p>\n<p>Eyder Pati\u00f1o cabrera \u00a0<\/p>\n<p>Patricia Salazar Cu\u00e9llar \u00a0<\/p>\n<p>Luis Guillermo Salazar Otero \u00a0<\/p>\n<p>Nubia Yolanda Nova Garc\u00eda \u00a0<\/p>\n<p>Secretaria \u00a0 \u00a0\u00a0<\/p>\n<p>1 Cfr. \u00a0Folios \u00a01 \u00a0a 11 \u2013 cuaderno \u00a0No. 1. \u00a0\u00a0<\/p>\n<p>2 Cfr. \u00a0Folios \u00a0 116 \u00a0 a \u00a0120 \u00a0\u2013 \u00a0ib\u00eddem. \u00a0\u00a0<\/p>\n<p>3 \u00a0CSJ AP, 10 oct. 2006, Rad. 26.201. \u00a0\u00a0<\/p>\n<p>4 \u00a0Art\u00edculo \u00a035. \u00a0Los \u00a0jueces \u00a0penales \u00a0del \u00a0circuito \u00a0especializado \u00a0conocen \u00a0de: \u00a0\u00a0<\/p>\n<p>(\u2026) \u00a0<\/p>\n<p>33. Adicionado. Ley 1028 de 2006, art. 3\u00ba. \u00a0Apoderamiento \u00a0de \u00a0hidrocarburos, \u00a0sus \u00a0derivados, biocombustibles o mezclas que \u00a0los \u00a0 contengan \u00a0(art. \u00a0327-A), \u00a0apoderamiento \u00a0o \u00a0alteraci\u00f3n \u00a0de \u00a0sistemas \u00a0de \u00a0identificaci\u00f3n \u00a0(art. \u00a0327-B), \u00a0receptaci\u00f3n (art. 327-C) y destinaci\u00f3n ilegal \u00a0de combustibles (art. 327-D). \u00a0 \u00a0\u00a0<\/p>\n<p><\/p>\n","protected":false},"excerpt":{"rendered":"<p>\u00a0 \u00a0 CORTE SUPREMA DE JUSTICIA \u00a0 SALA DE CASACI\u00d3N PENAL \u00a0 Eyder \u00a0 \u00a0Pati\u00f1o \u00a0Cabrera \u00a0\u00a0 Magistrado \u00a0Ponente \u00a0\u00a0 AP4484-2016 \u00a0 Radicaci\u00f3n N\u00b0 48444 \u00a0 (Aprobado \u00a0acta \u00a0N\u00b0 \u00a0211) \u00a0\u00a0 Bogot\u00e1, \u00a0D. C., \u00a0trece \u00a0 (13) \u00a0 de \u00a0 julio \u00a0 de \u00a0 dos \u00a0mil \u00a0diecis\u00e9is \u00a0(2016). \u00a0\u00a0 MOTIVO DE LA DECISI\u00d3N \u00a0 La [&hellip;]<\/p>\n","protected":false},"author":1,"featured_media":0,"comment_status":"open","ping_status":"open","sticky":false,"template":"","format":"standard","meta":{"footnotes":""},"categories":[25],"tags":[],"class_list":["post-33261","post","type-post","status-publish","format-standard","hentry","category-25"],"_links":{"self":[{"href":"https:\/\/dmsjuridica.com\/buscador_20179478954\/salapenalcronologico20230723\/wp-json\/wp\/v2\/posts\/33261","targetHints":{"allow":["GET"]}}],"collection":[{"href":"https:\/\/dmsjuridica.com\/buscador_20179478954\/salapenalcronologico20230723\/wp-json\/wp\/v2\/posts"}],"about":[{"href":"https:\/\/dmsjuridica.com\/buscador_20179478954\/salapenalcronologico20230723\/wp-json\/wp\/v2\/types\/post"}],"author":[{"embeddable":true,"href":"https:\/\/dmsjuridica.com\/buscador_20179478954\/salapenalcronologico20230723\/wp-json\/wp\/v2\/users\/1"}],"replies":[{"embeddable":true,"href":"https:\/\/dmsjuridica.com\/buscador_20179478954\/salapenalcronologico20230723\/wp-json\/wp\/v2\/comments?post=33261"}],"version-history":[{"count":0,"href":"https:\/\/dmsjuridica.com\/buscador_20179478954\/salapenalcronologico20230723\/wp-json\/wp\/v2\/posts\/33261\/revisions"}],"wp:attachment":[{"href":"https:\/\/dmsjuridica.com\/buscador_20179478954\/salapenalcronologico20230723\/wp-json\/wp\/v2\/media?parent=33261"}],"wp:term":[{"taxonomy":"category","embeddable":true,"href":"https:\/\/dmsjuridica.com\/buscador_20179478954\/salapenalcronologico20230723\/wp-json\/wp\/v2\/categories?post=33261"},{"taxonomy":"post_tag","embeddable":true,"href":"https:\/\/dmsjuridica.com\/buscador_20179478954\/salapenalcronologico20230723\/wp-json\/wp\/v2\/tags?post=33261"}],"curies":[{"name":"wp","href":"https:\/\/api.w.org\/{rel}","templated":true}]}}