{"id":33167,"date":"2023-09-13T19:41:22","date_gmt":"2023-09-13T19:41:22","guid":{"rendered":"https:\/\/dmsjuridica.com\/buscador_20179478954\/salapenalcronologico20230723\/2023\/09\/13\/ap4108-201648173\/"},"modified":"2023-09-13T19:41:22","modified_gmt":"2023-09-13T19:41:22","slug":"ap4108-201648173","status":"publish","type":"post","link":"https:\/\/dmsjuridica.com\/buscador_20179478954\/salapenalcronologico20230723\/2023\/09\/13\/ap4108-201648173\/","title":{"rendered":"AP4108-2016(48173)"},"content":{"rendered":"\n<p>\u00a0 \u00a0 CORTE SUPREMA DE JUSTICIA \u00a0<\/p>\n<p>SALA DE CASACI\u00d3N PENAL \u00a0<\/p>\n<p>EUGENIO FERN\u00c1NDEZ CARLIER \u00a0<\/p>\n<p>Magistrado Ponente \u00a0<\/p>\n<p>AP4108-2016 \u00a0<\/p>\n<p>Radicaci\u00f3n N\u00ba 48173 \u00a0<\/p>\n<p>(Aprobado mediante Acta N\u00ba 194) \u00a0<\/p>\n<p>Bogot\u00e1 \u00a0D.C., \u00a0veintinueve (29) de junio de \u00a0dos mil diecis\u00e9is (2016). \u00a0\u00a0<\/p>\n<p>1. \u00a0En \u00a0audiencia \u00a0de \u00a0lectura \u00a0de decisi\u00f3n \u00a0celebrada \u00a0hoy 29 de junio de 2016 a las 2:15 de la tarde, dentro del proceso de \u00a0la \u00a0referencia, se adujo que la providencia a la que se daba lectura ten\u00eda como \u00a0fecha \u00a0de \u00a0aprobaci\u00f3n \u00a023 \u00a0de \u00a0los corrientes mes y a\u00f1o, ello por cuanto en la \u00a0primera \u00a0p\u00e1gina de la mencionada decisi\u00f3n, por error, se indic\u00f3 como fecha de \u00a0la \u00a0misma \u00a0el \u00a0veintitr\u00e9s (23) de junio de dos mil diecis\u00e9is (2016), cuando en \u00a0realidad \u00a0fue \u00a0adoptada \u00a0el \u00a022 \u00a0anterior \u00a0del mismo mes y a\u00f1o en acta No. 189, \u00a0aspecto que se aclara en ese sentido. \u00a0\u00a0<\/p>\n<p>2. \u00a0Lo \u00a0anterior, \u00a0de \u00a0acuerdo \u00a0con \u00a0lo \u00a0dispuesto en el art\u00edculo 285 de \u00a0la \u00a0 Ley \u00a0 1564 \u00a0 de \u00a0 2012 \u00a0 (C\u00f3digo \u00a0General \u00a0del \u00a0Proceso): \u00a0\u00a0<\/p>\n<p>La \u00a0sentencia no es revocable ni reformable \u00a0por \u00a0el \u00a0juez que la pronunci\u00f3. Sin embargo, podr\u00e1 ser aclarada, de oficio o a \u00a0solicitud \u00a0de \u00a0parte, \u00a0cuando contenga conceptos o frases que ofrezcan verdadero \u00a0motivo \u00a0de \u00a0duda, \u00a0siempre \u00a0que \u00a0est\u00e9n \u00a0contenidas en la parte resolutiva de la \u00a0sentencia o que influyan en ella. \u00a0\u00a0<\/p>\n<p>La aclaraci\u00f3n de auto proceder\u00e1 de oficio \u00a0dentro \u00a0del \u00a0t\u00e9rmino de su ejecutoria, o a petici\u00f3n de parte presentada dentro \u00a0del mismo t\u00e9rmino (\u2026). \u00a0\u00a0<\/p>\n<p>La \u00a0providencia \u00a0que \u00a0resuelva \u00a0sobre \u00a0la \u00a0aclaraci\u00f3n no admite recursos (\u2026). \u00a0\u00a0<\/p>\n<p>Contra \u00a0esta \u00a0decisi\u00f3n \u00a0no \u00a0procede ning\u00fan \u00a0recurso. \u00a0\u00a0<\/p>\n<p>C\u00daMPLASE, \u00a0<\/p>\n<p>GUSTAVO \u00a0ENRIQUE \u00a0MALO \u00a0FERN\u00c1NDEZ \u00a0\u00a0<\/p>\n<p>JOS\u00c9 \u00a0FRANCISCO \u00a0ACU\u00d1A VIZCAYA \u00a0\u00a0<\/p>\n<p>JOS\u00c9 \u00a0 LUIS \u00a0BARCEL\u00d3 CAMACHO \u00a0\u00a0<\/p>\n<p>FERNANDO ALBERTO CASTRO CABALLERO \u00a0<\/p>\n<p>EUGENIO FERN\u00c1NDEZ \u00a0CARLIER \u00a0\u00a0<\/p>\n<p>LUIS \u00a0 \u00a0ANTONIO \u00a0 \u00a0HERN\u00c1NDEZ\u00a0 BARBOSA \u00a0\u00a0<\/p>\n<p>EYDER \u00a0PATI\u00d1O \u00a0CABRERA \u00a0\u00a0<\/p>\n<p>PATRICIA \u00a0 \u00a0SALAZAR \u00a0 \u00a0CU\u00c9LLAR \u00a0\u00a0<\/p>\n<p>LUIS GUILLERMO SALAZAR OTERO \u00a0<\/p>\n<p>NUBIA YOLANDA NOVA GARC\u00cdA \u00a0<\/p>\n<p>Secretaria \u00a0 \u00a0<\/p>\n<p><\/p>\n","protected":false},"excerpt":{"rendered":"<p>\u00a0 \u00a0 CORTE SUPREMA DE JUSTICIA \u00a0 SALA DE CASACI\u00d3N PENAL \u00a0 EUGENIO FERN\u00c1NDEZ CARLIER \u00a0 Magistrado Ponente \u00a0 AP4108-2016 \u00a0 Radicaci\u00f3n N\u00ba 48173 \u00a0 (Aprobado mediante Acta N\u00ba 194) \u00a0 Bogot\u00e1 \u00a0D.C., \u00a0veintinueve (29) de junio de \u00a0dos mil diecis\u00e9is (2016). \u00a0\u00a0 1. \u00a0En \u00a0audiencia \u00a0de \u00a0lectura \u00a0de decisi\u00f3n \u00a0celebrada \u00a0hoy 29 de junio [&hellip;]<\/p>\n","protected":false},"author":1,"featured_media":0,"comment_status":"open","ping_status":"open","sticky":false,"template":"","format":"standard","meta":{"footnotes":""},"categories":[25],"tags":[],"class_list":["post-33167","post","type-post","status-publish","format-standard","hentry","category-25"],"_links":{"self":[{"href":"https:\/\/dmsjuridica.com\/buscador_20179478954\/salapenalcronologico20230723\/wp-json\/wp\/v2\/posts\/33167","targetHints":{"allow":["GET"]}}],"collection":[{"href":"https:\/\/dmsjuridica.com\/buscador_20179478954\/salapenalcronologico20230723\/wp-json\/wp\/v2\/posts"}],"about":[{"href":"https:\/\/dmsjuridica.com\/buscador_20179478954\/salapenalcronologico20230723\/wp-json\/wp\/v2\/types\/post"}],"author":[{"embeddable":true,"href":"https:\/\/dmsjuridica.com\/buscador_20179478954\/salapenalcronologico20230723\/wp-json\/wp\/v2\/users\/1"}],"replies":[{"embeddable":true,"href":"https:\/\/dmsjuridica.com\/buscador_20179478954\/salapenalcronologico20230723\/wp-json\/wp\/v2\/comments?post=33167"}],"version-history":[{"count":0,"href":"https:\/\/dmsjuridica.com\/buscador_20179478954\/salapenalcronologico20230723\/wp-json\/wp\/v2\/posts\/33167\/revisions"}],"wp:attachment":[{"href":"https:\/\/dmsjuridica.com\/buscador_20179478954\/salapenalcronologico20230723\/wp-json\/wp\/v2\/media?parent=33167"}],"wp:term":[{"taxonomy":"category","embeddable":true,"href":"https:\/\/dmsjuridica.com\/buscador_20179478954\/salapenalcronologico20230723\/wp-json\/wp\/v2\/categories?post=33167"},{"taxonomy":"post_tag","embeddable":true,"href":"https:\/\/dmsjuridica.com\/buscador_20179478954\/salapenalcronologico20230723\/wp-json\/wp\/v2\/tags?post=33167"}],"curies":[{"name":"wp","href":"https:\/\/api.w.org\/{rel}","templated":true}]}}