{"id":32927,"date":"2023-09-13T19:41:11","date_gmt":"2023-09-13T19:41:11","guid":{"rendered":"https:\/\/dmsjuridica.com\/buscador_20179478954\/salapenalcronologico20230723\/2023\/09\/13\/ap2848-201648000\/"},"modified":"2023-09-13T19:41:11","modified_gmt":"2023-09-13T19:41:11","slug":"ap2848-201648000","status":"publish","type":"post","link":"https:\/\/dmsjuridica.com\/buscador_20179478954\/salapenalcronologico20230723\/2023\/09\/13\/ap2848-201648000\/","title":{"rendered":"AP2848-2016(48000)"},"content":{"rendered":"\n<p>\u00a0 \u00a0 CORTE \u00a0 SUPREMA \u00a0 DE \u00a0JUSTICIA \u00a0\u00a0<\/p>\n<p>SALA DE CASACI\u00d3N PENAL \u00a0<\/p>\n<p>JOS\u00c9 FRANCISCO ACU\u00d1A VIZCAYA \u00a0<\/p>\n<p>Magistrado ponente \u00a0<\/p>\n<p>AP2848-2016 \u00a0<\/p>\n<p>Radicaci\u00f3n N\u00b0 48000 \u00a0<\/p>\n<p>(Aprobado \u00a0 Acta \u00a0No.147) \u00a0\u00a0<\/p>\n<p>Bogot\u00e1 \u00a0D.C., \u00a0once \u00a0(11) de mayo de dos mil \u00a0diecis\u00e9is (2016). \u00a0\u00a0<\/p>\n<p>Se \u00a0 pronuncia \u00a0 la \u00a0Sala \u00a0respecto \u00a0de \u00a0la \u00a0definici\u00f3n \u00a0de competencia solicitada por el Juzgado Segundo Penal del Circuito \u00a0Especializado \u00a0de \u00a0Buga, \u00a0para \u00a0conocer \u00a0del \u00a0proceso \u00a0promovido \u00a0por \u00a0el Fiscal \u00a0Veintitr\u00e9s \u00a0 Especializado \u00a0 de \u00a0Cali \u00a0contra \u00a0CARLOS \u00a0HUMBERTO JARAMILLO CRUZ. \u00a0\u00a0<\/p>\n<p>ANTECEDENTES RELEVANTES \u00a0<\/p>\n<p>1. \u00a0 El \u00a0 Fiscal \u00a0Veintitr\u00e9s \u00a0Especializado \u00a0de \u00a0Cali \u00a0present\u00f3 \u00a0escrito \u00a0de \u00a0acusaci\u00f3n \u00a0contra \u00a0CARLOS \u00a0 \u00a0HUMBERTO \u00a0 \u00a0JARAMILLO \u00a0 \u00a0CRUZ \u00a0por su supuesta \u00a0participaci\u00f3n \u00a0en conductas \u00a0constitutivas \u00a0 \u00a0 \u00a0 \u00a0 \u00a0de \u00a0 \u00a0 \u00a0 \u00a0 \u201csecuestro \u00a0extorsivo \u00a0agravado \u00a0en \u00a0concurso \u00a0con \u00a0el \u00a0delito de \u00a0utilizaci\u00f3n \u00a0ilegal \u00a0de \u00a0uniformes \u00a0e \u00a0insignias\u201d, \u00a0en calidad de coautor. \u00a0\u00a0<\/p>\n<p>Se\u00f1ala \u00a0el escrito de cargos que \u00a0el \u00a027 \u00a0de \u00a0abril \u00a0de 2015, JARAMILLO \u00a0CRUZ, \u00a0en \u00a0compa\u00f1\u00eda \u00a0de \u00a0otra \u00a0persona, \u00a0retuvo \u00a0al \u00a0propietario \u00a0de \u00a0la \u00a0finca \u00a0Bellavista y a su familia, por \u00a0aproximadamente \u00a07 horas, con el fin de exigirle el pago de tres (3) millones de \u00a0pesos, bajo la amenaza de muerte o desplazamiento forzado. \u00a0\u00a0<\/p>\n<p>Los \u00a0imputados \u00a0afirmaron que pertenec\u00edan al \u00a0Sexto \u00a0Frente \u00a0de \u00a0las \u00a0FARC y \u201c\u2026 estaban vestidos \u00a0con camuflados del ej\u00e9rcito y ambos ten\u00edan fusiles.\u201d \u00a0\u00a0<\/p>\n<p>2. \u00a0El Juez Segundo \u00a0Penal \u00a0del \u00a0Circuito \u00a0Especializado \u00a0de Buga, antes de adelantar la audiencia de \u00a0formulaci\u00f3n \u00a0de \u00a0acusaci\u00f3n y tras considerar que las conductas relacionadas en \u00a0el \u00a0 memorial \u00a0 de \u00a0cargos \u00a0\u201cacaecieron \u00a0en \u00a0el \u00a0corregimiento \u00a0del \u00a0Pi\u00f1al, que \u00a0pertenece \u00a0al \u00a0municipio de Dagua\u201d, Distrito Judicial \u00a0de \u00a0 Cali, \u00a0 dispuso \u00a0 su \u00a0remisi\u00f3n \u00a0a \u00a0la \u00a0Sala \u00a0Penal \u00a0del Tribunal Superior del Distrito Judicial de la \u00a0misma ciudad. \u00a0\u00a0<\/p>\n<p>3. \u00a0Esa \u00a0\u00faltima \u00a0autoridad \u00a0remiti\u00f3 \u00a0la \u00a0carpeta \u00a0a esta Corporaci\u00f3n por cuanto \u201clos \u00a0juzgados en los cuales podr\u00eda recaer la competencia tienen su \u00a0sede en distritos judiciales diferentes\u201d. \u00a0\u00a0<\/p>\n<p>CONSIDERACIONES \u00a0\u00a0<\/p>\n<p>1. De conformidad con \u00a0el \u00a0art\u00edculo \u00a032 \u00a0-numeral \u00a04- \u00a0del \u00a0C\u00f3digo de Procedimiento Penal de 2004, la \u00a0Corte \u00a0Suprema \u00a0de \u00a0Justicia es competente para definir la competencia cuando un \u00a0despacho \u00a0se\u00f1ala \u00a0como \u00a0competente \u00a0a otro que pertenece a un distrito judicial \u00a0diferente. \u00a0\u00a0<\/p>\n<p>2. \u00a0Como \u00a0lo \u00a0ha \u00a0reiterado \u00a0la \u00a0Sala \u00a0en diversas oportunidades, la definici\u00f3n de competencia es \u00a0el \u00a0mecanismo \u00a0previsto \u00a0en el ordenamiento jur\u00eddico para que, en caso de duda, \u00a0se \u00a0precise \u00a0de \u00a0manera perentoria y definitiva, cu\u00e1l de los distintos jueces o \u00a0magistrados \u00a0es \u00a0el \u00a0llamado \u00a0a conocer de la fase procesal de juzgamiento, o de \u00a0ocuparse de un tr\u00e1mite determinado. \u00a0\u00a0<\/p>\n<p>El \u00a0art\u00edculo 54 del C\u00f3digo de Procedimiento \u00a0Penal de 2004 se\u00f1ala: \u00a0\u00a0<\/p>\n<p>\u201cCuando el juez \u00a0ante \u00a0el cual se haya presentado la acusaci\u00f3n manifieste su incompetencia, as\u00ed \u00a0lo \u00a0har\u00e1 \u00a0saber \u00a0a \u00a0las \u00a0partes \u00a0en \u00a0la \u00a0misma \u00a0audiencia y remitir\u00e1 el asunto \u00a0inmediatamente \u00a0 al \u00a0funcionario \u00a0que \u00a0deba \u00a0definirla, \u00a0quien \u00a0en \u00a0el \u00a0t\u00e9rmino \u00a0improrrogable \u00a0de \u00a0tres \u00a0(3) \u00a0d\u00edas \u00a0decidir\u00e1 \u00a0de plano. Igual procedimiento se \u00a0aplicar\u00e1 \u00a0cuando \u00a0se trate de lo previsto en el art\u00edculo 286 de este c\u00f3digo y \u00a0cuando \u00a0 \u00a0 la \u00a0 \u00a0 incompetencia \u00a0 \u00a0 la \u00a0 \u00a0 proponga \u00a0 \u00a0la \u00a0 \u00a0defensa\u201d. \u00a0\u00a0<\/p>\n<p>El \u00a0 art\u00edculo \u00a043 \u00a0 \u00a0\u00eddem, \u00a0en \u00a0relaci\u00f3n \u00a0con el juez competente \u00a0para \u00a0 \u00a0 \u00a0 adelantar \u00a0 \u00a0 \u00a0 el \u00a0 \u00a0 \u00a0 juzgamiento, \u00a0 \u00a0establece: \u00a0<\/p>\n<p>Es competente para conocer del juzgamiento el \u00a0juez \u00a0del \u00a0lugar donde ocurri\u00f3 el delito. \u00a0 \u00a0 \u00a0 \u00a0 \u00a0 \u00a0 \u00a0\u2013Subrayado \u00a0 \u00a0 \u00a0 \u00a0fuera \u00a0 \u00a0 \u00a0 de \u00a0texto-. \u00a0\u00a0<\/p>\n<p>\u00a0Cuando no fuere \u00a0posible \u00a0determinar \u00a0el lugar de ocurrencia del hecho, este se hubiere realizado \u00a0en \u00a0varios \u00a0lugares, en uno incierto o en el extranjero, la competencia del juez \u00a0de \u00a0conocimiento \u00a0se \u00a0fija por el lugar donde se formule acusaci\u00f3n por parte de \u00a0la \u00a0Fiscal\u00eda \u00a0General \u00a0de \u00a0la \u00a0Naci\u00f3n, \u00a0lo \u00a0cual har\u00e1 donde se encuentren los \u00a0elementos fundamentales de la acusaci\u00f3n. \u00a0\u00a0<\/p>\n<p>\u00a0 \u00a0<\/p>\n<p>Las \u00a0 partes \u00a0 podr\u00e1n \u00a0 controvertir \u00a0la \u00a0competencia \u00a0 del \u00a0 juez \u00a0 \u00fanicamente \u00a0 en \u00a0 audiencia \u00a0 de \u00a0 formulaci\u00f3n \u00a0 de \u00a0acusaci\u00f3n. \u00a0\u00a0<\/p>\n<p>3. \u00a0En el presente \u00a0asunto \u00a0 el \u00a0 escrito \u00a0 de \u00a0 acusaci\u00f3n \u00a0 contiene \u00a0 cargos \u00a0 por \u00a0 \u201csecuestro \u00a0extorsivo \u00a0agravado \u00a0en \u00a0concurso \u00a0con \u00a0el \u00a0delito de \u00a0utilizaci\u00f3n \u00a0 \u00a0 ilegal \u00a0 \u00a0 de \u00a0 \u00a0uniformes \u00a0 \u00a0e \u00a0 \u00a0insignias\u201d \u00a0 \u00a0\u2013art\u00edculos 169, 170 numeral 6.\u00ba y 346 \u00a0del \u00a0C\u00f3digo \u00a0Penal-, \u00a0cuyo conocimiento en su conjunto corresponde a los jueces \u00a0penales \u00a0del \u00a0circuito \u00a0especializado, con sujeci\u00f3n a lo indicado en el numeral \u00a05.\u00ba \u00a0 \u00a0 \u00a0 \u00a0 del \u00a0 \u00a0 \u00a0 \u00a0 art\u00edculo \u00a0 \u00a0 \u00a0 \u00a0 351 \u00a0\u00a0<\/p>\n<p>del \u00a0C\u00f3digo \u00a0de \u00a0Procedimiento \u00a0Penal \u00a0en \u00a0armon\u00eda \u00a0 \u00a0con \u00a0 \u00a0el \u00a0 \u00a0inciso \u00a0 \u00a02.\u00ba \u00a0 \u00a0del \u00a0 \u00a0art\u00edculo \u00a0 \u00a052 \u00a0 \u00eddem.\u00a0 \u00a0\u00a0<\/p>\n<p>4. Seg\u00fan se observa \u00a0en \u00a0la \u00a0descripci\u00f3n f\u00e1ctica del escrito de acusaci\u00f3n, la conducta atribuida a \u00a0CARLOS \u00a0 \u00a0HUMBERTO \u00a0 \u00a0JARAMILLO \u00a0 \u00a0CRUZ \u00a0 ocurri\u00f3 \u00a0en \u00a0el \u00a0corregimiento \u00a0\u201cEl \u00a0Pi\u00f1al\u201d, \u00a0municipio de Dagua, Valle del Cauca y, por \u00a0esa \u00a0 raz\u00f3n, \u00a0 de \u00a0 conformidad \u00a0 con \u00a0el \u00a0art\u00edculo \u00a043 \u00a0del \u00a0C\u00f3digo de Procedimiento Penal, corresponde \u00a0a \u00a0un Juez Penal del Circuito Especializado \u00a0 adscrito \u00a0al \u00a0Distrito \u00a0Judicial \u00a0de \u00a0Cali \u00a0avocar \u00a0el \u00a0asunto y \u00a0tramitar el juzgamiento. \u00a0\u00a0<\/p>\n<p>En ese orden, el competente para conocer de la \u00a0actuaci\u00f3n \u00a0 adelantada \u00a0 en \u00a0 contra \u00a0 de \u00a0 JARAMILLO \u00a0CRUZ \u00a0es \u00a0el \u00a0Juez Penal del Circuito Especializado de \u00a0Cali, a donde se remitir\u00e1 el expediente. \u00a0\u00a0<\/p>\n<p>En \u00a0m\u00e9rito \u00a0de \u00a0lo \u00a0expuesto \u00a0la \u00a0Sala \u00a0de \u00a0Casaci\u00f3n Penal de la Corte Suprema de Justicia, \u00a0\u00a0<\/p>\n<p>RESUELVE \u00a0<\/p>\n<p>Primero.- \u00a0Asignar \u00a0el conocimiento para \u00a0adelantar \u00a0este \u00a0juicio al Juez Penal del Circuito Especializado de Cali, a cuyo \u00a0reparto se ordena remitir inmediatamente el diligenciamiento. \u00a0\u00a0<\/p>\n<p>Segundo.- \u00a0De esta \u00a0determinaci\u00f3n \u00a0 se \u00a0 dar\u00e1 \u00a0 aviso \u00a0 al \u00a0Juzgado \u00a0Segundo \u00a0Penal \u00a0del \u00a0Circuito \u00a0Especializado de Buga. \u00a0\u00a0<\/p>\n<p>Contra \u00a0esta \u00a0decisi\u00f3n \u00a0no \u00a0procede recurso \u00a0alguno. \u00a0\u00a0<\/p>\n<p>Comun\u00edquese y c\u00famplase. \u00a0<\/p>\n<p>GUSTAVO ENRIQUE MALO FERN\u00c1NDEZ \u00a0<\/p>\n<p>JOS\u00c9 FRANCISCO ACU\u00d1A VIZCAYA \u00a0<\/p>\n<p>JOS\u00c9 LUIS BARCEL\u00d3 CAMACHO \u00a0<\/p>\n<p>FERNANDO ALBERTO CASTRO CABALLERO \u00a0<\/p>\n<p>EUGENIO FERN\u00c1NDEZ CARLIER \u00a0<\/p>\n<p>LUIS ANTONIO HERN\u00c1NDEZ BARBOSA \u00a0<\/p>\n<p>EYDER PATI\u00d1O CABRERA \u00a0<\/p>\n<p>PATRICIA SALAZAR CU\u00c9LLAR \u00a0<\/p>\n<p>LUIS GUILLERMO SALAZAR OTERO \u00a0<\/p>\n<p>NUBIA YOLANDA NOVA GARC\u00cdA \u00a0<\/p>\n<p>Secretaria \u00a0<\/p>\n<p>. \u00a0 \u00a0<\/p>\n<p>1 \u00a0ART\u00cdCULO \u00a035. \u00a0DE \u00a0LOS \u00a0JUECES \u00a0PENALES \u00a0DE CIRCUITO ESPECIALIZADOS. Los jueces \u00a0penales de circuito especializado conocen de: \u00a0\u00a0<\/p>\n<p>(\u2026) \u00a0<\/p>\n<p>5. Secuestro extorsivo o agravado seg\u00fan los \u00a0numerales 6, 7, 11 y 16 del art\u00edculo 170 del C\u00f3digo Penal. \u00a0\u00a0<\/p>\n<p>(\u2026) \u00a0 \u00a0<\/p>\n<p><\/p>\n","protected":false},"excerpt":{"rendered":"<p>\u00a0 \u00a0 CORTE \u00a0 SUPREMA \u00a0 DE \u00a0JUSTICIA \u00a0\u00a0 SALA DE CASACI\u00d3N PENAL \u00a0 JOS\u00c9 FRANCISCO ACU\u00d1A VIZCAYA \u00a0 Magistrado ponente \u00a0 AP2848-2016 \u00a0 Radicaci\u00f3n N\u00b0 48000 \u00a0 (Aprobado \u00a0 Acta \u00a0No.147) \u00a0\u00a0 Bogot\u00e1 \u00a0D.C., \u00a0once \u00a0(11) de mayo de dos mil \u00a0diecis\u00e9is (2016). \u00a0\u00a0 Se \u00a0 pronuncia \u00a0 la \u00a0Sala \u00a0respecto \u00a0de \u00a0la \u00a0definici\u00f3n [&hellip;]<\/p>\n","protected":false},"author":1,"featured_media":0,"comment_status":"open","ping_status":"open","sticky":false,"template":"","format":"standard","meta":{"footnotes":""},"categories":[25],"tags":[],"class_list":["post-32927","post","type-post","status-publish","format-standard","hentry","category-25"],"_links":{"self":[{"href":"https:\/\/dmsjuridica.com\/buscador_20179478954\/salapenalcronologico20230723\/wp-json\/wp\/v2\/posts\/32927","targetHints":{"allow":["GET"]}}],"collection":[{"href":"https:\/\/dmsjuridica.com\/buscador_20179478954\/salapenalcronologico20230723\/wp-json\/wp\/v2\/posts"}],"about":[{"href":"https:\/\/dmsjuridica.com\/buscador_20179478954\/salapenalcronologico20230723\/wp-json\/wp\/v2\/types\/post"}],"author":[{"embeddable":true,"href":"https:\/\/dmsjuridica.com\/buscador_20179478954\/salapenalcronologico20230723\/wp-json\/wp\/v2\/users\/1"}],"replies":[{"embeddable":true,"href":"https:\/\/dmsjuridica.com\/buscador_20179478954\/salapenalcronologico20230723\/wp-json\/wp\/v2\/comments?post=32927"}],"version-history":[{"count":0,"href":"https:\/\/dmsjuridica.com\/buscador_20179478954\/salapenalcronologico20230723\/wp-json\/wp\/v2\/posts\/32927\/revisions"}],"wp:attachment":[{"href":"https:\/\/dmsjuridica.com\/buscador_20179478954\/salapenalcronologico20230723\/wp-json\/wp\/v2\/media?parent=32927"}],"wp:term":[{"taxonomy":"category","embeddable":true,"href":"https:\/\/dmsjuridica.com\/buscador_20179478954\/salapenalcronologico20230723\/wp-json\/wp\/v2\/categories?post=32927"},{"taxonomy":"post_tag","embeddable":true,"href":"https:\/\/dmsjuridica.com\/buscador_20179478954\/salapenalcronologico20230723\/wp-json\/wp\/v2\/tags?post=32927"}],"curies":[{"name":"wp","href":"https:\/\/api.w.org\/{rel}","templated":true}]}}