{"id":32913,"date":"2023-09-13T19:41:10","date_gmt":"2023-09-13T19:41:10","guid":{"rendered":"https:\/\/dmsjuridica.com\/buscador_20179478954\/salapenalcronologico20230723\/2023\/09\/13\/ap2693-201648010\/"},"modified":"2023-09-13T19:41:10","modified_gmt":"2023-09-13T19:41:10","slug":"ap2693-201648010","status":"publish","type":"post","link":"https:\/\/dmsjuridica.com\/buscador_20179478954\/salapenalcronologico20230723\/2023\/09\/13\/ap2693-201648010\/","title":{"rendered":"AP2693-2016(48010)"},"content":{"rendered":"\n<p>\u00a0 \u00a0 \u00a0\u00a0<\/p>\n<p>CORTE SUPREMA DE JUSTICIA \u00a0<\/p>\n<p>SALA DE CASACI\u00d3N PENAL \u00a0<\/p>\n<p>JOS\u00c9 LUIS BARCEL\u00d3 CAMACHO \u00a0<\/p>\n<p>Magistrado Ponente \u00a0<\/p>\n<p>AP2693-2016 \u00a0<\/p>\n<p>Radicaci\u00f3n N\u00b0 48.010 \u00a0<\/p>\n<p>Aprobado acta N\u00b0 141 \u00a0<\/p>\n<p>Bogot\u00e1, D. C., cuatro (4) de mayo de dos mil \u00a0diecis\u00e9is (2016). \u00a0\u00a0<\/p>\n<p>MOTIVO DE LA DECISI\u00d3N \u00a0<\/p>\n<p>La Corte define la competencia para adelantar \u00a0el \u00a0 juicio \u00a0 en \u00a0 contra \u00a0 de \u00a0 Nilson \u00a0 Fidel \u00a0Vera \u00a0Useche \u00a0y \u00a0Sair \u00a0de \u00a0Jes\u00fas \u00a0P\u00e9rez \u00a0Padilla, \u00a0a \u00a0quienes \u00a0la Fiscal\u00eda acus\u00f3 como \u00a0coautores \u00a0de \u00a0un \u00a0concurso \u00a0de \u00a0dos \u00a0delitos de homicidio en persona protegida. \u00a0\u00a0<\/p>\n<p>Lo \u00a0anterior, \u00a0por cuanto en la audiencia de \u00a0acusaci\u00f3n \u00a0del \u00a0pasado \u00a021 \u00a0de \u00a0abril, \u00a0celebrada \u00a0en \u00a0el Juzgado 3\u00ba Penal del \u00a0Circuito \u00a0Especializado \u00a0de \u00a0Antioquia, \u00a0ante \u00a0quien \u00a0se \u00a0radic\u00f3 \u00a0el respectivo \u00a0escrito, \u00a0el juzgador y los intervinientes se pronunciaron porque la competencia \u00a0radicaba en los despachos de Medell\u00edn. \u00a0\u00a0<\/p>\n<p>ANTECEDENTES \u00a0<\/p>\n<p>1. \u00a0 De \u00a0conformidad \u00a0con \u00a0el \u00a0escrito \u00a0de \u00a0acusaci\u00f3n, \u00a0radicado \u00a0en \u00a0los \u00a0juzgados \u00a0penales del circuito especializados de \u00a0Antioquia \u00a0el \u00a018 \u00a0de \u00a0marzo \u00a0de \u00a02016, \u00a0los \u00a0siguientes \u00a0son \u00a0los \u00a0HECHOS a juzgar: \u00a0\u00a0<\/p>\n<p>El \u00a010 \u00a0de \u00a0marzo \u00a0de \u00a02008, \u00a0en la v\u00eda que \u00a0conduce \u00a0al \u00a0sector \u00a0de \u00a0Armenia \u00a0Mantequilla, \u00a0\u00e1rea \u00a0rural \u00a0del \u00a0municipio \u00a0de \u00a0Heliconia \u00a0(Antioquia) \u00a0tropas \u00a0de Ej\u00e9rcito, al mando del sargento Nilson \u00a0 \u00a0Fidel \u00a0 Vera \u00a0 Useche \u00a0 y \u00a0 con \u00a0Sair de Jes\u00fas P\u00e9rez Padilla \u00a0como \u00a0uno de sus integrantes, dieron muerte a los j\u00f3venes Deyson Alfonso Acosta \u00a0Guti\u00e9rrez \u00a0y Juli\u00e1n Dar\u00edo Villa R\u00faa, luego de lo cual en forma mentirosa los \u00a0reportaron \u00a0como \u00a0bajas \u00a0en \u00a0combate, \u00a0siendo \u00a0presentadas \u00a0las \u00a0v\u00edctimas \u00a0como \u00a0miembros de una banda de delincuencia com\u00fan. \u00a0\u00a0<\/p>\n<p>2. \u00a0 El \u00a0 Juez \u00a0 3\u00ba \u00a0Penal \u00a0del \u00a0Circuito \u00a0Especializado \u00a0de \u00a0Antioquia \u00a0instal\u00f3, \u00a0el 21 de abril de 2016, la audiencia de \u00a0acusaci\u00f3n, \u00a0 en \u00a0la \u00a0cual \u00a0el \u00a0delegado \u00a0de \u00a0la \u00a0Fiscal\u00eda \u00a0manifest\u00f3 \u00a0haberse \u00a0equivocado \u00a0al \u00a0radicar \u00a0el \u00a0escrito \u00a0en \u00a0los \u00a0juzgados de Antioquia, cuando los \u00a0hechos \u00a0 sucedieron \u00a0en \u00a0jurisdicci\u00f3n \u00a0de \u00a0Medell\u00edn, \u00a0siendo \u00a0competentes \u00a0los \u00a0funcionarios \u00a0 de \u00a0 este \u00a0 distrito \u00a0 judicial, \u00a0en \u00a0lo \u00a0cual \u00a0coincidieron \u00a0los \u00a0intervinientes y el juzgador. \u00a0\u00a0<\/p>\n<p>CONSIDERACIONES DE LA CORTE \u00a0<\/p>\n<p>1. Para conocer y resolver la impugnaci\u00f3n de \u00a0competencia \u00a0 se \u00a0 aplican \u00a0 las \u00a0 reglas \u00a0 previstas \u00a0 para \u00a0 el \u00a0incidente \u00a0de \u00a0definici\u00f3n. \u00a0\u00a0<\/p>\n<p>Lo anterior, porque si bien el art\u00edculo 341 \u00a0procesal \u00a0alude \u00a0a \u00a0que \u00a0de \u00a0la \u00a0impugnaci\u00f3n \u00a0de competencia conoce el superior \u00a0jer\u00e1rquico \u00a0del juez, el entendimiento de la disposici\u00f3n no puede ser literal, \u00a0esto \u00a0es, \u00a0que \u00a0el \u00a0llamado \u00a0a \u00a0dirimir \u00a0el \u00a0asunto sea la segunda instancia del \u00a0juzgador \u00a0a quien se entreg\u00f3 el escrito acusatorio, sino que apunta a que quien \u00a0decida \u00a0pueda cumplir como superior funcional de los funcionarios trabados en la \u00a0discusi\u00f3n. \u00a0En \u00a0el \u00a0caso analizado, no lo son ni el Tribunal de Medell\u00edn ni el \u00a0de \u00a0Antioquia, \u00a0como \u00a0que \u00a0cumplen \u00a0como \u00a0superior \u00a0de uno de los jueces, no del \u00a0otro. \u00a0\u00a0<\/p>\n<p>2. \u00a0De conformidad con los art\u00edculos 32.4 y \u00a054 \u00a0de \u00a0la \u00a0Ley 906 del 2004 a la Sala de Casaci\u00f3n Penal de la Corte Suprema de \u00a0Justicia \u00a0le \u00a0corresponde \u00a0definir \u00a0la \u00a0competencia, \u00a0cuando, \u00a0como en el asunto \u00a0estudiado, \u00a0los \u00a0dos \u00a0jueces \u00a0corresponden \u00a0a \u00a0distritos judiciales diversos, en \u00a0tanto \u00a0 el \u00a0juzgador \u00a0y \u00a0las \u00a0partes \u00a0refieren \u00a0que \u00a0los \u00a0hechos \u00a0acaecieron \u00a0en \u00a0jurisdicci\u00f3n \u00a0del \u00a0distrito \u00a0judicial \u00a0de \u00a0Medell\u00edn, \u00a0sino que la Fiscal\u00eda se \u00a0equivoc\u00f3 \u00a0al \u00a0momento \u00a0de \u00a0radicar \u00a0la \u00a0acusaci\u00f3n, \u00a0como \u00a0que lo hizo en el de \u00a0Antioquia. \u00a0\u00a0<\/p>\n<p>3. \u00a0De conformidad con el art\u00edculo 43 de la \u00a0Ley \u00a0906 del 2004 el juzgamiento corresponde adelantarlo al juez del lugar donde \u00a0ocurri\u00f3 el delito. \u00a0\u00a0<\/p>\n<p>De lo rese\u00f1ado no surge duda alguna respecto \u00a0de \u00a0 que \u00a0los \u00a0homicidios \u00a0juzgados \u00a0tuvieron \u00a0ocurrencia \u00a0en \u00a0jurisdicci\u00f3n \u00a0de \u00a0Medell\u00edn, \u00a0raz\u00f3n \u00a0por \u00a0la \u00a0cual, \u00a0el \u00a0conocimiento \u00a0del asunto se asignar\u00e1 al \u00a0Juzgado Penal del Circuito Especializado (reparto) de Medell\u00edn. \u00a0\u00a0<\/p>\n<p>En \u00a0m\u00e9rito \u00a0de lo expuesto, la Sala \u00a0de Casaci\u00f3n Penal de la Corte Suprema de Justicia, \u00a0\u00a0<\/p>\n<p>RESUELVE \u00a0<\/p>\n<p>Asignar al Juzgado \u00a0Penal \u00a0 \u00a0del \u00a0Circuito \u00a0Especializado (reparto) \u00a0 \u00a0de \u00a0 Medell\u00edn, \u00a0 \u00a0 \u00a0 con \u00a0 \u00a0 \u00a0 funciones \u00a0 \u00a0 \u00a0de \u00a0conocimiento, \u00a0 \u00a0 la \u00a0competencia \u00a0 para \u00a0adelantar \u00a0el \u00a0juicio \u00a0en \u00a0contra \u00a0de \u00a0 Nilson \u00a0 Fidel \u00a0Vera \u00a0Useche \u00a0y \u00a0Sair \u00a0de \u00a0Jes\u00fas \u00a0P\u00e9rez \u00a0Padilla, \u00a0a \u00a0quienes \u00a0la Fiscal\u00eda acus\u00f3 como \u00a0coautores \u00a0de \u00a0un \u00a0concurso \u00a0de \u00a0dos \u00a0delitos de homicidio en persona protegida. \u00a0\u00a0<\/p>\n<p>Comun\u00edquese y c\u00famplase. \u00a0<\/p>\n<p>GUSTAVO ENRIQUE MALO FERN\u00c1NDEZ \u00a0<\/p>\n<p>Presidente \u00a0<\/p>\n<p>JOS\u00c9 FRANCISCO ACU\u00d1A VIZCAYA \u00a0<\/p>\n<p>JOS\u00c9 LUIS BARCEL\u00d3 CAMACHO \u00a0<\/p>\n<p>FERNANDO ALBERTO CASTRO CABALLERO \u00a0<\/p>\n<p>EUGENIO FERN\u00c1NDEZ CARLIER \u00a0<\/p>\n<p>LUIS ANTONIO HERN\u00c1NDEZ BARBOSA \u00a0<\/p>\n<p>EYDER PATI\u00d1O CABRERA \u00a0<\/p>\n<p>PATRICIA SALAZAR CU\u00c9LLAR \u00a0<\/p>\n<p>LUIS GUILLERMO SALAZAR OTERO \u00a0<\/p>\n<p>NUBIA YOLANDA NOVA GARC\u00cdA \u00a0<\/p>\n<p>Secretaria \u00a0<\/p>\n<p>\u00a0 \u00a0\u00a0<\/p>\n<p><\/p>\n","protected":false},"excerpt":{"rendered":"<p>\u00a0 \u00a0 \u00a0\u00a0 CORTE SUPREMA DE JUSTICIA \u00a0 SALA DE CASACI\u00d3N PENAL \u00a0 JOS\u00c9 LUIS BARCEL\u00d3 CAMACHO \u00a0 Magistrado Ponente \u00a0 AP2693-2016 \u00a0 Radicaci\u00f3n N\u00b0 48.010 \u00a0 Aprobado acta N\u00b0 141 \u00a0 Bogot\u00e1, D. C., cuatro (4) de mayo de dos mil \u00a0diecis\u00e9is (2016). \u00a0\u00a0 MOTIVO DE LA DECISI\u00d3N \u00a0 La Corte define la competencia [&hellip;]<\/p>\n","protected":false},"author":1,"featured_media":0,"comment_status":"open","ping_status":"open","sticky":false,"template":"","format":"standard","meta":{"footnotes":""},"categories":[25],"tags":[],"class_list":["post-32913","post","type-post","status-publish","format-standard","hentry","category-25"],"_links":{"self":[{"href":"https:\/\/dmsjuridica.com\/buscador_20179478954\/salapenalcronologico20230723\/wp-json\/wp\/v2\/posts\/32913","targetHints":{"allow":["GET"]}}],"collection":[{"href":"https:\/\/dmsjuridica.com\/buscador_20179478954\/salapenalcronologico20230723\/wp-json\/wp\/v2\/posts"}],"about":[{"href":"https:\/\/dmsjuridica.com\/buscador_20179478954\/salapenalcronologico20230723\/wp-json\/wp\/v2\/types\/post"}],"author":[{"embeddable":true,"href":"https:\/\/dmsjuridica.com\/buscador_20179478954\/salapenalcronologico20230723\/wp-json\/wp\/v2\/users\/1"}],"replies":[{"embeddable":true,"href":"https:\/\/dmsjuridica.com\/buscador_20179478954\/salapenalcronologico20230723\/wp-json\/wp\/v2\/comments?post=32913"}],"version-history":[{"count":0,"href":"https:\/\/dmsjuridica.com\/buscador_20179478954\/salapenalcronologico20230723\/wp-json\/wp\/v2\/posts\/32913\/revisions"}],"wp:attachment":[{"href":"https:\/\/dmsjuridica.com\/buscador_20179478954\/salapenalcronologico20230723\/wp-json\/wp\/v2\/media?parent=32913"}],"wp:term":[{"taxonomy":"category","embeddable":true,"href":"https:\/\/dmsjuridica.com\/buscador_20179478954\/salapenalcronologico20230723\/wp-json\/wp\/v2\/categories?post=32913"},{"taxonomy":"post_tag","embeddable":true,"href":"https:\/\/dmsjuridica.com\/buscador_20179478954\/salapenalcronologico20230723\/wp-json\/wp\/v2\/tags?post=32913"}],"curies":[{"name":"wp","href":"https:\/\/api.w.org\/{rel}","templated":true}]}}